{"id":22151,"date":"2025-05-19T19:54:15","date_gmt":"2025-05-19T19:54:15","guid":{"rendered":"https:\/\/macite.tg\/?p=22151"},"modified":"2025-05-19T19:54:19","modified_gmt":"2025-05-19T19:54:19","slug":"reunion-ministerielle-ue-ua-a-bruxelles-la-ferme-position-de-lunion-europeenne-face-a-la-pseudo-rasd","status":"publish","type":"post","link":"https:\/\/macite.tg\/?p=22151","title":{"rendered":"REUNION MINISTERIELLE UE-UA A BRUXELLES : La ferme position de l\u2019Union europ\u00e9enne face \u00e0 la pseudo rasd"},"content":{"rendered":"\n<p class=\"wp-block-paragraph\"><strong><em>L\u2019Union europ\u00e9en est ferme : \u00ab\u00a0Ni l\u2019UE, ni aucun de ses Etats membres ne reconnaissent la +rasd+\u00a0\u00bb. Cette position a \u00e9t\u00e9 r\u00e9it\u00e9r\u00e9e, le vendredi 16 mai dernier, par le porte-parole de l\u2019UE pour les Affaires \u00e9trang\u00e8res et la politique de s\u00e9curit\u00e9.<\/em><\/strong><\/p>\n\n\n\n<p class=\"wp-block-paragraph\">En effet, le mercredi 21 mai prochain, va se tenir \u00e0 Bruxelles, en Belgique, une r\u00e9union minist\u00e9rielle Union Europ\u00e9enne (UE) \u2013 Union Africaine (UA). Alors que plusieurs d\u00e9l\u00e9gations africaines sont attendues dans la capitale belge, pour cette r\u00e9union co-organis\u00e9e par l\u2019UE et l\u2019UA, le porte-parole de l\u2019UE pour les Affaires \u00e9trang\u00e8res et la politique de s\u00e9curit\u00e9 a tenu \u00e0 tirer au clair certaines r\u00e9alit\u00e9s tangibles de l\u2019actualit\u00e9.<\/p>\n\n\n<div class=\"wp-block-image\">\n<figure class=\"aligncenter size-full is-resized\"><img loading=\"lazy\" decoding=\"async\" width=\"690\" height=\"170\" src=\"https:\/\/macite.tg\/wp-content\/uploads\/2025\/05\/OTR_TVM-1.jpg\" alt=\"\" class=\"wp-image-22066\" style=\"width:840px;height:auto\" srcset=\"https:\/\/macite.tg\/wp-content\/uploads\/2025\/05\/OTR_TVM-1.jpg 690w, https:\/\/macite.tg\/wp-content\/uploads\/2025\/05\/OTR_TVM-1-300x74.jpg 300w\" sizes=\"auto, (max-width: 690px) 100vw, 690px\" \/><\/figure>\n<\/div>\n\n\n<p class=\"wp-block-paragraph\">Tout en rappelant que les <em>\u00ab minist\u00e9riels UE\/UA sont co-pr\u00e9sid\u00e9s et co-organis\u00e9s par l\u2019Union Europ\u00e9enne et l\u2019Union Africaine \u00bb, <\/em>le porte-parole de l\u2019UE rejet\u00e9 en bloc le fait que l\u2019UE ait invit\u00e9 la pseudo \u00ab\u00a0rasd\u00a0\u00bb \u00e0 ladite r\u00e9union, attribuant <em>\u00ab&nbsp;\u00e0 l\u2019Union africaine une \u00e9ventuelle pr\u00e9sence de cette entit\u00e9 dans la r\u00e9union minist\u00e9rielle UE-UA&nbsp;\u00bb.<\/em><\/p>\n\n\n\n<p class=\"wp-block-paragraph\">Selon le porte-parole des 27 pays europ\u00e9ens a \u00e9t\u00e9 ferme : <em>\u00ab la position de l\u2019UE est bien connue : ni l\u2019UE ni aucun de ses Etats membres ne reconnaissent la +rasd+ \u00bb.<\/em><\/p>\n\n\n<div class=\"wp-block-image\">\n<figure class=\"aligncenter size-full\"><img loading=\"lazy\" decoding=\"async\" width=\"526\" height=\"526\" src=\"https:\/\/macite.tg\/wp-content\/uploads\/2025\/05\/OTR_Bornage-contradictoire_Mois-de-Mai.jpg\" alt=\"\" class=\"wp-image-22065\" srcset=\"https:\/\/macite.tg\/wp-content\/uploads\/2025\/05\/OTR_Bornage-contradictoire_Mois-de-Mai.jpg 526w, https:\/\/macite.tg\/wp-content\/uploads\/2025\/05\/OTR_Bornage-contradictoire_Mois-de-Mai-300x300.jpg 300w, https:\/\/macite.tg\/wp-content\/uploads\/2025\/05\/OTR_Bornage-contradictoire_Mois-de-Mai-150x150.jpg 150w, https:\/\/macite.tg\/wp-content\/uploads\/2025\/05\/OTR_Bornage-contradictoire_Mois-de-Mai-122x122.jpg 122w\" sizes=\"auto, (max-width: 526px) 100vw, 526px\" \/><\/figure>\n<\/div>\n\n\n<p class=\"wp-block-paragraph\">Il a pour finir, relever qu\u2019une \u00e9ventuelle pr\u00e9sence de cette <em>entit\u00e9 \u00ab \u00e0 la r\u00e9union minist\u00e9rielle UE-UA n\u2019a aucune influence sur cette position \u00bb<\/em>.<\/p>\n\n\n\n<p class=\"wp-block-paragraph\"><strong>MC<\/strong><\/p>\n\n\n\n<p class=\"wp-block-paragraph\"><a><strong><em>@macite.tg&nbsp;&nbsp;&nbsp;&nbsp;&nbsp;&nbsp;&nbsp;&nbsp;<\/em><\/strong><\/a><\/p>\n\n\n\n<p class=\"wp-block-paragraph\"><strong><em>E-mail&nbsp;: <\/em><\/strong><a href=\"mailto:maciteinfo@gmail.com\"><strong><em>maciteinfo@gmail.com<\/em><\/strong><\/a><strong><em>; <\/em><\/strong><a href=\"mailto:bawela1@gmail.com\"><strong><em>bawela1@gmail.com<\/em><\/strong><\/a><strong><em><\/em><\/strong><\/p>\n\n\n\n<p class=\"wp-block-paragraph\"><strong><em>Pour vos annonces, (publi)reportages, etc., joignez-nous au (00228)91515309\/<strong>79872224 <\/strong>www.macite.tg, L\u2019information, la bonne&nbsp;!<\/em><\/strong><\/p>\n","protected":false},"excerpt":{"rendered":"<p class=\"text-justify mb-2\" >L\u2019Union europ\u00e9en est ferme : \u00ab\u00a0Ni l\u2019UE, ni aucun de ses Etats membres ne reconnaissent la +rasd+\u00a0\u00bb. Cette position a \u00e9t\u00e9 r\u00e9it\u00e9r\u00e9e, le vendredi 16 mai dernier, par le porte-parole de l\u2019UE pour les Affaires \u00e9trang\u00e8res et la politique de s\u00e9curit\u00e9. En effet, le mercredi [&hellip;]<\/p>\n","protected":false},"author":2,"featured_media":22152,"comment_status":"open","ping_status":"open","sticky":false,"template":"","format":"standard","meta":{"footnotes":""},"categories":[20,8],"tags":[],"class_list":["post-22151","post","type-post","status-publish","format-standard","has-post-thumbnail","hentry","category-actualite","category-diplomatie"],"yoast_head":"<!-- This site is optimized with the Yoast SEO plugin v28.4 - https:\/\/yoast.com\/product\/yoast-seo-wordpress\/ -->\n<title>REUNION MINISTERIELLE UE-UA A BRUXELLES : La ferme position de l\u2019Union europ\u00e9enne face \u00e0 la pseudo rasd -<\/title>\n<meta name=\"robots\" content=\"index, follow, max-snippet:-1, max-image-preview:large, max-video-preview:-1\" \/>\n<link rel=\"canonical\" href=\"https:\/\/macite.tg\/?p=22151\" \/>\n<meta property=\"og:locale\" content=\"fr_FR\" \/>\n<meta property=\"og:type\" content=\"article\" \/>\n<meta property=\"og:title\" content=\"REUNION MINISTERIELLE UE-UA A BRUXELLES : La ferme position de l\u2019Union europ\u00e9enne face \u00e0 la pseudo rasd -\" \/>\n<meta property=\"og:description\" content=\"L\u2019Union europ\u00e9en est ferme : \u00ab\u00a0Ni l\u2019UE, ni aucun de ses Etats membres ne reconnaissent la +rasd+\u00a0\u00bb. Cette position a \u00e9t\u00e9 r\u00e9it\u00e9r\u00e9e, le vendredi 16 mai dernier, par le porte-parole de l\u2019UE pour les Affaires \u00e9trang\u00e8res et la politique de s\u00e9curit\u00e9. En effet, le mercredi [&hellip;]\" \/>\n<meta property=\"og:url\" content=\"https:\/\/macite.tg\/?p=22151\" \/>\n<meta property=\"article:published_time\" content=\"2025-05-19T19:54:15+00:00\" \/>\n<meta property=\"article:modified_time\" content=\"2025-05-19T19:54:19+00:00\" \/>\n<meta property=\"og:image\" content=\"https:\/\/macite.tg\/wp-content\/uploads\/2025\/05\/image-52.png\" \/>\n\t<meta property=\"og:image:width\" content=\"466\" \/>\n\t<meta property=\"og:image:height\" content=\"267\" \/>\n\t<meta property=\"og:image:type\" content=\"image\/png\" \/>\n<meta name=\"author\" content=\"Jean Pierre BAWELA\" \/>\n<meta name=\"twitter:card\" content=\"summary_large_image\" \/>\n<meta name=\"twitter:label1\" content=\"\u00c9crit par\" \/>\n\t<meta name=\"twitter:data1\" content=\"Jean Pierre BAWELA\" \/>\n\t<meta name=\"twitter:label2\" content=\"Dur\u00e9e de lecture estim\u00e9e\" \/>\n\t<meta name=\"twitter:data2\" content=\"2 minutes\" \/>\n<script type=\"application\/ld+json\" class=\"yoast-schema-graph\">{\"@context\":\"https:\\\/\\\/schema.org\",\"@graph\":[{\"@type\":\"Article\",\"@id\":\"https:\\\/\\\/macite.tg\\\/?p=22151#article\",\"isPartOf\":{\"@id\":\"https:\\\/\\\/macite.tg\\\/?p=22151\"},\"author\":{\"name\":\"Jean Pierre BAWELA\",\"@id\":\"https:\\\/\\\/macite.tg\\\/#\\\/schema\\\/person\\\/e9f2de7e5dbbe7770a9402c7ce82f5c2\"},\"headline\":\"REUNION MINISTERIELLE UE-UA A BRUXELLES : La ferme position de l\u2019Union europ\u00e9enne face \u00e0 la pseudo rasd\",\"datePublished\":\"2025-05-19T19:54:15+00:00\",\"dateModified\":\"2025-05-19T19:54:19+00:00\",\"mainEntityOfPage\":{\"@id\":\"https:\\\/\\\/macite.tg\\\/?p=22151\"},\"wordCount\":301,\"commentCount\":0,\"image\":{\"@id\":\"https:\\\/\\\/macite.tg\\\/?p=22151#primaryimage\"},\"thumbnailUrl\":\"https:\\\/\\\/macite.tg\\\/wp-content\\\/uploads\\\/2025\\\/05\\\/image-52.png\",\"articleSection\":[\"ACTUALITE\",\"DIPLOMATIE\"],\"inLanguage\":\"fr-FR\",\"potentialAction\":[{\"@type\":\"CommentAction\",\"name\":\"Comment\",\"target\":[\"https:\\\/\\\/macite.tg\\\/?p=22151#respond\"]}]},{\"@type\":\"WebPage\",\"@id\":\"https:\\\/\\\/macite.tg\\\/?p=22151\",\"url\":\"https:\\\/\\\/macite.tg\\\/?p=22151\",\"name\":\"REUNION MINISTERIELLE UE-UA A BRUXELLES : La ferme position de l\u2019Union europ\u00e9enne face \u00e0 la pseudo rasd -\",\"isPartOf\":{\"@id\":\"https:\\\/\\\/macite.tg\\\/#website\"},\"primaryImageOfPage\":{\"@id\":\"https:\\\/\\\/macite.tg\\\/?p=22151#primaryimage\"},\"image\":{\"@id\":\"https:\\\/\\\/macite.tg\\\/?p=22151#primaryimage\"},\"thumbnailUrl\":\"https:\\\/\\\/macite.tg\\\/wp-content\\\/uploads\\\/2025\\\/05\\\/image-52.png\",\"datePublished\":\"2025-05-19T19:54:15+00:00\",\"dateModified\":\"2025-05-19T19:54:19+00:00\",\"author\":{\"@id\":\"https:\\\/\\\/macite.tg\\\/#\\\/schema\\\/person\\\/e9f2de7e5dbbe7770a9402c7ce82f5c2\"},\"breadcrumb\":{\"@id\":\"https:\\\/\\\/macite.tg\\\/?p=22151#breadcrumb\"},\"inLanguage\":\"fr-FR\",\"potentialAction\":[{\"@type\":\"ReadAction\",\"target\":[\"https:\\\/\\\/macite.tg\\\/?p=22151\"]}]},{\"@type\":\"ImageObject\",\"inLanguage\":\"fr-FR\",\"@id\":\"https:\\\/\\\/macite.tg\\\/?p=22151#primaryimage\",\"url\":\"https:\\\/\\\/macite.tg\\\/wp-content\\\/uploads\\\/2025\\\/05\\\/image-52.png\",\"contentUrl\":\"https:\\\/\\\/macite.tg\\\/wp-content\\\/uploads\\\/2025\\\/05\\\/image-52.png\",\"width\":466,\"height\":267},{\"@type\":\"BreadcrumbList\",\"@id\":\"https:\\\/\\\/macite.tg\\\/?p=22151#breadcrumb\",\"itemListElement\":[{\"@type\":\"ListItem\",\"position\":1,\"name\":\"Accueil\",\"item\":\"https:\\\/\\\/macite.tg\\\/\"},{\"@type\":\"ListItem\",\"position\":2,\"name\":\"REUNION MINISTERIELLE UE-UA A BRUXELLES : La ferme position de l\u2019Union europ\u00e9enne face \u00e0 la pseudo rasd\"}]},{\"@type\":\"WebSite\",\"@id\":\"https:\\\/\\\/macite.tg\\\/#website\",\"url\":\"https:\\\/\\\/macite.tg\\\/\",\"name\":\"\",\"description\":\"L&#039;information, la bonne!!!\",\"potentialAction\":[{\"@type\":\"SearchAction\",\"target\":{\"@type\":\"EntryPoint\",\"urlTemplate\":\"https:\\\/\\\/macite.tg\\\/?s={search_term_string}\"},\"query-input\":{\"@type\":\"PropertyValueSpecification\",\"valueRequired\":true,\"valueName\":\"search_term_string\"}}],\"inLanguage\":\"fr-FR\"},{\"@type\":\"Person\",\"@id\":\"https:\\\/\\\/macite.tg\\\/#\\\/schema\\\/person\\\/e9f2de7e5dbbe7770a9402c7ce82f5c2\",\"name\":\"Jean Pierre BAWELA\",\"image\":{\"@type\":\"ImageObject\",\"inLanguage\":\"fr-FR\",\"@id\":\"https:\\\/\\\/macite.tg\\\/wp-content\\\/uploads\\\/2023\\\/09\\\/WhatsApp-Image-2023-09-19-at-14.44.41-122x122.jpeg\",\"url\":\"https:\\\/\\\/macite.tg\\\/wp-content\\\/uploads\\\/2023\\\/09\\\/WhatsApp-Image-2023-09-19-at-14.44.41-122x122.jpeg\",\"contentUrl\":\"https:\\\/\\\/macite.tg\\\/wp-content\\\/uploads\\\/2023\\\/09\\\/WhatsApp-Image-2023-09-19-at-14.44.41-122x122.jpeg\",\"caption\":\"Jean Pierre BAWELA\"},\"url\":\"https:\\\/\\\/macite.tg\\\/?author=2\"}]}<\/script>\n<!-- \/ Yoast SEO plugin. -->","yoast_head_json":{"title":"REUNION MINISTERIELLE UE-UA A BRUXELLES : La ferme position de l\u2019Union europ\u00e9enne face \u00e0 la pseudo rasd -","robots":{"index":"index","follow":"follow","max-snippet":"max-snippet:-1","max-image-preview":"max-image-preview:large","max-video-preview":"max-video-preview:-1"},"canonical":"https:\/\/macite.tg\/?p=22151","og_locale":"fr_FR","og_type":"article","og_title":"REUNION MINISTERIELLE UE-UA A BRUXELLES : La ferme position de l\u2019Union europ\u00e9enne face \u00e0 la pseudo rasd -","og_description":"L\u2019Union europ\u00e9en est ferme : \u00ab\u00a0Ni l\u2019UE, ni aucun de ses Etats membres ne reconnaissent la +rasd+\u00a0\u00bb. Cette position a \u00e9t\u00e9 r\u00e9it\u00e9r\u00e9e, le vendredi 16 mai dernier, par le porte-parole de l\u2019UE pour les Affaires \u00e9trang\u00e8res et la politique de s\u00e9curit\u00e9. En effet, le mercredi [&hellip;]","og_url":"https:\/\/macite.tg\/?p=22151","article_published_time":"2025-05-19T19:54:15+00:00","article_modified_time":"2025-05-19T19:54:19+00:00","og_image":[{"width":466,"height":267,"url":"https:\/\/macite.tg\/wp-content\/uploads\/2025\/05\/image-52.png","type":"image\/png"}],"author":"Jean Pierre BAWELA","twitter_card":"summary_large_image","twitter_misc":{"\u00c9crit par":"Jean Pierre BAWELA","Dur\u00e9e de lecture estim\u00e9e":"2 minutes"},"schema":{"@context":"https:\/\/schema.org","@graph":[{"@type":"Article","@id":"https:\/\/macite.tg\/?p=22151#article","isPartOf":{"@id":"https:\/\/macite.tg\/?p=22151"},"author":{"name":"Jean Pierre BAWELA","@id":"https:\/\/macite.tg\/#\/schema\/person\/e9f2de7e5dbbe7770a9402c7ce82f5c2"},"headline":"REUNION MINISTERIELLE UE-UA A BRUXELLES : La ferme position de l\u2019Union europ\u00e9enne face \u00e0 la pseudo rasd","datePublished":"2025-05-19T19:54:15+00:00","dateModified":"2025-05-19T19:54:19+00:00","mainEntityOfPage":{"@id":"https:\/\/macite.tg\/?p=22151"},"wordCount":301,"commentCount":0,"image":{"@id":"https:\/\/macite.tg\/?p=22151#primaryimage"},"thumbnailUrl":"https:\/\/macite.tg\/wp-content\/uploads\/2025\/05\/image-52.png","articleSection":["ACTUALITE","DIPLOMATIE"],"inLanguage":"fr-FR","potentialAction":[{"@type":"CommentAction","name":"Comment","target":["https:\/\/macite.tg\/?p=22151#respond"]}]},{"@type":"WebPage","@id":"https:\/\/macite.tg\/?p=22151","url":"https:\/\/macite.tg\/?p=22151","name":"REUNION MINISTERIELLE UE-UA A BRUXELLES : La ferme position de l\u2019Union europ\u00e9enne face \u00e0 la pseudo rasd -","isPartOf":{"@id":"https:\/\/macite.tg\/#website"},"primaryImageOfPage":{"@id":"https:\/\/macite.tg\/?p=22151#primaryimage"},"image":{"@id":"https:\/\/macite.tg\/?p=22151#primaryimage"},"thumbnailUrl":"https:\/\/macite.tg\/wp-content\/uploads\/2025\/05\/image-52.png","datePublished":"2025-05-19T19:54:15+00:00","dateModified":"2025-05-19T19:54:19+00:00","author":{"@id":"https:\/\/macite.tg\/#\/schema\/person\/e9f2de7e5dbbe7770a9402c7ce82f5c2"},"breadcrumb":{"@id":"https:\/\/macite.tg\/?p=22151#breadcrumb"},"inLanguage":"fr-FR","potentialAction":[{"@type":"ReadAction","target":["https:\/\/macite.tg\/?p=22151"]}]},{"@type":"ImageObject","inLanguage":"fr-FR","@id":"https:\/\/macite.tg\/?p=22151#primaryimage","url":"https:\/\/macite.tg\/wp-content\/uploads\/2025\/05\/image-52.png","contentUrl":"https:\/\/macite.tg\/wp-content\/uploads\/2025\/05\/image-52.png","width":466,"height":267},{"@type":"BreadcrumbList","@id":"https:\/\/macite.tg\/?p=22151#breadcrumb","itemListElement":[{"@type":"ListItem","position":1,"name":"Accueil","item":"https:\/\/macite.tg\/"},{"@type":"ListItem","position":2,"name":"REUNION MINISTERIELLE UE-UA A BRUXELLES : La ferme position de l\u2019Union europ\u00e9enne face \u00e0 la pseudo rasd"}]},{"@type":"WebSite","@id":"https:\/\/macite.tg\/#website","url":"https:\/\/macite.tg\/","name":"","description":"L&#039;information, la bonne!!!","potentialAction":[{"@type":"SearchAction","target":{"@type":"EntryPoint","urlTemplate":"https:\/\/macite.tg\/?s={search_term_string}"},"query-input":{"@type":"PropertyValueSpecification","valueRequired":true,"valueName":"search_term_string"}}],"inLanguage":"fr-FR"},{"@type":"Person","@id":"https:\/\/macite.tg\/#\/schema\/person\/e9f2de7e5dbbe7770a9402c7ce82f5c2","name":"Jean Pierre BAWELA","image":{"@type":"ImageObject","inLanguage":"fr-FR","@id":"https:\/\/macite.tg\/wp-content\/uploads\/2023\/09\/WhatsApp-Image-2023-09-19-at-14.44.41-122x122.jpeg","url":"https:\/\/macite.tg\/wp-content\/uploads\/2023\/09\/WhatsApp-Image-2023-09-19-at-14.44.41-122x122.jpeg","contentUrl":"https:\/\/macite.tg\/wp-content\/uploads\/2023\/09\/WhatsApp-Image-2023-09-19-at-14.44.41-122x122.jpeg","caption":"Jean Pierre BAWELA"},"url":"https:\/\/macite.tg\/?author=2"}]}},"_links":{"self":[{"href":"https:\/\/macite.tg\/index.php?rest_route=\/wp\/v2\/posts\/22151","targetHints":{"allow":["GET"]}}],"collection":[{"href":"https:\/\/macite.tg\/index.php?rest_route=\/wp\/v2\/posts"}],"about":[{"href":"https:\/\/macite.tg\/index.php?rest_route=\/wp\/v2\/types\/post"}],"author":[{"embeddable":true,"href":"https:\/\/macite.tg\/index.php?rest_route=\/wp\/v2\/users\/2"}],"replies":[{"embeddable":true,"href":"https:\/\/macite.tg\/index.php?rest_route=%2Fwp%2Fv2%2Fcomments&post=22151"}],"version-history":[{"count":0,"href":"https:\/\/macite.tg\/index.php?rest_route=\/wp\/v2\/posts\/22151\/revisions"}],"wp:featuredmedia":[{"embeddable":true,"href":"https:\/\/macite.tg\/index.php?rest_route=\/wp\/v2\/media\/22152"}],"wp:attachment":[{"href":"https:\/\/macite.tg\/index.php?rest_route=%2Fwp%2Fv2%2Fmedia&parent=22151"}],"wp:term":[{"taxonomy":"category","embeddable":true,"href":"https:\/\/macite.tg\/index.php?rest_route=%2Fwp%2Fv2%2Fcategories&post=22151"},{"taxonomy":"post_tag","embeddable":true,"href":"https:\/\/macite.tg\/index.php?rest_route=%2Fwp%2Fv2%2Ftags&post=22151"}],"curies":[{"name":"wp","href":"https:\/\/api.w.org\/{rel}","templated":true}]}}