{"id":22148,"date":"2025-05-19T19:50:19","date_gmt":"2025-05-19T19:50:19","guid":{"rendered":"https:\/\/macite.tg\/?p=22148"},"modified":"2025-05-19T19:50:25","modified_gmt":"2025-05-19T19:50:25","slug":"diplomatie-la-syrie-remercie-sm-le-roi-pour-la-reouverture-de-lambassade-du-maroc-a-damas","status":"publish","type":"post","link":"https:\/\/macite.tg\/?p=22148","title":{"rendered":"DIPLOMATIE\u00a0: La Syrie remercie SM le Roi pour la r\u00e9ouverture de l\u2019ambassade du Maroc \u00e0 Damas"},"content":{"rendered":"\n<p class=\"wp-block-paragraph\"><strong><em>Dans le cadre du renforcement des liens de coop\u00e9ration entre le Royaume du Maroc et la Syrie, Rabat entend r\u00e9ouvrir prochainement sa repr\u00e9sentation diplomatique \u00e0 Damas, ferm\u00e9e depuis 2012. Cette D\u00e9cision Royale a \u00e9t\u00e9 tr\u00e8s bien accueillie par Damas.<\/em><\/strong> <\/p>\n\n\n\n<p class=\"wp-block-paragraph\">C\u2019est le ministre syrien des Affaires \u00e9trang\u00e8res, Assaad Al-Chaibani, qui a exprim\u00e9, le samedi 17 Mai dernier, <em>\u00ab&nbsp;les remerciements et la gratitude de son pays pour la d\u00e9cision de Sa Majest\u00e9 le Roi Mohammed VI d\u2019ouvrir l&rsquo;ambassade du Maroc \u00e0 Damas&nbsp;\u00bb.<\/em> C\u2019\u00e9tait \u00e0 l\u2019occasion de la visite de travail du ministre des Affaires \u00e9trang\u00e8res, de la Coop\u00e9ration africaine et des Marocains r\u00e9sidant \u00e0 l\u2019\u00e9tranger, Nasser Bourita. Le diplomate marocain a, lors de son entrevue avec son homologue syrien, r\u00e9affirm\u00e9 la D\u00e9cision du Souverain marocain, d\u2019ailleurs annonc\u00e9e dans Son discours, le samedi dernier \u00e0 Bagdad, lors du 34e Sommet Arabe.<\/p>\n\n\n<div class=\"wp-block-image\">\n<figure class=\"aligncenter size-full\"><img loading=\"lazy\" decoding=\"async\" width=\"851\" height=\"315\" src=\"https:\/\/macite.tg\/wp-content\/uploads\/2025\/05\/OTR_Ferer-pour-batir-1-1.jpg\" alt=\"\" class=\"wp-image-22093\" srcset=\"https:\/\/macite.tg\/wp-content\/uploads\/2025\/05\/OTR_Ferer-pour-batir-1-1.jpg 851w, https:\/\/macite.tg\/wp-content\/uploads\/2025\/05\/OTR_Ferer-pour-batir-1-1-300x111.jpg 300w, https:\/\/macite.tg\/wp-content\/uploads\/2025\/05\/OTR_Ferer-pour-batir-1-1-768x284.jpg 768w\" sizes=\"auto, (max-width: 851px) 100vw, 851px\" \/><\/figure>\n<\/div>\n\n\n<p class=\"wp-block-paragraph\">Dans une d\u00e9claration rendue publique, en marge de cette visite, le chef de la diplomatie syrienne remerci\u00e9 <em>\u00ab&nbsp;Sa Majest\u00e9 le Roi et le gouvernement marocain pour l\u2019int\u00e9r\u00eat accord\u00e9 au d\u00e9veloppement de ces relations que nous aspirons \u00e0 rendre distingu\u00e9es sur le plan \u00e9conomique et en mati\u00e8re d\u2019investissements dans le monde arabe&nbsp;\u00bb. <\/em>L\u2019officiel syrien a qualifi\u00e9 de <em>\u00ab&nbsp;tr\u00e8s bonnes&nbsp;\u00bb<\/em> les relations entre Rabat et Damas, et a annonc\u00e9 <em>\u00ab&nbsp;l\u2019envoi d\u2019une \u00e9quipe technique pour l\u2019ouverture de l\u2019ambassade de Syrie \u00e0 Rabat&nbsp;\u00bb.<\/em><\/p>\n\n\n\n<p class=\"wp-block-paragraph\">Le diplomate marocain a, pour sa part, soulign\u00e9 que cette D\u00e9cision Royale de r\u00e9ouvrir l\u2019Ambassade du Maroc \u00e0 Damas ferm\u00e9e en 2012, devrait permettre <em>\u00ab&nbsp;d\u2019ouvrir de plus larges perspectives dans les relations historiques entre nos deux pays et nos deux peuples&nbsp;\u00bb.<\/em><\/p>\n\n\n\n<p class=\"wp-block-paragraph\">Notons que dans le cadre de la mise en \u0153uvre de cette D\u00e9cision Royale, le chef de la diplomatie marocaine a indiqu\u00e9 qu&rsquo;une d\u00e9l\u00e9gation technique se rendra tr\u00e8s prochaine en Syrie pour <em>\u00ab&nbsp;faire le point sur les pr\u00e9paratifs li\u00e9s \u00e0 l\u2019ouverture de l\u2019ambassade, qui servira de canal de communication et de coordination dans les divers domaines&nbsp;\u00bb.<\/em><\/p>\n\n\n<div class=\"wp-block-image\">\n<figure class=\"aligncenter size-full is-resized\"><img loading=\"lazy\" decoding=\"async\" width=\"500\" height=\"304\" src=\"https:\/\/macite.tg\/wp-content\/uploads\/2025\/05\/OTR_SAM-1.jpg\" alt=\"\" class=\"wp-image-22096\" style=\"width:637px;height:auto\" srcset=\"https:\/\/macite.tg\/wp-content\/uploads\/2025\/05\/OTR_SAM-1.jpg 500w, https:\/\/macite.tg\/wp-content\/uploads\/2025\/05\/OTR_SAM-1-300x182.jpg 300w\" sizes=\"auto, (max-width: 500px) 100vw, 500px\" \/><\/figure>\n<\/div>\n\n\n<p class=\"wp-block-paragraph\">Rappelons que lors des travaux de ce 34<sup>\u00e8me<\/sup> Sommet Arabes, SM le Roi avait r\u00e9it\u00e9r\u00e9 <em>\u00ab&nbsp;la position historique immuable du Royaume du Maroc vis-\u00e0-vis de la Syrie, exprim\u00e9e auparavant dans la lettre adress\u00e9e par Sa Majest\u00e9 le Roi au Pr\u00e9sident Ahmed Acharaa, faisant part du soutien au peuple syrien fr\u00e8re dans sa qu\u00eate de libert\u00e9, de s\u00e9curit\u00e9 et de stabilit\u00e9, ainsi que de l\u2019attachement \u00e0 la pr\u00e9servation de la souverainet\u00e9 nationale et de l\u2019int\u00e9grit\u00e9 territoriale de la Syrie&nbsp;\u00bb.<\/em><\/p>\n\n\n\n<p class=\"wp-block-paragraph\"><strong>MC<\/strong><\/p>\n\n\n\n<p class=\"wp-block-paragraph\"><a><strong><em>@macite.tg&nbsp;&nbsp;&nbsp;&nbsp;&nbsp;&nbsp;&nbsp;&nbsp;<\/em><\/strong><\/a><\/p>\n\n\n\n<p class=\"wp-block-paragraph\"><strong><em>E-mail&nbsp;: <\/em><\/strong><a href=\"mailto:maciteinfo@gmail.com\"><strong><em>maciteinfo@gmail.com<\/em><\/strong><\/a><strong><em>; <\/em><\/strong><a href=\"mailto:bawela1@gmail.com\"><strong><em>bawela1@gmail.com<\/em><\/strong><\/a><strong><em><\/em><\/strong><\/p>\n\n\n\n<p class=\"wp-block-paragraph\"><strong><em>Pour vos annonces, (publi)reportages, etc., joignez-nous au (00228)91515309\/<strong>79872224 <\/strong>www.macite.tg, L\u2019information, la bonne&nbsp;!<\/em><\/strong><\/p>\n\n\n\n<p class=\"wp-block-paragraph\"><\/p>\n","protected":false},"excerpt":{"rendered":"<p class=\"text-justify mb-2\" >Dans le cadre du renforcement des liens de coop\u00e9ration entre le Royaume du Maroc et la Syrie, Rabat entend r\u00e9ouvrir prochainement sa repr\u00e9sentation diplomatique \u00e0 Damas, ferm\u00e9e depuis 2012. Cette D\u00e9cision Royale a \u00e9t\u00e9 tr\u00e8s bien accueillie par Damas. C\u2019est le ministre syrien des Affaires [&hellip;]<\/p>\n","protected":false},"author":2,"featured_media":22149,"comment_status":"open","ping_status":"open","sticky":false,"template":"","format":"standard","meta":{"footnotes":""},"categories":[20,8],"tags":[],"class_list":["post-22148","post","type-post","status-publish","format-standard","has-post-thumbnail","hentry","category-actualite","category-diplomatie"],"yoast_head":"<!-- This site is optimized with the Yoast SEO plugin v28.4 - https:\/\/yoast.com\/product\/yoast-seo-wordpress\/ -->\n<title>DIPLOMATIE\u00a0: La Syrie remercie SM le Roi pour la r\u00e9ouverture de l\u2019ambassade du Maroc \u00e0 Damas -<\/title>\n<meta name=\"robots\" content=\"index, follow, max-snippet:-1, max-image-preview:large, max-video-preview:-1\" \/>\n<link rel=\"canonical\" href=\"https:\/\/macite.tg\/?p=22148\" \/>\n<meta property=\"og:locale\" content=\"fr_FR\" \/>\n<meta property=\"og:type\" content=\"article\" \/>\n<meta property=\"og:title\" content=\"DIPLOMATIE\u00a0: La Syrie remercie SM le Roi pour la r\u00e9ouverture de l\u2019ambassade du Maroc \u00e0 Damas -\" \/>\n<meta property=\"og:description\" content=\"Dans le cadre du renforcement des liens de coop\u00e9ration entre le Royaume du Maroc et la Syrie, Rabat entend r\u00e9ouvrir prochainement sa repr\u00e9sentation diplomatique \u00e0 Damas, ferm\u00e9e depuis 2012. Cette D\u00e9cision Royale a \u00e9t\u00e9 tr\u00e8s bien accueillie par Damas. C\u2019est le ministre syrien des Affaires [&hellip;]\" \/>\n<meta property=\"og:url\" content=\"https:\/\/macite.tg\/?p=22148\" \/>\n<meta property=\"article:published_time\" content=\"2025-05-19T19:50:19+00:00\" \/>\n<meta property=\"article:modified_time\" content=\"2025-05-19T19:50:25+00:00\" \/>\n<meta property=\"og:image\" content=\"https:\/\/macite.tg\/wp-content\/uploads\/2025\/05\/image-51.png\" \/>\n\t<meta property=\"og:image:width\" content=\"450\" \/>\n\t<meta property=\"og:image:height\" content=\"270\" \/>\n\t<meta property=\"og:image:type\" content=\"image\/png\" \/>\n<meta name=\"author\" content=\"Jean Pierre BAWELA\" \/>\n<meta name=\"twitter:card\" content=\"summary_large_image\" \/>\n<meta name=\"twitter:label1\" content=\"\u00c9crit par\" \/>\n\t<meta name=\"twitter:data1\" content=\"Jean Pierre BAWELA\" \/>\n\t<meta name=\"twitter:label2\" content=\"Dur\u00e9e de lecture estim\u00e9e\" \/>\n\t<meta name=\"twitter:data2\" content=\"3 minutes\" \/>\n<script type=\"application\/ld+json\" class=\"yoast-schema-graph\">{\"@context\":\"https:\\\/\\\/schema.org\",\"@graph\":[{\"@type\":\"Article\",\"@id\":\"https:\\\/\\\/macite.tg\\\/?p=22148#article\",\"isPartOf\":{\"@id\":\"https:\\\/\\\/macite.tg\\\/?p=22148\"},\"author\":{\"name\":\"Jean Pierre BAWELA\",\"@id\":\"https:\\\/\\\/macite.tg\\\/#\\\/schema\\\/person\\\/e9f2de7e5dbbe7770a9402c7ce82f5c2\"},\"headline\":\"DIPLOMATIE\u00a0: La Syrie remercie SM le Roi pour la r\u00e9ouverture de l\u2019ambassade du Maroc \u00e0 Damas\",\"datePublished\":\"2025-05-19T19:50:19+00:00\",\"dateModified\":\"2025-05-19T19:50:25+00:00\",\"mainEntityOfPage\":{\"@id\":\"https:\\\/\\\/macite.tg\\\/?p=22148\"},\"wordCount\":507,\"commentCount\":0,\"image\":{\"@id\":\"https:\\\/\\\/macite.tg\\\/?p=22148#primaryimage\"},\"thumbnailUrl\":\"https:\\\/\\\/macite.tg\\\/wp-content\\\/uploads\\\/2025\\\/05\\\/image-51.png\",\"articleSection\":[\"ACTUALITE\",\"DIPLOMATIE\"],\"inLanguage\":\"fr-FR\",\"potentialAction\":[{\"@type\":\"CommentAction\",\"name\":\"Comment\",\"target\":[\"https:\\\/\\\/macite.tg\\\/?p=22148#respond\"]}]},{\"@type\":\"WebPage\",\"@id\":\"https:\\\/\\\/macite.tg\\\/?p=22148\",\"url\":\"https:\\\/\\\/macite.tg\\\/?p=22148\",\"name\":\"DIPLOMATIE\u00a0: La Syrie remercie SM le Roi pour la r\u00e9ouverture de l\u2019ambassade du Maroc \u00e0 Damas -\",\"isPartOf\":{\"@id\":\"https:\\\/\\\/macite.tg\\\/#website\"},\"primaryImageOfPage\":{\"@id\":\"https:\\\/\\\/macite.tg\\\/?p=22148#primaryimage\"},\"image\":{\"@id\":\"https:\\\/\\\/macite.tg\\\/?p=22148#primaryimage\"},\"thumbnailUrl\":\"https:\\\/\\\/macite.tg\\\/wp-content\\\/uploads\\\/2025\\\/05\\\/image-51.png\",\"datePublished\":\"2025-05-19T19:50:19+00:00\",\"dateModified\":\"2025-05-19T19:50:25+00:00\",\"author\":{\"@id\":\"https:\\\/\\\/macite.tg\\\/#\\\/schema\\\/person\\\/e9f2de7e5dbbe7770a9402c7ce82f5c2\"},\"breadcrumb\":{\"@id\":\"https:\\\/\\\/macite.tg\\\/?p=22148#breadcrumb\"},\"inLanguage\":\"fr-FR\",\"potentialAction\":[{\"@type\":\"ReadAction\",\"target\":[\"https:\\\/\\\/macite.tg\\\/?p=22148\"]}]},{\"@type\":\"ImageObject\",\"inLanguage\":\"fr-FR\",\"@id\":\"https:\\\/\\\/macite.tg\\\/?p=22148#primaryimage\",\"url\":\"https:\\\/\\\/macite.tg\\\/wp-content\\\/uploads\\\/2025\\\/05\\\/image-51.png\",\"contentUrl\":\"https:\\\/\\\/macite.tg\\\/wp-content\\\/uploads\\\/2025\\\/05\\\/image-51.png\",\"width\":450,\"height\":270},{\"@type\":\"BreadcrumbList\",\"@id\":\"https:\\\/\\\/macite.tg\\\/?p=22148#breadcrumb\",\"itemListElement\":[{\"@type\":\"ListItem\",\"position\":1,\"name\":\"Accueil\",\"item\":\"https:\\\/\\\/macite.tg\\\/\"},{\"@type\":\"ListItem\",\"position\":2,\"name\":\"DIPLOMATIE\u00a0: La Syrie remercie SM le Roi pour la r\u00e9ouverture de l\u2019ambassade du Maroc \u00e0 Damas\"}]},{\"@type\":\"WebSite\",\"@id\":\"https:\\\/\\\/macite.tg\\\/#website\",\"url\":\"https:\\\/\\\/macite.tg\\\/\",\"name\":\"\",\"description\":\"L&#039;information, la bonne!!!\",\"potentialAction\":[{\"@type\":\"SearchAction\",\"target\":{\"@type\":\"EntryPoint\",\"urlTemplate\":\"https:\\\/\\\/macite.tg\\\/?s={search_term_string}\"},\"query-input\":{\"@type\":\"PropertyValueSpecification\",\"valueRequired\":true,\"valueName\":\"search_term_string\"}}],\"inLanguage\":\"fr-FR\"},{\"@type\":\"Person\",\"@id\":\"https:\\\/\\\/macite.tg\\\/#\\\/schema\\\/person\\\/e9f2de7e5dbbe7770a9402c7ce82f5c2\",\"name\":\"Jean Pierre BAWELA\",\"image\":{\"@type\":\"ImageObject\",\"inLanguage\":\"fr-FR\",\"@id\":\"https:\\\/\\\/macite.tg\\\/wp-content\\\/uploads\\\/2023\\\/09\\\/WhatsApp-Image-2023-09-19-at-14.44.41-122x122.jpeg\",\"url\":\"https:\\\/\\\/macite.tg\\\/wp-content\\\/uploads\\\/2023\\\/09\\\/WhatsApp-Image-2023-09-19-at-14.44.41-122x122.jpeg\",\"contentUrl\":\"https:\\\/\\\/macite.tg\\\/wp-content\\\/uploads\\\/2023\\\/09\\\/WhatsApp-Image-2023-09-19-at-14.44.41-122x122.jpeg\",\"caption\":\"Jean Pierre BAWELA\"},\"url\":\"https:\\\/\\\/macite.tg\\\/?author=2\"}]}<\/script>\n<!-- \/ Yoast SEO plugin. -->","yoast_head_json":{"title":"DIPLOMATIE\u00a0: La Syrie remercie SM le Roi pour la r\u00e9ouverture de l\u2019ambassade du Maroc \u00e0 Damas -","robots":{"index":"index","follow":"follow","max-snippet":"max-snippet:-1","max-image-preview":"max-image-preview:large","max-video-preview":"max-video-preview:-1"},"canonical":"https:\/\/macite.tg\/?p=22148","og_locale":"fr_FR","og_type":"article","og_title":"DIPLOMATIE\u00a0: La Syrie remercie SM le Roi pour la r\u00e9ouverture de l\u2019ambassade du Maroc \u00e0 Damas -","og_description":"Dans le cadre du renforcement des liens de coop\u00e9ration entre le Royaume du Maroc et la Syrie, Rabat entend r\u00e9ouvrir prochainement sa repr\u00e9sentation diplomatique \u00e0 Damas, ferm\u00e9e depuis 2012. Cette D\u00e9cision Royale a \u00e9t\u00e9 tr\u00e8s bien accueillie par Damas. C\u2019est le ministre syrien des Affaires [&hellip;]","og_url":"https:\/\/macite.tg\/?p=22148","article_published_time":"2025-05-19T19:50:19+00:00","article_modified_time":"2025-05-19T19:50:25+00:00","og_image":[{"width":450,"height":270,"url":"https:\/\/macite.tg\/wp-content\/uploads\/2025\/05\/image-51.png","type":"image\/png"}],"author":"Jean Pierre BAWELA","twitter_card":"summary_large_image","twitter_misc":{"\u00c9crit par":"Jean Pierre BAWELA","Dur\u00e9e de lecture estim\u00e9e":"3 minutes"},"schema":{"@context":"https:\/\/schema.org","@graph":[{"@type":"Article","@id":"https:\/\/macite.tg\/?p=22148#article","isPartOf":{"@id":"https:\/\/macite.tg\/?p=22148"},"author":{"name":"Jean Pierre BAWELA","@id":"https:\/\/macite.tg\/#\/schema\/person\/e9f2de7e5dbbe7770a9402c7ce82f5c2"},"headline":"DIPLOMATIE\u00a0: La Syrie remercie SM le Roi pour la r\u00e9ouverture de l\u2019ambassade du Maroc \u00e0 Damas","datePublished":"2025-05-19T19:50:19+00:00","dateModified":"2025-05-19T19:50:25+00:00","mainEntityOfPage":{"@id":"https:\/\/macite.tg\/?p=22148"},"wordCount":507,"commentCount":0,"image":{"@id":"https:\/\/macite.tg\/?p=22148#primaryimage"},"thumbnailUrl":"https:\/\/macite.tg\/wp-content\/uploads\/2025\/05\/image-51.png","articleSection":["ACTUALITE","DIPLOMATIE"],"inLanguage":"fr-FR","potentialAction":[{"@type":"CommentAction","name":"Comment","target":["https:\/\/macite.tg\/?p=22148#respond"]}]},{"@type":"WebPage","@id":"https:\/\/macite.tg\/?p=22148","url":"https:\/\/macite.tg\/?p=22148","name":"DIPLOMATIE\u00a0: La Syrie remercie SM le Roi pour la r\u00e9ouverture de l\u2019ambassade du Maroc \u00e0 Damas -","isPartOf":{"@id":"https:\/\/macite.tg\/#website"},"primaryImageOfPage":{"@id":"https:\/\/macite.tg\/?p=22148#primaryimage"},"image":{"@id":"https:\/\/macite.tg\/?p=22148#primaryimage"},"thumbnailUrl":"https:\/\/macite.tg\/wp-content\/uploads\/2025\/05\/image-51.png","datePublished":"2025-05-19T19:50:19+00:00","dateModified":"2025-05-19T19:50:25+00:00","author":{"@id":"https:\/\/macite.tg\/#\/schema\/person\/e9f2de7e5dbbe7770a9402c7ce82f5c2"},"breadcrumb":{"@id":"https:\/\/macite.tg\/?p=22148#breadcrumb"},"inLanguage":"fr-FR","potentialAction":[{"@type":"ReadAction","target":["https:\/\/macite.tg\/?p=22148"]}]},{"@type":"ImageObject","inLanguage":"fr-FR","@id":"https:\/\/macite.tg\/?p=22148#primaryimage","url":"https:\/\/macite.tg\/wp-content\/uploads\/2025\/05\/image-51.png","contentUrl":"https:\/\/macite.tg\/wp-content\/uploads\/2025\/05\/image-51.png","width":450,"height":270},{"@type":"BreadcrumbList","@id":"https:\/\/macite.tg\/?p=22148#breadcrumb","itemListElement":[{"@type":"ListItem","position":1,"name":"Accueil","item":"https:\/\/macite.tg\/"},{"@type":"ListItem","position":2,"name":"DIPLOMATIE\u00a0: La Syrie remercie SM le Roi pour la r\u00e9ouverture de l\u2019ambassade du Maroc \u00e0 Damas"}]},{"@type":"WebSite","@id":"https:\/\/macite.tg\/#website","url":"https:\/\/macite.tg\/","name":"","description":"L&#039;information, la bonne!!!","potentialAction":[{"@type":"SearchAction","target":{"@type":"EntryPoint","urlTemplate":"https:\/\/macite.tg\/?s={search_term_string}"},"query-input":{"@type":"PropertyValueSpecification","valueRequired":true,"valueName":"search_term_string"}}],"inLanguage":"fr-FR"},{"@type":"Person","@id":"https:\/\/macite.tg\/#\/schema\/person\/e9f2de7e5dbbe7770a9402c7ce82f5c2","name":"Jean Pierre BAWELA","image":{"@type":"ImageObject","inLanguage":"fr-FR","@id":"https:\/\/macite.tg\/wp-content\/uploads\/2023\/09\/WhatsApp-Image-2023-09-19-at-14.44.41-122x122.jpeg","url":"https:\/\/macite.tg\/wp-content\/uploads\/2023\/09\/WhatsApp-Image-2023-09-19-at-14.44.41-122x122.jpeg","contentUrl":"https:\/\/macite.tg\/wp-content\/uploads\/2023\/09\/WhatsApp-Image-2023-09-19-at-14.44.41-122x122.jpeg","caption":"Jean Pierre BAWELA"},"url":"https:\/\/macite.tg\/?author=2"}]}},"_links":{"self":[{"href":"https:\/\/macite.tg\/index.php?rest_route=\/wp\/v2\/posts\/22148","targetHints":{"allow":["GET"]}}],"collection":[{"href":"https:\/\/macite.tg\/index.php?rest_route=\/wp\/v2\/posts"}],"about":[{"href":"https:\/\/macite.tg\/index.php?rest_route=\/wp\/v2\/types\/post"}],"author":[{"embeddable":true,"href":"https:\/\/macite.tg\/index.php?rest_route=\/wp\/v2\/users\/2"}],"replies":[{"embeddable":true,"href":"https:\/\/macite.tg\/index.php?rest_route=%2Fwp%2Fv2%2Fcomments&post=22148"}],"version-history":[{"count":0,"href":"https:\/\/macite.tg\/index.php?rest_route=\/wp\/v2\/posts\/22148\/revisions"}],"wp:featuredmedia":[{"embeddable":true,"href":"https:\/\/macite.tg\/index.php?rest_route=\/wp\/v2\/media\/22149"}],"wp:attachment":[{"href":"https:\/\/macite.tg\/index.php?rest_route=%2Fwp%2Fv2%2Fmedia&parent=22148"}],"wp:term":[{"taxonomy":"category","embeddable":true,"href":"https:\/\/macite.tg\/index.php?rest_route=%2Fwp%2Fv2%2Fcategories&post=22148"},{"taxonomy":"post_tag","embeddable":true,"href":"https:\/\/macite.tg\/index.php?rest_route=%2Fwp%2Fv2%2Ftags&post=22148"}],"curies":[{"name":"wp","href":"https:\/\/api.w.org\/{rel}","templated":true}]}}