{"id":22136,"date":"2025-05-19T13:34:59","date_gmt":"2025-05-19T13:34:59","guid":{"rendered":"https:\/\/macite.tg\/?p=22136"},"modified":"2025-05-19T13:49:40","modified_gmt":"2025-05-19T13:49:40","slug":"mediation-ua-dans-la-crise-a-lest-de-la-rdc-qui-sont-ces-co-facilitateurs-de-lua-reunis-autour-du-mediateur-faure-gnassingbe","status":"publish","type":"post","link":"https:\/\/macite.tg\/?p=22136","title":{"rendered":"MEDIATION DE L&rsquo;UA DANS LA CRISE A L\u2019EST DE LA RDC : Qui sont ces co-facilitateurs de l\u2019UA r\u00e9unis autour du M\u00e9diateur Faure Gnassingb\u00e9 ?"},"content":{"rendered":"\n<p class=\"wp-block-paragraph\"><strong><em>Dans l\u2019optique de d\u00e9samorcer la crise entre le Rwanda et la RDC, le M\u00e9diateur de l\u2019UA, Faure Essozimna Gnassingb\u00e9, ne manque pas d\u2019initiatives. C\u2019est dans ce cadre qu\u2019un conclave d\u00e9cisif s\u2019est tenu le samedi 17 mai dernier \u00e0 Lom\u00e9. Au rang des participants, plusieurs co-facilitateurs d\u00e9sign\u00e9s par l\u2019Union africaine dans le cadre de la m\u00e9diation en cours entre la R\u00e9publique d\u00e9mocratique du Congo et le Rwanda.<\/em><\/strong><\/p>\n\n\n\n<p class=\"wp-block-paragraph\">Ces personnalit\u00e9s d\u2019exp\u00e9rience, reconnues pour leur neutralit\u00e9 et leur expertise diplomatique, ont pour mission d\u2019accompagner le Pr\u00e9sident du Conseil, m\u00e9diateur d\u00e9sign\u00e9 de l\u2019Union africaine, dans la mat\u00e9rialisation de la feuille de route de d\u00e9sescalade, \u00e0 l\u2019heure o\u00f9 les tensions militaires et politiques persistent dans la r\u00e9gion des Grands Lacs.<\/p>\n\n\n<div class=\"wp-block-image\">\n<figure class=\"aligncenter size-full\"><img loading=\"lazy\" decoding=\"async\" width=\"851\" height=\"315\" src=\"https:\/\/macite.tg\/wp-content\/uploads\/2025\/05\/OTR_Ferer-pour-batir-1-1.jpg\" alt=\"\" class=\"wp-image-22093\" srcset=\"https:\/\/macite.tg\/wp-content\/uploads\/2025\/05\/OTR_Ferer-pour-batir-1-1.jpg 851w, https:\/\/macite.tg\/wp-content\/uploads\/2025\/05\/OTR_Ferer-pour-batir-1-1-300x111.jpg 300w, https:\/\/macite.tg\/wp-content\/uploads\/2025\/05\/OTR_Ferer-pour-batir-1-1-768x284.jpg 768w\" sizes=\"auto, (max-width: 851px) 100vw, 851px\" \/><\/figure>\n<\/div>\n\n\n<p class=\"wp-block-paragraph\">La composition compl\u00e8te du groupe de co-facilitateurs reste tenue confidentielle \u00e0 cette heure, mais plusieurs sources indiquent la pr\u00e9sence de figures africaines chevronn\u00e9es, issues de la diplomatie, et m\u00eame des anciens pr\u00e9sidents.<\/p>\n\n\n\n<p class=\"wp-block-paragraph\">Au rang de ces personnalit\u00e9s, on peut citer, entre autres\u00a0:<\/p>\n\n\n\n<p class=\"wp-block-paragraph\">&#8211; Olusegun Obasanjo, ancien Pr\u00e9sident du Nigeria ;<\/p>\n\n\n\n<p class=\"wp-block-paragraph\">&#8211; Uhuru Kenyatta, ancien Pr\u00e9sident du Kenya ; &nbsp;<\/p>\n\n\n\n<p class=\"wp-block-paragraph\">&#8211; Mokgweetsi Masisi, ancien Pr\u00e9sident du Botswana&nbsp;;<\/p>\n\n\n\n<p class=\"wp-block-paragraph\">&#8211; Cath\u00e9rine Samba-Panza, ancienne Pr\u00e9sidente de la R\u00e9publique Centrafricaine&nbsp;;<\/p>\n\n\n\n<p class=\"wp-block-paragraph\">&#8211; et Sahle-Work Zewde, ancienne Pr\u00e9sidente de l\u2019\u00c9thiopie.&nbsp;<\/p>\n\n\n<div class=\"wp-block-image\">\n<figure class=\"aligncenter size-full is-resized\"><img loading=\"lazy\" decoding=\"async\" width=\"500\" height=\"304\" src=\"https:\/\/macite.tg\/wp-content\/uploads\/2025\/05\/OTR_SAM-1.jpg\" alt=\"\" class=\"wp-image-22096\" style=\"width:660px;height:auto\" srcset=\"https:\/\/macite.tg\/wp-content\/uploads\/2025\/05\/OTR_SAM-1.jpg 500w, https:\/\/macite.tg\/wp-content\/uploads\/2025\/05\/OTR_SAM-1-300x182.jpg 300w\" sizes=\"auto, (max-width: 500px) 100vw, 500px\" \/><\/figure>\n<\/div>\n\n\n<p class=\"wp-block-paragraph\">Notons que cette initiative diplomatique qui est intervenu dans un climat r\u00e9gional aussi explosif que strat\u00e9gique, marque le retour progressif de Lom\u00e9, comme un hub discret de la diplomatie continentale.<\/p>\n\n\n\n<p class=\"wp-block-paragraph\"><strong>Mab\u00e9 B.<\/strong><\/p>\n\n\n\n<p class=\"wp-block-paragraph\"><a><strong><em>@macite.tg&nbsp;&nbsp;&nbsp;&nbsp;&nbsp;&nbsp;&nbsp;&nbsp;<\/em><\/strong><\/a><\/p>\n\n\n\n<p class=\"wp-block-paragraph\"><strong><em>E-mail&nbsp;: <\/em><\/strong><a href=\"mailto:maciteinfo@gmail.com\"><strong><em>maciteinfo@gmail.com<\/em><\/strong><\/a><strong><em>; <\/em><\/strong><a href=\"mailto:bawela1@gmail.com\"><strong><em>bawela1@gmail.com<\/em><\/strong><\/a><strong><em><\/em><\/strong><\/p>\n\n\n\n<p class=\"wp-block-paragraph\"><strong><em>Pour vos annonces, (publi)reportages, etc., joignez-nous au (00228)91515309\/<strong>79872224 <\/strong>www.macite.tg, L\u2019information, la bonne&nbsp;!<\/em><\/strong><\/p>\n\n\n\n<p class=\"wp-block-paragraph\"><\/p>\n","protected":false},"excerpt":{"rendered":"<p class=\"text-justify mb-2\" >Dans l\u2019optique de d\u00e9samorcer la crise entre le Rwanda et la RDC, le M\u00e9diateur de l\u2019UA, Faure Essozimna Gnassingb\u00e9, ne manque pas d\u2019initiatives. C\u2019est dans ce cadre qu\u2019un conclave d\u00e9cisif s\u2019est tenu le samedi 17 mai dernier \u00e0 Lom\u00e9. Au rang des participants, plusieurs co-facilitateurs [&hellip;]<\/p>\n","protected":false},"author":2,"featured_media":22137,"comment_status":"open","ping_status":"open","sticky":false,"template":"","format":"standard","meta":{"footnotes":""},"categories":[20,8],"tags":[],"class_list":["post-22136","post","type-post","status-publish","format-standard","has-post-thumbnail","hentry","category-actualite","category-diplomatie"],"yoast_head":"<!-- This site is optimized with the Yoast SEO plugin v28.4 - https:\/\/yoast.com\/product\/yoast-seo-wordpress\/ -->\n<title>MEDIATION DE L&#039;UA DANS LA CRISE A L\u2019EST DE LA RDC : Qui sont ces co-facilitateurs de l\u2019UA r\u00e9unis autour du M\u00e9diateur Faure Gnassingb\u00e9 ? -<\/title>\n<meta name=\"robots\" content=\"index, follow, max-snippet:-1, max-image-preview:large, max-video-preview:-1\" \/>\n<link rel=\"canonical\" href=\"https:\/\/macite.tg\/?p=22136\" \/>\n<meta property=\"og:locale\" content=\"fr_FR\" \/>\n<meta property=\"og:type\" content=\"article\" \/>\n<meta property=\"og:title\" content=\"MEDIATION DE L&#039;UA DANS LA CRISE A L\u2019EST DE LA RDC : Qui sont ces co-facilitateurs de l\u2019UA r\u00e9unis autour du M\u00e9diateur Faure Gnassingb\u00e9 ? -\" \/>\n<meta property=\"og:description\" content=\"Dans l\u2019optique de d\u00e9samorcer la crise entre le Rwanda et la RDC, le M\u00e9diateur de l\u2019UA, Faure Essozimna Gnassingb\u00e9, ne manque pas d\u2019initiatives. C\u2019est dans ce cadre qu\u2019un conclave d\u00e9cisif s\u2019est tenu le samedi 17 mai dernier \u00e0 Lom\u00e9. Au rang des participants, plusieurs co-facilitateurs [&hellip;]\" \/>\n<meta property=\"og:url\" content=\"https:\/\/macite.tg\/?p=22136\" \/>\n<meta property=\"article:published_time\" content=\"2025-05-19T13:34:59+00:00\" \/>\n<meta property=\"article:modified_time\" content=\"2025-05-19T13:49:40+00:00\" \/>\n<meta property=\"og:image\" content=\"https:\/\/macite.tg\/wp-content\/uploads\/2025\/05\/Panel.jpg\" \/>\n\t<meta property=\"og:image:width\" content=\"500\" \/>\n\t<meta property=\"og:image:height\" content=\"265\" \/>\n\t<meta property=\"og:image:type\" content=\"image\/jpeg\" \/>\n<meta name=\"author\" content=\"Jean Pierre BAWELA\" \/>\n<meta name=\"twitter:card\" content=\"summary_large_image\" \/>\n<meta name=\"twitter:label1\" content=\"\u00c9crit par\" \/>\n\t<meta name=\"twitter:data1\" content=\"Jean Pierre BAWELA\" \/>\n\t<meta name=\"twitter:label2\" content=\"Dur\u00e9e de lecture estim\u00e9e\" \/>\n\t<meta name=\"twitter:data2\" content=\"2 minutes\" \/>\n<script type=\"application\/ld+json\" class=\"yoast-schema-graph\">{\"@context\":\"https:\\\/\\\/schema.org\",\"@graph\":[{\"@type\":\"Article\",\"@id\":\"https:\\\/\\\/macite.tg\\\/?p=22136#article\",\"isPartOf\":{\"@id\":\"https:\\\/\\\/macite.tg\\\/?p=22136\"},\"author\":{\"name\":\"Jean Pierre BAWELA\",\"@id\":\"https:\\\/\\\/macite.tg\\\/#\\\/schema\\\/person\\\/e9f2de7e5dbbe7770a9402c7ce82f5c2\"},\"headline\":\"MEDIATION DE L&rsquo;UA DANS LA CRISE A L\u2019EST DE LA RDC : Qui sont ces co-facilitateurs de l\u2019UA r\u00e9unis autour du M\u00e9diateur Faure Gnassingb\u00e9 ?\",\"datePublished\":\"2025-05-19T13:34:59+00:00\",\"dateModified\":\"2025-05-19T13:49:40+00:00\",\"mainEntityOfPage\":{\"@id\":\"https:\\\/\\\/macite.tg\\\/?p=22136\"},\"wordCount\":332,\"commentCount\":0,\"image\":{\"@id\":\"https:\\\/\\\/macite.tg\\\/?p=22136#primaryimage\"},\"thumbnailUrl\":\"https:\\\/\\\/macite.tg\\\/wp-content\\\/uploads\\\/2025\\\/05\\\/Panel.jpg\",\"articleSection\":[\"ACTUALITE\",\"DIPLOMATIE\"],\"inLanguage\":\"fr-FR\",\"potentialAction\":[{\"@type\":\"CommentAction\",\"name\":\"Comment\",\"target\":[\"https:\\\/\\\/macite.tg\\\/?p=22136#respond\"]}]},{\"@type\":\"WebPage\",\"@id\":\"https:\\\/\\\/macite.tg\\\/?p=22136\",\"url\":\"https:\\\/\\\/macite.tg\\\/?p=22136\",\"name\":\"MEDIATION DE L'UA DANS LA CRISE A L\u2019EST DE LA RDC : Qui sont ces co-facilitateurs de l\u2019UA r\u00e9unis autour du M\u00e9diateur Faure Gnassingb\u00e9 ? -\",\"isPartOf\":{\"@id\":\"https:\\\/\\\/macite.tg\\\/#website\"},\"primaryImageOfPage\":{\"@id\":\"https:\\\/\\\/macite.tg\\\/?p=22136#primaryimage\"},\"image\":{\"@id\":\"https:\\\/\\\/macite.tg\\\/?p=22136#primaryimage\"},\"thumbnailUrl\":\"https:\\\/\\\/macite.tg\\\/wp-content\\\/uploads\\\/2025\\\/05\\\/Panel.jpg\",\"datePublished\":\"2025-05-19T13:34:59+00:00\",\"dateModified\":\"2025-05-19T13:49:40+00:00\",\"author\":{\"@id\":\"https:\\\/\\\/macite.tg\\\/#\\\/schema\\\/person\\\/e9f2de7e5dbbe7770a9402c7ce82f5c2\"},\"breadcrumb\":{\"@id\":\"https:\\\/\\\/macite.tg\\\/?p=22136#breadcrumb\"},\"inLanguage\":\"fr-FR\",\"potentialAction\":[{\"@type\":\"ReadAction\",\"target\":[\"https:\\\/\\\/macite.tg\\\/?p=22136\"]}]},{\"@type\":\"ImageObject\",\"inLanguage\":\"fr-FR\",\"@id\":\"https:\\\/\\\/macite.tg\\\/?p=22136#primaryimage\",\"url\":\"https:\\\/\\\/macite.tg\\\/wp-content\\\/uploads\\\/2025\\\/05\\\/Panel.jpg\",\"contentUrl\":\"https:\\\/\\\/macite.tg\\\/wp-content\\\/uploads\\\/2025\\\/05\\\/Panel.jpg\",\"width\":500,\"height\":265,\"caption\":\"Co-Facilitateurs autour du M\u00e9diateur de l'UA, Faure Gnassingb\u00e9.\"},{\"@type\":\"BreadcrumbList\",\"@id\":\"https:\\\/\\\/macite.tg\\\/?p=22136#breadcrumb\",\"itemListElement\":[{\"@type\":\"ListItem\",\"position\":1,\"name\":\"Accueil\",\"item\":\"https:\\\/\\\/macite.tg\\\/\"},{\"@type\":\"ListItem\",\"position\":2,\"name\":\"MEDIATION DE L&rsquo;UA DANS LA CRISE A L\u2019EST DE LA RDC : Qui sont ces co-facilitateurs de l\u2019UA r\u00e9unis autour du M\u00e9diateur Faure Gnassingb\u00e9 ?\"}]},{\"@type\":\"WebSite\",\"@id\":\"https:\\\/\\\/macite.tg\\\/#website\",\"url\":\"https:\\\/\\\/macite.tg\\\/\",\"name\":\"\",\"description\":\"L&#039;information, la bonne!!!\",\"potentialAction\":[{\"@type\":\"SearchAction\",\"target\":{\"@type\":\"EntryPoint\",\"urlTemplate\":\"https:\\\/\\\/macite.tg\\\/?s={search_term_string}\"},\"query-input\":{\"@type\":\"PropertyValueSpecification\",\"valueRequired\":true,\"valueName\":\"search_term_string\"}}],\"inLanguage\":\"fr-FR\"},{\"@type\":\"Person\",\"@id\":\"https:\\\/\\\/macite.tg\\\/#\\\/schema\\\/person\\\/e9f2de7e5dbbe7770a9402c7ce82f5c2\",\"name\":\"Jean Pierre BAWELA\",\"image\":{\"@type\":\"ImageObject\",\"inLanguage\":\"fr-FR\",\"@id\":\"https:\\\/\\\/macite.tg\\\/wp-content\\\/uploads\\\/2023\\\/09\\\/WhatsApp-Image-2023-09-19-at-14.44.41-122x122.jpeg\",\"url\":\"https:\\\/\\\/macite.tg\\\/wp-content\\\/uploads\\\/2023\\\/09\\\/WhatsApp-Image-2023-09-19-at-14.44.41-122x122.jpeg\",\"contentUrl\":\"https:\\\/\\\/macite.tg\\\/wp-content\\\/uploads\\\/2023\\\/09\\\/WhatsApp-Image-2023-09-19-at-14.44.41-122x122.jpeg\",\"caption\":\"Jean Pierre BAWELA\"},\"url\":\"https:\\\/\\\/macite.tg\\\/?author=2\"}]}<\/script>\n<!-- \/ Yoast SEO plugin. -->","yoast_head_json":{"title":"MEDIATION DE L'UA DANS LA CRISE A L\u2019EST DE LA RDC : Qui sont ces co-facilitateurs de l\u2019UA r\u00e9unis autour du M\u00e9diateur Faure Gnassingb\u00e9 ? -","robots":{"index":"index","follow":"follow","max-snippet":"max-snippet:-1","max-image-preview":"max-image-preview:large","max-video-preview":"max-video-preview:-1"},"canonical":"https:\/\/macite.tg\/?p=22136","og_locale":"fr_FR","og_type":"article","og_title":"MEDIATION DE L'UA DANS LA CRISE A L\u2019EST DE LA RDC : Qui sont ces co-facilitateurs de l\u2019UA r\u00e9unis autour du M\u00e9diateur Faure Gnassingb\u00e9 ? -","og_description":"Dans l\u2019optique de d\u00e9samorcer la crise entre le Rwanda et la RDC, le M\u00e9diateur de l\u2019UA, Faure Essozimna Gnassingb\u00e9, ne manque pas d\u2019initiatives. C\u2019est dans ce cadre qu\u2019un conclave d\u00e9cisif s\u2019est tenu le samedi 17 mai dernier \u00e0 Lom\u00e9. Au rang des participants, plusieurs co-facilitateurs [&hellip;]","og_url":"https:\/\/macite.tg\/?p=22136","article_published_time":"2025-05-19T13:34:59+00:00","article_modified_time":"2025-05-19T13:49:40+00:00","og_image":[{"width":500,"height":265,"url":"https:\/\/macite.tg\/wp-content\/uploads\/2025\/05\/Panel.jpg","type":"image\/jpeg"}],"author":"Jean Pierre BAWELA","twitter_card":"summary_large_image","twitter_misc":{"\u00c9crit par":"Jean Pierre BAWELA","Dur\u00e9e de lecture estim\u00e9e":"2 minutes"},"schema":{"@context":"https:\/\/schema.org","@graph":[{"@type":"Article","@id":"https:\/\/macite.tg\/?p=22136#article","isPartOf":{"@id":"https:\/\/macite.tg\/?p=22136"},"author":{"name":"Jean Pierre BAWELA","@id":"https:\/\/macite.tg\/#\/schema\/person\/e9f2de7e5dbbe7770a9402c7ce82f5c2"},"headline":"MEDIATION DE L&rsquo;UA DANS LA CRISE A L\u2019EST DE LA RDC : Qui sont ces co-facilitateurs de l\u2019UA r\u00e9unis autour du M\u00e9diateur Faure Gnassingb\u00e9 ?","datePublished":"2025-05-19T13:34:59+00:00","dateModified":"2025-05-19T13:49:40+00:00","mainEntityOfPage":{"@id":"https:\/\/macite.tg\/?p=22136"},"wordCount":332,"commentCount":0,"image":{"@id":"https:\/\/macite.tg\/?p=22136#primaryimage"},"thumbnailUrl":"https:\/\/macite.tg\/wp-content\/uploads\/2025\/05\/Panel.jpg","articleSection":["ACTUALITE","DIPLOMATIE"],"inLanguage":"fr-FR","potentialAction":[{"@type":"CommentAction","name":"Comment","target":["https:\/\/macite.tg\/?p=22136#respond"]}]},{"@type":"WebPage","@id":"https:\/\/macite.tg\/?p=22136","url":"https:\/\/macite.tg\/?p=22136","name":"MEDIATION DE L'UA DANS LA CRISE A L\u2019EST DE LA RDC : Qui sont ces co-facilitateurs de l\u2019UA r\u00e9unis autour du M\u00e9diateur Faure Gnassingb\u00e9 ? -","isPartOf":{"@id":"https:\/\/macite.tg\/#website"},"primaryImageOfPage":{"@id":"https:\/\/macite.tg\/?p=22136#primaryimage"},"image":{"@id":"https:\/\/macite.tg\/?p=22136#primaryimage"},"thumbnailUrl":"https:\/\/macite.tg\/wp-content\/uploads\/2025\/05\/Panel.jpg","datePublished":"2025-05-19T13:34:59+00:00","dateModified":"2025-05-19T13:49:40+00:00","author":{"@id":"https:\/\/macite.tg\/#\/schema\/person\/e9f2de7e5dbbe7770a9402c7ce82f5c2"},"breadcrumb":{"@id":"https:\/\/macite.tg\/?p=22136#breadcrumb"},"inLanguage":"fr-FR","potentialAction":[{"@type":"ReadAction","target":["https:\/\/macite.tg\/?p=22136"]}]},{"@type":"ImageObject","inLanguage":"fr-FR","@id":"https:\/\/macite.tg\/?p=22136#primaryimage","url":"https:\/\/macite.tg\/wp-content\/uploads\/2025\/05\/Panel.jpg","contentUrl":"https:\/\/macite.tg\/wp-content\/uploads\/2025\/05\/Panel.jpg","width":500,"height":265,"caption":"Co-Facilitateurs autour du M\u00e9diateur de l'UA, Faure Gnassingb\u00e9."},{"@type":"BreadcrumbList","@id":"https:\/\/macite.tg\/?p=22136#breadcrumb","itemListElement":[{"@type":"ListItem","position":1,"name":"Accueil","item":"https:\/\/macite.tg\/"},{"@type":"ListItem","position":2,"name":"MEDIATION DE L&rsquo;UA DANS LA CRISE A L\u2019EST DE LA RDC : Qui sont ces co-facilitateurs de l\u2019UA r\u00e9unis autour du M\u00e9diateur Faure Gnassingb\u00e9 ?"}]},{"@type":"WebSite","@id":"https:\/\/macite.tg\/#website","url":"https:\/\/macite.tg\/","name":"","description":"L&#039;information, la bonne!!!","potentialAction":[{"@type":"SearchAction","target":{"@type":"EntryPoint","urlTemplate":"https:\/\/macite.tg\/?s={search_term_string}"},"query-input":{"@type":"PropertyValueSpecification","valueRequired":true,"valueName":"search_term_string"}}],"inLanguage":"fr-FR"},{"@type":"Person","@id":"https:\/\/macite.tg\/#\/schema\/person\/e9f2de7e5dbbe7770a9402c7ce82f5c2","name":"Jean Pierre BAWELA","image":{"@type":"ImageObject","inLanguage":"fr-FR","@id":"https:\/\/macite.tg\/wp-content\/uploads\/2023\/09\/WhatsApp-Image-2023-09-19-at-14.44.41-122x122.jpeg","url":"https:\/\/macite.tg\/wp-content\/uploads\/2023\/09\/WhatsApp-Image-2023-09-19-at-14.44.41-122x122.jpeg","contentUrl":"https:\/\/macite.tg\/wp-content\/uploads\/2023\/09\/WhatsApp-Image-2023-09-19-at-14.44.41-122x122.jpeg","caption":"Jean Pierre BAWELA"},"url":"https:\/\/macite.tg\/?author=2"}]}},"_links":{"self":[{"href":"https:\/\/macite.tg\/index.php?rest_route=\/wp\/v2\/posts\/22136","targetHints":{"allow":["GET"]}}],"collection":[{"href":"https:\/\/macite.tg\/index.php?rest_route=\/wp\/v2\/posts"}],"about":[{"href":"https:\/\/macite.tg\/index.php?rest_route=\/wp\/v2\/types\/post"}],"author":[{"embeddable":true,"href":"https:\/\/macite.tg\/index.php?rest_route=\/wp\/v2\/users\/2"}],"replies":[{"embeddable":true,"href":"https:\/\/macite.tg\/index.php?rest_route=%2Fwp%2Fv2%2Fcomments&post=22136"}],"version-history":[{"count":0,"href":"https:\/\/macite.tg\/index.php?rest_route=\/wp\/v2\/posts\/22136\/revisions"}],"wp:featuredmedia":[{"embeddable":true,"href":"https:\/\/macite.tg\/index.php?rest_route=\/wp\/v2\/media\/22137"}],"wp:attachment":[{"href":"https:\/\/macite.tg\/index.php?rest_route=%2Fwp%2Fv2%2Fmedia&parent=22136"}],"wp:term":[{"taxonomy":"category","embeddable":true,"href":"https:\/\/macite.tg\/index.php?rest_route=%2Fwp%2Fv2%2Fcategories&post=22136"},{"taxonomy":"post_tag","embeddable":true,"href":"https:\/\/macite.tg\/index.php?rest_route=%2Fwp%2Fv2%2Ftags&post=22136"}],"curies":[{"name":"wp","href":"https:\/\/api.w.org\/{rel}","templated":true}]}}