{"id":22129,"date":"2025-05-19T13:07:22","date_gmt":"2025-05-19T13:07:22","guid":{"rendered":"https:\/\/macite.tg\/?p=22129"},"modified":"2025-05-19T13:07:27","modified_gmt":"2025-05-19T13:07:27","slug":"crise-entre-le-rwanda-et-la-rdc-le-mediateur-faure-gnassingbe-a-echange-a-lome-avec-le-panel-des-facilitateurs-de-lua","status":"publish","type":"post","link":"https:\/\/macite.tg\/?p=22129","title":{"rendered":"CRISE ENTRE LE RWANDA ET LA RDC\u00a0: Le M\u00e9diateur Faure Gnassingb\u00e9 a \u00e9chang\u00e9 \u00e0 Lom\u00e9 avec le panel des Facilitateurs de l\u2019UA"},"content":{"rendered":"\n<p class=\"wp-block-paragraph\"><strong><em>\u00c0 l\u2019invitation du Pr\u00e9sident du Conseil de la R\u00e9publique togolaise et M\u00e9diateur de l\u2019Union Africaine, Faure Essozimna Gnassingb\u00e9, une r\u00e9union du Panel des Facilitateurs s\u2019est tenue le samedi 17 mai dernier \u00e0 Lom\u00e9. L\u2019objectif \u00e9tait de donner un coup d\u2019acc\u00e9l\u00e9rateurs aux n\u00e9gociations en vue d\u2019un retour rapide de la paix dans la r\u00e9gion des Grands Lacs.<\/em><\/strong><\/p>\n\n\n\n<p class=\"wp-block-paragraph\">Dans le cadre des efforts visant \u00e0 r\u00e9tablir la paix et la stabilit\u00e9 \u00e0 l\u2019Est de la R\u00e9publique D\u00e9mocratique du Congo (RDC) et afin de promouvoir des relations de bon voisinage, pacifiques et constructives entre la RDC et la R\u00e9publique du Rwanda, une rencontre du panel des Facilitateurs de l\u2019Union africaine (UA) s\u2019est tenu le samedi 17 mai dernier \u00e0 Lom\u00e9.<\/p>\n\n\n<div class=\"wp-block-image\">\n<figure class=\"aligncenter size-large is-resized\"><img loading=\"lazy\" decoding=\"async\" width=\"1024\" height=\"667\" src=\"https:\/\/macite.tg\/wp-content\/uploads\/2025\/05\/af83fd22-11d2-4613-823d-50631469c138-1024x667.jpg\" alt=\"\" class=\"wp-image-22134\" style=\"width:652px;height:auto\" srcset=\"https:\/\/macite.tg\/wp-content\/uploads\/2025\/05\/af83fd22-11d2-4613-823d-50631469c138-1024x667.jpg 1024w, https:\/\/macite.tg\/wp-content\/uploads\/2025\/05\/af83fd22-11d2-4613-823d-50631469c138-300x195.jpg 300w, https:\/\/macite.tg\/wp-content\/uploads\/2025\/05\/af83fd22-11d2-4613-823d-50631469c138-768x500.jpg 768w, https:\/\/macite.tg\/wp-content\/uploads\/2025\/05\/af83fd22-11d2-4613-823d-50631469c138.jpg 1280w\" sizes=\"auto, (max-width: 1024px) 100vw, 1024px\" \/><figcaption class=\"wp-element-caption\"><strong><em>Le Facilitauers de l&rsquo;UA  r\u00e9unis autour du M\u00e9diateur Faure Gnassingb\u00e9 \u00e0 Lom\u00e9.<\/em><\/strong><\/figcaption><\/figure>\n<\/div>\n\n\n<p class=\"wp-block-paragraph\">Compos\u00e9 des anciens dirigeants africains, notamment Olusegun Obasanjo, ancien Pr\u00e9sident du Nigeria, Uhuru Kenyatta, ancien Pr\u00e9sident du Kenya, Mokgweetsi Masisi, ancien Pr\u00e9sident du Botswana, Cath\u00e9rine Samba-Panza, ancienne Pr\u00e9sidente de la R\u00e9publique Centrafricaine et Sahle-Work Zewde, ancienne Pr\u00e9sidente de l\u2019\u00c9thiopie, ce panel r\u00e9uni \u00e0 l\u2019initiative du M\u00e9diateur d\u00e9sign\u00e9 de l\u2019Ua, Faure Gnassingb\u00e9, a \u00e9tudi\u00e9, de mani\u00e8re approfondie, la m\u00e9diation africaine. Il \u00e9tait question donc d\u2019harmoniser les points de vue, ceci sur la base du principe de fusion des processus de Nairobi et de Luanda et d\u2019une approche unifi\u00e9e des initiatives africaines, d\u2019une part, et d\u2019exprimer les attentes du M\u00e9diateur de l\u2019UA, d\u2019autres part.<\/p>\n\n\n\n<p class=\"wp-block-paragraph\">Tout en insistant sur la n\u00e9cessit\u00e9 d\u2019articuler de mani\u00e8re coh\u00e9rente les actions des Facilitateurs et celle du M\u00e9diateur dans un cadre int\u00e9gr\u00e9, les panelistes ont mis en avant l\u2019importance d\u2019une collaboration renforc\u00e9e avec les organisations r\u00e9gionales, notamment la Communaut\u00e9 de l\u2019Afrique de l\u2019Est (CAE) et la Communaut\u00e9 de D\u00e9veloppement de l\u2019Afrique Australe (SADC), sans oublier les partenaires internationaux (le Qatar, les \u00c9tats-Unis d\u2019Am\u00e9rique, etc.).<\/p>\n\n\n<div class=\"wp-block-image\">\n<figure class=\"aligncenter size-full is-resized\"><img loading=\"lazy\" decoding=\"async\" width=\"500\" height=\"304\" src=\"https:\/\/macite.tg\/wp-content\/uploads\/2025\/05\/OTR_SAM-1.jpg\" alt=\"\" class=\"wp-image-22096\" style=\"width:660px;height:auto\" srcset=\"https:\/\/macite.tg\/wp-content\/uploads\/2025\/05\/OTR_SAM-1.jpg 500w, https:\/\/macite.tg\/wp-content\/uploads\/2025\/05\/OTR_SAM-1-300x182.jpg 300w\" sizes=\"auto, (max-width: 500px) 100vw, 500px\" \/><\/figure>\n<\/div>\n\n\n<p class=\"wp-block-paragraph\">Ils ont saisi l\u2019occasion pour saluer l\u2019engagement des deux parties en conflit en faveur des moyens diplomatiques de r\u00e8glement pacifique du diff\u00e9rend.<\/p>\n\n\n\n<p class=\"wp-block-paragraph\">Ils ont, pour finir, exprim\u00e9 leur admiration au M\u00e9diateur de l\u2019UA pour son leadership dans la promotion de la paix et la stabilit\u00e9 sur le contient.<\/p>\n\n\n\n<p class=\"wp-block-paragraph\"><strong>JPB<\/strong><\/p>\n\n\n\n<p class=\"wp-block-paragraph\"><a><strong><em>@macite.tg&nbsp;&nbsp;&nbsp;&nbsp;&nbsp;&nbsp;&nbsp;&nbsp;<\/em><\/strong><\/a><\/p>\n\n\n\n<p class=\"wp-block-paragraph\"><strong><em>E-mail&nbsp;: <\/em><\/strong><a href=\"mailto:maciteinfo@gmail.com\"><strong><em>maciteinfo@gmail.com<\/em><\/strong><\/a><strong><em>; <\/em><\/strong><a href=\"mailto:bawela1@gmail.com\"><strong><em>bawela1@gmail.com<\/em><\/strong><\/a><strong><em><\/em><\/strong><\/p>\n\n\n\n<p class=\"wp-block-paragraph\"><strong><em>Pour vos annonces, (publi)reportages, etc., joignez-nous au (00228)91515309\/<strong>79872224 <\/strong>www.macite.tg, L\u2019information, la bonne&nbsp;!<\/em><\/strong><\/p>\n\n\n\n<p class=\"wp-block-paragraph\"><\/p>\n","protected":false},"excerpt":{"rendered":"<p class=\"text-justify mb-2\" >\u00c0 l\u2019invitation du Pr\u00e9sident du Conseil de la R\u00e9publique togolaise et M\u00e9diateur de l\u2019Union Africaine, Faure Essozimna Gnassingb\u00e9, une r\u00e9union du Panel des Facilitateurs s\u2019est tenue le samedi 17 mai dernier \u00e0 Lom\u00e9. L\u2019objectif \u00e9tait de donner un coup d\u2019acc\u00e9l\u00e9rateurs aux n\u00e9gociations en vue d\u2019un [&hellip;]<\/p>\n","protected":false},"author":2,"featured_media":22133,"comment_status":"open","ping_status":"open","sticky":false,"template":"","format":"standard","meta":{"footnotes":""},"categories":[20,8],"tags":[],"class_list":["post-22129","post","type-post","status-publish","format-standard","has-post-thumbnail","hentry","category-actualite","category-diplomatie"],"yoast_head":"<!-- This site is optimized with the Yoast SEO plugin v28.4 - https:\/\/yoast.com\/product\/yoast-seo-wordpress\/ -->\n<title>CRISE ENTRE LE RWANDA ET LA RDC\u00a0: Le M\u00e9diateur Faure Gnassingb\u00e9 a \u00e9chang\u00e9 \u00e0 Lom\u00e9 avec le panel des Facilitateurs de l\u2019UA -<\/title>\n<meta name=\"robots\" content=\"index, follow, max-snippet:-1, max-image-preview:large, max-video-preview:-1\" \/>\n<link rel=\"canonical\" href=\"https:\/\/macite.tg\/?p=22129\" \/>\n<meta property=\"og:locale\" content=\"fr_FR\" \/>\n<meta property=\"og:type\" content=\"article\" \/>\n<meta property=\"og:title\" content=\"CRISE ENTRE LE RWANDA ET LA RDC\u00a0: Le M\u00e9diateur Faure Gnassingb\u00e9 a \u00e9chang\u00e9 \u00e0 Lom\u00e9 avec le panel des Facilitateurs de l\u2019UA -\" \/>\n<meta property=\"og:description\" content=\"\u00c0 l\u2019invitation du Pr\u00e9sident du Conseil de la R\u00e9publique togolaise et M\u00e9diateur de l\u2019Union Africaine, Faure Essozimna Gnassingb\u00e9, une r\u00e9union du Panel des Facilitateurs s\u2019est tenue le samedi 17 mai dernier \u00e0 Lom\u00e9. L\u2019objectif \u00e9tait de donner un coup d\u2019acc\u00e9l\u00e9rateurs aux n\u00e9gociations en vue d\u2019un [&hellip;]\" \/>\n<meta property=\"og:url\" content=\"https:\/\/macite.tg\/?p=22129\" \/>\n<meta property=\"article:published_time\" content=\"2025-05-19T13:07:22+00:00\" \/>\n<meta property=\"article:modified_time\" content=\"2025-05-19T13:07:27+00:00\" \/>\n<meta property=\"og:image\" content=\"https:\/\/macite.tg\/wp-content\/uploads\/2025\/05\/Conclave-facilitauers-de-lUA.jpg\" \/>\n\t<meta property=\"og:image:width\" content=\"500\" \/>\n\t<meta property=\"og:image:height\" content=\"297\" \/>\n\t<meta property=\"og:image:type\" content=\"image\/jpeg\" \/>\n<meta name=\"author\" content=\"Jean Pierre BAWELA\" \/>\n<meta name=\"twitter:card\" content=\"summary_large_image\" \/>\n<meta name=\"twitter:label1\" content=\"\u00c9crit par\" \/>\n\t<meta name=\"twitter:data1\" content=\"Jean Pierre BAWELA\" \/>\n\t<meta name=\"twitter:label2\" content=\"Dur\u00e9e de lecture estim\u00e9e\" \/>\n\t<meta name=\"twitter:data2\" content=\"3 minutes\" \/>\n<script type=\"application\/ld+json\" class=\"yoast-schema-graph\">{\"@context\":\"https:\\\/\\\/schema.org\",\"@graph\":[{\"@type\":\"Article\",\"@id\":\"https:\\\/\\\/macite.tg\\\/?p=22129#article\",\"isPartOf\":{\"@id\":\"https:\\\/\\\/macite.tg\\\/?p=22129\"},\"author\":{\"name\":\"Jean Pierre BAWELA\",\"@id\":\"https:\\\/\\\/macite.tg\\\/#\\\/schema\\\/person\\\/e9f2de7e5dbbe7770a9402c7ce82f5c2\"},\"headline\":\"CRISE ENTRE LE RWANDA ET LA RDC\u00a0: Le M\u00e9diateur Faure Gnassingb\u00e9 a \u00e9chang\u00e9 \u00e0 Lom\u00e9 avec le panel des Facilitateurs de l\u2019UA\",\"datePublished\":\"2025-05-19T13:07:22+00:00\",\"dateModified\":\"2025-05-19T13:07:27+00:00\",\"mainEntityOfPage\":{\"@id\":\"https:\\\/\\\/macite.tg\\\/?p=22129\"},\"wordCount\":461,\"commentCount\":0,\"image\":{\"@id\":\"https:\\\/\\\/macite.tg\\\/?p=22129#primaryimage\"},\"thumbnailUrl\":\"https:\\\/\\\/macite.tg\\\/wp-content\\\/uploads\\\/2025\\\/05\\\/Conclave-facilitauers-de-lUA.jpg\",\"articleSection\":[\"ACTUALITE\",\"DIPLOMATIE\"],\"inLanguage\":\"fr-FR\",\"potentialAction\":[{\"@type\":\"CommentAction\",\"name\":\"Comment\",\"target\":[\"https:\\\/\\\/macite.tg\\\/?p=22129#respond\"]}]},{\"@type\":\"WebPage\",\"@id\":\"https:\\\/\\\/macite.tg\\\/?p=22129\",\"url\":\"https:\\\/\\\/macite.tg\\\/?p=22129\",\"name\":\"CRISE ENTRE LE RWANDA ET LA RDC\u00a0: Le M\u00e9diateur Faure Gnassingb\u00e9 a \u00e9chang\u00e9 \u00e0 Lom\u00e9 avec le panel des Facilitateurs de l\u2019UA -\",\"isPartOf\":{\"@id\":\"https:\\\/\\\/macite.tg\\\/#website\"},\"primaryImageOfPage\":{\"@id\":\"https:\\\/\\\/macite.tg\\\/?p=22129#primaryimage\"},\"image\":{\"@id\":\"https:\\\/\\\/macite.tg\\\/?p=22129#primaryimage\"},\"thumbnailUrl\":\"https:\\\/\\\/macite.tg\\\/wp-content\\\/uploads\\\/2025\\\/05\\\/Conclave-facilitauers-de-lUA.jpg\",\"datePublished\":\"2025-05-19T13:07:22+00:00\",\"dateModified\":\"2025-05-19T13:07:27+00:00\",\"author\":{\"@id\":\"https:\\\/\\\/macite.tg\\\/#\\\/schema\\\/person\\\/e9f2de7e5dbbe7770a9402c7ce82f5c2\"},\"breadcrumb\":{\"@id\":\"https:\\\/\\\/macite.tg\\\/?p=22129#breadcrumb\"},\"inLanguage\":\"fr-FR\",\"potentialAction\":[{\"@type\":\"ReadAction\",\"target\":[\"https:\\\/\\\/macite.tg\\\/?p=22129\"]}]},{\"@type\":\"ImageObject\",\"inLanguage\":\"fr-FR\",\"@id\":\"https:\\\/\\\/macite.tg\\\/?p=22129#primaryimage\",\"url\":\"https:\\\/\\\/macite.tg\\\/wp-content\\\/uploads\\\/2025\\\/05\\\/Conclave-facilitauers-de-lUA.jpg\",\"contentUrl\":\"https:\\\/\\\/macite.tg\\\/wp-content\\\/uploads\\\/2025\\\/05\\\/Conclave-facilitauers-de-lUA.jpg\",\"width\":500,\"height\":297},{\"@type\":\"BreadcrumbList\",\"@id\":\"https:\\\/\\\/macite.tg\\\/?p=22129#breadcrumb\",\"itemListElement\":[{\"@type\":\"ListItem\",\"position\":1,\"name\":\"Accueil\",\"item\":\"https:\\\/\\\/macite.tg\\\/\"},{\"@type\":\"ListItem\",\"position\":2,\"name\":\"CRISE ENTRE LE RWANDA ET LA RDC\u00a0: Le M\u00e9diateur Faure Gnassingb\u00e9 a \u00e9chang\u00e9 \u00e0 Lom\u00e9 avec le panel des Facilitateurs de l\u2019UA\"}]},{\"@type\":\"WebSite\",\"@id\":\"https:\\\/\\\/macite.tg\\\/#website\",\"url\":\"https:\\\/\\\/macite.tg\\\/\",\"name\":\"\",\"description\":\"L&#039;information, la bonne!!!\",\"potentialAction\":[{\"@type\":\"SearchAction\",\"target\":{\"@type\":\"EntryPoint\",\"urlTemplate\":\"https:\\\/\\\/macite.tg\\\/?s={search_term_string}\"},\"query-input\":{\"@type\":\"PropertyValueSpecification\",\"valueRequired\":true,\"valueName\":\"search_term_string\"}}],\"inLanguage\":\"fr-FR\"},{\"@type\":\"Person\",\"@id\":\"https:\\\/\\\/macite.tg\\\/#\\\/schema\\\/person\\\/e9f2de7e5dbbe7770a9402c7ce82f5c2\",\"name\":\"Jean Pierre BAWELA\",\"image\":{\"@type\":\"ImageObject\",\"inLanguage\":\"fr-FR\",\"@id\":\"https:\\\/\\\/macite.tg\\\/wp-content\\\/uploads\\\/2023\\\/09\\\/WhatsApp-Image-2023-09-19-at-14.44.41-122x122.jpeg\",\"url\":\"https:\\\/\\\/macite.tg\\\/wp-content\\\/uploads\\\/2023\\\/09\\\/WhatsApp-Image-2023-09-19-at-14.44.41-122x122.jpeg\",\"contentUrl\":\"https:\\\/\\\/macite.tg\\\/wp-content\\\/uploads\\\/2023\\\/09\\\/WhatsApp-Image-2023-09-19-at-14.44.41-122x122.jpeg\",\"caption\":\"Jean Pierre BAWELA\"},\"url\":\"https:\\\/\\\/macite.tg\\\/?author=2\"}]}<\/script>\n<!-- \/ Yoast SEO plugin. -->","yoast_head_json":{"title":"CRISE ENTRE LE RWANDA ET LA RDC\u00a0: Le M\u00e9diateur Faure Gnassingb\u00e9 a \u00e9chang\u00e9 \u00e0 Lom\u00e9 avec le panel des Facilitateurs de l\u2019UA -","robots":{"index":"index","follow":"follow","max-snippet":"max-snippet:-1","max-image-preview":"max-image-preview:large","max-video-preview":"max-video-preview:-1"},"canonical":"https:\/\/macite.tg\/?p=22129","og_locale":"fr_FR","og_type":"article","og_title":"CRISE ENTRE LE RWANDA ET LA RDC\u00a0: Le M\u00e9diateur Faure Gnassingb\u00e9 a \u00e9chang\u00e9 \u00e0 Lom\u00e9 avec le panel des Facilitateurs de l\u2019UA -","og_description":"\u00c0 l\u2019invitation du Pr\u00e9sident du Conseil de la R\u00e9publique togolaise et M\u00e9diateur de l\u2019Union Africaine, Faure Essozimna Gnassingb\u00e9, une r\u00e9union du Panel des Facilitateurs s\u2019est tenue le samedi 17 mai dernier \u00e0 Lom\u00e9. L\u2019objectif \u00e9tait de donner un coup d\u2019acc\u00e9l\u00e9rateurs aux n\u00e9gociations en vue d\u2019un [&hellip;]","og_url":"https:\/\/macite.tg\/?p=22129","article_published_time":"2025-05-19T13:07:22+00:00","article_modified_time":"2025-05-19T13:07:27+00:00","og_image":[{"width":500,"height":297,"url":"https:\/\/macite.tg\/wp-content\/uploads\/2025\/05\/Conclave-facilitauers-de-lUA.jpg","type":"image\/jpeg"}],"author":"Jean Pierre BAWELA","twitter_card":"summary_large_image","twitter_misc":{"\u00c9crit par":"Jean Pierre BAWELA","Dur\u00e9e de lecture estim\u00e9e":"3 minutes"},"schema":{"@context":"https:\/\/schema.org","@graph":[{"@type":"Article","@id":"https:\/\/macite.tg\/?p=22129#article","isPartOf":{"@id":"https:\/\/macite.tg\/?p=22129"},"author":{"name":"Jean Pierre BAWELA","@id":"https:\/\/macite.tg\/#\/schema\/person\/e9f2de7e5dbbe7770a9402c7ce82f5c2"},"headline":"CRISE ENTRE LE RWANDA ET LA RDC\u00a0: Le M\u00e9diateur Faure Gnassingb\u00e9 a \u00e9chang\u00e9 \u00e0 Lom\u00e9 avec le panel des Facilitateurs de l\u2019UA","datePublished":"2025-05-19T13:07:22+00:00","dateModified":"2025-05-19T13:07:27+00:00","mainEntityOfPage":{"@id":"https:\/\/macite.tg\/?p=22129"},"wordCount":461,"commentCount":0,"image":{"@id":"https:\/\/macite.tg\/?p=22129#primaryimage"},"thumbnailUrl":"https:\/\/macite.tg\/wp-content\/uploads\/2025\/05\/Conclave-facilitauers-de-lUA.jpg","articleSection":["ACTUALITE","DIPLOMATIE"],"inLanguage":"fr-FR","potentialAction":[{"@type":"CommentAction","name":"Comment","target":["https:\/\/macite.tg\/?p=22129#respond"]}]},{"@type":"WebPage","@id":"https:\/\/macite.tg\/?p=22129","url":"https:\/\/macite.tg\/?p=22129","name":"CRISE ENTRE LE RWANDA ET LA RDC\u00a0: Le M\u00e9diateur Faure Gnassingb\u00e9 a \u00e9chang\u00e9 \u00e0 Lom\u00e9 avec le panel des Facilitateurs de l\u2019UA -","isPartOf":{"@id":"https:\/\/macite.tg\/#website"},"primaryImageOfPage":{"@id":"https:\/\/macite.tg\/?p=22129#primaryimage"},"image":{"@id":"https:\/\/macite.tg\/?p=22129#primaryimage"},"thumbnailUrl":"https:\/\/macite.tg\/wp-content\/uploads\/2025\/05\/Conclave-facilitauers-de-lUA.jpg","datePublished":"2025-05-19T13:07:22+00:00","dateModified":"2025-05-19T13:07:27+00:00","author":{"@id":"https:\/\/macite.tg\/#\/schema\/person\/e9f2de7e5dbbe7770a9402c7ce82f5c2"},"breadcrumb":{"@id":"https:\/\/macite.tg\/?p=22129#breadcrumb"},"inLanguage":"fr-FR","potentialAction":[{"@type":"ReadAction","target":["https:\/\/macite.tg\/?p=22129"]}]},{"@type":"ImageObject","inLanguage":"fr-FR","@id":"https:\/\/macite.tg\/?p=22129#primaryimage","url":"https:\/\/macite.tg\/wp-content\/uploads\/2025\/05\/Conclave-facilitauers-de-lUA.jpg","contentUrl":"https:\/\/macite.tg\/wp-content\/uploads\/2025\/05\/Conclave-facilitauers-de-lUA.jpg","width":500,"height":297},{"@type":"BreadcrumbList","@id":"https:\/\/macite.tg\/?p=22129#breadcrumb","itemListElement":[{"@type":"ListItem","position":1,"name":"Accueil","item":"https:\/\/macite.tg\/"},{"@type":"ListItem","position":2,"name":"CRISE ENTRE LE RWANDA ET LA RDC\u00a0: Le M\u00e9diateur Faure Gnassingb\u00e9 a \u00e9chang\u00e9 \u00e0 Lom\u00e9 avec le panel des Facilitateurs de l\u2019UA"}]},{"@type":"WebSite","@id":"https:\/\/macite.tg\/#website","url":"https:\/\/macite.tg\/","name":"","description":"L&#039;information, la bonne!!!","potentialAction":[{"@type":"SearchAction","target":{"@type":"EntryPoint","urlTemplate":"https:\/\/macite.tg\/?s={search_term_string}"},"query-input":{"@type":"PropertyValueSpecification","valueRequired":true,"valueName":"search_term_string"}}],"inLanguage":"fr-FR"},{"@type":"Person","@id":"https:\/\/macite.tg\/#\/schema\/person\/e9f2de7e5dbbe7770a9402c7ce82f5c2","name":"Jean Pierre BAWELA","image":{"@type":"ImageObject","inLanguage":"fr-FR","@id":"https:\/\/macite.tg\/wp-content\/uploads\/2023\/09\/WhatsApp-Image-2023-09-19-at-14.44.41-122x122.jpeg","url":"https:\/\/macite.tg\/wp-content\/uploads\/2023\/09\/WhatsApp-Image-2023-09-19-at-14.44.41-122x122.jpeg","contentUrl":"https:\/\/macite.tg\/wp-content\/uploads\/2023\/09\/WhatsApp-Image-2023-09-19-at-14.44.41-122x122.jpeg","caption":"Jean Pierre BAWELA"},"url":"https:\/\/macite.tg\/?author=2"}]}},"_links":{"self":[{"href":"https:\/\/macite.tg\/index.php?rest_route=\/wp\/v2\/posts\/22129","targetHints":{"allow":["GET"]}}],"collection":[{"href":"https:\/\/macite.tg\/index.php?rest_route=\/wp\/v2\/posts"}],"about":[{"href":"https:\/\/macite.tg\/index.php?rest_route=\/wp\/v2\/types\/post"}],"author":[{"embeddable":true,"href":"https:\/\/macite.tg\/index.php?rest_route=\/wp\/v2\/users\/2"}],"replies":[{"embeddable":true,"href":"https:\/\/macite.tg\/index.php?rest_route=%2Fwp%2Fv2%2Fcomments&post=22129"}],"version-history":[{"count":0,"href":"https:\/\/macite.tg\/index.php?rest_route=\/wp\/v2\/posts\/22129\/revisions"}],"wp:featuredmedia":[{"embeddable":true,"href":"https:\/\/macite.tg\/index.php?rest_route=\/wp\/v2\/media\/22133"}],"wp:attachment":[{"href":"https:\/\/macite.tg\/index.php?rest_route=%2Fwp%2Fv2%2Fmedia&parent=22129"}],"wp:term":[{"taxonomy":"category","embeddable":true,"href":"https:\/\/macite.tg\/index.php?rest_route=%2Fwp%2Fv2%2Fcategories&post=22129"},{"taxonomy":"post_tag","embeddable":true,"href":"https:\/\/macite.tg\/index.php?rest_route=%2Fwp%2Fv2%2Ftags&post=22129"}],"curies":[{"name":"wp","href":"https:\/\/api.w.org\/{rel}","templated":true}]}}