{"id":22117,"date":"2025-05-19T10:04:56","date_gmt":"2025-05-19T10:04:56","guid":{"rendered":"https:\/\/macite.tg\/?p=22117"},"modified":"2025-05-19T10:05:03","modified_gmt":"2025-05-19T10:05:03","slug":"togo-fonction-publique-une-masse-salariale-en-hausse-reflet-dune-valorisation-du-capital-humain","status":"publish","type":"post","link":"https:\/\/macite.tg\/?p=22117","title":{"rendered":"TOGO \/ FONCTION PUBLIQUE : Une masse salariale en hausse, reflet d&rsquo;une valorisation du capital humain"},"content":{"rendered":"\n<p class=\"wp-block-paragraph\"><strong><em>La fonction publique togolaise a co\u00fbt\u00e9 un peu plus cher \u00e0 l&rsquo;\u00c9tat en 2024. Avec une masse salariale estim\u00e9e \u00e0 314 milliards de francs CFA, en l\u00e9g\u00e8re hausse de 4,13 % par rapport \u00e0 2023, le gouvernement confirme son engagement \u00e0 valoriser le capital humain et \u00e0 am\u00e9liorer les conditions de vie de ses agents.<\/em><\/strong><\/p>\n\n\n\n<p class=\"wp-block-paragraph\">Selon les donn\u00e9es officielles du minist\u00e8re de l&rsquo;\u00c9conomie et des Finances, cette enveloppe repr\u00e9sente 98 % des pr\u00e9visions initiales (321 milliards de francs CFA). Elle couvre l&rsquo;ensemble des d\u00e9penses li\u00e9es au personnel : salaires, primes, indemnit\u00e9s, cotisations sociales et autres prestations. Autant d&rsquo;\u00e9l\u00e9ments qui participent \u00e0 l&rsquo;am\u00e9lioration du quotidien des agents publics.<\/p>\n\n\n\n<p class=\"wp-block-paragraph\"><strong>Une fonction publique qui grandit<\/strong><\/p>\n\n\n<div class=\"wp-block-image\">\n<figure class=\"aligncenter size-full\"><img loading=\"lazy\" decoding=\"async\" width=\"851\" height=\"315\" src=\"https:\/\/macite.tg\/wp-content\/uploads\/2025\/05\/OTR_Ferer-pour-batir-1-1.jpg\" alt=\"\" class=\"wp-image-22093\" srcset=\"https:\/\/macite.tg\/wp-content\/uploads\/2025\/05\/OTR_Ferer-pour-batir-1-1.jpg 851w, https:\/\/macite.tg\/wp-content\/uploads\/2025\/05\/OTR_Ferer-pour-batir-1-1-300x111.jpg 300w, https:\/\/macite.tg\/wp-content\/uploads\/2025\/05\/OTR_Ferer-pour-batir-1-1-768x284.jpg 768w\" sizes=\"auto, (max-width: 851px) 100vw, 851px\" \/><\/figure>\n<\/div>\n\n\n<p class=\"wp-block-paragraph\">Derri\u00e8re cette hausse de 12 milliards de francs, ce sont surtout les effectifs de l&rsquo;administration qui \u00e9voluent. En l&rsquo;espace d&rsquo;un an, le nombre d&rsquo;agents est pass\u00e9 de 65.000 \u00e0 70.984. Cette augmentation s&rsquo;explique par les recrutements r\u00e9alis\u00e9s dans les secteurs jug\u00e9s prioritaires, notamment la sant\u00e9 et l&rsquo;\u00e9ducation, o\u00f9 les besoins restent \u00e9lev\u00e9s.<\/p>\n\n\n\n<p class=\"wp-block-paragraph\">Le Togo poursuit ainsi sa strat\u00e9gie de renforcement de l&rsquo;offre de services sociaux de base. Dans les centres de sant\u00e9 comme dans les salles de classe, de nouveaux visages ont fait leur apparition, traduisant la volont\u00e9 des autorit\u00e9s d&rsquo;\u00eatre au plus pr\u00e8s des besoins des populations.<\/p>\n\n\n\n<p class=\"wp-block-paragraph\"><strong>L&rsquo;exemple parlant du secteur de la sant\u00e9<\/strong><\/p>\n\n\n\n<p class=\"wp-block-paragraph\">Le secteur de la sant\u00e9 incarne l&rsquo;ambition sociale du gouvernement. Entre 2019 et 2023, 4.143 agents ont \u00e9t\u00e9 recrut\u00e9s sur un objectif de 4 848, soit un taux de r\u00e9alisation de 86 %. Une avanc\u00e9e quand on la compare aux 5.000 agents recrut\u00e9s en 10 ans, entre 2008 et 2018.<\/p>\n\n\n\n<p class=\"wp-block-paragraph\">La transformation s&rsquo;est acc\u00e9l\u00e9r\u00e9e entre 2021 et 2024, p\u00e9riode durant laquelle 13.000 professionnels de sant\u00e9 ont \u00e9t\u00e9 engag\u00e9s. Plus de la moiti\u00e9 (54,74 %) sont devenus fonctionnaires. Cette \u00e9volution structurelle permet de renforcer l&rsquo;acc\u00e8s aux soins, surtout dans les zones o\u00f9 les besoins \u00e9taient jusque-l\u00e0 insuffisamment couverts.<\/p>\n\n\n\n<p class=\"wp-block-paragraph\"><strong>Une dynamique qui se poursuit en 2025<\/strong><\/p>\n\n\n\n<p class=\"wp-block-paragraph\">L&rsquo;ann\u00e9e 2025 s&rsquo;annonce dans la continuit\u00e9, avec une enveloppe salariale projet\u00e9e \u00e0 355 milliards de francs CFA, soit une hausse d&rsquo;environ 10 %. Ce montant repr\u00e9sentera pr\u00e8s de 14 % du budget g\u00e9n\u00e9ral de l&rsquo;\u00c9tat, fix\u00e9 \u00e0 2 397 milliards de francs.<\/p>\n\n\n\n<p class=\"wp-block-paragraph\">D&rsquo;ores et d\u00e9j\u00e0, 3.000 nouveaux agents ont rejoint la fonction publique le 31 mars 2024. Une fois les 1.309 d\u00e9parts \u00e0 la retraite pris en compte, l&rsquo;effectif total de la fonction publique devrait normalement \u00eatre r\u00e9duit d&rsquo;ici fin d\u00e9cembre. Mais, selon les pr\u00e9visions du minist\u00e8re en charge du service public, 14.120 recrutements sont programm\u00e9s cette ann\u00e9e, toutes cat\u00e9gories confondues.<\/p>\n\n\n<div class=\"wp-block-image\">\n<figure class=\"aligncenter size-full is-resized\"><img loading=\"lazy\" decoding=\"async\" width=\"500\" height=\"304\" src=\"https:\/\/macite.tg\/wp-content\/uploads\/2025\/05\/OTR_SAM-1.jpg\" alt=\"\" class=\"wp-image-22096\" style=\"width:738px;height:auto\" srcset=\"https:\/\/macite.tg\/wp-content\/uploads\/2025\/05\/OTR_SAM-1.jpg 500w, https:\/\/macite.tg\/wp-content\/uploads\/2025\/05\/OTR_SAM-1-300x182.jpg 300w\" sizes=\"auto, (max-width: 500px) 100vw, 500px\" \/><\/figure>\n<\/div>\n\n\n<p class=\"wp-block-paragraph\"><strong>Valoriser l&rsquo;agent, un levier de performance publique<\/strong><\/p>\n\n\n\n<p class=\"wp-block-paragraph\">Am\u00e9liorer les salaires, renforcer les effectifs, mieux r\u00e9partir les ressources humaines sur le territoire : autant d&rsquo;actions qui participent \u00e0 valoriser les femmes et les hommes au service de l&rsquo;\u00c9tat. Par ailleurs, en recrutant davantage et en assurant une meilleure r\u00e9mun\u00e9ration, l&rsquo;\u00c9tat cherche \u00e0 cr\u00e9er un environnement de travail plus stable, capable d&rsquo;attirer et de fid\u00e9liser les talents.<\/p>\n\n\n\n<p class=\"wp-block-paragraph\">Ce choix de valoriser le capital humain participe \u00e9galement \u00e0 l&rsquo;am\u00e9lioration des conditions de vie des agents. Il t\u00e9moigne d&rsquo;un effort de reconnaissance envers celles et ceux qui portent au quotidien les missions de service public.<\/p>\n\n\n\n<p class=\"wp-block-paragraph\"><strong>Samir<\/strong><\/p>\n\n\n\n<p class=\"wp-block-paragraph\"><a><strong><em>@macite.tg&nbsp;&nbsp;&nbsp;&nbsp;&nbsp;&nbsp;&nbsp;&nbsp;<\/em><\/strong><\/a><\/p>\n\n\n\n<p class=\"wp-block-paragraph\"><strong><em>E-mail&nbsp;: <\/em><\/strong><a href=\"mailto:maciteinfo@gmail.com\"><strong><em>maciteinfo@gmail.com<\/em><\/strong><\/a><strong><em>; <\/em><\/strong><a href=\"mailto:bawela1@gmail.com\"><strong><em>bawela1@gmail.com<\/em><\/strong><\/a><strong><em><\/em><\/strong><\/p>\n\n\n\n<p class=\"wp-block-paragraph\"><strong><em>Pour vos annonces, (publi)reportages, etc., joignez-nous au (00228)91515309\/<strong>79872224 <\/strong>www.macite.tg, L\u2019information, la bonne&nbsp;!<\/em><\/strong><\/p>\n\n\n\n<p class=\"wp-block-paragraph\"><\/p>\n","protected":false},"excerpt":{"rendered":"<p class=\"text-justify mb-2\" >La fonction publique togolaise a co\u00fbt\u00e9 un peu plus cher \u00e0 l&rsquo;\u00c9tat en 2024. Avec une masse salariale estim\u00e9e \u00e0 314 milliards de francs CFA, en l\u00e9g\u00e8re hausse de 4,13 % par rapport \u00e0 2023, le gouvernement confirme son engagement \u00e0 valoriser le capital humain [&hellip;]<\/p>\n","protected":false},"author":2,"featured_media":22120,"comment_status":"open","ping_status":"open","sticky":false,"template":"","format":"standard","meta":{"footnotes":""},"categories":[20],"tags":[],"class_list":["post-22117","post","type-post","status-publish","format-standard","has-post-thumbnail","hentry","category-actualite"],"yoast_head":"<!-- This site is optimized with the Yoast SEO plugin v28.4 - https:\/\/yoast.com\/product\/yoast-seo-wordpress\/ -->\n<title>TOGO \/ FONCTION PUBLIQUE : Une masse salariale en hausse, reflet d&#039;une valorisation du capital humain -<\/title>\n<meta name=\"robots\" content=\"index, follow, max-snippet:-1, max-image-preview:large, max-video-preview:-1\" \/>\n<link rel=\"canonical\" href=\"https:\/\/macite.tg\/?p=22117\" \/>\n<meta property=\"og:locale\" content=\"fr_FR\" \/>\n<meta property=\"og:type\" content=\"article\" \/>\n<meta property=\"og:title\" content=\"TOGO \/ FONCTION PUBLIQUE : Une masse salariale en hausse, reflet d&#039;une valorisation du capital humain -\" \/>\n<meta property=\"og:description\" content=\"La fonction publique togolaise a co\u00fbt\u00e9 un peu plus cher \u00e0 l&rsquo;\u00c9tat en 2024. Avec une masse salariale estim\u00e9e \u00e0 314 milliards de francs CFA, en l\u00e9g\u00e8re hausse de 4,13 % par rapport \u00e0 2023, le gouvernement confirme son engagement \u00e0 valoriser le capital humain [&hellip;]\" \/>\n<meta property=\"og:url\" content=\"https:\/\/macite.tg\/?p=22117\" \/>\n<meta property=\"article:published_time\" content=\"2025-05-19T10:04:56+00:00\" \/>\n<meta property=\"article:modified_time\" content=\"2025-05-19T10:05:03+00:00\" \/>\n<meta property=\"og:image\" content=\"https:\/\/macite.tg\/wp-content\/uploads\/2025\/05\/image-47.png\" \/>\n\t<meta property=\"og:image:width\" content=\"357\" \/>\n\t<meta property=\"og:image:height\" content=\"270\" \/>\n\t<meta property=\"og:image:type\" content=\"image\/png\" \/>\n<meta name=\"author\" content=\"Jean Pierre BAWELA\" \/>\n<meta name=\"twitter:card\" content=\"summary_large_image\" \/>\n<meta name=\"twitter:label1\" content=\"\u00c9crit par\" \/>\n\t<meta name=\"twitter:data1\" content=\"Jean Pierre BAWELA\" \/>\n\t<meta name=\"twitter:label2\" content=\"Dur\u00e9e de lecture estim\u00e9e\" \/>\n\t<meta name=\"twitter:data2\" content=\"4 minutes\" \/>\n<script type=\"application\/ld+json\" class=\"yoast-schema-graph\">{\"@context\":\"https:\\\/\\\/schema.org\",\"@graph\":[{\"@type\":\"Article\",\"@id\":\"https:\\\/\\\/macite.tg\\\/?p=22117#article\",\"isPartOf\":{\"@id\":\"https:\\\/\\\/macite.tg\\\/?p=22117\"},\"author\":{\"name\":\"Jean Pierre BAWELA\",\"@id\":\"https:\\\/\\\/macite.tg\\\/#\\\/schema\\\/person\\\/e9f2de7e5dbbe7770a9402c7ce82f5c2\"},\"headline\":\"TOGO \\\/ FONCTION PUBLIQUE : Une masse salariale en hausse, reflet d&rsquo;une valorisation du capital humain\",\"datePublished\":\"2025-05-19T10:04:56+00:00\",\"dateModified\":\"2025-05-19T10:05:03+00:00\",\"mainEntityOfPage\":{\"@id\":\"https:\\\/\\\/macite.tg\\\/?p=22117\"},\"wordCount\":603,\"commentCount\":0,\"image\":{\"@id\":\"https:\\\/\\\/macite.tg\\\/?p=22117#primaryimage\"},\"thumbnailUrl\":\"https:\\\/\\\/macite.tg\\\/wp-content\\\/uploads\\\/2025\\\/05\\\/image-47.png\",\"articleSection\":[\"ACTUALITE\"],\"inLanguage\":\"fr-FR\",\"potentialAction\":[{\"@type\":\"CommentAction\",\"name\":\"Comment\",\"target\":[\"https:\\\/\\\/macite.tg\\\/?p=22117#respond\"]}]},{\"@type\":\"WebPage\",\"@id\":\"https:\\\/\\\/macite.tg\\\/?p=22117\",\"url\":\"https:\\\/\\\/macite.tg\\\/?p=22117\",\"name\":\"TOGO \\\/ FONCTION PUBLIQUE : Une masse salariale en hausse, reflet d'une valorisation du capital humain -\",\"isPartOf\":{\"@id\":\"https:\\\/\\\/macite.tg\\\/#website\"},\"primaryImageOfPage\":{\"@id\":\"https:\\\/\\\/macite.tg\\\/?p=22117#primaryimage\"},\"image\":{\"@id\":\"https:\\\/\\\/macite.tg\\\/?p=22117#primaryimage\"},\"thumbnailUrl\":\"https:\\\/\\\/macite.tg\\\/wp-content\\\/uploads\\\/2025\\\/05\\\/image-47.png\",\"datePublished\":\"2025-05-19T10:04:56+00:00\",\"dateModified\":\"2025-05-19T10:05:03+00:00\",\"author\":{\"@id\":\"https:\\\/\\\/macite.tg\\\/#\\\/schema\\\/person\\\/e9f2de7e5dbbe7770a9402c7ce82f5c2\"},\"breadcrumb\":{\"@id\":\"https:\\\/\\\/macite.tg\\\/?p=22117#breadcrumb\"},\"inLanguage\":\"fr-FR\",\"potentialAction\":[{\"@type\":\"ReadAction\",\"target\":[\"https:\\\/\\\/macite.tg\\\/?p=22117\"]}]},{\"@type\":\"ImageObject\",\"inLanguage\":\"fr-FR\",\"@id\":\"https:\\\/\\\/macite.tg\\\/?p=22117#primaryimage\",\"url\":\"https:\\\/\\\/macite.tg\\\/wp-content\\\/uploads\\\/2025\\\/05\\\/image-47.png\",\"contentUrl\":\"https:\\\/\\\/macite.tg\\\/wp-content\\\/uploads\\\/2025\\\/05\\\/image-47.png\",\"width\":357,\"height\":270},{\"@type\":\"BreadcrumbList\",\"@id\":\"https:\\\/\\\/macite.tg\\\/?p=22117#breadcrumb\",\"itemListElement\":[{\"@type\":\"ListItem\",\"position\":1,\"name\":\"Accueil\",\"item\":\"https:\\\/\\\/macite.tg\\\/\"},{\"@type\":\"ListItem\",\"position\":2,\"name\":\"TOGO \\\/ FONCTION PUBLIQUE : Une masse salariale en hausse, reflet d&rsquo;une valorisation du capital humain\"}]},{\"@type\":\"WebSite\",\"@id\":\"https:\\\/\\\/macite.tg\\\/#website\",\"url\":\"https:\\\/\\\/macite.tg\\\/\",\"name\":\"\",\"description\":\"L&#039;information, la bonne!!!\",\"potentialAction\":[{\"@type\":\"SearchAction\",\"target\":{\"@type\":\"EntryPoint\",\"urlTemplate\":\"https:\\\/\\\/macite.tg\\\/?s={search_term_string}\"},\"query-input\":{\"@type\":\"PropertyValueSpecification\",\"valueRequired\":true,\"valueName\":\"search_term_string\"}}],\"inLanguage\":\"fr-FR\"},{\"@type\":\"Person\",\"@id\":\"https:\\\/\\\/macite.tg\\\/#\\\/schema\\\/person\\\/e9f2de7e5dbbe7770a9402c7ce82f5c2\",\"name\":\"Jean Pierre BAWELA\",\"image\":{\"@type\":\"ImageObject\",\"inLanguage\":\"fr-FR\",\"@id\":\"https:\\\/\\\/macite.tg\\\/wp-content\\\/uploads\\\/2023\\\/09\\\/WhatsApp-Image-2023-09-19-at-14.44.41-122x122.jpeg\",\"url\":\"https:\\\/\\\/macite.tg\\\/wp-content\\\/uploads\\\/2023\\\/09\\\/WhatsApp-Image-2023-09-19-at-14.44.41-122x122.jpeg\",\"contentUrl\":\"https:\\\/\\\/macite.tg\\\/wp-content\\\/uploads\\\/2023\\\/09\\\/WhatsApp-Image-2023-09-19-at-14.44.41-122x122.jpeg\",\"caption\":\"Jean Pierre BAWELA\"},\"url\":\"https:\\\/\\\/macite.tg\\\/?author=2\"}]}<\/script>\n<!-- \/ Yoast SEO plugin. -->","yoast_head_json":{"title":"TOGO \/ FONCTION PUBLIQUE : Une masse salariale en hausse, reflet d'une valorisation du capital humain -","robots":{"index":"index","follow":"follow","max-snippet":"max-snippet:-1","max-image-preview":"max-image-preview:large","max-video-preview":"max-video-preview:-1"},"canonical":"https:\/\/macite.tg\/?p=22117","og_locale":"fr_FR","og_type":"article","og_title":"TOGO \/ FONCTION PUBLIQUE : Une masse salariale en hausse, reflet d'une valorisation du capital humain -","og_description":"La fonction publique togolaise a co\u00fbt\u00e9 un peu plus cher \u00e0 l&rsquo;\u00c9tat en 2024. Avec une masse salariale estim\u00e9e \u00e0 314 milliards de francs CFA, en l\u00e9g\u00e8re hausse de 4,13 % par rapport \u00e0 2023, le gouvernement confirme son engagement \u00e0 valoriser le capital humain [&hellip;]","og_url":"https:\/\/macite.tg\/?p=22117","article_published_time":"2025-05-19T10:04:56+00:00","article_modified_time":"2025-05-19T10:05:03+00:00","og_image":[{"width":357,"height":270,"url":"https:\/\/macite.tg\/wp-content\/uploads\/2025\/05\/image-47.png","type":"image\/png"}],"author":"Jean Pierre BAWELA","twitter_card":"summary_large_image","twitter_misc":{"\u00c9crit par":"Jean Pierre BAWELA","Dur\u00e9e de lecture estim\u00e9e":"4 minutes"},"schema":{"@context":"https:\/\/schema.org","@graph":[{"@type":"Article","@id":"https:\/\/macite.tg\/?p=22117#article","isPartOf":{"@id":"https:\/\/macite.tg\/?p=22117"},"author":{"name":"Jean Pierre BAWELA","@id":"https:\/\/macite.tg\/#\/schema\/person\/e9f2de7e5dbbe7770a9402c7ce82f5c2"},"headline":"TOGO \/ FONCTION PUBLIQUE : Une masse salariale en hausse, reflet d&rsquo;une valorisation du capital humain","datePublished":"2025-05-19T10:04:56+00:00","dateModified":"2025-05-19T10:05:03+00:00","mainEntityOfPage":{"@id":"https:\/\/macite.tg\/?p=22117"},"wordCount":603,"commentCount":0,"image":{"@id":"https:\/\/macite.tg\/?p=22117#primaryimage"},"thumbnailUrl":"https:\/\/macite.tg\/wp-content\/uploads\/2025\/05\/image-47.png","articleSection":["ACTUALITE"],"inLanguage":"fr-FR","potentialAction":[{"@type":"CommentAction","name":"Comment","target":["https:\/\/macite.tg\/?p=22117#respond"]}]},{"@type":"WebPage","@id":"https:\/\/macite.tg\/?p=22117","url":"https:\/\/macite.tg\/?p=22117","name":"TOGO \/ FONCTION PUBLIQUE : Une masse salariale en hausse, reflet d'une valorisation du capital humain -","isPartOf":{"@id":"https:\/\/macite.tg\/#website"},"primaryImageOfPage":{"@id":"https:\/\/macite.tg\/?p=22117#primaryimage"},"image":{"@id":"https:\/\/macite.tg\/?p=22117#primaryimage"},"thumbnailUrl":"https:\/\/macite.tg\/wp-content\/uploads\/2025\/05\/image-47.png","datePublished":"2025-05-19T10:04:56+00:00","dateModified":"2025-05-19T10:05:03+00:00","author":{"@id":"https:\/\/macite.tg\/#\/schema\/person\/e9f2de7e5dbbe7770a9402c7ce82f5c2"},"breadcrumb":{"@id":"https:\/\/macite.tg\/?p=22117#breadcrumb"},"inLanguage":"fr-FR","potentialAction":[{"@type":"ReadAction","target":["https:\/\/macite.tg\/?p=22117"]}]},{"@type":"ImageObject","inLanguage":"fr-FR","@id":"https:\/\/macite.tg\/?p=22117#primaryimage","url":"https:\/\/macite.tg\/wp-content\/uploads\/2025\/05\/image-47.png","contentUrl":"https:\/\/macite.tg\/wp-content\/uploads\/2025\/05\/image-47.png","width":357,"height":270},{"@type":"BreadcrumbList","@id":"https:\/\/macite.tg\/?p=22117#breadcrumb","itemListElement":[{"@type":"ListItem","position":1,"name":"Accueil","item":"https:\/\/macite.tg\/"},{"@type":"ListItem","position":2,"name":"TOGO \/ FONCTION PUBLIQUE : Une masse salariale en hausse, reflet d&rsquo;une valorisation du capital humain"}]},{"@type":"WebSite","@id":"https:\/\/macite.tg\/#website","url":"https:\/\/macite.tg\/","name":"","description":"L&#039;information, la bonne!!!","potentialAction":[{"@type":"SearchAction","target":{"@type":"EntryPoint","urlTemplate":"https:\/\/macite.tg\/?s={search_term_string}"},"query-input":{"@type":"PropertyValueSpecification","valueRequired":true,"valueName":"search_term_string"}}],"inLanguage":"fr-FR"},{"@type":"Person","@id":"https:\/\/macite.tg\/#\/schema\/person\/e9f2de7e5dbbe7770a9402c7ce82f5c2","name":"Jean Pierre BAWELA","image":{"@type":"ImageObject","inLanguage":"fr-FR","@id":"https:\/\/macite.tg\/wp-content\/uploads\/2023\/09\/WhatsApp-Image-2023-09-19-at-14.44.41-122x122.jpeg","url":"https:\/\/macite.tg\/wp-content\/uploads\/2023\/09\/WhatsApp-Image-2023-09-19-at-14.44.41-122x122.jpeg","contentUrl":"https:\/\/macite.tg\/wp-content\/uploads\/2023\/09\/WhatsApp-Image-2023-09-19-at-14.44.41-122x122.jpeg","caption":"Jean Pierre BAWELA"},"url":"https:\/\/macite.tg\/?author=2"}]}},"_links":{"self":[{"href":"https:\/\/macite.tg\/index.php?rest_route=\/wp\/v2\/posts\/22117","targetHints":{"allow":["GET"]}}],"collection":[{"href":"https:\/\/macite.tg\/index.php?rest_route=\/wp\/v2\/posts"}],"about":[{"href":"https:\/\/macite.tg\/index.php?rest_route=\/wp\/v2\/types\/post"}],"author":[{"embeddable":true,"href":"https:\/\/macite.tg\/index.php?rest_route=\/wp\/v2\/users\/2"}],"replies":[{"embeddable":true,"href":"https:\/\/macite.tg\/index.php?rest_route=%2Fwp%2Fv2%2Fcomments&post=22117"}],"version-history":[{"count":0,"href":"https:\/\/macite.tg\/index.php?rest_route=\/wp\/v2\/posts\/22117\/revisions"}],"wp:featuredmedia":[{"embeddable":true,"href":"https:\/\/macite.tg\/index.php?rest_route=\/wp\/v2\/media\/22120"}],"wp:attachment":[{"href":"https:\/\/macite.tg\/index.php?rest_route=%2Fwp%2Fv2%2Fmedia&parent=22117"}],"wp:term":[{"taxonomy":"category","embeddable":true,"href":"https:\/\/macite.tg\/index.php?rest_route=%2Fwp%2Fv2%2Fcategories&post=22117"},{"taxonomy":"post_tag","embeddable":true,"href":"https:\/\/macite.tg\/index.php?rest_route=%2Fwp%2Fv2%2Ftags&post=22117"}],"curies":[{"name":"wp","href":"https:\/\/api.w.org\/{rel}","templated":true}]}}