{"id":22111,"date":"2025-05-16T19:03:39","date_gmt":"2025-05-16T19:03:39","guid":{"rendered":"https:\/\/macite.tg\/?p=22111"},"modified":"2025-05-19T16:13:57","modified_gmt":"2025-05-19T16:13:57","slug":"la-cci-togo-en-journee-portes-ouvertes-la-chambre-consulaire-un-acteur-actif-et-engage-aux-services-des-entrepreneurs-dr-jose-kwassi-symenouh","status":"publish","type":"post","link":"https:\/\/macite.tg\/?p=22111","title":{"rendered":"LA CCI-TOGO EN JOURNEE PORTES OUVERTES\u00a0: \u00ab\u00a0La Chambre Consulaire, un acteur actif et engag\u00e9 aux services des entrepreneurs\u2026\u00bb (Dr Jos\u00e9 Kwassi Symenouh)"},"content":{"rendered":"\n<p class=\"wp-block-paragraph\"><strong><em>Ce vendredi 16 mai est un jour sp\u00e9cial pour la Chambre de commerce et d\u2019industrie du Togo (CCI-Togo). En effet, c\u2019est bien ce jour que la Chambre consulaire a choisi organis\u00e9, simultan\u00e9ment dans les autres r\u00e9gions \u00e9conomiques du pays, une journ\u00e9e portes ouvertes, afin de se faire mieux conna\u00eetre par les op\u00e9rateurs \u00e9conomiques, les jeunes entrepreneurs et du grand public.<\/em><\/strong><\/p>\n\n\n\n<p class=\"wp-block-paragraph\">Parti du constat selon lequel la Chambre consulaire est peu connue du grand public, et surtout, des acteurs incontournables du secteur priv\u00e9, cr\u00e9ateurs de richesses et d\u2019emplois, l\u2019initiative de cette journ\u00e9e portes ouvertes (JPO) de la CCI-Togo, organis\u00e9e simultan\u00e9ment \u00e0 Lom\u00e9 et dans les cinq r\u00e9gions \u00e9conomiques du pays, se veut une r\u00e9ponse concr\u00e8te \u00e0 cette insuffisance. Elle est l\u2019expression <em>\u00ab&nbsp;d\u2019une ferme volont\u00e9 de proximit\u00e9, d\u2019\u00e9quit\u00e9 territoriale et d\u2019\u00e9coute&nbsp;\u00bb.<\/em><\/p>\n\n\n<div class=\"wp-block-image\">\n<figure class=\"aligncenter size-full is-resized\"><img loading=\"lazy\" decoding=\"async\" width=\"500\" height=\"167\" src=\"https:\/\/macite.tg\/wp-content\/uploads\/2025\/05\/JPO-ouverture.jpg\" alt=\"\" class=\"wp-image-22113\" style=\"width:840px;height:auto\" srcset=\"https:\/\/macite.tg\/wp-content\/uploads\/2025\/05\/JPO-ouverture.jpg 500w, https:\/\/macite.tg\/wp-content\/uploads\/2025\/05\/JPO-ouverture-300x100.jpg 300w\" sizes=\"auto, (max-width: 500px) 100vw, 500px\" \/><figcaption class=\"wp-element-caption\"><em><strong>Une vue de l&rsquo;assistance&#8230; ..et des officiels lors de la c\u00e9r\u00e9monie de lancement de la JPO 2025 de la CCI-Togo.<\/strong><\/em><\/figcaption><\/figure>\n<\/div>\n\n\n<p class=\"wp-block-paragraph\">A travers ce \u00ab\u00a0<em>constat d\u2019un besoin d\u2019information et de dialogue entre la Chambre et les op\u00e9rateurs \u00e9conomiques, cette journ\u00e9e t\u00e9moigne de notre volont\u00e9 constante d\u2019\u00eatre \u00e0 l\u2019\u00e9coute des acteurs du secteur, de mieux r\u00e9pondre \u00e0 leurs attentes et de renforcer notre r\u00f4le de partenaire de proximit\u00e9 dans le d\u00e9veloppement du secteur priv\u00e9<\/em>\u00a0\u00bb, a expliqu\u00e9 le pr\u00e9sident de la CCI-Togo, Dr Jos\u00e9 Kwassi Symenouh, lors de la c\u00e9r\u00e9monie de lancement de ces JPO. <\/p>\n\n\n\n<p class=\"wp-block-paragraph\">Tout en saluant l\u2019initiative qui, selon lui, <em>\u00ab&nbsp;offre une opportunit\u00e9 d\u2019\u00e9changes, de compr\u00e9hension et de valorisation du r\u00f4le de la Chambre consulaire au service du secteur priv\u00e9 togolais&nbsp;\u00bb,<\/em> le repr\u00e9sentant du ministre du Commerce, Bilakim\u00e9 Feou, a rappel\u00e9 les mutations socio-\u00e9conomiques, et technologiques actuelles qui obligent \u00e0 <em>\u00ab&nbsp;repenser nos mod\u00e8les d\u2019intervention et \u00e0 faire preuve d\u2019agilit\u00e9 et de coh\u00e9rence dans nos politiques publiques&nbsp;\u00bb<\/em>. Dans ce contexte, a-t-il soulign\u00e9, le \u00ab&nbsp;<em>secteur priv\u00e9 demeure un levier incontournable pour la cr\u00e9ation d\u2019emplois, la transformation structurelle de notre \u00e9conomie et la prosp\u00e9rit\u00e9 partag\u00e9e&nbsp;\u00bb.<\/em><\/p>\n\n\n\n<figure class=\"wp-block-image size-full is-resized\"><img loading=\"lazy\" decoding=\"async\" width=\"500\" height=\"176\" src=\"https:\/\/macite.tg\/wp-content\/uploads\/2025\/05\/Visite-guidee.jpg\" alt=\"\" class=\"wp-image-22114\" style=\"width:840px;height:auto\" srcset=\"https:\/\/macite.tg\/wp-content\/uploads\/2025\/05\/Visite-guidee.jpg 500w, https:\/\/macite.tg\/wp-content\/uploads\/2025\/05\/Visite-guidee-300x106.jpg 300w\" sizes=\"auto, (max-width: 500px) 100vw, 500px\" \/><figcaption class=\"wp-element-caption\"><strong><em>Des stands de jeunes entrepreneurs&#8230;                                                             &#8230;visite guid\u00e9e<\/em><\/strong><\/figcaption><\/figure>\n\n\n\n<p class=\"wp-block-paragraph\">Le gouverneur du Grand Lom\u00e9, Mme Kassah-Traor\u00e9 Zou\u00e9ratou, a, pour sa part, rendu hommage au Pr\u00e9sident du Conseil, Faure Gnassingb\u00e9, pour \u00ab&nbsp;sa politique de d\u00e9veloppement \u00e0 travers notamment les r\u00e9formes ambitieuses entreprises en vue de faciliter les affaires, stimuler les investissements et soutenir la croissance des petites et moyennes entreprises de notre pays&nbsp;\u00bb.&nbsp; Elle a salu\u00e9 l\u2019initiative de la CCI-Togo qui a<em> \u00ab&nbsp;choisi d\u00e9centraliser cette manifestation sur toute l\u2019\u00e9tendue du territoire national, t\u00e9moignant son attachement \u00e0 la politique nationale de d\u00e9centralisation et de d\u00e9veloppement \u00e9conomique local, \u00e9quilibr\u00e9 et inclusif pr\u00f4n\u00e9e par le Pr\u00e9sident du Conseil&nbsp;\u00bb.<\/em><\/p>\n\n\n\n<p class=\"wp-block-paragraph\">Au menu de ces JPO de la CCI-Togo, outre la visite guid\u00e9e des deux services de la Chambre consulaire, il y a eu des ateliers th\u00e9matiques (pour mieux comprendre le fonctionnement de la Chambre), des expositions de produits issus de l\u2019artisanat et de la production locale, des espaces de r\u00e9seautage (pour encourager la cr\u00e9ation de synergies entre entrepreneurs, investisseurs et partenaires techniques).<\/p>\n\n\n<div class=\"wp-block-image\">\n<figure class=\"aligncenter size-full is-resized\"><img loading=\"lazy\" decoding=\"async\" width=\"500\" height=\"304\" src=\"https:\/\/macite.tg\/wp-content\/uploads\/2025\/05\/OTR_SAM-1.jpg\" alt=\"\" class=\"wp-image-22096\" style=\"width:722px;height:auto\" srcset=\"https:\/\/macite.tg\/wp-content\/uploads\/2025\/05\/OTR_SAM-1.jpg 500w, https:\/\/macite.tg\/wp-content\/uploads\/2025\/05\/OTR_SAM-1-300x182.jpg 300w\" sizes=\"auto, (max-width: 500px) 100vw, 500px\" \/><\/figure>\n<\/div>\n\n\n<p class=\"wp-block-paragraph\">Principale interface entre le secteur priv\u00e9 et les pouvoirs publics, la Chambre consulaire, cr\u00e9\u00e9e en 1921, a pour mission de soutenir le d\u00e9veloppement des entreprises et de promouvoir l\u2019investissement.<\/p>\n\n\n\n<p class=\"wp-block-paragraph\"><strong>JPB<\/strong><\/p>\n\n\n\n<p class=\"wp-block-paragraph\"><a><strong><em>@macite.tg&nbsp;&nbsp;&nbsp;&nbsp;&nbsp;&nbsp;&nbsp;&nbsp;<\/em><\/strong><\/a><\/p>\n\n\n\n<p class=\"wp-block-paragraph\"><strong><em>E-mail&nbsp;: <\/em><\/strong><a href=\"mailto:maciteinfo@gmail.com\"><strong><em>maciteinfo@gmail.com<\/em><\/strong><\/a><strong><em>; <\/em><\/strong><a href=\"mailto:bawela1@gmail.com\"><strong><em>bawela1@gmail.com<\/em><\/strong><\/a><strong><em><\/em><\/strong><\/p>\n\n\n\n<p class=\"wp-block-paragraph\"><strong><em>Pour vos annonces, (publi)reportages, etc., joignez-nous au (00228)91515309\/<strong>79872224 <\/strong>www.macite.tg, L\u2019information, la bonne&nbsp;!<\/em><\/strong><\/p>\n\n\n\n<p class=\"wp-block-paragraph\"><\/p>\n","protected":false},"excerpt":{"rendered":"<p class=\"text-justify mb-2\" >Ce vendredi 16 mai est un jour sp\u00e9cial pour la Chambre de commerce et d\u2019industrie du Togo (CCI-Togo). En effet, c\u2019est bien ce jour que la Chambre consulaire a choisi organis\u00e9, simultan\u00e9ment dans les autres r\u00e9gions \u00e9conomiques du pays, une journ\u00e9e portes ouvertes, afin de [&hellip;]<\/p>\n","protected":false},"author":2,"featured_media":22112,"comment_status":"open","ping_status":"open","sticky":false,"template":"","format":"standard","meta":{"footnotes":""},"categories":[20,3],"tags":[],"class_list":["post-22111","post","type-post","status-publish","format-standard","has-post-thumbnail","hentry","category-actualite","category-economie"],"yoast_head":"<!-- This site is optimized with the Yoast SEO plugin v28.4 - https:\/\/yoast.com\/product\/yoast-seo-wordpress\/ -->\n<title>LA CCI-TOGO EN JOURNEE PORTES OUVERTES\u00a0: \u00ab\u00a0La Chambre Consulaire, un acteur actif et engag\u00e9 aux services des entrepreneurs\u2026\u00bb (Dr Jos\u00e9 Kwassi Symenouh) -<\/title>\n<meta name=\"robots\" content=\"index, follow, max-snippet:-1, max-image-preview:large, max-video-preview:-1\" \/>\n<link rel=\"canonical\" href=\"https:\/\/macite.tg\/?p=22111\" \/>\n<meta property=\"og:locale\" content=\"fr_FR\" \/>\n<meta property=\"og:type\" content=\"article\" \/>\n<meta property=\"og:title\" content=\"LA CCI-TOGO EN JOURNEE PORTES OUVERTES\u00a0: \u00ab\u00a0La Chambre Consulaire, un acteur actif et engag\u00e9 aux services des entrepreneurs\u2026\u00bb (Dr Jos\u00e9 Kwassi Symenouh) -\" \/>\n<meta property=\"og:description\" content=\"Ce vendredi 16 mai est un jour sp\u00e9cial pour la Chambre de commerce et d\u2019industrie du Togo (CCI-Togo). En effet, c\u2019est bien ce jour que la Chambre consulaire a choisi organis\u00e9, simultan\u00e9ment dans les autres r\u00e9gions \u00e9conomiques du pays, une journ\u00e9e portes ouvertes, afin de [&hellip;]\" \/>\n<meta property=\"og:url\" content=\"https:\/\/macite.tg\/?p=22111\" \/>\n<meta property=\"article:published_time\" content=\"2025-05-16T19:03:39+00:00\" \/>\n<meta property=\"article:modified_time\" content=\"2025-05-19T16:13:57+00:00\" \/>\n<meta property=\"og:image\" content=\"https:\/\/macite.tg\/wp-content\/uploads\/2025\/05\/Dr-Jose-Kwassi-Simeynuh.jpg\" \/>\n\t<meta property=\"og:image:width\" content=\"500\" \/>\n\t<meta property=\"og:image:height\" content=\"338\" \/>\n\t<meta property=\"og:image:type\" content=\"image\/jpeg\" \/>\n<meta name=\"author\" content=\"Jean Pierre BAWELA\" \/>\n<meta name=\"twitter:card\" content=\"summary_large_image\" \/>\n<meta name=\"twitter:label1\" content=\"\u00c9crit par\" \/>\n\t<meta name=\"twitter:data1\" content=\"Jean Pierre BAWELA\" \/>\n\t<meta name=\"twitter:label2\" content=\"Dur\u00e9e de lecture estim\u00e9e\" \/>\n\t<meta name=\"twitter:data2\" content=\"4 minutes\" \/>\n<script type=\"application\/ld+json\" class=\"yoast-schema-graph\">{\"@context\":\"https:\\\/\\\/schema.org\",\"@graph\":[{\"@type\":\"Article\",\"@id\":\"https:\\\/\\\/macite.tg\\\/?p=22111#article\",\"isPartOf\":{\"@id\":\"https:\\\/\\\/macite.tg\\\/?p=22111\"},\"author\":{\"name\":\"Jean Pierre BAWELA\",\"@id\":\"https:\\\/\\\/macite.tg\\\/#\\\/schema\\\/person\\\/e9f2de7e5dbbe7770a9402c7ce82f5c2\"},\"headline\":\"LA CCI-TOGO EN JOURNEE PORTES OUVERTES\u00a0: \u00ab\u00a0La Chambre Consulaire, un acteur actif et engag\u00e9 aux services des entrepreneurs\u2026\u00bb (Dr Jos\u00e9 Kwassi Symenouh)\",\"datePublished\":\"2025-05-16T19:03:39+00:00\",\"dateModified\":\"2025-05-19T16:13:57+00:00\",\"mainEntityOfPage\":{\"@id\":\"https:\\\/\\\/macite.tg\\\/?p=22111\"},\"wordCount\":635,\"commentCount\":0,\"image\":{\"@id\":\"https:\\\/\\\/macite.tg\\\/?p=22111#primaryimage\"},\"thumbnailUrl\":\"https:\\\/\\\/macite.tg\\\/wp-content\\\/uploads\\\/2025\\\/05\\\/Dr-Jose-Kwassi-Simeynuh.jpg\",\"articleSection\":[\"ACTUALITE\",\"ECONOMIE\"],\"inLanguage\":\"fr-FR\",\"potentialAction\":[{\"@type\":\"CommentAction\",\"name\":\"Comment\",\"target\":[\"https:\\\/\\\/macite.tg\\\/?p=22111#respond\"]}]},{\"@type\":\"WebPage\",\"@id\":\"https:\\\/\\\/macite.tg\\\/?p=22111\",\"url\":\"https:\\\/\\\/macite.tg\\\/?p=22111\",\"name\":\"LA CCI-TOGO EN JOURNEE PORTES OUVERTES\u00a0: \u00ab\u00a0La Chambre Consulaire, un acteur actif et engag\u00e9 aux services des entrepreneurs\u2026\u00bb (Dr Jos\u00e9 Kwassi Symenouh) -\",\"isPartOf\":{\"@id\":\"https:\\\/\\\/macite.tg\\\/#website\"},\"primaryImageOfPage\":{\"@id\":\"https:\\\/\\\/macite.tg\\\/?p=22111#primaryimage\"},\"image\":{\"@id\":\"https:\\\/\\\/macite.tg\\\/?p=22111#primaryimage\"},\"thumbnailUrl\":\"https:\\\/\\\/macite.tg\\\/wp-content\\\/uploads\\\/2025\\\/05\\\/Dr-Jose-Kwassi-Simeynuh.jpg\",\"datePublished\":\"2025-05-16T19:03:39+00:00\",\"dateModified\":\"2025-05-19T16:13:57+00:00\",\"author\":{\"@id\":\"https:\\\/\\\/macite.tg\\\/#\\\/schema\\\/person\\\/e9f2de7e5dbbe7770a9402c7ce82f5c2\"},\"breadcrumb\":{\"@id\":\"https:\\\/\\\/macite.tg\\\/?p=22111#breadcrumb\"},\"inLanguage\":\"fr-FR\",\"potentialAction\":[{\"@type\":\"ReadAction\",\"target\":[\"https:\\\/\\\/macite.tg\\\/?p=22111\"]}]},{\"@type\":\"ImageObject\",\"inLanguage\":\"fr-FR\",\"@id\":\"https:\\\/\\\/macite.tg\\\/?p=22111#primaryimage\",\"url\":\"https:\\\/\\\/macite.tg\\\/wp-content\\\/uploads\\\/2025\\\/05\\\/Dr-Jose-Kwassi-Simeynuh.jpg\",\"contentUrl\":\"https:\\\/\\\/macite.tg\\\/wp-content\\\/uploads\\\/2025\\\/05\\\/Dr-Jose-Kwassi-Simeynuh.jpg\",\"width\":500,\"height\":338,\"caption\":\"Dr Jos\u00e9 Kwassi Symenouh, pr\u00e9sident de la CCI-Togo\"},{\"@type\":\"BreadcrumbList\",\"@id\":\"https:\\\/\\\/macite.tg\\\/?p=22111#breadcrumb\",\"itemListElement\":[{\"@type\":\"ListItem\",\"position\":1,\"name\":\"Accueil\",\"item\":\"https:\\\/\\\/macite.tg\\\/\"},{\"@type\":\"ListItem\",\"position\":2,\"name\":\"LA CCI-TOGO EN JOURNEE PORTES OUVERTES\u00a0: \u00ab\u00a0La Chambre Consulaire, un acteur actif et engag\u00e9 aux services des entrepreneurs\u2026\u00bb (Dr Jos\u00e9 Kwassi Symenouh)\"}]},{\"@type\":\"WebSite\",\"@id\":\"https:\\\/\\\/macite.tg\\\/#website\",\"url\":\"https:\\\/\\\/macite.tg\\\/\",\"name\":\"\",\"description\":\"L&#039;information, la bonne!!!\",\"potentialAction\":[{\"@type\":\"SearchAction\",\"target\":{\"@type\":\"EntryPoint\",\"urlTemplate\":\"https:\\\/\\\/macite.tg\\\/?s={search_term_string}\"},\"query-input\":{\"@type\":\"PropertyValueSpecification\",\"valueRequired\":true,\"valueName\":\"search_term_string\"}}],\"inLanguage\":\"fr-FR\"},{\"@type\":\"Person\",\"@id\":\"https:\\\/\\\/macite.tg\\\/#\\\/schema\\\/person\\\/e9f2de7e5dbbe7770a9402c7ce82f5c2\",\"name\":\"Jean Pierre BAWELA\",\"image\":{\"@type\":\"ImageObject\",\"inLanguage\":\"fr-FR\",\"@id\":\"https:\\\/\\\/macite.tg\\\/wp-content\\\/uploads\\\/2023\\\/09\\\/WhatsApp-Image-2023-09-19-at-14.44.41-122x122.jpeg\",\"url\":\"https:\\\/\\\/macite.tg\\\/wp-content\\\/uploads\\\/2023\\\/09\\\/WhatsApp-Image-2023-09-19-at-14.44.41-122x122.jpeg\",\"contentUrl\":\"https:\\\/\\\/macite.tg\\\/wp-content\\\/uploads\\\/2023\\\/09\\\/WhatsApp-Image-2023-09-19-at-14.44.41-122x122.jpeg\",\"caption\":\"Jean Pierre BAWELA\"},\"url\":\"https:\\\/\\\/macite.tg\\\/?author=2\"}]}<\/script>\n<!-- \/ Yoast SEO plugin. -->","yoast_head_json":{"title":"LA CCI-TOGO EN JOURNEE PORTES OUVERTES\u00a0: \u00ab\u00a0La Chambre Consulaire, un acteur actif et engag\u00e9 aux services des entrepreneurs\u2026\u00bb (Dr Jos\u00e9 Kwassi Symenouh) -","robots":{"index":"index","follow":"follow","max-snippet":"max-snippet:-1","max-image-preview":"max-image-preview:large","max-video-preview":"max-video-preview:-1"},"canonical":"https:\/\/macite.tg\/?p=22111","og_locale":"fr_FR","og_type":"article","og_title":"LA CCI-TOGO EN JOURNEE PORTES OUVERTES\u00a0: \u00ab\u00a0La Chambre Consulaire, un acteur actif et engag\u00e9 aux services des entrepreneurs\u2026\u00bb (Dr Jos\u00e9 Kwassi Symenouh) -","og_description":"Ce vendredi 16 mai est un jour sp\u00e9cial pour la Chambre de commerce et d\u2019industrie du Togo (CCI-Togo). En effet, c\u2019est bien ce jour que la Chambre consulaire a choisi organis\u00e9, simultan\u00e9ment dans les autres r\u00e9gions \u00e9conomiques du pays, une journ\u00e9e portes ouvertes, afin de [&hellip;]","og_url":"https:\/\/macite.tg\/?p=22111","article_published_time":"2025-05-16T19:03:39+00:00","article_modified_time":"2025-05-19T16:13:57+00:00","og_image":[{"width":500,"height":338,"url":"https:\/\/macite.tg\/wp-content\/uploads\/2025\/05\/Dr-Jose-Kwassi-Simeynuh.jpg","type":"image\/jpeg"}],"author":"Jean Pierre BAWELA","twitter_card":"summary_large_image","twitter_misc":{"\u00c9crit par":"Jean Pierre BAWELA","Dur\u00e9e de lecture estim\u00e9e":"4 minutes"},"schema":{"@context":"https:\/\/schema.org","@graph":[{"@type":"Article","@id":"https:\/\/macite.tg\/?p=22111#article","isPartOf":{"@id":"https:\/\/macite.tg\/?p=22111"},"author":{"name":"Jean Pierre BAWELA","@id":"https:\/\/macite.tg\/#\/schema\/person\/e9f2de7e5dbbe7770a9402c7ce82f5c2"},"headline":"LA CCI-TOGO EN JOURNEE PORTES OUVERTES\u00a0: \u00ab\u00a0La Chambre Consulaire, un acteur actif et engag\u00e9 aux services des entrepreneurs\u2026\u00bb (Dr Jos\u00e9 Kwassi Symenouh)","datePublished":"2025-05-16T19:03:39+00:00","dateModified":"2025-05-19T16:13:57+00:00","mainEntityOfPage":{"@id":"https:\/\/macite.tg\/?p=22111"},"wordCount":635,"commentCount":0,"image":{"@id":"https:\/\/macite.tg\/?p=22111#primaryimage"},"thumbnailUrl":"https:\/\/macite.tg\/wp-content\/uploads\/2025\/05\/Dr-Jose-Kwassi-Simeynuh.jpg","articleSection":["ACTUALITE","ECONOMIE"],"inLanguage":"fr-FR","potentialAction":[{"@type":"CommentAction","name":"Comment","target":["https:\/\/macite.tg\/?p=22111#respond"]}]},{"@type":"WebPage","@id":"https:\/\/macite.tg\/?p=22111","url":"https:\/\/macite.tg\/?p=22111","name":"LA CCI-TOGO EN JOURNEE PORTES OUVERTES\u00a0: \u00ab\u00a0La Chambre Consulaire, un acteur actif et engag\u00e9 aux services des entrepreneurs\u2026\u00bb (Dr Jos\u00e9 Kwassi Symenouh) -","isPartOf":{"@id":"https:\/\/macite.tg\/#website"},"primaryImageOfPage":{"@id":"https:\/\/macite.tg\/?p=22111#primaryimage"},"image":{"@id":"https:\/\/macite.tg\/?p=22111#primaryimage"},"thumbnailUrl":"https:\/\/macite.tg\/wp-content\/uploads\/2025\/05\/Dr-Jose-Kwassi-Simeynuh.jpg","datePublished":"2025-05-16T19:03:39+00:00","dateModified":"2025-05-19T16:13:57+00:00","author":{"@id":"https:\/\/macite.tg\/#\/schema\/person\/e9f2de7e5dbbe7770a9402c7ce82f5c2"},"breadcrumb":{"@id":"https:\/\/macite.tg\/?p=22111#breadcrumb"},"inLanguage":"fr-FR","potentialAction":[{"@type":"ReadAction","target":["https:\/\/macite.tg\/?p=22111"]}]},{"@type":"ImageObject","inLanguage":"fr-FR","@id":"https:\/\/macite.tg\/?p=22111#primaryimage","url":"https:\/\/macite.tg\/wp-content\/uploads\/2025\/05\/Dr-Jose-Kwassi-Simeynuh.jpg","contentUrl":"https:\/\/macite.tg\/wp-content\/uploads\/2025\/05\/Dr-Jose-Kwassi-Simeynuh.jpg","width":500,"height":338,"caption":"Dr Jos\u00e9 Kwassi Symenouh, pr\u00e9sident de la CCI-Togo"},{"@type":"BreadcrumbList","@id":"https:\/\/macite.tg\/?p=22111#breadcrumb","itemListElement":[{"@type":"ListItem","position":1,"name":"Accueil","item":"https:\/\/macite.tg\/"},{"@type":"ListItem","position":2,"name":"LA CCI-TOGO EN JOURNEE PORTES OUVERTES\u00a0: \u00ab\u00a0La Chambre Consulaire, un acteur actif et engag\u00e9 aux services des entrepreneurs\u2026\u00bb (Dr Jos\u00e9 Kwassi Symenouh)"}]},{"@type":"WebSite","@id":"https:\/\/macite.tg\/#website","url":"https:\/\/macite.tg\/","name":"","description":"L&#039;information, la bonne!!!","potentialAction":[{"@type":"SearchAction","target":{"@type":"EntryPoint","urlTemplate":"https:\/\/macite.tg\/?s={search_term_string}"},"query-input":{"@type":"PropertyValueSpecification","valueRequired":true,"valueName":"search_term_string"}}],"inLanguage":"fr-FR"},{"@type":"Person","@id":"https:\/\/macite.tg\/#\/schema\/person\/e9f2de7e5dbbe7770a9402c7ce82f5c2","name":"Jean Pierre BAWELA","image":{"@type":"ImageObject","inLanguage":"fr-FR","@id":"https:\/\/macite.tg\/wp-content\/uploads\/2023\/09\/WhatsApp-Image-2023-09-19-at-14.44.41-122x122.jpeg","url":"https:\/\/macite.tg\/wp-content\/uploads\/2023\/09\/WhatsApp-Image-2023-09-19-at-14.44.41-122x122.jpeg","contentUrl":"https:\/\/macite.tg\/wp-content\/uploads\/2023\/09\/WhatsApp-Image-2023-09-19-at-14.44.41-122x122.jpeg","caption":"Jean Pierre BAWELA"},"url":"https:\/\/macite.tg\/?author=2"}]}},"_links":{"self":[{"href":"https:\/\/macite.tg\/index.php?rest_route=\/wp\/v2\/posts\/22111","targetHints":{"allow":["GET"]}}],"collection":[{"href":"https:\/\/macite.tg\/index.php?rest_route=\/wp\/v2\/posts"}],"about":[{"href":"https:\/\/macite.tg\/index.php?rest_route=\/wp\/v2\/types\/post"}],"author":[{"embeddable":true,"href":"https:\/\/macite.tg\/index.php?rest_route=\/wp\/v2\/users\/2"}],"replies":[{"embeddable":true,"href":"https:\/\/macite.tg\/index.php?rest_route=%2Fwp%2Fv2%2Fcomments&post=22111"}],"version-history":[{"count":0,"href":"https:\/\/macite.tg\/index.php?rest_route=\/wp\/v2\/posts\/22111\/revisions"}],"wp:featuredmedia":[{"embeddable":true,"href":"https:\/\/macite.tg\/index.php?rest_route=\/wp\/v2\/media\/22112"}],"wp:attachment":[{"href":"https:\/\/macite.tg\/index.php?rest_route=%2Fwp%2Fv2%2Fmedia&parent=22111"}],"wp:term":[{"taxonomy":"category","embeddable":true,"href":"https:\/\/macite.tg\/index.php?rest_route=%2Fwp%2Fv2%2Fcategories&post=22111"},{"taxonomy":"post_tag","embeddable":true,"href":"https:\/\/macite.tg\/index.php?rest_route=%2Fwp%2Fv2%2Ftags&post=22111"}],"curies":[{"name":"wp","href":"https:\/\/api.w.org\/{rel}","templated":true}]}}