{"id":22108,"date":"2025-05-16T18:01:48","date_gmt":"2025-05-16T18:01:48","guid":{"rendered":"https:\/\/macite.tg\/?p=22108"},"modified":"2025-05-16T18:01:51","modified_gmt":"2025-05-16T18:01:51","slug":"fondation-du-theatre-royal-de-rabat-une-1ere-session-du-conseil-dadministration-sous-legide-de-sar-la-princesse-lalla-hasnaa","status":"publish","type":"post","link":"https:\/\/macite.tg\/?p=22108","title":{"rendered":"FONDATION DU THEATRE ROYAL DE RABAT\u00a0: Une 1\u00e8re session du Conseil d\u2019Administration sous l\u2019\u00e9gide de SAR la Princesse Lalla Hasnaa"},"content":{"rendered":"\n<p class=\"wp-block-paragraph\"><strong><em>Son Altesse Royale la Princesse Lalla Hasnaa a pr\u00e9sid\u00e9e, hier jeudi 15 mai, la premi\u00e8re session du Conseil d\u2019Administration de la Fondation du Th\u00e9\u00e2tre Royal de Rabat. C\u2019\u00e9tait en pr\u00e9sence de plusieurs personnalit\u00e9s de renom, dont Mme Brigitte Macron, \u00e9pouse du pr\u00e9sident fran\u00e7ais, Emmanuel Macron.<\/em><\/strong><\/p>\n\n\n\n<p class=\"wp-block-paragraph\">Cette rencontre s\u2019est tenue au Th\u00e9\u00e2tre Royal de Rabat, ce joyau architectural et culturel. Projet prestigieux, issu de la vision \u00e9clair\u00e9e de Sa Majest\u00e9 le Roi Mohammed VI, que Dieu Le glorifie, incarne la Haute Sollicitude Royale constamment port\u00e9e \u00e0 la promotion des arts, de la culture et du patrimoine national.<\/p>\n\n\n\n<p class=\"wp-block-paragraph\">Plus qu\u2019une <em>\u00ab&nbsp;concr\u00e9tisation de la Haute Sollicitude Royale sans cesse manifest\u00e9e \u00e0 l\u2019\u00e9gard de l\u2019art et de la culture&nbsp;\u00bb<\/em> du Royaume, Th\u00e9\u00e2tre Royal de Rabat, symbole du d\u00e9veloppement socioculturel, est l\u2019expression concr\u00e8te de la volont\u00e9 du Souverain marocain de \u00ab<em>&nbsp;placer la culture au c\u0153ur du d\u00e9veloppement humain \u00e9conomique et social du Maroc&nbsp;\u00bb, <\/em>cecien lui donnant les moyens n\u00e9cessaires et un cadre de prestige.<\/p>\n\n\n<div class=\"wp-block-image\">\n<figure class=\"aligncenter size-full\"><img loading=\"lazy\" decoding=\"async\" width=\"851\" height=\"315\" src=\"https:\/\/macite.tg\/wp-content\/uploads\/2025\/05\/OTR_Ferer-pour-batir.jpg\" alt=\"\" class=\"wp-image-22094\" srcset=\"https:\/\/macite.tg\/wp-content\/uploads\/2025\/05\/OTR_Ferer-pour-batir.jpg 851w, https:\/\/macite.tg\/wp-content\/uploads\/2025\/05\/OTR_Ferer-pour-batir-300x111.jpg 300w, https:\/\/macite.tg\/wp-content\/uploads\/2025\/05\/OTR_Ferer-pour-batir-768x284.jpg 768w\" sizes=\"auto, (max-width: 851px) 100vw, 851px\" \/><\/figure>\n<\/div>\n\n\n<p class=\"wp-block-paragraph\">Ce joyau s\u2019affirme \u00e9galement comme un pr\u00e9cieux levier pour le rayonnement de la culture du Royaume \u00e0 l\u2019international. <em>\u00ab&nbsp;R\u00e9ceptacle et tremplin pour les jeunes qui sont les acteurs de ce foisonnement culturel&nbsp;\u00bb, <\/em>le Th\u00e9\u00e2tre Royal, qui c\u00e9l\u00e8bre la diversit\u00e9 culturelle du Maroc, s\u2019inscrit parfaitement dans <em>\u00ab&nbsp;la Vision Royale marqu\u00e9e par l\u2019appui aux initiatives culturelles locales et de proximit\u00e9 et nationales de grande envergure&nbsp;\u00bb.<\/em><\/p>\n\n\n\n<p class=\"wp-block-paragraph\">Cette institution, plac\u00e9e sous la pr\u00e9sidence de SAR la Princesse Lalla Hasnaa, regorge de personnalit\u00e9s de renom au profil \u00e9logieux, \u00e0 savoir&nbsp;:<\/p>\n\n\n\n<p class=\"wp-block-paragraph\">&#8211; Cheikha Al Mayassa Bint Hamad Al-Thani, Pr\u00e9sidente du conseil d&rsquo;administration de Qatar Museums ;<\/p>\n\n\n\n<p class=\"wp-block-paragraph\">&#8211; Mme Brigitte Macron, \u00e9pouse du Pr\u00e9sident de la R\u00e9publique Fran\u00e7aise ;<\/p>\n\n\n\n<p class=\"wp-block-paragraph\">&#8211; M. Othman Benjelloun, homme d\u2019affaires ;<\/p>\n\n\n\n<p class=\"wp-block-paragraph\">&#8211; M. Michael Zaoui, banquier d\u2019affaires ;<\/p>\n\n\n\n<p class=\"wp-block-paragraph\">&#8211; M. Makhtar Diop, directeur g\u00e9n\u00e9ral d\u2019IFC (Banque mondiale) ;<\/p>\n\n\n\n<p class=\"wp-block-paragraph\">&#8211; Mme Huda Alkhamis-Kanoo, fondatrice de l\u2019Abu Dhabi Music &amp; Arts Foundation ;<\/p>\n\n\n\n<p class=\"wp-block-paragraph\">&#8211; M. Gad Elmaleh, artiste ;<\/p>\n\n\n<div class=\"wp-block-image\">\n<figure class=\"aligncenter size-full is-resized\"><img loading=\"lazy\" decoding=\"async\" width=\"526\" height=\"526\" src=\"https:\/\/macite.tg\/wp-content\/uploads\/2025\/05\/OTR_Bornage-contradictoire_Mois-de-Mai.jpg\" alt=\"\" class=\"wp-image-22065\" style=\"width:604px;height:auto\" srcset=\"https:\/\/macite.tg\/wp-content\/uploads\/2025\/05\/OTR_Bornage-contradictoire_Mois-de-Mai.jpg 526w, https:\/\/macite.tg\/wp-content\/uploads\/2025\/05\/OTR_Bornage-contradictoire_Mois-de-Mai-300x300.jpg 300w, https:\/\/macite.tg\/wp-content\/uploads\/2025\/05\/OTR_Bornage-contradictoire_Mois-de-Mai-150x150.jpg 150w, https:\/\/macite.tg\/wp-content\/uploads\/2025\/05\/OTR_Bornage-contradictoire_Mois-de-Mai-122x122.jpg 122w\" sizes=\"auto, (max-width: 526px) 100vw, 526px\" \/><\/figure>\n<\/div>\n\n\n<p class=\"wp-block-paragraph\">&#8211; M. Michel Canesi, m\u00e9decin et \u00e9crivain ;<\/p>\n\n\n\n<p class=\"wp-block-paragraph\">&#8211; Mme H\u00e9l\u00e8ne Mercier-Arnault, pianiste ;<\/p>\n\n\n\n<p class=\"wp-block-paragraph\">&#8211; M. Farid Bensa\u00efd, chef d\u2019entreprise ;<\/p>\n\n\n\n<p class=\"wp-block-paragraph\">&#8211; M. Mohamed Yacoubi, artiste plasticien.<\/p>\n\n\n\n<p class=\"wp-block-paragraph\">Notons que ce Conseil d\u2019Administration, plac\u00e9 sous les Hautes Orientations Royales, a pour mission de <em>\u00ab&nbsp;fixer et \u00e0 enrichir un cadre strat\u00e9gique&nbsp;\u00bb <\/em>pour le Th\u00e9\u00e2tre royal, tout en veillant \u00e0 faire la promotion de l\u2019excellence artistique et le rayonnement de la culture marocaine \u00e0 l\u2019international.<\/p>\n\n\n\n<p class=\"wp-block-paragraph\"><strong>MC<\/strong><\/p>\n\n\n\n<p class=\"wp-block-paragraph\"><a><strong><em>@macite.tg&nbsp;&nbsp;&nbsp;&nbsp;&nbsp;&nbsp;&nbsp;&nbsp;<\/em><\/strong><\/a><\/p>\n\n\n\n<p class=\"wp-block-paragraph\"><strong><em>E-mail&nbsp;: <\/em><\/strong><a href=\"mailto:maciteinfo@gmail.com\"><strong><em>maciteinfo@gmail.com<\/em><\/strong><\/a><strong><em>; <\/em><\/strong><a href=\"mailto:bawela1@gmail.com\"><strong><em>bawela1@gmail.com<\/em><\/strong><\/a><strong><em><\/em><\/strong><\/p>\n\n\n\n<p class=\"wp-block-paragraph\"><strong><em>Pour vos annonces, (publi)reportages, etc., joignez-nous au (00228)91515309\/<strong>79872224 <\/strong>www.macite.tg, L\u2019information, la bonne&nbsp;!<\/em><\/strong><\/p>\n\n\n\n<p class=\"wp-block-paragraph\"><\/p>\n","protected":false},"excerpt":{"rendered":"<p class=\"text-justify mb-2\" >Son Altesse Royale la Princesse Lalla Hasnaa a pr\u00e9sid\u00e9e, hier jeudi 15 mai, la premi\u00e8re session du Conseil d\u2019Administration de la Fondation du Th\u00e9\u00e2tre Royal de Rabat. C\u2019\u00e9tait en pr\u00e9sence de plusieurs personnalit\u00e9s de renom, dont Mme Brigitte Macron, \u00e9pouse du pr\u00e9sident fran\u00e7ais, Emmanuel Macron. [&hellip;]<\/p>\n","protected":false},"author":2,"featured_media":22109,"comment_status":"open","ping_status":"open","sticky":false,"template":"","format":"standard","meta":{"footnotes":""},"categories":[20,18],"tags":[],"class_list":["post-22108","post","type-post","status-publish","format-standard","has-post-thumbnail","hentry","category-actualite","category-culture"],"yoast_head":"<!-- This site is optimized with the Yoast SEO plugin v28.4 - https:\/\/yoast.com\/product\/yoast-seo-wordpress\/ -->\n<title>FONDATION DU THEATRE ROYAL DE RABAT\u00a0: Une 1\u00e8re session du Conseil d\u2019Administration sous l\u2019\u00e9gide de SAR la Princesse Lalla Hasnaa -<\/title>\n<meta name=\"robots\" content=\"index, follow, max-snippet:-1, max-image-preview:large, max-video-preview:-1\" \/>\n<link rel=\"canonical\" href=\"https:\/\/macite.tg\/?p=22108\" \/>\n<meta property=\"og:locale\" content=\"fr_FR\" \/>\n<meta property=\"og:type\" content=\"article\" \/>\n<meta property=\"og:title\" content=\"FONDATION DU THEATRE ROYAL DE RABAT\u00a0: Une 1\u00e8re session du Conseil d\u2019Administration sous l\u2019\u00e9gide de SAR la Princesse Lalla Hasnaa -\" \/>\n<meta property=\"og:description\" content=\"Son Altesse Royale la Princesse Lalla Hasnaa a pr\u00e9sid\u00e9e, hier jeudi 15 mai, la premi\u00e8re session du Conseil d\u2019Administration de la Fondation du Th\u00e9\u00e2tre Royal de Rabat. C\u2019\u00e9tait en pr\u00e9sence de plusieurs personnalit\u00e9s de renom, dont Mme Brigitte Macron, \u00e9pouse du pr\u00e9sident fran\u00e7ais, Emmanuel Macron. [&hellip;]\" \/>\n<meta property=\"og:url\" content=\"https:\/\/macite.tg\/?p=22108\" \/>\n<meta property=\"article:published_time\" content=\"2025-05-16T18:01:48+00:00\" \/>\n<meta property=\"article:modified_time\" content=\"2025-05-16T18:01:51+00:00\" \/>\n<meta property=\"og:image\" content=\"https:\/\/macite.tg\/wp-content\/uploads\/2025\/05\/1e-session-du-CA-theatre-Royal-de-Rabat.jpg\" \/>\n\t<meta property=\"og:image:width\" content=\"500\" \/>\n\t<meta property=\"og:image:height\" content=\"303\" \/>\n\t<meta property=\"og:image:type\" content=\"image\/jpeg\" \/>\n<meta name=\"author\" content=\"Jean Pierre BAWELA\" \/>\n<meta name=\"twitter:card\" content=\"summary_large_image\" \/>\n<meta name=\"twitter:label1\" content=\"\u00c9crit par\" \/>\n\t<meta name=\"twitter:data1\" content=\"Jean Pierre BAWELA\" \/>\n\t<meta name=\"twitter:label2\" content=\"Dur\u00e9e de lecture estim\u00e9e\" \/>\n\t<meta name=\"twitter:data2\" content=\"3 minutes\" \/>\n<script type=\"application\/ld+json\" class=\"yoast-schema-graph\">{\"@context\":\"https:\\\/\\\/schema.org\",\"@graph\":[{\"@type\":\"Article\",\"@id\":\"https:\\\/\\\/macite.tg\\\/?p=22108#article\",\"isPartOf\":{\"@id\":\"https:\\\/\\\/macite.tg\\\/?p=22108\"},\"author\":{\"name\":\"Jean Pierre BAWELA\",\"@id\":\"https:\\\/\\\/macite.tg\\\/#\\\/schema\\\/person\\\/e9f2de7e5dbbe7770a9402c7ce82f5c2\"},\"headline\":\"FONDATION DU THEATRE ROYAL DE RABAT\u00a0: Une 1\u00e8re session du Conseil d\u2019Administration sous l\u2019\u00e9gide de SAR la Princesse Lalla Hasnaa\",\"datePublished\":\"2025-05-16T18:01:48+00:00\",\"dateModified\":\"2025-05-16T18:01:51+00:00\",\"mainEntityOfPage\":{\"@id\":\"https:\\\/\\\/macite.tg\\\/?p=22108\"},\"wordCount\":496,\"commentCount\":0,\"image\":{\"@id\":\"https:\\\/\\\/macite.tg\\\/?p=22108#primaryimage\"},\"thumbnailUrl\":\"https:\\\/\\\/macite.tg\\\/wp-content\\\/uploads\\\/2025\\\/05\\\/1e-session-du-CA-theatre-Royal-de-Rabat.jpg\",\"articleSection\":[\"ACTUALITE\",\"CULTURE\"],\"inLanguage\":\"fr-FR\",\"potentialAction\":[{\"@type\":\"CommentAction\",\"name\":\"Comment\",\"target\":[\"https:\\\/\\\/macite.tg\\\/?p=22108#respond\"]}]},{\"@type\":\"WebPage\",\"@id\":\"https:\\\/\\\/macite.tg\\\/?p=22108\",\"url\":\"https:\\\/\\\/macite.tg\\\/?p=22108\",\"name\":\"FONDATION DU THEATRE ROYAL DE RABAT\u00a0: Une 1\u00e8re session du Conseil d\u2019Administration sous l\u2019\u00e9gide de SAR la Princesse Lalla Hasnaa -\",\"isPartOf\":{\"@id\":\"https:\\\/\\\/macite.tg\\\/#website\"},\"primaryImageOfPage\":{\"@id\":\"https:\\\/\\\/macite.tg\\\/?p=22108#primaryimage\"},\"image\":{\"@id\":\"https:\\\/\\\/macite.tg\\\/?p=22108#primaryimage\"},\"thumbnailUrl\":\"https:\\\/\\\/macite.tg\\\/wp-content\\\/uploads\\\/2025\\\/05\\\/1e-session-du-CA-theatre-Royal-de-Rabat.jpg\",\"datePublished\":\"2025-05-16T18:01:48+00:00\",\"dateModified\":\"2025-05-16T18:01:51+00:00\",\"author\":{\"@id\":\"https:\\\/\\\/macite.tg\\\/#\\\/schema\\\/person\\\/e9f2de7e5dbbe7770a9402c7ce82f5c2\"},\"breadcrumb\":{\"@id\":\"https:\\\/\\\/macite.tg\\\/?p=22108#breadcrumb\"},\"inLanguage\":\"fr-FR\",\"potentialAction\":[{\"@type\":\"ReadAction\",\"target\":[\"https:\\\/\\\/macite.tg\\\/?p=22108\"]}]},{\"@type\":\"ImageObject\",\"inLanguage\":\"fr-FR\",\"@id\":\"https:\\\/\\\/macite.tg\\\/?p=22108#primaryimage\",\"url\":\"https:\\\/\\\/macite.tg\\\/wp-content\\\/uploads\\\/2025\\\/05\\\/1e-session-du-CA-theatre-Royal-de-Rabat.jpg\",\"contentUrl\":\"https:\\\/\\\/macite.tg\\\/wp-content\\\/uploads\\\/2025\\\/05\\\/1e-session-du-CA-theatre-Royal-de-Rabat.jpg\",\"width\":500,\"height\":303,\"caption\":\"Photo de famille des membres du Conseil d'Administration du Th\u00e9\u00e2tre ROyal de Rabat\"},{\"@type\":\"BreadcrumbList\",\"@id\":\"https:\\\/\\\/macite.tg\\\/?p=22108#breadcrumb\",\"itemListElement\":[{\"@type\":\"ListItem\",\"position\":1,\"name\":\"Accueil\",\"item\":\"https:\\\/\\\/macite.tg\\\/\"},{\"@type\":\"ListItem\",\"position\":2,\"name\":\"FONDATION DU THEATRE ROYAL DE RABAT\u00a0: Une 1\u00e8re session du Conseil d\u2019Administration sous l\u2019\u00e9gide de SAR la Princesse Lalla Hasnaa\"}]},{\"@type\":\"WebSite\",\"@id\":\"https:\\\/\\\/macite.tg\\\/#website\",\"url\":\"https:\\\/\\\/macite.tg\\\/\",\"name\":\"\",\"description\":\"L&#039;information, la bonne!!!\",\"potentialAction\":[{\"@type\":\"SearchAction\",\"target\":{\"@type\":\"EntryPoint\",\"urlTemplate\":\"https:\\\/\\\/macite.tg\\\/?s={search_term_string}\"},\"query-input\":{\"@type\":\"PropertyValueSpecification\",\"valueRequired\":true,\"valueName\":\"search_term_string\"}}],\"inLanguage\":\"fr-FR\"},{\"@type\":\"Person\",\"@id\":\"https:\\\/\\\/macite.tg\\\/#\\\/schema\\\/person\\\/e9f2de7e5dbbe7770a9402c7ce82f5c2\",\"name\":\"Jean Pierre BAWELA\",\"image\":{\"@type\":\"ImageObject\",\"inLanguage\":\"fr-FR\",\"@id\":\"https:\\\/\\\/macite.tg\\\/wp-content\\\/uploads\\\/2023\\\/09\\\/WhatsApp-Image-2023-09-19-at-14.44.41-122x122.jpeg\",\"url\":\"https:\\\/\\\/macite.tg\\\/wp-content\\\/uploads\\\/2023\\\/09\\\/WhatsApp-Image-2023-09-19-at-14.44.41-122x122.jpeg\",\"contentUrl\":\"https:\\\/\\\/macite.tg\\\/wp-content\\\/uploads\\\/2023\\\/09\\\/WhatsApp-Image-2023-09-19-at-14.44.41-122x122.jpeg\",\"caption\":\"Jean Pierre BAWELA\"},\"url\":\"https:\\\/\\\/macite.tg\\\/?author=2\"}]}<\/script>\n<!-- \/ Yoast SEO plugin. -->","yoast_head_json":{"title":"FONDATION DU THEATRE ROYAL DE RABAT\u00a0: Une 1\u00e8re session du Conseil d\u2019Administration sous l\u2019\u00e9gide de SAR la Princesse Lalla Hasnaa -","robots":{"index":"index","follow":"follow","max-snippet":"max-snippet:-1","max-image-preview":"max-image-preview:large","max-video-preview":"max-video-preview:-1"},"canonical":"https:\/\/macite.tg\/?p=22108","og_locale":"fr_FR","og_type":"article","og_title":"FONDATION DU THEATRE ROYAL DE RABAT\u00a0: Une 1\u00e8re session du Conseil d\u2019Administration sous l\u2019\u00e9gide de SAR la Princesse Lalla Hasnaa -","og_description":"Son Altesse Royale la Princesse Lalla Hasnaa a pr\u00e9sid\u00e9e, hier jeudi 15 mai, la premi\u00e8re session du Conseil d\u2019Administration de la Fondation du Th\u00e9\u00e2tre Royal de Rabat. C\u2019\u00e9tait en pr\u00e9sence de plusieurs personnalit\u00e9s de renom, dont Mme Brigitte Macron, \u00e9pouse du pr\u00e9sident fran\u00e7ais, Emmanuel Macron. [&hellip;]","og_url":"https:\/\/macite.tg\/?p=22108","article_published_time":"2025-05-16T18:01:48+00:00","article_modified_time":"2025-05-16T18:01:51+00:00","og_image":[{"width":500,"height":303,"url":"https:\/\/macite.tg\/wp-content\/uploads\/2025\/05\/1e-session-du-CA-theatre-Royal-de-Rabat.jpg","type":"image\/jpeg"}],"author":"Jean Pierre BAWELA","twitter_card":"summary_large_image","twitter_misc":{"\u00c9crit par":"Jean Pierre BAWELA","Dur\u00e9e de lecture estim\u00e9e":"3 minutes"},"schema":{"@context":"https:\/\/schema.org","@graph":[{"@type":"Article","@id":"https:\/\/macite.tg\/?p=22108#article","isPartOf":{"@id":"https:\/\/macite.tg\/?p=22108"},"author":{"name":"Jean Pierre BAWELA","@id":"https:\/\/macite.tg\/#\/schema\/person\/e9f2de7e5dbbe7770a9402c7ce82f5c2"},"headline":"FONDATION DU THEATRE ROYAL DE RABAT\u00a0: Une 1\u00e8re session du Conseil d\u2019Administration sous l\u2019\u00e9gide de SAR la Princesse Lalla Hasnaa","datePublished":"2025-05-16T18:01:48+00:00","dateModified":"2025-05-16T18:01:51+00:00","mainEntityOfPage":{"@id":"https:\/\/macite.tg\/?p=22108"},"wordCount":496,"commentCount":0,"image":{"@id":"https:\/\/macite.tg\/?p=22108#primaryimage"},"thumbnailUrl":"https:\/\/macite.tg\/wp-content\/uploads\/2025\/05\/1e-session-du-CA-theatre-Royal-de-Rabat.jpg","articleSection":["ACTUALITE","CULTURE"],"inLanguage":"fr-FR","potentialAction":[{"@type":"CommentAction","name":"Comment","target":["https:\/\/macite.tg\/?p=22108#respond"]}]},{"@type":"WebPage","@id":"https:\/\/macite.tg\/?p=22108","url":"https:\/\/macite.tg\/?p=22108","name":"FONDATION DU THEATRE ROYAL DE RABAT\u00a0: Une 1\u00e8re session du Conseil d\u2019Administration sous l\u2019\u00e9gide de SAR la Princesse Lalla Hasnaa -","isPartOf":{"@id":"https:\/\/macite.tg\/#website"},"primaryImageOfPage":{"@id":"https:\/\/macite.tg\/?p=22108#primaryimage"},"image":{"@id":"https:\/\/macite.tg\/?p=22108#primaryimage"},"thumbnailUrl":"https:\/\/macite.tg\/wp-content\/uploads\/2025\/05\/1e-session-du-CA-theatre-Royal-de-Rabat.jpg","datePublished":"2025-05-16T18:01:48+00:00","dateModified":"2025-05-16T18:01:51+00:00","author":{"@id":"https:\/\/macite.tg\/#\/schema\/person\/e9f2de7e5dbbe7770a9402c7ce82f5c2"},"breadcrumb":{"@id":"https:\/\/macite.tg\/?p=22108#breadcrumb"},"inLanguage":"fr-FR","potentialAction":[{"@type":"ReadAction","target":["https:\/\/macite.tg\/?p=22108"]}]},{"@type":"ImageObject","inLanguage":"fr-FR","@id":"https:\/\/macite.tg\/?p=22108#primaryimage","url":"https:\/\/macite.tg\/wp-content\/uploads\/2025\/05\/1e-session-du-CA-theatre-Royal-de-Rabat.jpg","contentUrl":"https:\/\/macite.tg\/wp-content\/uploads\/2025\/05\/1e-session-du-CA-theatre-Royal-de-Rabat.jpg","width":500,"height":303,"caption":"Photo de famille des membres du Conseil d'Administration du Th\u00e9\u00e2tre ROyal de Rabat"},{"@type":"BreadcrumbList","@id":"https:\/\/macite.tg\/?p=22108#breadcrumb","itemListElement":[{"@type":"ListItem","position":1,"name":"Accueil","item":"https:\/\/macite.tg\/"},{"@type":"ListItem","position":2,"name":"FONDATION DU THEATRE ROYAL DE RABAT\u00a0: Une 1\u00e8re session du Conseil d\u2019Administration sous l\u2019\u00e9gide de SAR la Princesse Lalla Hasnaa"}]},{"@type":"WebSite","@id":"https:\/\/macite.tg\/#website","url":"https:\/\/macite.tg\/","name":"","description":"L&#039;information, la bonne!!!","potentialAction":[{"@type":"SearchAction","target":{"@type":"EntryPoint","urlTemplate":"https:\/\/macite.tg\/?s={search_term_string}"},"query-input":{"@type":"PropertyValueSpecification","valueRequired":true,"valueName":"search_term_string"}}],"inLanguage":"fr-FR"},{"@type":"Person","@id":"https:\/\/macite.tg\/#\/schema\/person\/e9f2de7e5dbbe7770a9402c7ce82f5c2","name":"Jean Pierre BAWELA","image":{"@type":"ImageObject","inLanguage":"fr-FR","@id":"https:\/\/macite.tg\/wp-content\/uploads\/2023\/09\/WhatsApp-Image-2023-09-19-at-14.44.41-122x122.jpeg","url":"https:\/\/macite.tg\/wp-content\/uploads\/2023\/09\/WhatsApp-Image-2023-09-19-at-14.44.41-122x122.jpeg","contentUrl":"https:\/\/macite.tg\/wp-content\/uploads\/2023\/09\/WhatsApp-Image-2023-09-19-at-14.44.41-122x122.jpeg","caption":"Jean Pierre BAWELA"},"url":"https:\/\/macite.tg\/?author=2"}]}},"_links":{"self":[{"href":"https:\/\/macite.tg\/index.php?rest_route=\/wp\/v2\/posts\/22108","targetHints":{"allow":["GET"]}}],"collection":[{"href":"https:\/\/macite.tg\/index.php?rest_route=\/wp\/v2\/posts"}],"about":[{"href":"https:\/\/macite.tg\/index.php?rest_route=\/wp\/v2\/types\/post"}],"author":[{"embeddable":true,"href":"https:\/\/macite.tg\/index.php?rest_route=\/wp\/v2\/users\/2"}],"replies":[{"embeddable":true,"href":"https:\/\/macite.tg\/index.php?rest_route=%2Fwp%2Fv2%2Fcomments&post=22108"}],"version-history":[{"count":0,"href":"https:\/\/macite.tg\/index.php?rest_route=\/wp\/v2\/posts\/22108\/revisions"}],"wp:featuredmedia":[{"embeddable":true,"href":"https:\/\/macite.tg\/index.php?rest_route=\/wp\/v2\/media\/22109"}],"wp:attachment":[{"href":"https:\/\/macite.tg\/index.php?rest_route=%2Fwp%2Fv2%2Fmedia&parent=22108"}],"wp:term":[{"taxonomy":"category","embeddable":true,"href":"https:\/\/macite.tg\/index.php?rest_route=%2Fwp%2Fv2%2Fcategories&post=22108"},{"taxonomy":"post_tag","embeddable":true,"href":"https:\/\/macite.tg\/index.php?rest_route=%2Fwp%2Fv2%2Ftags&post=22108"}],"curies":[{"name":"wp","href":"https:\/\/api.w.org\/{rel}","templated":true}]}}