{"id":22089,"date":"2025-05-16T15:28:59","date_gmt":"2025-05-16T15:28:59","guid":{"rendered":"https:\/\/macite.tg\/?p=22089"},"modified":"2025-05-16T15:29:03","modified_gmt":"2025-05-16T15:29:03","slug":"premiere-conference-de-lua-sur-la-dette-faure-gnassingbe-porte-voix-de-lafrique-a-linternational","status":"publish","type":"post","link":"https:\/\/macite.tg\/?p=22089","title":{"rendered":"PREMIERE CONFERENCE DE L\u2019UA SUR LA DETTE\u00a0: Faure Gnassingb\u00e9, porte-voix de l\u2019Afrique \u00e0 l\u2019international"},"content":{"rendered":"\n<p class=\"wp-block-paragraph\"><strong><em>Les rideaux sont tomb\u00e9s sur la premi\u00e8re Conf\u00e9rence de l\u2019Union africaine (UA) sur la dette publique. A l\u2019issue des travaux, plusieurs r\u00e9flexions ont \u00e9t\u00e9 men\u00e9es sur la probl\u00e9matique majeure des \u00e9conomies africaines, avec \u00e0 la cl\u00e9 une s\u00e9rie de r\u00e9solutions, le tout port\u00e9 dans un document intitul\u00e9 la D\u00e9claration de Lom\u00e9.<\/em><\/strong><\/p>\n\n\n\n<p class=\"wp-block-paragraph\">Apr\u00e8s trois jours de travaux (du 12 au 14 mai dernier), les participants \u00e0 la premi\u00e8re Conf\u00e9rence de l\u2019Union africaine (UA) sur la dette publique, ont adopt\u00e9 une s\u00e9rie de r\u00e9solution contenu dans la D\u00e9claration de Lom\u00e9.<\/p>\n\n\n\n<p class=\"wp-block-paragraph\">L\u2019une des d\u00e9cisions majeures prise par la Conf\u00e9rence, est la demande faite au Pr\u00e9sident du Conseil e la R\u00e9publique Togolaise, Faure Essozimna Gnassingb\u00e9. En effet, la Conf\u00e9rence a demand\u00e9 au leader togolais d\u2019\u00eatre le porte-voix du continent \u00e0 l\u2019international sur l question de la dette africaine.<\/p>\n\n\n<div class=\"wp-block-image\">\n<figure class=\"aligncenter size-full\"><img loading=\"lazy\" decoding=\"async\" width=\"851\" height=\"315\" src=\"https:\/\/macite.tg\/wp-content\/uploads\/2025\/05\/OTR_Ferer-pour-batir-1-1.jpg\" alt=\"\" class=\"wp-image-22093\" srcset=\"https:\/\/macite.tg\/wp-content\/uploads\/2025\/05\/OTR_Ferer-pour-batir-1-1.jpg 851w, https:\/\/macite.tg\/wp-content\/uploads\/2025\/05\/OTR_Ferer-pour-batir-1-1-300x111.jpg 300w, https:\/\/macite.tg\/wp-content\/uploads\/2025\/05\/OTR_Ferer-pour-batir-1-1-768x284.jpg 768w\" sizes=\"auto, (max-width: 851px) 100vw, 851px\" \/><\/figure>\n<\/div>\n\n\n<p class=\"wp-block-paragraph\">Ainsi, Faure Gnassingb\u00e9 aura pour mission de mener des plaidoyers aupr\u00e8s des partenaires financiers internationaux dans l\u2019optique d\u2019obtenir une r\u00e9vision des conditionnalit\u00e9s applicables \u00e0 la dette du continent africain. Il devra ainsi engager des discussions avec le Fonds mon\u00e9taire international, la Banque mondiale, entre autres, afin d\u2019obtenir une r\u00e9duction des co\u00fbts des cr\u00e9dits consentis aux pays africains.<\/p>\n\n\n\n<p class=\"wp-block-paragraph\">Face \u00e0 la presse, lors de la c\u00e9r\u00e9monie de cl\u00f4ture, le ministre togolais de l\u2019Economie et des finances, Georges Essow\u00e8 Barcola, avait indiqu\u00e9 que <em>\u00ab&nbsp;le<\/em> <em>pr\u00e9sident du conseil se chargera de n\u00e9gocier une dette saine pour le continent, c\u2019est-\u00e0-dire une dette qui ne soit pas accord\u00e9e \u00e0 des co\u00fbts prohibitifs. Nous avons besoin de ressources, mais de ressources concessionnelles. Pour cela, il est n\u00e9cessaire de revoir le m\u00e9canisme international de la dette&nbsp;\u00bb.<\/em><\/p>\n\n\n<div class=\"wp-block-image\">\n<figure class=\"aligncenter size-full is-resized\"><img loading=\"lazy\" decoding=\"async\" width=\"500\" height=\"304\" src=\"https:\/\/macite.tg\/wp-content\/uploads\/2025\/05\/OTR_SAM-1.jpg\" alt=\"\" class=\"wp-image-22096\" style=\"width:669px;height:auto\" srcset=\"https:\/\/macite.tg\/wp-content\/uploads\/2025\/05\/OTR_SAM-1.jpg 500w, https:\/\/macite.tg\/wp-content\/uploads\/2025\/05\/OTR_SAM-1-300x182.jpg 300w\" sizes=\"auto, (max-width: 500px) 100vw, 500px\" \/><\/figure>\n<\/div>\n\n\n<p class=\"wp-block-paragraph\">Cette d\u00e9signation du Pr\u00e9sident du Conseil, Faure Gnassingb\u00e9, comme porte-voix de l\u2019Afrique sur la question de la dette, n\u2019est en effet, qu\u2019une nouvelle reconnaissance pour le Togo dont l\u2019engagement a \u00e9t\u00e9 salu\u00e9 par l\u2019Union africaine.<\/p>\n\n\n\n<p class=\"wp-block-paragraph\"><strong>JPB<\/strong><\/p>\n\n\n\n<p class=\"wp-block-paragraph\"><a><strong><em>@macite.tg&nbsp;&nbsp;&nbsp;&nbsp;&nbsp;&nbsp;&nbsp;&nbsp;<\/em><\/strong><\/a><\/p>\n\n\n\n<p class=\"wp-block-paragraph\"><strong><em>E-mail&nbsp;: <\/em><\/strong><a href=\"mailto:maciteinfo@gmail.com\"><strong><em>maciteinfo@gmail.com<\/em><\/strong><\/a><strong><em>; <\/em><\/strong><a href=\"mailto:bawela1@gmail.com\"><strong><em>bawela1@gmail.com<\/em><\/strong><\/a><strong><em><\/em><\/strong><\/p>\n\n\n\n<p class=\"wp-block-paragraph\"><strong><em>Pour vos annonces, (publi)reportages, etc., joignez-nous au (00228)91515309\/<strong>79872224 <\/strong>www.macite.tg, L\u2019information, la bonne&nbsp;!<\/em><\/strong><\/p>\n\n\n\n<p class=\"wp-block-paragraph\"><\/p>\n","protected":false},"excerpt":{"rendered":"<p class=\"text-justify mb-2\" >Les rideaux sont tomb\u00e9s sur la premi\u00e8re Conf\u00e9rence de l\u2019Union africaine (UA) sur la dette publique. A l\u2019issue des travaux, plusieurs r\u00e9flexions ont \u00e9t\u00e9 men\u00e9es sur la probl\u00e9matique majeure des \u00e9conomies africaines, avec \u00e0 la cl\u00e9 une s\u00e9rie de r\u00e9solutions, le tout port\u00e9 dans un [&hellip;]<\/p>\n","protected":false},"author":2,"featured_media":22092,"comment_status":"open","ping_status":"open","sticky":false,"template":"","format":"standard","meta":{"footnotes":""},"categories":[20,3],"tags":[],"class_list":["post-22089","post","type-post","status-publish","format-standard","has-post-thumbnail","hentry","category-actualite","category-economie"],"yoast_head":"<!-- This site is optimized with the Yoast SEO plugin v28.4 - https:\/\/yoast.com\/product\/yoast-seo-wordpress\/ -->\n<title>PREMIERE CONFERENCE DE L\u2019UA SUR LA DETTE\u00a0: Faure Gnassingb\u00e9, porte-voix de l\u2019Afrique \u00e0 l\u2019international -<\/title>\n<meta name=\"robots\" content=\"index, follow, max-snippet:-1, max-image-preview:large, max-video-preview:-1\" \/>\n<link rel=\"canonical\" href=\"https:\/\/macite.tg\/?p=22089\" \/>\n<meta property=\"og:locale\" content=\"fr_FR\" \/>\n<meta property=\"og:type\" content=\"article\" \/>\n<meta property=\"og:title\" content=\"PREMIERE CONFERENCE DE L\u2019UA SUR LA DETTE\u00a0: Faure Gnassingb\u00e9, porte-voix de l\u2019Afrique \u00e0 l\u2019international -\" \/>\n<meta property=\"og:description\" content=\"Les rideaux sont tomb\u00e9s sur la premi\u00e8re Conf\u00e9rence de l\u2019Union africaine (UA) sur la dette publique. A l\u2019issue des travaux, plusieurs r\u00e9flexions ont \u00e9t\u00e9 men\u00e9es sur la probl\u00e9matique majeure des \u00e9conomies africaines, avec \u00e0 la cl\u00e9 une s\u00e9rie de r\u00e9solutions, le tout port\u00e9 dans un [&hellip;]\" \/>\n<meta property=\"og:url\" content=\"https:\/\/macite.tg\/?p=22089\" \/>\n<meta property=\"article:published_time\" content=\"2025-05-16T15:28:59+00:00\" \/>\n<meta property=\"article:modified_time\" content=\"2025-05-16T15:29:03+00:00\" \/>\n<meta property=\"og:image\" content=\"https:\/\/macite.tg\/wp-content\/uploads\/2025\/05\/PC-faure-1.jpg\" \/>\n\t<meta property=\"og:image:width\" content=\"500\" \/>\n\t<meta property=\"og:image:height\" content=\"340\" \/>\n\t<meta property=\"og:image:type\" content=\"image\/jpeg\" \/>\n<meta name=\"author\" content=\"Jean Pierre BAWELA\" \/>\n<meta name=\"twitter:card\" content=\"summary_large_image\" \/>\n<meta name=\"twitter:label1\" content=\"\u00c9crit par\" \/>\n\t<meta name=\"twitter:data1\" content=\"Jean Pierre BAWELA\" \/>\n\t<meta name=\"twitter:label2\" content=\"Dur\u00e9e de lecture estim\u00e9e\" \/>\n\t<meta name=\"twitter:data2\" content=\"3 minutes\" \/>\n<script type=\"application\/ld+json\" class=\"yoast-schema-graph\">{\"@context\":\"https:\\\/\\\/schema.org\",\"@graph\":[{\"@type\":\"Article\",\"@id\":\"https:\\\/\\\/macite.tg\\\/?p=22089#article\",\"isPartOf\":{\"@id\":\"https:\\\/\\\/macite.tg\\\/?p=22089\"},\"author\":{\"name\":\"Jean Pierre BAWELA\",\"@id\":\"https:\\\/\\\/macite.tg\\\/#\\\/schema\\\/person\\\/e9f2de7e5dbbe7770a9402c7ce82f5c2\"},\"headline\":\"PREMIERE CONFERENCE DE L\u2019UA SUR LA DETTE\u00a0: Faure Gnassingb\u00e9, porte-voix de l\u2019Afrique \u00e0 l\u2019international\",\"datePublished\":\"2025-05-16T15:28:59+00:00\",\"dateModified\":\"2025-05-16T15:29:03+00:00\",\"mainEntityOfPage\":{\"@id\":\"https:\\\/\\\/macite.tg\\\/?p=22089\"},\"wordCount\":398,\"commentCount\":0,\"image\":{\"@id\":\"https:\\\/\\\/macite.tg\\\/?p=22089#primaryimage\"},\"thumbnailUrl\":\"https:\\\/\\\/macite.tg\\\/wp-content\\\/uploads\\\/2025\\\/05\\\/PC-faure-1.jpg\",\"articleSection\":[\"ACTUALITE\",\"ECONOMIE\"],\"inLanguage\":\"fr-FR\",\"potentialAction\":[{\"@type\":\"CommentAction\",\"name\":\"Comment\",\"target\":[\"https:\\\/\\\/macite.tg\\\/?p=22089#respond\"]}]},{\"@type\":\"WebPage\",\"@id\":\"https:\\\/\\\/macite.tg\\\/?p=22089\",\"url\":\"https:\\\/\\\/macite.tg\\\/?p=22089\",\"name\":\"PREMIERE CONFERENCE DE L\u2019UA SUR LA DETTE\u00a0: Faure Gnassingb\u00e9, porte-voix de l\u2019Afrique \u00e0 l\u2019international -\",\"isPartOf\":{\"@id\":\"https:\\\/\\\/macite.tg\\\/#website\"},\"primaryImageOfPage\":{\"@id\":\"https:\\\/\\\/macite.tg\\\/?p=22089#primaryimage\"},\"image\":{\"@id\":\"https:\\\/\\\/macite.tg\\\/?p=22089#primaryimage\"},\"thumbnailUrl\":\"https:\\\/\\\/macite.tg\\\/wp-content\\\/uploads\\\/2025\\\/05\\\/PC-faure-1.jpg\",\"datePublished\":\"2025-05-16T15:28:59+00:00\",\"dateModified\":\"2025-05-16T15:29:03+00:00\",\"author\":{\"@id\":\"https:\\\/\\\/macite.tg\\\/#\\\/schema\\\/person\\\/e9f2de7e5dbbe7770a9402c7ce82f5c2\"},\"breadcrumb\":{\"@id\":\"https:\\\/\\\/macite.tg\\\/?p=22089#breadcrumb\"},\"inLanguage\":\"fr-FR\",\"potentialAction\":[{\"@type\":\"ReadAction\",\"target\":[\"https:\\\/\\\/macite.tg\\\/?p=22089\"]}]},{\"@type\":\"ImageObject\",\"inLanguage\":\"fr-FR\",\"@id\":\"https:\\\/\\\/macite.tg\\\/?p=22089#primaryimage\",\"url\":\"https:\\\/\\\/macite.tg\\\/wp-content\\\/uploads\\\/2025\\\/05\\\/PC-faure-1.jpg\",\"contentUrl\":\"https:\\\/\\\/macite.tg\\\/wp-content\\\/uploads\\\/2025\\\/05\\\/PC-faure-1.jpg\",\"width\":500,\"height\":340,\"caption\":\"Faure Essozimna Gnassingb\u00e9\"},{\"@type\":\"BreadcrumbList\",\"@id\":\"https:\\\/\\\/macite.tg\\\/?p=22089#breadcrumb\",\"itemListElement\":[{\"@type\":\"ListItem\",\"position\":1,\"name\":\"Accueil\",\"item\":\"https:\\\/\\\/macite.tg\\\/\"},{\"@type\":\"ListItem\",\"position\":2,\"name\":\"PREMIERE CONFERENCE DE L\u2019UA SUR LA DETTE\u00a0: Faure Gnassingb\u00e9, porte-voix de l\u2019Afrique \u00e0 l\u2019international\"}]},{\"@type\":\"WebSite\",\"@id\":\"https:\\\/\\\/macite.tg\\\/#website\",\"url\":\"https:\\\/\\\/macite.tg\\\/\",\"name\":\"\",\"description\":\"L&#039;information, la bonne!!!\",\"potentialAction\":[{\"@type\":\"SearchAction\",\"target\":{\"@type\":\"EntryPoint\",\"urlTemplate\":\"https:\\\/\\\/macite.tg\\\/?s={search_term_string}\"},\"query-input\":{\"@type\":\"PropertyValueSpecification\",\"valueRequired\":true,\"valueName\":\"search_term_string\"}}],\"inLanguage\":\"fr-FR\"},{\"@type\":\"Person\",\"@id\":\"https:\\\/\\\/macite.tg\\\/#\\\/schema\\\/person\\\/e9f2de7e5dbbe7770a9402c7ce82f5c2\",\"name\":\"Jean Pierre BAWELA\",\"image\":{\"@type\":\"ImageObject\",\"inLanguage\":\"fr-FR\",\"@id\":\"https:\\\/\\\/macite.tg\\\/wp-content\\\/uploads\\\/2023\\\/09\\\/WhatsApp-Image-2023-09-19-at-14.44.41-122x122.jpeg\",\"url\":\"https:\\\/\\\/macite.tg\\\/wp-content\\\/uploads\\\/2023\\\/09\\\/WhatsApp-Image-2023-09-19-at-14.44.41-122x122.jpeg\",\"contentUrl\":\"https:\\\/\\\/macite.tg\\\/wp-content\\\/uploads\\\/2023\\\/09\\\/WhatsApp-Image-2023-09-19-at-14.44.41-122x122.jpeg\",\"caption\":\"Jean Pierre BAWELA\"},\"url\":\"https:\\\/\\\/macite.tg\\\/?author=2\"}]}<\/script>\n<!-- \/ Yoast SEO plugin. -->","yoast_head_json":{"title":"PREMIERE CONFERENCE DE L\u2019UA SUR LA DETTE\u00a0: Faure Gnassingb\u00e9, porte-voix de l\u2019Afrique \u00e0 l\u2019international -","robots":{"index":"index","follow":"follow","max-snippet":"max-snippet:-1","max-image-preview":"max-image-preview:large","max-video-preview":"max-video-preview:-1"},"canonical":"https:\/\/macite.tg\/?p=22089","og_locale":"fr_FR","og_type":"article","og_title":"PREMIERE CONFERENCE DE L\u2019UA SUR LA DETTE\u00a0: Faure Gnassingb\u00e9, porte-voix de l\u2019Afrique \u00e0 l\u2019international -","og_description":"Les rideaux sont tomb\u00e9s sur la premi\u00e8re Conf\u00e9rence de l\u2019Union africaine (UA) sur la dette publique. A l\u2019issue des travaux, plusieurs r\u00e9flexions ont \u00e9t\u00e9 men\u00e9es sur la probl\u00e9matique majeure des \u00e9conomies africaines, avec \u00e0 la cl\u00e9 une s\u00e9rie de r\u00e9solutions, le tout port\u00e9 dans un [&hellip;]","og_url":"https:\/\/macite.tg\/?p=22089","article_published_time":"2025-05-16T15:28:59+00:00","article_modified_time":"2025-05-16T15:29:03+00:00","og_image":[{"width":500,"height":340,"url":"https:\/\/macite.tg\/wp-content\/uploads\/2025\/05\/PC-faure-1.jpg","type":"image\/jpeg"}],"author":"Jean Pierre BAWELA","twitter_card":"summary_large_image","twitter_misc":{"\u00c9crit par":"Jean Pierre BAWELA","Dur\u00e9e de lecture estim\u00e9e":"3 minutes"},"schema":{"@context":"https:\/\/schema.org","@graph":[{"@type":"Article","@id":"https:\/\/macite.tg\/?p=22089#article","isPartOf":{"@id":"https:\/\/macite.tg\/?p=22089"},"author":{"name":"Jean Pierre BAWELA","@id":"https:\/\/macite.tg\/#\/schema\/person\/e9f2de7e5dbbe7770a9402c7ce82f5c2"},"headline":"PREMIERE CONFERENCE DE L\u2019UA SUR LA DETTE\u00a0: Faure Gnassingb\u00e9, porte-voix de l\u2019Afrique \u00e0 l\u2019international","datePublished":"2025-05-16T15:28:59+00:00","dateModified":"2025-05-16T15:29:03+00:00","mainEntityOfPage":{"@id":"https:\/\/macite.tg\/?p=22089"},"wordCount":398,"commentCount":0,"image":{"@id":"https:\/\/macite.tg\/?p=22089#primaryimage"},"thumbnailUrl":"https:\/\/macite.tg\/wp-content\/uploads\/2025\/05\/PC-faure-1.jpg","articleSection":["ACTUALITE","ECONOMIE"],"inLanguage":"fr-FR","potentialAction":[{"@type":"CommentAction","name":"Comment","target":["https:\/\/macite.tg\/?p=22089#respond"]}]},{"@type":"WebPage","@id":"https:\/\/macite.tg\/?p=22089","url":"https:\/\/macite.tg\/?p=22089","name":"PREMIERE CONFERENCE DE L\u2019UA SUR LA DETTE\u00a0: Faure Gnassingb\u00e9, porte-voix de l\u2019Afrique \u00e0 l\u2019international -","isPartOf":{"@id":"https:\/\/macite.tg\/#website"},"primaryImageOfPage":{"@id":"https:\/\/macite.tg\/?p=22089#primaryimage"},"image":{"@id":"https:\/\/macite.tg\/?p=22089#primaryimage"},"thumbnailUrl":"https:\/\/macite.tg\/wp-content\/uploads\/2025\/05\/PC-faure-1.jpg","datePublished":"2025-05-16T15:28:59+00:00","dateModified":"2025-05-16T15:29:03+00:00","author":{"@id":"https:\/\/macite.tg\/#\/schema\/person\/e9f2de7e5dbbe7770a9402c7ce82f5c2"},"breadcrumb":{"@id":"https:\/\/macite.tg\/?p=22089#breadcrumb"},"inLanguage":"fr-FR","potentialAction":[{"@type":"ReadAction","target":["https:\/\/macite.tg\/?p=22089"]}]},{"@type":"ImageObject","inLanguage":"fr-FR","@id":"https:\/\/macite.tg\/?p=22089#primaryimage","url":"https:\/\/macite.tg\/wp-content\/uploads\/2025\/05\/PC-faure-1.jpg","contentUrl":"https:\/\/macite.tg\/wp-content\/uploads\/2025\/05\/PC-faure-1.jpg","width":500,"height":340,"caption":"Faure Essozimna Gnassingb\u00e9"},{"@type":"BreadcrumbList","@id":"https:\/\/macite.tg\/?p=22089#breadcrumb","itemListElement":[{"@type":"ListItem","position":1,"name":"Accueil","item":"https:\/\/macite.tg\/"},{"@type":"ListItem","position":2,"name":"PREMIERE CONFERENCE DE L\u2019UA SUR LA DETTE\u00a0: Faure Gnassingb\u00e9, porte-voix de l\u2019Afrique \u00e0 l\u2019international"}]},{"@type":"WebSite","@id":"https:\/\/macite.tg\/#website","url":"https:\/\/macite.tg\/","name":"","description":"L&#039;information, la bonne!!!","potentialAction":[{"@type":"SearchAction","target":{"@type":"EntryPoint","urlTemplate":"https:\/\/macite.tg\/?s={search_term_string}"},"query-input":{"@type":"PropertyValueSpecification","valueRequired":true,"valueName":"search_term_string"}}],"inLanguage":"fr-FR"},{"@type":"Person","@id":"https:\/\/macite.tg\/#\/schema\/person\/e9f2de7e5dbbe7770a9402c7ce82f5c2","name":"Jean Pierre BAWELA","image":{"@type":"ImageObject","inLanguage":"fr-FR","@id":"https:\/\/macite.tg\/wp-content\/uploads\/2023\/09\/WhatsApp-Image-2023-09-19-at-14.44.41-122x122.jpeg","url":"https:\/\/macite.tg\/wp-content\/uploads\/2023\/09\/WhatsApp-Image-2023-09-19-at-14.44.41-122x122.jpeg","contentUrl":"https:\/\/macite.tg\/wp-content\/uploads\/2023\/09\/WhatsApp-Image-2023-09-19-at-14.44.41-122x122.jpeg","caption":"Jean Pierre BAWELA"},"url":"https:\/\/macite.tg\/?author=2"}]}},"_links":{"self":[{"href":"https:\/\/macite.tg\/index.php?rest_route=\/wp\/v2\/posts\/22089","targetHints":{"allow":["GET"]}}],"collection":[{"href":"https:\/\/macite.tg\/index.php?rest_route=\/wp\/v2\/posts"}],"about":[{"href":"https:\/\/macite.tg\/index.php?rest_route=\/wp\/v2\/types\/post"}],"author":[{"embeddable":true,"href":"https:\/\/macite.tg\/index.php?rest_route=\/wp\/v2\/users\/2"}],"replies":[{"embeddable":true,"href":"https:\/\/macite.tg\/index.php?rest_route=%2Fwp%2Fv2%2Fcomments&post=22089"}],"version-history":[{"count":0,"href":"https:\/\/macite.tg\/index.php?rest_route=\/wp\/v2\/posts\/22089\/revisions"}],"wp:featuredmedia":[{"embeddable":true,"href":"https:\/\/macite.tg\/index.php?rest_route=\/wp\/v2\/media\/22092"}],"wp:attachment":[{"href":"https:\/\/macite.tg\/index.php?rest_route=%2Fwp%2Fv2%2Fmedia&parent=22089"}],"wp:term":[{"taxonomy":"category","embeddable":true,"href":"https:\/\/macite.tg\/index.php?rest_route=%2Fwp%2Fv2%2Fcategories&post=22089"},{"taxonomy":"post_tag","embeddable":true,"href":"https:\/\/macite.tg\/index.php?rest_route=%2Fwp%2Fv2%2Ftags&post=22089"}],"curies":[{"name":"wp","href":"https:\/\/api.w.org\/{rel}","templated":true}]}}