{"id":22081,"date":"2025-05-16T13:13:18","date_gmt":"2025-05-16T13:13:18","guid":{"rendered":"https:\/\/macite.tg\/?p=22081"},"modified":"2025-05-16T13:13:28","modified_gmt":"2025-05-16T13:13:28","slug":"conference-de-lua-sur-la-dette-declaration-de-lome","status":"publish","type":"post","link":"https:\/\/macite.tg\/?p=22081","title":{"rendered":"CONF\u00c9RENCE DE L&rsquo;UA SUR LA DETTE\u00a0: D\u00e9claration de Lom\u00e9\u2026"},"content":{"rendered":"\n<p class=\"wp-block-paragraph\"><strong><em>NOUS, chefs d&rsquo;\u00c9tat et de gouvernement de l&rsquo;Union africaine (UA), ministres des Finances, gouverneurs des banques centrales, repr\u00e9sentants des minist\u00e8res des Finances, des institutions financi\u00e8res multilat\u00e9rales africaines, des communaut\u00e9s \u00e9conomiques r\u00e9gionales et des organisations de la soci\u00e9t\u00e9 civile r\u00e9unis \u00e0 l&rsquo;occasion de la Conf\u00e9rence de l&rsquo;Union africaine sur la dette qui se tient du 12 au 14 mai 2025 \u00e0 Lom\u00e9, au Togo.<\/em><\/strong><\/p>\n\n\n\n<p class=\"wp-block-paragraph\">AYANT d\u00e9lib\u00e9r\u00e9 sur le th\u00e8me &amp; Agenda africain de gestion de la dette publique: restaurer et pr\u00e9server la viabilit\u00e9 de la dette<\/p>\n\n\n\n<p class=\"wp-block-paragraph\"><strong>RECONNAISSANT <\/strong>que la dette publique en Afrique a consid\u00e9rablement augment\u00e9 au cours de la derni\u00e8re d\u00e9cennie, pla\u00e7ant plus de 25 pays en situation de surendettement ou les exposant \u00e0 un risque \u00e9lev\u00e9 de surendettement, ce qui constitue un immense d\u00e9fi \u00e0 surmonter, puisque l&rsquo;augmentation des co\u00fbts du service de la dette accapare de mani\u00e8re excessive les ressources publiques essentielles au d\u00e9veloppement et \u00e0 la r\u00e9alisation des Objectifs de d\u00e9veloppement durable (ODD) et de l&rsquo;Agenda 2063 de TUA<\/p>\n\n\n\n<p class=\"wp-block-paragraph\"><strong>RECONNAISSANT<\/strong> qu&rsquo;au-del\u00e0 de l&rsquo;alourdissement des paiements dus au titre du service de la dette, le continent fait face \u00e0 un \u00e9norme d\u00e9ficit de financement du d\u00e9veloppement, estim\u00e9 en moyenne \u00e0 200 milliards de dollars par an, pour atteindre avec succ\u00e8s les ODD d&rsquo;ici \u00e0 l&rsquo;horizon 2030 ;<\/p>\n\n\n<div class=\"wp-block-image\">\n<figure class=\"aligncenter size-full is-resized\"><img loading=\"lazy\" decoding=\"async\" width=\"500\" height=\"335\" src=\"https:\/\/macite.tg\/wp-content\/uploads\/2025\/05\/Conf-UA-dette-1.jpg\" alt=\"\" class=\"wp-image-22004\" style=\"width:742px;height:auto\" srcset=\"https:\/\/macite.tg\/wp-content\/uploads\/2025\/05\/Conf-UA-dette-1.jpg 500w, https:\/\/macite.tg\/wp-content\/uploads\/2025\/05\/Conf-UA-dette-1-300x201.jpg 300w, https:\/\/macite.tg\/wp-content\/uploads\/2025\/05\/Conf-UA-dette-1-112x75.jpg 112w, https:\/\/macite.tg\/wp-content\/uploads\/2025\/05\/Conf-UA-dette-1-430x287.jpg 430w\" sizes=\"auto, (max-width: 500px) 100vw, 500px\" \/><figcaption class=\"wp-element-caption\"><strong><em>Quelques temps forts de la Conf\u00e9rence de l&rsquo;UA sur la dette du 12 au 14 mai 2025<\/em><\/strong><\/figcaption><\/figure>\n<\/div>\n\n\n<p class=\"wp-block-paragraph\"><strong>CONSCIENTS<\/strong> que la situation actuelle en mati\u00e8re de dette laisse pr\u00e9sager une t\u00e2che ardue pour le continent, en partie en raison de la complexit\u00e9 croissante des restructurations de dettes li\u00e9e \u00e0 la grande diversit\u00e9 des cr\u00e9anciers, ainsi que des difficult\u00e9s accrues pour combler le d\u00e9ficit de financement imputable \u00e0 la r\u00e9duction des flux de financement du d\u00e9veloppement \u00e0 destination du continent&nbsp;:<\/p>\n\n\n\n<p class=\"wp-block-paragraph\"><strong>SOULIGNANT<\/strong> que le d\u00e9fi \u00e0 relever n\u00e9cessite des interventions visant, d&rsquo;une part, \u00e0 r\u00e9soudre les actuelles crises de la dette afin de lib\u00e9rer des ressources \u00e0 r\u00e9orienter vers l&rsquo;acc\u00e9l\u00e9ration de la transformation sociale et \u00e9conomique n\u00e9cessaire \u00e0 la r\u00e9alisation des ODD et de l&rsquo;Agenda 2063 et, d&rsquo;autre part, \u00e0 garantir la satisfaction des besoins de financement accrus tout en pr\u00e9servant la viabilit\u00e9 de la dette&nbsp;;<\/p>\n\n\n\n<p class=\"wp-block-paragraph\"><strong>RAPPELANT<\/strong> que, malgr\u00e9 les diverses initiatives d&rsquo;all\u00e8gement de la dette mises en place et d\u00e9ploy\u00e9es par la communaut\u00e9 internationale dont le continent a pu b\u00e9n\u00e9ficier, l continue de conna\u00eetre des \u00e9pisodes d&rsquo;endettement massif&nbsp;;<\/p>\n\n\n\n<p class=\"wp-block-paragraph\"><strong>CONSTATANT AVEC PREOCCUPATION<\/strong> que, bien que le continent ait accueilli le Cadre commun du G20 comme une premi\u00e8re \u00e9tape vers une approche plus globale de la restructuration de la dette souveraine sur le continent et au-del\u00e0, ce m\u00e9canisme n&rsquo;a pas offert de solution pour la restauration rapide de la viabilit\u00e9 de la dette, suscitant un scepticisme consid\u00e9rable quant \u00e0 sa capacit\u00e9 \u00e0 apporter des solutions concr\u00e8tes pour les pays fortement endett\u00e9s, en particulier en Afrique ;<\/p>\n\n\n\n<p class=\"wp-block-paragraph\"><strong>F\u00c9LICITANT<\/strong> la Commission de l&rsquo;Union africaine (\u00ab&nbsp;CUA \u00bb) pour l&rsquo;\u00e9laboration d&rsquo;une position africaine commune sur la dette, visant \u00e0 \u00e9tablir des principes directeurs \u00e0 adopter par les \u00c9tats membres de l&rsquo;UA aux fins de leur gestion de la dette, en d\u00e9finissant \u00e0 la fois un m\u00e9canisme efficace de r\u00e9solution de la dette et des principes communs de gestion de la dette qui permettront au continent de mobiliser des ressources concessionnelles \u00e0 grande \u00e9chelle afin de mettre en \u0153uvre l&rsquo;Agenda 2063 de l&rsquo;UA tout en pr\u00e9servant la viabilit\u00e9 de la dette.<\/p>\n\n\n<div class=\"wp-block-image\">\n<figure class=\"aligncenter size-full\"><img loading=\"lazy\" decoding=\"async\" width=\"851\" height=\"315\" src=\"https:\/\/macite.tg\/wp-content\/uploads\/2025\/05\/OTR_Ferer-pour-batir-1.jpg\" alt=\"\" class=\"wp-image-21824\" srcset=\"https:\/\/macite.tg\/wp-content\/uploads\/2025\/05\/OTR_Ferer-pour-batir-1.jpg 851w, https:\/\/macite.tg\/wp-content\/uploads\/2025\/05\/OTR_Ferer-pour-batir-1-300x111.jpg 300w, https:\/\/macite.tg\/wp-content\/uploads\/2025\/05\/OTR_Ferer-pour-batir-1-768x284.jpg 768w\" sizes=\"auto, (max-width: 851px) 100vw, 851px\" \/><\/figure>\n<\/div>\n\n\n<p class=\"wp-block-paragraph\"><strong>PAR LA PRESENTE&nbsp;:<\/strong><\/p>\n\n\n\n<p class=\"wp-block-paragraph\"><strong>SUR LES MESURES \u00c0 PRENDRE POUR R\u00c9SOUDRE LES PROBL\u00c8MES D&rsquo;ENDETTEMENT ACTUELS<\/strong><\/p>\n\n\n\n<p class=\"wp-block-paragraph\"><strong>1. R\u00c9AFFIRMONS<\/strong> notre d\u00e9termination \u00e0 mettre en \u0153uvre au niveau national, continental et international toutes les mesures susceptibles de contribuer \u00e0 la r\u00e9solution effective de la crise de la dette actuelle et exprimons notre engagement \u00e0 examiner et \u00e0 mettre en \u0153uvre, le cas \u00e9ch\u00e9ant, des mesures imm\u00e9diates ou de soutien que pourrait exiger le fardeau croissant de la dette ext\u00e9rieure de l&rsquo;Afrique ainsi que les imp\u00e9ratifs de relance \u00e9conomique et d&rsquo;acc\u00e9l\u00e9ration du d\u00e9veloppement tels que d\u00e9finis dans l&rsquo;Agenda 2063;<\/p>\n\n\n\n<p class=\"wp-block-paragraph\"><strong>2. APPELONS la CUA<\/strong> \u00e0 tirer parti de son statut de membre \u00e0 part enti\u00e8re du G20 pour porter une voix africaine unique et forte sur la sc\u00e8ne internationale en vue d&rsquo;une r\u00e9forme de l&rsquo;architecture financi\u00e8re mondiale, en particulier la r\u00e9forme du Cadre commun du G20, afin de garantir qu&rsquo;il offre un all\u00e8gement ad\u00e9quat et opportun de la dette, indispensable \u00e0 la restauration et \u00e0 la pr\u00e9servation de la viabilit\u00e9 de la dette&nbsp;;<\/p>\n\n\n\n<p class=\"wp-block-paragraph\"><strong>3. D\u00c9CIDONS<\/strong> de plaider en faveur de la r\u00e9forme du Cadre commun du G20 en \u00e9tablissant une m\u00e9thodologie universellement accept\u00e9e pour la comparabilit\u00e9 des traitements, en renfor\u00e7ant la transparence et l&rsquo;inclusivit\u00e9 entre les parties prenantes au courant des phases de restructuration, en adoptant des n\u00e9gociations simultan\u00e9es et coordonn\u00e9es entre les diff\u00e9rents types de cr\u00e9anciers, en introduisant un calendrier contraignant, en suspendant le service de la dette pour tous les pays emprunteurs qui s&rsquo;engagent dans une restructuration de leur dette, en acc\u00e9l\u00e9rant les r\u00e9formes en cours du Cadre de viabilit\u00e9 de la dette pour les pays \u00e0 faible revenu ( CVD PFR \u00bb), en int\u00e9grant les \u00e9changes de dette-nature et dette-climat, en \u00e9largissant ses crit\u00e8res d&rsquo;\u00e9ligibilit\u00e9 pour y inclure les pays \u00e0 revenu interm\u00e9diaire, et en \u00e9tablissant un m\u00e9canisme juridique supranational \u00e0 des fins d&rsquo;ex\u00e9cution, parmi d&rsquo;autres r\u00e9formes propos\u00e9es;<\/p>\n\n\n\n<p class=\"wp-block-paragraph\"><strong>4. D\u00c9CIDONS EN OUTRE<\/strong> de continuer \u00e0 plaider au sein du G20 en faveur d&rsquo;une mise en \u0153uvre rapide de l&rsquo;agenda visant \u00e0 rendre les banques multilat\u00e9rales de d\u00e9veloppement (BMD) meilleures, plus grandes et plus efficaces, notamment par la r\u00e9orientation des droits de tirage sp\u00e9ciaux (DTS) par l&rsquo;interm\u00e9diaire des BMD, en tant que moyen d&rsquo;accro\u00eetre les liquidit\u00e9s concessionnelles indispensables aux pays africains pour refinancer certains des co\u00fbteux emprunts figurant dans nos portefeuilles de dettes&nbsp;;<\/p>\n\n\n\n<p class=\"wp-block-paragraph\"><strong>5. AFFIRMONS<\/strong> notre ferme engagement \u00e0 plaider en faveur de l&rsquo;annulation de la dette, au cas par cas, en tenant compte de l&rsquo;incapacit\u00e9 de certains pays africains \u00e0 honorer le service de leur dette, en nous fondant sur les principes de justice \u00e9conomique, de n\u00e9cessit\u00e9 ainsi que les principes du droit international tels que la force majeure et la clause omnia conventio intelligitur rebus sic stantibu, selon laquelle un changement fondamental de circonstances peut remettre en cause la validit\u00e9 d&rsquo;un trait\u00e9 d&rsquo;un accord de financement&nbsp;;<\/p>\n\n\n<div class=\"wp-block-image\">\n<figure class=\"aligncenter size-full is-resized\"><img loading=\"lazy\" decoding=\"async\" width=\"690\" height=\"170\" src=\"https:\/\/macite.tg\/wp-content\/uploads\/2025\/05\/OTR_TVM-1.jpg\" alt=\"\" class=\"wp-image-22066\" style=\"width:840px;height:auto\" srcset=\"https:\/\/macite.tg\/wp-content\/uploads\/2025\/05\/OTR_TVM-1.jpg 690w, https:\/\/macite.tg\/wp-content\/uploads\/2025\/05\/OTR_TVM-1-300x74.jpg 300w\" sizes=\"auto, (max-width: 690px) 100vw, 690px\" \/><\/figure>\n<\/div>\n\n\n<p class=\"wp-block-paragraph\"><strong>6. NOUS ENGAGEONS<\/strong> \u00e0 adopter une position africaine commune sur la dette sous l&rsquo;\u00e9gide de l&rsquo;Union africaine, afin d&rsquo;en faire une strat\u00e9gie de n\u00e9gociation et de pr\u00e9senter un front uni face aux cr\u00e9anciers et autres parties prenantes lors des n\u00e9gociations et discussions relatives \u00e0 l&rsquo;annulation de la dette du continent, \u00e0 sa restructuration et aux autres engagements de financement de la dette continentale&nbsp;;<\/p>\n\n\n\n<p class=\"wp-block-paragraph\"><strong>7. APPELONS<\/strong> les \u00c9tats membres \u00e0 promouvoir l&rsquo;appel en faveur d&rsquo;une convention-cadre des Nations unies sur la dette souveraine, ainsi que la cr\u00e9ation d&rsquo;un organe onusien sur la dette souveraine plus repr\u00e9sentatif et inclusif en mati\u00e8re de dette souveraine, afin de mettre en place un syst\u00e8me \u00e0 la fois \u00e9quitable et transparent de r\u00e9solution des crises de la dette&nbsp;;<\/p>\n\n\n\n<p class=\"wp-block-paragraph\"><strong>8. D\u00c9CIDONS<\/strong> d&rsquo;aller au-del\u00e0 du Cadre commun du G20 et des autres m\u00e9canismes d&rsquo;all\u00e8gement de la dette en recourant, le cas \u00e9ch\u00e9ant, \u00e0 d&rsquo;autres options de r\u00e9duction du fardeau de la dette, telles que les \u00e9changes de dettes (\u00e9changes de dette-nature et \u00e9changes de dettes contre d\u00e9veloppement), ainsi qu&rsquo;\u00e0 des instruments de financement innovants et peu on\u00e9reux, tels que les obligations Panda&nbsp;;<\/p>\n\n\n\n<p class=\"wp-block-paragraph\"><strong>9. CHERCHONS<\/strong> \u00e0 promouvoir une croissance inclusive et un d\u00e9veloppement durable de l&rsquo;\u00e9conomie africaine, fond\u00e9s sur des taux de croissance annuels de 7 \u00e0 10%, en acc\u00e9l\u00e9rant la transformation productive gr\u00e2ce \u00e0 la mise en \u0153uvre des actions politiques strat\u00e9giques cl\u00e9s adopt\u00e9es en vertu du cadre strat\u00e9gique portant sur les actions cl\u00e9s en faveur de la r\u00e9alisation d&rsquo;une croissance inclusive et d&rsquo;un d\u00e9veloppement durable en Afrique&nbsp;;<\/p>\n\n\n\n<p class=\"wp-block-paragraph\"><strong>10. CHERCHONS<\/strong> \u00e0 harmoniser les politiques macro\u00e9conomiques r\u00e9gionales pour une plus grande r\u00e9silience, en intensifiant l&rsquo;int\u00e9gration \u00e9conomique et en favorisant la convergence des cadres politiques&nbsp;;<\/p>\n\n\n\n<p class=\"wp-block-paragraph\"><strong>11. NOUS ENGAGEONS<\/strong> \u00e0 \u00e9tablir des cadres de stabilit\u00e9 mon\u00e9taire et budg\u00e9taire adapt\u00e9s aux priorit\u00e9s de d\u00e9veloppement, en promouvant des politiques responsables, une gestion prudente de la dette et une stabilit\u00e9 mon\u00e9taire au service de la croissance.<\/p>\n\n\n\n<p class=\"wp-block-paragraph\"><strong>MESURES \u00c0 METTRE EN \u0152UVRE POUR MOBILISER DE NOUVEAUX FINANCEMENTS TOUT EN PR\u00c9SERVANT LA VIABILIT\u00c9 DE LA DETTE<\/strong><\/p>\n\n\n\n<p class=\"wp-block-paragraph\"><strong>12. R\u00c9AFFIRMONS<\/strong> notre engagement \u00e0 poursuivre la mise en \u0153uvre de mesures aux niveaux national, continental et mondial afin de veiller \u00e0 ce que le continent mobilise des financements concessionnels ad\u00e9quats pour la mise en \u0153uvre de la transformation sociale et \u00e9conomique du continent sans compromettre la viabilit\u00e9 de la dette&nbsp;;<\/p>\n\n\n\n<p class=\"wp-block-paragraph\"><strong>13. R\u00c9IT\u00c9RONS<\/strong> notre engagement \u00e0 recourir \u00e0 d&rsquo;autres mod\u00e8les de financement en compl\u00e9ment du financement par l&#8217;emprunt pour la mise en \u0153uvre de notre programme de transformation, notamment par le biais d&rsquo;options de financement telles que les partenariats public-priv\u00e9 (\u00ab PPP \u00bb) et l&rsquo;\u00e9change de droits d&rsquo;\u00e9mission de carbone dans le seul but d&rsquo;am\u00e9liorer la position budg\u00e9taire globale de la r\u00e9gion et de pr\u00e9server la viabilit\u00e9 de la dette&nbsp;;<\/p>\n\n\n<div class=\"wp-block-image\">\n<figure class=\"aligncenter size-full is-resized\"><img loading=\"lazy\" decoding=\"async\" width=\"526\" height=\"526\" src=\"https:\/\/macite.tg\/wp-content\/uploads\/2025\/05\/OTR_Bornage-contradictoire_Mois-de-Mai.jpg\" alt=\"\" class=\"wp-image-22065\" style=\"width:600px;height:auto\" srcset=\"https:\/\/macite.tg\/wp-content\/uploads\/2025\/05\/OTR_Bornage-contradictoire_Mois-de-Mai.jpg 526w, https:\/\/macite.tg\/wp-content\/uploads\/2025\/05\/OTR_Bornage-contradictoire_Mois-de-Mai-300x300.jpg 300w, https:\/\/macite.tg\/wp-content\/uploads\/2025\/05\/OTR_Bornage-contradictoire_Mois-de-Mai-150x150.jpg 150w, https:\/\/macite.tg\/wp-content\/uploads\/2025\/05\/OTR_Bornage-contradictoire_Mois-de-Mai-122x122.jpg 122w\" sizes=\"auto, (max-width: 526px) 100vw, 526px\" \/><\/figure>\n<\/div>\n\n\n<p class=\"wp-block-paragraph\"><strong>14. NOUS ENGAGEONS<\/strong> \u00e0 recourir \u00e0 des instruments de financement innovants, tels que les instruments de financement durable, les obligations Panda et autres instruments d\u00e9j\u00e0 utilis\u00e9s pr\u00e9c\u00e9demment dans d&rsquo;autres r\u00e9gions du monde pour mobiliser des financements \u00e0 des co\u00fbts et risques r\u00e9duits&nbsp;;<\/p>\n\n\n\n<p class=\"wp-block-paragraph\"><strong>15. D\u00c9CIDONS<\/strong> d&rsquo;acc\u00e9l\u00e9rer la mise en place du M\u00e9canisme africain de stabilit\u00e9 financi\u00e8re (\u00abMASF\u00bb) afin de prot\u00e9ger nos pays contre les chocs et de fournir un soutien en termes de liquidit\u00e9s sous la forme de pr\u00eats concessionnels et d&rsquo;autres types de plans de sauvetage aux pays africains confront\u00e9s \u00e0 des risques \u00e9lev\u00e9s de refinancement de leur dette&nbsp;;<\/p>\n\n\n\n<p class=\"wp-block-paragraph\"><strong>16. D\u00c9CIDONS EN OUTRE<\/strong> d&rsquo;acc\u00e9l\u00e9rer l&rsquo;actuelle mise sur pied de l&rsquo;Agence panafricaine de notation de cr\u00e9dit afin de d\u00e9velopper des solutions plus durables permettant de faciliter l&rsquo;acc\u00e8s de l&rsquo;Afrique \u00e0 des capitaux abordables, ceux-ci \u00e9tant actuellement fortement sur\u00e9valu\u00e9s en raison de la prime de risque \u00e9lev\u00e9e appliqu\u00e9e aux pays africains par les agences internationales de notation de cr\u00e9dit&nbsp;;<\/p>\n\n\n\n<p class=\"wp-block-paragraph\"><strong>17. APPELONS<\/strong> le Fonds mon\u00e9taire international (FMI) \u00e0 r\u00e9former d&rsquo;urgence le m\u00e9canisme d&rsquo;allocation des DTS en y int\u00e9grant les besoins de liquidit\u00e9s des pays au-del\u00e0 des quotas du FMI, ce qui devrait permettre d&rsquo;augmenter l&rsquo;allocation en faveur des pays africains, qui n&rsquo;ont re\u00e7u que 5% de l&rsquo;allocation totale des DTS lors de la derni\u00e8re attribution en 2021&nbsp;;<\/p>\n\n\n\n<p class=\"wp-block-paragraph\"><strong>18. APPELONS<\/strong> les organisations internationales \u00e0 reconna\u00eetre la v\u00e9tust\u00e9 des outils actuels d&rsquo;analyse et de gestion de la dette qui contraignent et freinent les investissements essentiels dans le capital humain, les infrastructures vitales et la r\u00e9silience face aux d\u00e9fis globaux et \u00e0 privil\u00e9gier d\u00e9sormais le bon sens politique et strat\u00e9gique \u00e0 l&rsquo;automatisme technique contre-productif&nbsp;;<\/p>\n\n\n\n<p class=\"wp-block-paragraph\"><strong>19. APPELONS EN OUTRE<\/strong> les pays occidentaux \u00e0 tenir leurs engagements en mati\u00e8re d&rsquo;augmentation des allocations au Fonds fiduciaire pour la r\u00e9duction de la pauvret\u00e9 et pour la croissance (FRPC) ainsi qu&rsquo;au Fonds fiduciaire pour la r\u00e9silience et la durabilit\u00e9 (FRD) du FM&nbsp;;<\/p>\n\n\n\n<p class=\"wp-block-paragraph\"><strong>20. D\u00c9CIDONS<\/strong> de renforcer la mobilisation des revenus nationaux par l&rsquo;adoption de politiques et de mesures appropri\u00e9es, telles que l&rsquo;am\u00e9lioration de l&rsquo;efficacit\u00e9 des syst\u00e8mes fiscaux existants, l&rsquo;optimisation des incitations fiscales, la rationalisation des exon\u00e9rations fiscales, l&rsquo;\u00e9largissement de l&rsquo;assiette fiscale, la mise en \u0153uvre de taxes sp\u00e9cialis\u00e9es, la cr\u00e9ation d&rsquo;institutions nationales et de cadres politiques solides, ainsi que la lutte contre les flux financiers illicites&nbsp;;<\/p>\n\n\n\n<p class=\"wp-block-paragraph\"><strong>21. CHERCHONS<\/strong> \u00e0 promouvoir une croissance inclusive et un d\u00e9veloppement durable de l&rsquo;\u00e9conomie africaine, fond\u00e9s sur des taux de croissance annuels de 7 \u00e0 10% maintenus sur une p\u00e9riode de 40 \u00e0 50 ans, en acc\u00e9l\u00e9rant la transformation productive gr\u00e2ce \u00e0 la mise en \u0153uvre des actions politiques strat\u00e9giques cl\u00e9s adopt\u00e9es en vertu du cadre strat\u00e9gique portant sur les actions cl\u00e9s en faveur de la r\u00e9alisation d&rsquo;une croissance inclusive et d&rsquo;un d\u00e9veloppement durable en Afrique ;<\/p>\n\n\n<div class=\"wp-block-image\">\n<figure class=\"aligncenter size-full is-resized\"><img loading=\"lazy\" decoding=\"async\" width=\"500\" height=\"304\" src=\"https:\/\/macite.tg\/wp-content\/uploads\/2025\/05\/OTR_SAM.jpg\" alt=\"\" class=\"wp-image-21823\" style=\"width:620px;height:auto\" srcset=\"https:\/\/macite.tg\/wp-content\/uploads\/2025\/05\/OTR_SAM.jpg 500w, https:\/\/macite.tg\/wp-content\/uploads\/2025\/05\/OTR_SAM-300x182.jpg 300w\" sizes=\"auto, (max-width: 500px) 100vw, 500px\" \/><\/figure>\n<\/div>\n\n\n<p class=\"wp-block-paragraph\"><strong>22. EXHORTONS<\/strong> les pays d\u00e9velopp\u00e9s et les BMD \u00e0 reconna\u00eetre l&rsquo;importance du financement concessionnel et des autres formes d&rsquo;apports de capitaux pour r\u00e9soudre le probl\u00e8me de la dette ext\u00e9rieure de l\u2019Afrique et \u00e0 prendre des mesures pour inverser la tendance \u00e0 la baisse et accro\u00eetre les flux nets de capitaux vers plusieurs pays africains, tout en r\u00e9duisant substantiellement les taux d&rsquo;int\u00e9r\u00eat appliqu\u00e9s aux pr\u00eats existants et futurs&nbsp;;<\/p>\n\n\n\n<p class=\"wp-block-paragraph\"><strong>23. EXHORTONS<\/strong> en outre les partenaires de l\u2019Afrique \u00e0 investir dans la paix, la stabilit\u00e9 et la lutte contre les menaces transnationales, car la s\u00e9curit\u00e9 de l&rsquo;Afrique est un imp\u00e9ratif et un bien public mondial qui m\u00e9rite une reconnaissance et un soutien concrets&nbsp;;<\/p>\n\n\n\n<p class=\"wp-block-paragraph\"><strong>24. APPELONS<\/strong> \u00e0 mieux prendre en compte les d\u00e9penses de s\u00e9curit\u00e9, de sant\u00e9 et de climat- en int\u00e9grant le co\u00fbt de l\u2019inaction et en excluant les investissements en mati\u00e8re de s\u00e9curit\u00e9, de sant\u00e9 et de climat dans les analyses de viabilit\u00e9 de la dette (\u00ab&nbsp;AVD \u00bb), afin de ne pas p\u00e9naliser les pays qui investissent dans la stabilit\u00e9 et la r\u00e9silience de nos soci\u00e9t\u00e9s et de nos \u00e9conomies&nbsp;;<\/p>\n\n\n\n<p class=\"wp-block-paragraph\"><strong>25. D\u00c9CIDONS<\/strong> d&rsquo;engager de toute urgence des discussions avec les cr\u00e9anciers internationaux en vue de parvenir \u00e0 un accord sur les m\u00e9canismes de couverture contre le risque de change, de sorte que, lorsqu&rsquo;un fardeau de la dette s&rsquo;alourdit en raison de l&rsquo;appr\u00e9ciation des monnaies des pays cr\u00e9anciers (volatilit\u00e9 des taux de change), sans faute des emprunteurs, l&rsquo;augmentation de la dette r\u00e9sultant de ce risque de change soit trait\u00e9e comme un all\u00e8gement de dette, afin de ma\u00eetriser la croissance al\u00e9atoire du fardeau de la dette des emprunteurs&nbsp;;<\/p>\n\n\n\n<p class=\"wp-block-paragraph\"><strong>26. EXHORTONS<\/strong> les pays d\u00e9velopp\u00e9s \u00e0 honorer leur engagement consistant \u00e0 consacrer 0,7% de leur revenu national brut (\u00abRNB \u00bb) \u00e0 l&rsquo;aide publique au d\u00e9veloppement (\u00ab&nbsp;APD \u00bb), objectif de longue date fix\u00e9 par les Nations unies, en vue de r\u00e9duire le recours au financement par l&rsquo;endettement;<\/p>\n\n\n\n<p class=\"wp-block-paragraph\"><strong>27.APPELONS<\/strong> la Banque mondiale \u00e0 relever le plafond d&rsquo;\u00e9ligibilit\u00e9 au financement concessionnel de l&rsquo;International Development Association (\u00ab&nbsp;IDA \u00bb), actuellement fix\u00e9 \u00e0 1205 dollars par habitant, afin de permettre \u00e0 un plus grand nombre de pays africains (actuellement 39) de pouvoir b\u00e9n\u00e9ficier des ressources de l&rsquo;IDA, et \u00e0 \u00e9largir les crit\u00e8res d&rsquo;\u00e9ligibilit\u00e9 en allant au-del\u00e0 du seul niveau de revenu et de la solvabilit\u00e9, via l&rsquo;int\u00e9gration d&rsquo;autres facteurs propres \u00e0 chaque pays&nbsp;;<\/p>\n\n\n\n<p class=\"wp-block-paragraph\"><strong>28. LAN\u00c7ONS \u00c9GALEMENT UN NOUVEL APPEL<\/strong> aux BMD pour qu&rsquo;elles mettent fin \u00e0 la pratique consistant \u00e0 octroyer imm\u00e9diatement des pr\u00eats \u00e0 des conditions mixtes d\u00e8s qu&rsquo;un pays acc\u00e8de \u00e0 la cat\u00e9gorie \u00ab blend \u00bb. Les pays africains acc\u00e9dant \u00e0 la cat\u00e9gorie \u00ab blend \u00e0 la faveur de leur PIB par habitant devraient continuer \u00e0 b\u00e9n\u00e9ficier du financement de l&rsquo;IDA pendant une p\u00e9riode raisonnable, avant d&rsquo;\u00eatre soumis aux conditions de financement \u00ab&nbsp;blend \u00bb.<\/p>\n\n\n\n<p class=\"wp-block-paragraph\"><strong>SUR LA RESTRUCTURATION DE LA DETTE<\/strong><\/p>\n\n\n\n<p class=\"wp-block-paragraph\"><strong>29. NOUS ENGAGEONS<\/strong> \u00e0 adopter une approche de reprofilage de la dette ex ante (reprofilage pr\u00e9ventif), afin de permettre aux pays emprunteurs d&rsquo;am\u00e9liorer en temps opportun leurs indicateurs de liquidit\u00e9 et de viabilit\u00e9 de la dette, avant qu&rsquo;ils ne se retrouvent en situation surendettement, dans le but d&rsquo;\u00e9viter les cons\u00e9quences dommageables pour les \u00e9conomies en difficult\u00e9 engag\u00e9es dans des processus de restructuration de leur dette&nbsp;;<\/p>\n\n\n\n<p class=\"wp-block-paragraph\"><strong>30. NOUS ENGAGEONS PAR AILLEURS<\/strong> \u00e0 rechercher et \u00e0 entamer les processus de restructuration de la dette ext\u00e9rieure suffisamment t\u00f4t, pour les pays d\u00e9j\u00e0 en situation de surendettement, afin d&rsquo;aboutir \u00e0 une restructuration de la dette meilleure et plus rapide et \u00e0 des perturbations \u00e9conomiques moindres&nbsp;;<\/p>\n\n\n<div class=\"wp-block-image\">\n<figure class=\"aligncenter size-full\"><img loading=\"lazy\" decoding=\"async\" width=\"700\" height=\"1001\" src=\"https:\/\/macite.tg\/wp-content\/uploads\/2025\/05\/OTR_Etat-GEFU.jpg\" alt=\"\" class=\"wp-image-21894\" srcset=\"https:\/\/macite.tg\/wp-content\/uploads\/2025\/05\/OTR_Etat-GEFU.jpg 700w, https:\/\/macite.tg\/wp-content\/uploads\/2025\/05\/OTR_Etat-GEFU-210x300.jpg 210w\" sizes=\"auto, (max-width: 700px) 100vw, 700px\" \/><\/figure>\n<\/div>\n\n\n<p class=\"wp-block-paragraph\"><strong>31. EXHORTONS<\/strong> les \u00c9tats membres emprunteurs, les cr\u00e9anciers et les institutions financi\u00e8res internationales \u00e0 ne retenir que des options de restructuration de la dette&nbsp;tenant compte des besoins en d\u00e9veloppement et en investissement des pays, de leur capacit\u00e9 de remboursement, de la croissance attendue des recettes d&rsquo;exportation, des besoins en importations, des flux financiers pr\u00e9vus, des chocs climatiques ainsi que de la situation budg\u00e9taire et autres facteurs propres \u00e0 chaque pays&nbsp;;<\/p>\n\n\n\n<p class=\"wp-block-paragraph\"><strong>32. R\u00c9IT\u00c9RONS<\/strong> que, dans le cadre de la restructuration de la dette (c.-\u00e0-d. le Cadre commun du G20), les cr\u00e9anciers pris individuellement, respectivement membres du groupe des cr\u00e9anciers bilat\u00e9raux officiels, devraient \u00eatre autoris\u00e9s \u00e0 n\u00e9gocier et \u00e0 accorder aux pays d\u00e9biteurs africains des conditions de r\u00e9\u00e9chelonnement plus favorables que celles pr\u00e9vues par le cadre de restructuration, les pays cr\u00e9anciers devant ainsi pouvoir offrir un all\u00e8gement de dette allant bien au-del\u00e0 des crit\u00e8res de comparabilit\u00e9 de traitement actuellement en vigueur;<\/p>\n\n\n\n<p class=\"wp-block-paragraph\"><strong>33. D\u00c9CIDONS<\/strong> de rendre, de mani\u00e8re g\u00e9n\u00e9rale, les dettes ayant d\u00e9j\u00e0 fait l&rsquo;objet d&rsquo;une restructuration \u00e0 nouveau \u00e9ligibles \u00e0 des restructurations ult\u00e9rieures, afin d&rsquo;all\u00e9ger le fardeau du service de la dette pour le pays d\u00e9biteur \u00e0 d\u00e9faut, les clauses d&rsquo;ajustement ne devraient pas b\u00e9n\u00e9ficier uniquement aux cr\u00e9anciers, mais aussi aux pays emprunteurs, en leur permettant d&rsquo;acc\u00e9der \u00e0 des conditions de service de la dette plus avantageuses en cas de choc \u00e9conomique d\u00e9favorable&nbsp;;<\/p>\n\n\n\n<p class=\"wp-block-paragraph\"><strong>34. R\u00c9AFFIRMONS EN OUTRE<\/strong> notre volont\u00e9 d&rsquo;agir pour acc\u00e9l\u00e9rer les n\u00e9gociations bilat\u00e9rales entre le pays emprunteur et ses cr\u00e9anciers bilat\u00e9raux, qui font suite \u00e0 la signature d&rsquo;un protocole d&rsquo;accord entre les comit\u00e9s de cr\u00e9anciers officiels ;<\/p>\n\n\n\n<p class=\"wp-block-paragraph\"><strong>35. APPELONS<\/strong> \u00e0 ce que le financement d&rsquo;urgence mondial soit b\u00e9n\u00e9fique aux pays africains et mettre en \u0153uvre la r\u00e9orientation des DTS vers les institutions financi\u00e8res multilat\u00e9rales r\u00e9gionales, la Banque africaine de d\u00e9veloppement (\u00abBAD\u00bb) \u00e9tant le d\u00e9tenteur d\u00e9sign\u00e9, comme une option viable pour all\u00e9ger les probl\u00e8mes d&rsquo;endettement de l&rsquo;Afrique ;<\/p>\n\n\n\n<p class=\"wp-block-paragraph\"><strong>36. APPELONS EN OUTRE<\/strong> \u00e0 acc\u00e9l\u00e9rer les r\u00e9formes relatives \u00e0 l&rsquo;ad\u00e9quation des fonds propres des BMD vers des financements plus concessionnels pour relever les d\u00e9fis de d\u00e9veloppement de l&rsquo;Afrique.<\/p>\n\n\n\n<p class=\"wp-block-paragraph\"><strong>SUR LES PRATIQUES SAINES DE GESTION DE LA DETTE<\/strong><\/p>\n\n\n\n<p class=\"wp-block-paragraph\"><strong>37. NOUS ENGAGEONS<\/strong> \u00e0 veiller \u00e0 ce que les subventions et les ressources concessionnelles soient utilis\u00e9es de mani\u00e8re productive en am\u00e9liorant la gestion des finances publiques, notamment par voie d&rsquo;une affectation des ressources et d&rsquo;une budg\u00e9tisation efficace, d&rsquo;un contr\u00f4le fiduciaire rigoureux des d\u00e9penses et des institutions et de proc\u00e9dures d&rsquo;audit appropri\u00e9es&nbsp;;<\/p>\n\n\n\n<p class=\"wp-block-paragraph\"><strong>38. APPELONS<\/strong> les organisations sous-r\u00e9gionales et r\u00e9gionales, en particulier la BAD, la Commission \u00e9conomique pour l&rsquo;Afrique (CEA), l&rsquo;Institut de gestion macro\u00e9conomique et financi\u00e8re de l&rsquo;Afrique orientale et australe (\u00ab MEFMI \u00bb), l&rsquo;Institut ouest-africain de gestion financi\u00e8re et \u00e9conomique (\u00ab&nbsp;WAIFEM \u00bb) et d&rsquo;autres institutions r\u00e9gionales de renforcement des capacit\u00e9s de gestion de la dette, en collaboration avec la Conf\u00e9rence des Nations unies sur le commerce et le d\u00e9veloppement (\u00ab&nbsp;CNUCED \u00bb), le FMI et la Banque mondiale, \u00e0 intensifier la formation en mati\u00e8re de gestion de la dette pour les pays africains&nbsp;;<\/p>\n\n\n<div class=\"wp-block-image\">\n<figure class=\"aligncenter size-large is-resized\"><img loading=\"lazy\" decoding=\"async\" width=\"1024\" height=\"1024\" src=\"https:\/\/macite.tg\/wp-content\/uploads\/2025\/05\/d4c3a8a5-b555-493c-b116-93e62f3746c8-1024x1024.jpg\" alt=\"\" class=\"wp-image-22085\" style=\"width:524px;height:auto\" srcset=\"https:\/\/macite.tg\/wp-content\/uploads\/2025\/05\/d4c3a8a5-b555-493c-b116-93e62f3746c8-1024x1024.jpg 1024w, https:\/\/macite.tg\/wp-content\/uploads\/2025\/05\/d4c3a8a5-b555-493c-b116-93e62f3746c8-300x300.jpg 300w, https:\/\/macite.tg\/wp-content\/uploads\/2025\/05\/d4c3a8a5-b555-493c-b116-93e62f3746c8-150x150.jpg 150w, https:\/\/macite.tg\/wp-content\/uploads\/2025\/05\/d4c3a8a5-b555-493c-b116-93e62f3746c8-768x768.jpg 768w, https:\/\/macite.tg\/wp-content\/uploads\/2025\/05\/d4c3a8a5-b555-493c-b116-93e62f3746c8-122x122.jpg 122w, https:\/\/macite.tg\/wp-content\/uploads\/2025\/05\/d4c3a8a5-b555-493c-b116-93e62f3746c8.jpg 1080w\" sizes=\"auto, (max-width: 1024px) 100vw, 1024px\" \/><\/figure>\n<\/div>\n\n\n<p class=\"wp-block-paragraph\"><strong>39. EXHORTONS la BAD<\/strong> et ses partenaires \u00e0 poursuivre leurs initiatives en cours de renforcement des capacit\u00e9s de gestion de la dette, notamment le Forum sur la gestion de la dette pour l&rsquo;Afrique (\u00ab DeMFA \u00bb) et le R\u00e9seau de l&rsquo;Initiative des gestionnaires de la dette en Afrique (&lt; ADMIN \u00bb), pour un dialogue politique continu, un apprentissage par les pairs et un \u00e9change de connaissances sur la gestion de la dette africaine&nbsp;;<\/p>\n\n\n\n<p class=\"wp-block-paragraph\"><strong>40. NOUS ENGAGEONS<\/strong> \u00e0 renforcer et \u00e0 rendre op\u00e9rationnels, et ce de toute urgence, les cadres juridiques et institutionnels de gestion de la dette dans les \u00c9tats membres, en int\u00e9grant dans les cadres juridiques des sanctions s\u00e9v\u00e8res \u00e0 l&rsquo;encontre des contrevenants aux r\u00e9glementations relatives \u00e0 la dette publique, mais aussi en pr\u00e9voyant une d\u00e9finition de la dette publique comme l&rsquo;ont recommand\u00e9 la Banque mondiale et le FMI, la finalit\u00e9 des emprunts, des limites \u00e0 l&#8217;emprunt et la divulgation de toutes les informations;<\/p>\n\n\n\n<p class=\"wp-block-paragraph\"><strong>41. NOUS ENGAGEONS AUSS<\/strong>I \u00e0 acc\u00e9l\u00e9rer la cr\u00e9ation de l&rsquo;Institut mon\u00e9taire africain (\u00abIMA \u00bb) et du MASF afin de renforcer la stabilit\u00e9 financi\u00e8re de l&rsquo;Afrique dans un monde expos\u00e9 aux chocs. Le MASF r\u00e9pondra notamment aux besoins \u00e9lev\u00e9s de refinancement de la dette du continent et permettra aux pays de mutualiser leurs fonds, contribuant ainsi \u00e0 \u00e9viter les r\u00e9percussions des pand\u00e9mies mondiales ou de tout autre choc externe:<\/p>\n\n\n<div class=\"wp-block-image\">\n<figure class=\"aligncenter size-large is-resized\"><img loading=\"lazy\" decoding=\"async\" width=\"1024\" height=\"1024\" src=\"https:\/\/macite.tg\/wp-content\/uploads\/2025\/05\/OTR_-whatsApp-1024x1024.jpg\" alt=\"\" class=\"wp-image-22086\" style=\"width:584px;height:auto\" srcset=\"https:\/\/macite.tg\/wp-content\/uploads\/2025\/05\/OTR_-whatsApp-1024x1024.jpg 1024w, https:\/\/macite.tg\/wp-content\/uploads\/2025\/05\/OTR_-whatsApp-300x300.jpg 300w, https:\/\/macite.tg\/wp-content\/uploads\/2025\/05\/OTR_-whatsApp-150x150.jpg 150w, https:\/\/macite.tg\/wp-content\/uploads\/2025\/05\/OTR_-whatsApp-768x768.jpg 768w, https:\/\/macite.tg\/wp-content\/uploads\/2025\/05\/OTR_-whatsApp-122x122.jpg 122w, https:\/\/macite.tg\/wp-content\/uploads\/2025\/05\/OTR_-whatsApp.jpg 1080w\" sizes=\"auto, (max-width: 1024px) 100vw, 1024px\" \/><\/figure>\n<\/div>\n\n\n<p class=\"wp-block-paragraph\"><strong>42. APPELONS<\/strong> les \u00c9tats membres \u00e0 renforcer le recensement de toutes les expositions et de tous les risques li\u00e9s \u00e0 la dette publique dans nos \u00c9tats membres respectifs, ce qui nous oblige \u00e0 continuer de surveiller nos portefeuilles de dette en r\u00e9alisant en temps utile des AVD, mais aussi en suivant des strat\u00e9gies de la dette \u00e5 moyen terme (SDMT) et des plans d&#8217;emprunt annuels ( \u00ab\u00a0PAA \u00bb) ;<\/p>\n\n\n\n<p class=\"wp-block-paragraph\"><strong>43. R\u00c9IT\u00c9RONS<\/strong> notre position de respect des lignes directrices pertinentes en mati\u00e8re de gestion de la dette ext\u00e9rieure, y compris les Principes de la CNUCED relatifs \u00e0 la promotion de pr\u00eats et d&#8217;emprunts souverains responsables (2012), le Programme d&rsquo;action d&rsquo;Addis-Abeba (2015), la r\u00e9solution 69\/319 de l&rsquo;Assembl\u00e9e g\u00e9n\u00e9rale, les Directives op\u00e9rationnelles du G20 pour un financement durable (2017) et la m\u00e9thode pluridimensionnelle du FMI et du Groupe de la Banque mondiale afin de rem\u00e9dier \u00e0 la vuln\u00e9rabilit\u00e9 de la dette (2018).<\/p>\n\n\n\n<p class=\"wp-block-paragraph\"><strong>SUR LA VOIE VERS UN M\u00c9CANISME JURIDIQUEMENT CONTRAIGNANT POUR LA RESOLUTION DE LA DETTE<\/strong><\/p>\n\n\n\n<p class=\"wp-block-paragraph\"><strong>44. APPELONS I&rsquo;UA<\/strong> et les autres institutions panafricaines \u00e0 plaider en faveur d&rsquo;une r\u00e9forme forte et profonde de l&rsquo;architecture de la dette mondiale par la mise en place d&rsquo;une Convention-cadre des Nations unies sur la dette souveraine. Le cadre propos\u00e9 devrait viser \u00e0 cr\u00e9er un m\u00e9canisme multilat\u00e9ral plus complet, plus \u00e9quitable et plus efficace pour pr\u00e9venir et g\u00e9rer les crises de la dette souveraine.<\/p>\n\n\n\n<p class=\"wp-block-paragraph\">La Convention-cadre sur la dette souveraine devrait \u00eatre un m\u00e9canisme juridiquement contraignant permettant un all\u00e9gement rapide et ad\u00e9quat de la dette. Elle devrait en outre \u00eatre inclusive et transparente, proposer des \u00e9valuations de la viabilit\u00e9 de la dette ax\u00e9es sur le d\u00e9veloppement, s&rsquo;attaquer \u00e0 la dette ill\u00e9gitime et proposer des m\u00e9canismes de pr\u00e9vention de la crise de la dette.<\/p>\n\n\n\n<p class=\"wp-block-paragraph\"><strong>REMERCIEMENTS<\/strong><\/p>\n\n\n\n<p class=\"wp-block-paragraph\"><strong><em>45. Nous exprimons<\/em><\/strong> notre profonde gratitude \u00e0 son Excellence Monsieur Faure Essozimna Gnassingb\u00e9, Pr\u00e9sident du Conseil de la R\u00e9publique togolaise, pour avoir accept\u00e9 d&rsquo;accueillir cet important \u00e9v\u00e9nement, et nos sinc\u00e8res f\u00e9licitations pour son leadership visionnaire, sa contribution intellectuelle majeure aux d\u00e9bats, ainsi que son attachement constant \u00e0 l&rsquo;int\u00e9gration africaine.<\/p>\n\n\n<div class=\"wp-block-image\">\n<figure class=\"aligncenter size-large is-resized\"><img loading=\"lazy\" decoding=\"async\" width=\"1024\" height=\"1024\" src=\"https:\/\/macite.tg\/wp-content\/uploads\/2025\/05\/OTRcTelegram-1024x1024.jpg\" alt=\"\" class=\"wp-image-22087\" style=\"width:620px;height:auto\" srcset=\"https:\/\/macite.tg\/wp-content\/uploads\/2025\/05\/OTRcTelegram-1024x1024.jpg 1024w, https:\/\/macite.tg\/wp-content\/uploads\/2025\/05\/OTRcTelegram-300x300.jpg 300w, https:\/\/macite.tg\/wp-content\/uploads\/2025\/05\/OTRcTelegram-150x150.jpg 150w, https:\/\/macite.tg\/wp-content\/uploads\/2025\/05\/OTRcTelegram-768x768.jpg 768w, https:\/\/macite.tg\/wp-content\/uploads\/2025\/05\/OTRcTelegram-122x122.jpg 122w, https:\/\/macite.tg\/wp-content\/uploads\/2025\/05\/OTRcTelegram.jpg 1080w\" sizes=\"auto, (max-width: 1024px) 100vw, 1024px\" \/><\/figure>\n<\/div>\n\n\n<p class=\"wp-block-paragraph\"><strong><em>46. Nous adressons<\/em><\/strong> \u00e9galement nos remerciements aux autorit\u00e9s gouvernementales, aux institutions togolaises impliqu\u00e9es, ainsi qu&rsquo;\u00e0 toute la population togolaise, pour leur hospitalit\u00e9, leur disponibilit\u00e9 et leur engagement exemplaire qui ont contribu\u00e9 \u00e0 assurer le succ\u00e8s de la Conf\u00e9rence. 47. Enfin, nous souhaitons exprimer notre reconnaissance \u00e0 la CUA pour l&rsquo;initiative et la bonne organisation de la Conf\u00e9rence de l&rsquo;Union africaine sur la dette et lui demandons&nbsp; de porter les conclusions de cette assise afin de les traduire en actions concr\u00e8tes.<\/p>\n\n\n\n<p class=\"wp-block-paragraph\"><strong><em>48. Que les conclusions<\/em><\/strong> de Lom\u00e9 marquent un tournant d\u00e9cisif vers une nouvelle architecture financi\u00e8re africaine, fond\u00e9e sur la solidarit\u00e9, la responsabilit\u00e9 partag\u00e9e et la capacit\u00e9 des \u00c9tats africains \u00e0 tracer leur propre chemin vers le d\u00e9veloppement durable.<\/p>\n\n\n\n<p class=\"wp-block-paragraph\"><strong>Adopt\u00e9 ce 14 mai 2025 \u00e0 Lom\u00e9, Togo.<\/strong><\/p>\n\n\n\n<p class=\"wp-block-paragraph\"><a><strong><em>@macite.tg&nbsp;&nbsp;&nbsp;&nbsp;&nbsp;&nbsp;&nbsp;&nbsp;<\/em><\/strong><\/a><\/p>\n\n\n\n<p class=\"wp-block-paragraph\"><strong><em>E-mail&nbsp;: <\/em><\/strong><a href=\"mailto:maciteinfo@gmail.com\"><strong><em>maciteinfo@gmail.com<\/em><\/strong><\/a><strong><em>; <\/em><\/strong><a href=\"mailto:bawela1@gmail.com\"><strong><em>bawela1@gmail.com<\/em><\/strong><\/a><strong><em><\/em><\/strong><\/p>\n\n\n\n<p class=\"wp-block-paragraph\"><strong><em>Pour vos annonces, (publi)reportages, etc., joignez-nous au (00228)91515309\/<strong>79872224 <\/strong>www.macite.tg, L\u2019information, la bonne&nbsp;!<\/em><\/strong><\/p>\n\n\n\n<p class=\"wp-block-paragraph\"><\/p>\n","protected":false},"excerpt":{"rendered":"<p class=\"text-justify mb-2\" >NOUS, chefs d&rsquo;\u00c9tat et de gouvernement de l&rsquo;Union africaine (UA), ministres des Finances, gouverneurs des banques centrales, repr\u00e9sentants des minist\u00e8res des Finances, des institutions financi\u00e8res multilat\u00e9rales africaines, des communaut\u00e9s \u00e9conomiques r\u00e9gionales et des organisations de la soci\u00e9t\u00e9 civile r\u00e9unis \u00e0 l&rsquo;occasion de la Conf\u00e9rence de [&hellip;]<\/p>\n","protected":false},"author":2,"featured_media":22084,"comment_status":"open","ping_status":"open","sticky":false,"template":"","format":"standard","meta":{"footnotes":""},"categories":[20,3],"tags":[],"class_list":["post-22081","post","type-post","status-publish","format-standard","has-post-thumbnail","hentry","category-actualite","category-economie"],"yoast_head":"<!-- This site is optimized with the Yoast SEO plugin v28.4 - https:\/\/yoast.com\/product\/yoast-seo-wordpress\/ -->\n<title>CONF\u00c9RENCE DE L&#039;UA SUR LA DETTE\u00a0: D\u00e9claration de Lom\u00e9\u2026 -<\/title>\n<meta name=\"robots\" content=\"index, follow, max-snippet:-1, max-image-preview:large, max-video-preview:-1\" \/>\n<link rel=\"canonical\" href=\"https:\/\/macite.tg\/?p=22081\" \/>\n<meta property=\"og:locale\" content=\"fr_FR\" \/>\n<meta property=\"og:type\" content=\"article\" \/>\n<meta property=\"og:title\" content=\"CONF\u00c9RENCE DE L&#039;UA SUR LA DETTE\u00a0: D\u00e9claration de Lom\u00e9\u2026 -\" \/>\n<meta property=\"og:description\" content=\"NOUS, chefs d&rsquo;\u00c9tat et de gouvernement de l&rsquo;Union africaine (UA), ministres des Finances, gouverneurs des banques centrales, repr\u00e9sentants des minist\u00e8res des Finances, des institutions financi\u00e8res multilat\u00e9rales africaines, des communaut\u00e9s \u00e9conomiques r\u00e9gionales et des organisations de la soci\u00e9t\u00e9 civile r\u00e9unis \u00e0 l&rsquo;occasion de la Conf\u00e9rence de [&hellip;]\" \/>\n<meta property=\"og:url\" content=\"https:\/\/macite.tg\/?p=22081\" \/>\n<meta property=\"article:published_time\" content=\"2025-05-16T13:13:18+00:00\" \/>\n<meta property=\"article:modified_time\" content=\"2025-05-16T13:13:28+00:00\" \/>\n<meta property=\"og:image\" content=\"https:\/\/macite.tg\/wp-content\/uploads\/2025\/05\/Conf-Lome-dette.jpg\" \/>\n\t<meta property=\"og:image:width\" content=\"500\" \/>\n\t<meta property=\"og:image:height\" content=\"500\" \/>\n\t<meta property=\"og:image:type\" content=\"image\/jpeg\" \/>\n<meta name=\"author\" content=\"Jean Pierre BAWELA\" \/>\n<meta name=\"twitter:card\" content=\"summary_large_image\" \/>\n<meta name=\"twitter:label1\" content=\"\u00c9crit par\" \/>\n\t<meta name=\"twitter:data1\" content=\"Jean Pierre BAWELA\" \/>\n\t<meta name=\"twitter:label2\" content=\"Dur\u00e9e de lecture estim\u00e9e\" \/>\n\t<meta name=\"twitter:data2\" content=\"21 minutes\" \/>\n<script type=\"application\/ld+json\" class=\"yoast-schema-graph\">{\"@context\":\"https:\\\/\\\/schema.org\",\"@graph\":[{\"@type\":\"Article\",\"@id\":\"https:\\\/\\\/macite.tg\\\/?p=22081#article\",\"isPartOf\":{\"@id\":\"https:\\\/\\\/macite.tg\\\/?p=22081\"},\"author\":{\"name\":\"Jean Pierre BAWELA\",\"@id\":\"https:\\\/\\\/macite.tg\\\/#\\\/schema\\\/person\\\/e9f2de7e5dbbe7770a9402c7ce82f5c2\"},\"headline\":\"CONF\u00c9RENCE DE L&rsquo;UA SUR LA DETTE\u00a0: D\u00e9claration de Lom\u00e9\u2026\",\"datePublished\":\"2025-05-16T13:13:18+00:00\",\"dateModified\":\"2025-05-16T13:13:28+00:00\",\"mainEntityOfPage\":{\"@id\":\"https:\\\/\\\/macite.tg\\\/?p=22081\"},\"wordCount\":4107,\"commentCount\":0,\"image\":{\"@id\":\"https:\\\/\\\/macite.tg\\\/?p=22081#primaryimage\"},\"thumbnailUrl\":\"https:\\\/\\\/macite.tg\\\/wp-content\\\/uploads\\\/2025\\\/05\\\/Conf-Lome-dette.jpg\",\"articleSection\":[\"ACTUALITE\",\"ECONOMIE\"],\"inLanguage\":\"fr-FR\",\"potentialAction\":[{\"@type\":\"CommentAction\",\"name\":\"Comment\",\"target\":[\"https:\\\/\\\/macite.tg\\\/?p=22081#respond\"]}]},{\"@type\":\"WebPage\",\"@id\":\"https:\\\/\\\/macite.tg\\\/?p=22081\",\"url\":\"https:\\\/\\\/macite.tg\\\/?p=22081\",\"name\":\"CONF\u00c9RENCE DE L'UA SUR LA DETTE\u00a0: D\u00e9claration de Lom\u00e9\u2026 -\",\"isPartOf\":{\"@id\":\"https:\\\/\\\/macite.tg\\\/#website\"},\"primaryImageOfPage\":{\"@id\":\"https:\\\/\\\/macite.tg\\\/?p=22081#primaryimage\"},\"image\":{\"@id\":\"https:\\\/\\\/macite.tg\\\/?p=22081#primaryimage\"},\"thumbnailUrl\":\"https:\\\/\\\/macite.tg\\\/wp-content\\\/uploads\\\/2025\\\/05\\\/Conf-Lome-dette.jpg\",\"datePublished\":\"2025-05-16T13:13:18+00:00\",\"dateModified\":\"2025-05-16T13:13:28+00:00\",\"author\":{\"@id\":\"https:\\\/\\\/macite.tg\\\/#\\\/schema\\\/person\\\/e9f2de7e5dbbe7770a9402c7ce82f5c2\"},\"breadcrumb\":{\"@id\":\"https:\\\/\\\/macite.tg\\\/?p=22081#breadcrumb\"},\"inLanguage\":\"fr-FR\",\"potentialAction\":[{\"@type\":\"ReadAction\",\"target\":[\"https:\\\/\\\/macite.tg\\\/?p=22081\"]}]},{\"@type\":\"ImageObject\",\"inLanguage\":\"fr-FR\",\"@id\":\"https:\\\/\\\/macite.tg\\\/?p=22081#primaryimage\",\"url\":\"https:\\\/\\\/macite.tg\\\/wp-content\\\/uploads\\\/2025\\\/05\\\/Conf-Lome-dette.jpg\",\"contentUrl\":\"https:\\\/\\\/macite.tg\\\/wp-content\\\/uploads\\\/2025\\\/05\\\/Conf-Lome-dette.jpg\",\"width\":500,\"height\":500},{\"@type\":\"BreadcrumbList\",\"@id\":\"https:\\\/\\\/macite.tg\\\/?p=22081#breadcrumb\",\"itemListElement\":[{\"@type\":\"ListItem\",\"position\":1,\"name\":\"Accueil\",\"item\":\"https:\\\/\\\/macite.tg\\\/\"},{\"@type\":\"ListItem\",\"position\":2,\"name\":\"CONF\u00c9RENCE DE L&rsquo;UA SUR LA DETTE\u00a0: D\u00e9claration de Lom\u00e9\u2026\"}]},{\"@type\":\"WebSite\",\"@id\":\"https:\\\/\\\/macite.tg\\\/#website\",\"url\":\"https:\\\/\\\/macite.tg\\\/\",\"name\":\"\",\"description\":\"L&#039;information, la bonne!!!\",\"potentialAction\":[{\"@type\":\"SearchAction\",\"target\":{\"@type\":\"EntryPoint\",\"urlTemplate\":\"https:\\\/\\\/macite.tg\\\/?s={search_term_string}\"},\"query-input\":{\"@type\":\"PropertyValueSpecification\",\"valueRequired\":true,\"valueName\":\"search_term_string\"}}],\"inLanguage\":\"fr-FR\"},{\"@type\":\"Person\",\"@id\":\"https:\\\/\\\/macite.tg\\\/#\\\/schema\\\/person\\\/e9f2de7e5dbbe7770a9402c7ce82f5c2\",\"name\":\"Jean Pierre BAWELA\",\"image\":{\"@type\":\"ImageObject\",\"inLanguage\":\"fr-FR\",\"@id\":\"https:\\\/\\\/macite.tg\\\/wp-content\\\/uploads\\\/2023\\\/09\\\/WhatsApp-Image-2023-09-19-at-14.44.41-122x122.jpeg\",\"url\":\"https:\\\/\\\/macite.tg\\\/wp-content\\\/uploads\\\/2023\\\/09\\\/WhatsApp-Image-2023-09-19-at-14.44.41-122x122.jpeg\",\"contentUrl\":\"https:\\\/\\\/macite.tg\\\/wp-content\\\/uploads\\\/2023\\\/09\\\/WhatsApp-Image-2023-09-19-at-14.44.41-122x122.jpeg\",\"caption\":\"Jean Pierre BAWELA\"},\"url\":\"https:\\\/\\\/macite.tg\\\/?author=2\"}]}<\/script>\n<!-- \/ Yoast SEO plugin. -->","yoast_head_json":{"title":"CONF\u00c9RENCE DE L'UA SUR LA DETTE\u00a0: D\u00e9claration de Lom\u00e9\u2026 -","robots":{"index":"index","follow":"follow","max-snippet":"max-snippet:-1","max-image-preview":"max-image-preview:large","max-video-preview":"max-video-preview:-1"},"canonical":"https:\/\/macite.tg\/?p=22081","og_locale":"fr_FR","og_type":"article","og_title":"CONF\u00c9RENCE DE L'UA SUR LA DETTE\u00a0: D\u00e9claration de Lom\u00e9\u2026 -","og_description":"NOUS, chefs d&rsquo;\u00c9tat et de gouvernement de l&rsquo;Union africaine (UA), ministres des Finances, gouverneurs des banques centrales, repr\u00e9sentants des minist\u00e8res des Finances, des institutions financi\u00e8res multilat\u00e9rales africaines, des communaut\u00e9s \u00e9conomiques r\u00e9gionales et des organisations de la soci\u00e9t\u00e9 civile r\u00e9unis \u00e0 l&rsquo;occasion de la Conf\u00e9rence de [&hellip;]","og_url":"https:\/\/macite.tg\/?p=22081","article_published_time":"2025-05-16T13:13:18+00:00","article_modified_time":"2025-05-16T13:13:28+00:00","og_image":[{"width":500,"height":500,"url":"https:\/\/macite.tg\/wp-content\/uploads\/2025\/05\/Conf-Lome-dette.jpg","type":"image\/jpeg"}],"author":"Jean Pierre BAWELA","twitter_card":"summary_large_image","twitter_misc":{"\u00c9crit par":"Jean Pierre BAWELA","Dur\u00e9e de lecture estim\u00e9e":"21 minutes"},"schema":{"@context":"https:\/\/schema.org","@graph":[{"@type":"Article","@id":"https:\/\/macite.tg\/?p=22081#article","isPartOf":{"@id":"https:\/\/macite.tg\/?p=22081"},"author":{"name":"Jean Pierre BAWELA","@id":"https:\/\/macite.tg\/#\/schema\/person\/e9f2de7e5dbbe7770a9402c7ce82f5c2"},"headline":"CONF\u00c9RENCE DE L&rsquo;UA SUR LA DETTE\u00a0: D\u00e9claration de Lom\u00e9\u2026","datePublished":"2025-05-16T13:13:18+00:00","dateModified":"2025-05-16T13:13:28+00:00","mainEntityOfPage":{"@id":"https:\/\/macite.tg\/?p=22081"},"wordCount":4107,"commentCount":0,"image":{"@id":"https:\/\/macite.tg\/?p=22081#primaryimage"},"thumbnailUrl":"https:\/\/macite.tg\/wp-content\/uploads\/2025\/05\/Conf-Lome-dette.jpg","articleSection":["ACTUALITE","ECONOMIE"],"inLanguage":"fr-FR","potentialAction":[{"@type":"CommentAction","name":"Comment","target":["https:\/\/macite.tg\/?p=22081#respond"]}]},{"@type":"WebPage","@id":"https:\/\/macite.tg\/?p=22081","url":"https:\/\/macite.tg\/?p=22081","name":"CONF\u00c9RENCE DE L'UA SUR LA DETTE\u00a0: D\u00e9claration de Lom\u00e9\u2026 -","isPartOf":{"@id":"https:\/\/macite.tg\/#website"},"primaryImageOfPage":{"@id":"https:\/\/macite.tg\/?p=22081#primaryimage"},"image":{"@id":"https:\/\/macite.tg\/?p=22081#primaryimage"},"thumbnailUrl":"https:\/\/macite.tg\/wp-content\/uploads\/2025\/05\/Conf-Lome-dette.jpg","datePublished":"2025-05-16T13:13:18+00:00","dateModified":"2025-05-16T13:13:28+00:00","author":{"@id":"https:\/\/macite.tg\/#\/schema\/person\/e9f2de7e5dbbe7770a9402c7ce82f5c2"},"breadcrumb":{"@id":"https:\/\/macite.tg\/?p=22081#breadcrumb"},"inLanguage":"fr-FR","potentialAction":[{"@type":"ReadAction","target":["https:\/\/macite.tg\/?p=22081"]}]},{"@type":"ImageObject","inLanguage":"fr-FR","@id":"https:\/\/macite.tg\/?p=22081#primaryimage","url":"https:\/\/macite.tg\/wp-content\/uploads\/2025\/05\/Conf-Lome-dette.jpg","contentUrl":"https:\/\/macite.tg\/wp-content\/uploads\/2025\/05\/Conf-Lome-dette.jpg","width":500,"height":500},{"@type":"BreadcrumbList","@id":"https:\/\/macite.tg\/?p=22081#breadcrumb","itemListElement":[{"@type":"ListItem","position":1,"name":"Accueil","item":"https:\/\/macite.tg\/"},{"@type":"ListItem","position":2,"name":"CONF\u00c9RENCE DE L&rsquo;UA SUR LA DETTE\u00a0: D\u00e9claration de Lom\u00e9\u2026"}]},{"@type":"WebSite","@id":"https:\/\/macite.tg\/#website","url":"https:\/\/macite.tg\/","name":"","description":"L&#039;information, la bonne!!!","potentialAction":[{"@type":"SearchAction","target":{"@type":"EntryPoint","urlTemplate":"https:\/\/macite.tg\/?s={search_term_string}"},"query-input":{"@type":"PropertyValueSpecification","valueRequired":true,"valueName":"search_term_string"}}],"inLanguage":"fr-FR"},{"@type":"Person","@id":"https:\/\/macite.tg\/#\/schema\/person\/e9f2de7e5dbbe7770a9402c7ce82f5c2","name":"Jean Pierre BAWELA","image":{"@type":"ImageObject","inLanguage":"fr-FR","@id":"https:\/\/macite.tg\/wp-content\/uploads\/2023\/09\/WhatsApp-Image-2023-09-19-at-14.44.41-122x122.jpeg","url":"https:\/\/macite.tg\/wp-content\/uploads\/2023\/09\/WhatsApp-Image-2023-09-19-at-14.44.41-122x122.jpeg","contentUrl":"https:\/\/macite.tg\/wp-content\/uploads\/2023\/09\/WhatsApp-Image-2023-09-19-at-14.44.41-122x122.jpeg","caption":"Jean Pierre BAWELA"},"url":"https:\/\/macite.tg\/?author=2"}]}},"_links":{"self":[{"href":"https:\/\/macite.tg\/index.php?rest_route=\/wp\/v2\/posts\/22081","targetHints":{"allow":["GET"]}}],"collection":[{"href":"https:\/\/macite.tg\/index.php?rest_route=\/wp\/v2\/posts"}],"about":[{"href":"https:\/\/macite.tg\/index.php?rest_route=\/wp\/v2\/types\/post"}],"author":[{"embeddable":true,"href":"https:\/\/macite.tg\/index.php?rest_route=\/wp\/v2\/users\/2"}],"replies":[{"embeddable":true,"href":"https:\/\/macite.tg\/index.php?rest_route=%2Fwp%2Fv2%2Fcomments&post=22081"}],"version-history":[{"count":0,"href":"https:\/\/macite.tg\/index.php?rest_route=\/wp\/v2\/posts\/22081\/revisions"}],"wp:featuredmedia":[{"embeddable":true,"href":"https:\/\/macite.tg\/index.php?rest_route=\/wp\/v2\/media\/22084"}],"wp:attachment":[{"href":"https:\/\/macite.tg\/index.php?rest_route=%2Fwp%2Fv2%2Fmedia&parent=22081"}],"wp:term":[{"taxonomy":"category","embeddable":true,"href":"https:\/\/macite.tg\/index.php?rest_route=%2Fwp%2Fv2%2Fcategories&post=22081"},{"taxonomy":"post_tag","embeddable":true,"href":"https:\/\/macite.tg\/index.php?rest_route=%2Fwp%2Fv2%2Ftags&post=22081"}],"curies":[{"name":"wp","href":"https:\/\/api.w.org\/{rel}","templated":true}]}}