{"id":22079,"date":"2025-05-16T12:47:53","date_gmt":"2025-05-16T12:47:53","guid":{"rendered":"https:\/\/macite.tg\/?p=22079"},"modified":"2025-05-16T13:18:32","modified_gmt":"2025-05-16T13:18:32","slug":"meteo-lanamet-alerte-sur-des-pluies-excedentaires-dans-le-nord-togo","status":"publish","type":"post","link":"https:\/\/macite.tg\/?p=22079","title":{"rendered":"METEO : L\u2019ANAMET alerte sur des pluies (exc\u00e9dentaires) dans le Nord-Togo"},"content":{"rendered":"\n<p class=\"wp-block-paragraph\"><strong><em>C\u2019est bient\u00f4t la saison des pluies dans la zone climatique nord, ceci \u00e0 l\u2019exception de l\u2019extr\u00eame nord o\u00f9 il est pr\u00e9vu un l\u00e9ger retard. Dans cette perspectives, l\u2019Agence nationale de la m\u00e9t\u00e9orologie (ANAMET) a annonc\u00e9, le mercredi 14 mai dernier, des pr\u00e9cipitations allant de normales \u00e0 exc\u00e9dentaires sont attendues dans les r\u00e9gions du Nord du pays.<\/em><\/strong><\/p>\n\n\n\n<p class=\"wp-block-paragraph\">La saison des pluies va bient\u00f4t d\u00e9marrer sur l\u2019ensemble de la zone climatique nord, \u00e0 l\u2019exception de l\u2019extr\u00eame nord o\u00f9 il est pr\u00e9vu un l\u00e9ger retard.<\/p>\n\n\n\n<p class=\"wp-block-paragraph\">Dans les faits, il s\u2019agit de cumules pluviom\u00e9triques normaux \u00e0 tendance exc\u00e9dentaire, qui sont attendus, entre juin et ao\u00fbt prochain, dans les Savanes. Dans le m\u00eame temps, les r\u00e9gions de la Kara et de la Centrale seront arros\u00e9es par des pr\u00e9cipitations exc\u00e9dentaires.<\/p>\n\n\n<div class=\"wp-block-image\">\n<figure class=\"aligncenter size-full\"><img loading=\"lazy\" decoding=\"async\" width=\"690\" height=\"170\" src=\"https:\/\/macite.tg\/wp-content\/uploads\/2025\/05\/OTR_TVM-1.jpg\" alt=\"\" class=\"wp-image-22066\" srcset=\"https:\/\/macite.tg\/wp-content\/uploads\/2025\/05\/OTR_TVM-1.jpg 690w, https:\/\/macite.tg\/wp-content\/uploads\/2025\/05\/OTR_TVM-1-300x74.jpg 300w\" sizes=\"auto, (max-width: 690px) 100vw, 690px\" \/><\/figure>\n<\/div>\n\n\n<p class=\"wp-block-paragraph\">De juillet \u00e0 septembre, souligne l\u2019ANAMET, l\u2019ensemble de la zone nord va conna\u00eetre une situation exc\u00e9dentaire \u00e0 normale.<\/p>\n\n\n\n<p class=\"wp-block-paragraph\">Sur le plan hydrographique, les experts de l\u2019ANAMET rel\u00e8vent des d\u00e9bordements possibles du fleuve Oti, alors que le bassin sup\u00e9rieur du fleuve Mono devrait conna\u00eetre un \u00e9coulement allant de normal \u00e0 d\u00e9ficitaire. Dans le m\u00eame temps, en d\u00e9but et en fin de saison, il est pr\u00e9vu des s\u00e9quences s\u00e8ches longues mais de dur\u00e9e normale.<\/p>\n\n\n\n<p class=\"wp-block-paragraph\"><strong>L\u2019incidence sur les cultures\u2026<\/strong><\/p>\n\n\n\n<p class=\"wp-block-paragraph\">Dans ce contexte, les experts de l\u2019Agence recommandent l\u2019utilisation de vari\u00e9t\u00e9s de cultures am\u00e9lior\u00e9es, adapt\u00e9es et de cycle court. Pour ce qui est des sites de cultures, il faudrait privil\u00e9gier les sites \u00e0 l\u2019abri des risques d\u2019inondation pour les activit\u00e9s agricoles et d\u2019\u00e9levage.<\/p>\n\n\n\n<p class=\"wp-block-paragraph\">De m\u00eame, il est conseill\u00e9 une gestion rationnelle des ressources en eau, afin de garantir les besoins en irrigation et en \u00e9lectricit\u00e9.<\/p>\n\n\n<div class=\"wp-block-image\">\n<figure class=\"aligncenter size-full\"><img loading=\"lazy\" decoding=\"async\" width=\"700\" height=\"1001\" src=\"https:\/\/macite.tg\/wp-content\/uploads\/2025\/05\/OTR_Etat-GEFU.jpg\" alt=\"\" class=\"wp-image-21894\" srcset=\"https:\/\/macite.tg\/wp-content\/uploads\/2025\/05\/OTR_Etat-GEFU.jpg 700w, https:\/\/macite.tg\/wp-content\/uploads\/2025\/05\/OTR_Etat-GEFU-210x300.jpg 210w\" sizes=\"auto, (max-width: 700px) 100vw, 700px\" \/><\/figure>\n<\/div>\n\n\n<p class=\"wp-block-paragraph\">Face \u00e0 cette situation, le premier responsable de l\u2019ANAMET, Latifou Issaou, invite \u00ab&nbsp;<em>chacun \u00e0 suivre r\u00e9guli\u00e8rement les mises \u00e0 jour des bulletins m\u00e9t\u00e9orologiques, notamment les pr\u00e9visions quotidiennes et intra-saisonni\u00e8res, afin de mieux s\u2019adapter aux \u00e9volutions du climat<\/em>&nbsp;\u00bb.<\/p>\n\n\n\n<p class=\"wp-block-paragraph\"><strong>JPB<\/strong><\/p>\n\n\n\n<p class=\"wp-block-paragraph\"><a><strong><em>@macite.tg&nbsp;&nbsp;&nbsp;&nbsp;&nbsp;&nbsp;&nbsp;&nbsp;<\/em><\/strong><\/a><\/p>\n\n\n\n<p class=\"wp-block-paragraph\"><strong><em>E-mail&nbsp;: <\/em><\/strong><a href=\"mailto:maciteinfo@gmail.com\"><strong><em>maciteinfo@gmail.com<\/em><\/strong><\/a><strong><em>; <\/em><\/strong><a href=\"mailto:bawela1@gmail.com\"><strong><em>bawela1@gmail.com<\/em><\/strong><\/a><strong><em><\/em><\/strong><\/p>\n\n\n\n<p class=\"wp-block-paragraph\"><strong><em>Pour vos annonces, (publi)reportages, etc., joignez-nous au (00228)91515309\/<strong>79872224 <\/strong>www.macite.tg, L\u2019information, la bonne&nbsp;!<\/em><\/strong><\/p>\n\n\n\n<p class=\"wp-block-paragraph\"><\/p>\n","protected":false},"excerpt":{"rendered":"<p class=\"text-justify mb-2\" >C\u2019est bient\u00f4t la saison des pluies dans la zone climatique nord, ceci \u00e0 l\u2019exception de l\u2019extr\u00eame nord o\u00f9 il est pr\u00e9vu un l\u00e9ger retard. Dans cette perspectives, l\u2019Agence nationale de la m\u00e9t\u00e9orologie (ANAMET) a annonc\u00e9, le mercredi 14 mai dernier, des pr\u00e9cipitations allant de normales [&hellip;]<\/p>\n","protected":false},"author":2,"featured_media":22082,"comment_status":"open","ping_status":"open","sticky":false,"template":"","format":"standard","meta":{"footnotes":""},"categories":[20,19],"tags":[],"class_list":["post-22079","post","type-post","status-publish","format-standard","has-post-thumbnail","hentry","category-actualite","category-environnement"],"yoast_head":"<!-- This site is optimized with the Yoast SEO plugin v28.4 - https:\/\/yoast.com\/product\/yoast-seo-wordpress\/ -->\n<title>METEO : L\u2019ANAMET alerte sur des pluies (exc\u00e9dentaires) dans le Nord-Togo -<\/title>\n<meta name=\"robots\" content=\"index, follow, max-snippet:-1, max-image-preview:large, max-video-preview:-1\" \/>\n<link rel=\"canonical\" href=\"https:\/\/macite.tg\/?p=22079\" \/>\n<meta property=\"og:locale\" content=\"fr_FR\" \/>\n<meta property=\"og:type\" content=\"article\" \/>\n<meta property=\"og:title\" content=\"METEO : L\u2019ANAMET alerte sur des pluies (exc\u00e9dentaires) dans le Nord-Togo -\" \/>\n<meta property=\"og:description\" content=\"C\u2019est bient\u00f4t la saison des pluies dans la zone climatique nord, ceci \u00e0 l\u2019exception de l\u2019extr\u00eame nord o\u00f9 il est pr\u00e9vu un l\u00e9ger retard. Dans cette perspectives, l\u2019Agence nationale de la m\u00e9t\u00e9orologie (ANAMET) a annonc\u00e9, le mercredi 14 mai dernier, des pr\u00e9cipitations allant de normales [&hellip;]\" \/>\n<meta property=\"og:url\" content=\"https:\/\/macite.tg\/?p=22079\" \/>\n<meta property=\"article:published_time\" content=\"2025-05-16T12:47:53+00:00\" \/>\n<meta property=\"article:modified_time\" content=\"2025-05-16T13:18:32+00:00\" \/>\n<meta property=\"og:image\" content=\"https:\/\/macite.tg\/wp-content\/uploads\/2025\/05\/Meteo.jpg\" \/>\n\t<meta property=\"og:image:width\" content=\"500\" \/>\n\t<meta property=\"og:image:height\" content=\"281\" \/>\n\t<meta property=\"og:image:type\" content=\"image\/jpeg\" \/>\n<meta name=\"author\" content=\"Jean Pierre BAWELA\" \/>\n<meta name=\"twitter:card\" content=\"summary_large_image\" \/>\n<meta name=\"twitter:label1\" content=\"\u00c9crit par\" \/>\n\t<meta name=\"twitter:data1\" content=\"Jean Pierre BAWELA\" \/>\n\t<meta name=\"twitter:label2\" content=\"Dur\u00e9e de lecture estim\u00e9e\" \/>\n\t<meta name=\"twitter:data2\" content=\"3 minutes\" \/>\n<script type=\"application\/ld+json\" class=\"yoast-schema-graph\">{\"@context\":\"https:\\\/\\\/schema.org\",\"@graph\":[{\"@type\":\"Article\",\"@id\":\"https:\\\/\\\/macite.tg\\\/?p=22079#article\",\"isPartOf\":{\"@id\":\"https:\\\/\\\/macite.tg\\\/?p=22079\"},\"author\":{\"name\":\"Jean Pierre BAWELA\",\"@id\":\"https:\\\/\\\/macite.tg\\\/#\\\/schema\\\/person\\\/e9f2de7e5dbbe7770a9402c7ce82f5c2\"},\"headline\":\"METEO : L\u2019ANAMET alerte sur des pluies (exc\u00e9dentaires) dans le Nord-Togo\",\"datePublished\":\"2025-05-16T12:47:53+00:00\",\"dateModified\":\"2025-05-16T13:18:32+00:00\",\"mainEntityOfPage\":{\"@id\":\"https:\\\/\\\/macite.tg\\\/?p=22079\"},\"wordCount\":407,\"commentCount\":0,\"image\":{\"@id\":\"https:\\\/\\\/macite.tg\\\/?p=22079#primaryimage\"},\"thumbnailUrl\":\"https:\\\/\\\/macite.tg\\\/wp-content\\\/uploads\\\/2025\\\/05\\\/Meteo.jpg\",\"articleSection\":[\"ACTUALITE\",\"ENVIRONNEMENT\"],\"inLanguage\":\"fr-FR\",\"potentialAction\":[{\"@type\":\"CommentAction\",\"name\":\"Comment\",\"target\":[\"https:\\\/\\\/macite.tg\\\/?p=22079#respond\"]}]},{\"@type\":\"WebPage\",\"@id\":\"https:\\\/\\\/macite.tg\\\/?p=22079\",\"url\":\"https:\\\/\\\/macite.tg\\\/?p=22079\",\"name\":\"METEO : L\u2019ANAMET alerte sur des pluies (exc\u00e9dentaires) dans le Nord-Togo -\",\"isPartOf\":{\"@id\":\"https:\\\/\\\/macite.tg\\\/#website\"},\"primaryImageOfPage\":{\"@id\":\"https:\\\/\\\/macite.tg\\\/?p=22079#primaryimage\"},\"image\":{\"@id\":\"https:\\\/\\\/macite.tg\\\/?p=22079#primaryimage\"},\"thumbnailUrl\":\"https:\\\/\\\/macite.tg\\\/wp-content\\\/uploads\\\/2025\\\/05\\\/Meteo.jpg\",\"datePublished\":\"2025-05-16T12:47:53+00:00\",\"dateModified\":\"2025-05-16T13:18:32+00:00\",\"author\":{\"@id\":\"https:\\\/\\\/macite.tg\\\/#\\\/schema\\\/person\\\/e9f2de7e5dbbe7770a9402c7ce82f5c2\"},\"breadcrumb\":{\"@id\":\"https:\\\/\\\/macite.tg\\\/?p=22079#breadcrumb\"},\"inLanguage\":\"fr-FR\",\"potentialAction\":[{\"@type\":\"ReadAction\",\"target\":[\"https:\\\/\\\/macite.tg\\\/?p=22079\"]}]},{\"@type\":\"ImageObject\",\"inLanguage\":\"fr-FR\",\"@id\":\"https:\\\/\\\/macite.tg\\\/?p=22079#primaryimage\",\"url\":\"https:\\\/\\\/macite.tg\\\/wp-content\\\/uploads\\\/2025\\\/05\\\/Meteo.jpg\",\"contentUrl\":\"https:\\\/\\\/macite.tg\\\/wp-content\\\/uploads\\\/2025\\\/05\\\/Meteo.jpg\",\"width\":500,\"height\":281},{\"@type\":\"BreadcrumbList\",\"@id\":\"https:\\\/\\\/macite.tg\\\/?p=22079#breadcrumb\",\"itemListElement\":[{\"@type\":\"ListItem\",\"position\":1,\"name\":\"Accueil\",\"item\":\"https:\\\/\\\/macite.tg\\\/\"},{\"@type\":\"ListItem\",\"position\":2,\"name\":\"METEO : L\u2019ANAMET alerte sur des pluies (exc\u00e9dentaires) dans le Nord-Togo\"}]},{\"@type\":\"WebSite\",\"@id\":\"https:\\\/\\\/macite.tg\\\/#website\",\"url\":\"https:\\\/\\\/macite.tg\\\/\",\"name\":\"\",\"description\":\"L&#039;information, la bonne!!!\",\"potentialAction\":[{\"@type\":\"SearchAction\",\"target\":{\"@type\":\"EntryPoint\",\"urlTemplate\":\"https:\\\/\\\/macite.tg\\\/?s={search_term_string}\"},\"query-input\":{\"@type\":\"PropertyValueSpecification\",\"valueRequired\":true,\"valueName\":\"search_term_string\"}}],\"inLanguage\":\"fr-FR\"},{\"@type\":\"Person\",\"@id\":\"https:\\\/\\\/macite.tg\\\/#\\\/schema\\\/person\\\/e9f2de7e5dbbe7770a9402c7ce82f5c2\",\"name\":\"Jean Pierre BAWELA\",\"image\":{\"@type\":\"ImageObject\",\"inLanguage\":\"fr-FR\",\"@id\":\"https:\\\/\\\/macite.tg\\\/wp-content\\\/uploads\\\/2023\\\/09\\\/WhatsApp-Image-2023-09-19-at-14.44.41-122x122.jpeg\",\"url\":\"https:\\\/\\\/macite.tg\\\/wp-content\\\/uploads\\\/2023\\\/09\\\/WhatsApp-Image-2023-09-19-at-14.44.41-122x122.jpeg\",\"contentUrl\":\"https:\\\/\\\/macite.tg\\\/wp-content\\\/uploads\\\/2023\\\/09\\\/WhatsApp-Image-2023-09-19-at-14.44.41-122x122.jpeg\",\"caption\":\"Jean Pierre BAWELA\"},\"url\":\"https:\\\/\\\/macite.tg\\\/?author=2\"}]}<\/script>\n<!-- \/ Yoast SEO plugin. -->","yoast_head_json":{"title":"METEO : L\u2019ANAMET alerte sur des pluies (exc\u00e9dentaires) dans le Nord-Togo -","robots":{"index":"index","follow":"follow","max-snippet":"max-snippet:-1","max-image-preview":"max-image-preview:large","max-video-preview":"max-video-preview:-1"},"canonical":"https:\/\/macite.tg\/?p=22079","og_locale":"fr_FR","og_type":"article","og_title":"METEO : L\u2019ANAMET alerte sur des pluies (exc\u00e9dentaires) dans le Nord-Togo -","og_description":"C\u2019est bient\u00f4t la saison des pluies dans la zone climatique nord, ceci \u00e0 l\u2019exception de l\u2019extr\u00eame nord o\u00f9 il est pr\u00e9vu un l\u00e9ger retard. Dans cette perspectives, l\u2019Agence nationale de la m\u00e9t\u00e9orologie (ANAMET) a annonc\u00e9, le mercredi 14 mai dernier, des pr\u00e9cipitations allant de normales [&hellip;]","og_url":"https:\/\/macite.tg\/?p=22079","article_published_time":"2025-05-16T12:47:53+00:00","article_modified_time":"2025-05-16T13:18:32+00:00","og_image":[{"width":500,"height":281,"url":"https:\/\/macite.tg\/wp-content\/uploads\/2025\/05\/Meteo.jpg","type":"image\/jpeg"}],"author":"Jean Pierre BAWELA","twitter_card":"summary_large_image","twitter_misc":{"\u00c9crit par":"Jean Pierre BAWELA","Dur\u00e9e de lecture estim\u00e9e":"3 minutes"},"schema":{"@context":"https:\/\/schema.org","@graph":[{"@type":"Article","@id":"https:\/\/macite.tg\/?p=22079#article","isPartOf":{"@id":"https:\/\/macite.tg\/?p=22079"},"author":{"name":"Jean Pierre BAWELA","@id":"https:\/\/macite.tg\/#\/schema\/person\/e9f2de7e5dbbe7770a9402c7ce82f5c2"},"headline":"METEO : L\u2019ANAMET alerte sur des pluies (exc\u00e9dentaires) dans le Nord-Togo","datePublished":"2025-05-16T12:47:53+00:00","dateModified":"2025-05-16T13:18:32+00:00","mainEntityOfPage":{"@id":"https:\/\/macite.tg\/?p=22079"},"wordCount":407,"commentCount":0,"image":{"@id":"https:\/\/macite.tg\/?p=22079#primaryimage"},"thumbnailUrl":"https:\/\/macite.tg\/wp-content\/uploads\/2025\/05\/Meteo.jpg","articleSection":["ACTUALITE","ENVIRONNEMENT"],"inLanguage":"fr-FR","potentialAction":[{"@type":"CommentAction","name":"Comment","target":["https:\/\/macite.tg\/?p=22079#respond"]}]},{"@type":"WebPage","@id":"https:\/\/macite.tg\/?p=22079","url":"https:\/\/macite.tg\/?p=22079","name":"METEO : L\u2019ANAMET alerte sur des pluies (exc\u00e9dentaires) dans le Nord-Togo -","isPartOf":{"@id":"https:\/\/macite.tg\/#website"},"primaryImageOfPage":{"@id":"https:\/\/macite.tg\/?p=22079#primaryimage"},"image":{"@id":"https:\/\/macite.tg\/?p=22079#primaryimage"},"thumbnailUrl":"https:\/\/macite.tg\/wp-content\/uploads\/2025\/05\/Meteo.jpg","datePublished":"2025-05-16T12:47:53+00:00","dateModified":"2025-05-16T13:18:32+00:00","author":{"@id":"https:\/\/macite.tg\/#\/schema\/person\/e9f2de7e5dbbe7770a9402c7ce82f5c2"},"breadcrumb":{"@id":"https:\/\/macite.tg\/?p=22079#breadcrumb"},"inLanguage":"fr-FR","potentialAction":[{"@type":"ReadAction","target":["https:\/\/macite.tg\/?p=22079"]}]},{"@type":"ImageObject","inLanguage":"fr-FR","@id":"https:\/\/macite.tg\/?p=22079#primaryimage","url":"https:\/\/macite.tg\/wp-content\/uploads\/2025\/05\/Meteo.jpg","contentUrl":"https:\/\/macite.tg\/wp-content\/uploads\/2025\/05\/Meteo.jpg","width":500,"height":281},{"@type":"BreadcrumbList","@id":"https:\/\/macite.tg\/?p=22079#breadcrumb","itemListElement":[{"@type":"ListItem","position":1,"name":"Accueil","item":"https:\/\/macite.tg\/"},{"@type":"ListItem","position":2,"name":"METEO : L\u2019ANAMET alerte sur des pluies (exc\u00e9dentaires) dans le Nord-Togo"}]},{"@type":"WebSite","@id":"https:\/\/macite.tg\/#website","url":"https:\/\/macite.tg\/","name":"","description":"L&#039;information, la bonne!!!","potentialAction":[{"@type":"SearchAction","target":{"@type":"EntryPoint","urlTemplate":"https:\/\/macite.tg\/?s={search_term_string}"},"query-input":{"@type":"PropertyValueSpecification","valueRequired":true,"valueName":"search_term_string"}}],"inLanguage":"fr-FR"},{"@type":"Person","@id":"https:\/\/macite.tg\/#\/schema\/person\/e9f2de7e5dbbe7770a9402c7ce82f5c2","name":"Jean Pierre BAWELA","image":{"@type":"ImageObject","inLanguage":"fr-FR","@id":"https:\/\/macite.tg\/wp-content\/uploads\/2023\/09\/WhatsApp-Image-2023-09-19-at-14.44.41-122x122.jpeg","url":"https:\/\/macite.tg\/wp-content\/uploads\/2023\/09\/WhatsApp-Image-2023-09-19-at-14.44.41-122x122.jpeg","contentUrl":"https:\/\/macite.tg\/wp-content\/uploads\/2023\/09\/WhatsApp-Image-2023-09-19-at-14.44.41-122x122.jpeg","caption":"Jean Pierre BAWELA"},"url":"https:\/\/macite.tg\/?author=2"}]}},"_links":{"self":[{"href":"https:\/\/macite.tg\/index.php?rest_route=\/wp\/v2\/posts\/22079","targetHints":{"allow":["GET"]}}],"collection":[{"href":"https:\/\/macite.tg\/index.php?rest_route=\/wp\/v2\/posts"}],"about":[{"href":"https:\/\/macite.tg\/index.php?rest_route=\/wp\/v2\/types\/post"}],"author":[{"embeddable":true,"href":"https:\/\/macite.tg\/index.php?rest_route=\/wp\/v2\/users\/2"}],"replies":[{"embeddable":true,"href":"https:\/\/macite.tg\/index.php?rest_route=%2Fwp%2Fv2%2Fcomments&post=22079"}],"version-history":[{"count":0,"href":"https:\/\/macite.tg\/index.php?rest_route=\/wp\/v2\/posts\/22079\/revisions"}],"wp:featuredmedia":[{"embeddable":true,"href":"https:\/\/macite.tg\/index.php?rest_route=\/wp\/v2\/media\/22082"}],"wp:attachment":[{"href":"https:\/\/macite.tg\/index.php?rest_route=%2Fwp%2Fv2%2Fmedia&parent=22079"}],"wp:term":[{"taxonomy":"category","embeddable":true,"href":"https:\/\/macite.tg\/index.php?rest_route=%2Fwp%2Fv2%2Fcategories&post=22079"},{"taxonomy":"post_tag","embeddable":true,"href":"https:\/\/macite.tg\/index.php?rest_route=%2Fwp%2Fv2%2Ftags&post=22079"}],"curies":[{"name":"wp","href":"https:\/\/api.w.org\/{rel}","templated":true}]}}