{"id":22073,"date":"2025-05-15T18:23:26","date_gmt":"2025-05-15T18:23:26","guid":{"rendered":"https:\/\/macite.tg\/?p=22073"},"modified":"2025-05-15T18:28:04","modified_gmt":"2025-05-15T18:28:04","slug":"projet-himo-generer-un-revenu-immediat-et-stimule-une-insertion-professionnelle-durable-dans-les-savanes","status":"publish","type":"post","link":"https:\/\/macite.tg\/?p=22073","title":{"rendered":"PROJET HIMO \/ SAVANES : G\u00e9n\u00e9rer un revenu imm\u00e9diat et stimuler une insertion professionnelle"},"content":{"rendered":"\n<p class=\"wp-block-paragraph\"><strong><em>Les personnes vuln\u00e9rables de la r\u00e9gion des Savanes pourront d\u00e9sormais \u00eatre impliqu\u00e9s dans les travaux communautaires, et mieux, voir leurs capacit\u00e9s renforcer en vue d\u2019une r\u00e9insertion professionnelle durable. C\u2019est l\u2019ambition du projet Haute intensit\u00e9 de main-d\u2019\u0153uvre (HIMO), officiellement lanc\u00e9 le lundi 12 mai dernier \u00e0 Lom\u00e9.<\/em><\/strong><\/p>\n\n\n\n<p class=\"wp-block-paragraph\">Soutenir l\u2019emploi et renforcer la coh\u00e9sion sociale \u00e0 travers la cr\u00e9ation d\u2019emplois temporaires pour les populations vuln\u00e9rables dans la r\u00e9gion des Savanes, tels sont les objectifs vis\u00e9s par le projet Haute intensit\u00e9 de main-d\u2019\u0153uvre (HIMO).<\/p>\n\n\n<div class=\"wp-block-image\">\n<figure class=\"aligncenter size-full is-resized\"><img loading=\"lazy\" decoding=\"async\" width=\"690\" height=\"170\" src=\"https:\/\/macite.tg\/wp-content\/uploads\/2025\/05\/OTR_TVM-1.jpg\" alt=\"\" class=\"wp-image-22066\" style=\"width:840px;height:auto\" srcset=\"https:\/\/macite.tg\/wp-content\/uploads\/2025\/05\/OTR_TVM-1.jpg 690w, https:\/\/macite.tg\/wp-content\/uploads\/2025\/05\/OTR_TVM-1-300x74.jpg 300w\" sizes=\"auto, (max-width: 690px) 100vw, 690px\" \/><\/figure>\n<\/div>\n\n\n<p class=\"wp-block-paragraph\">L\u2019initiative qui s\u2019inscrit dans le cadre du Programme d\u2019urgence pour la r\u00e9gion des Savanes (PURS), avec l\u2019appui de l\u2019Organisation internationale du Travail (OIT), se veut de promouvoir l\u2019emplois aupr\u00e8s des personnes vuln\u00e9rables.<\/p>\n\n\n\n<p class=\"wp-block-paragraph\">Durant douze mois, les b\u00e9n\u00e9ficiaires seront fortement impliqu\u00e9s dans la r\u00e9alisation de travaux communautaires \u00e0 forte intensit\u00e9 de main-d\u2019\u0153uvre, \u00e0 savoir : entretien de pistes rurales, reboisement, chantiers publics, et formations pratiques. Les cibles sont particuli\u00e8rement les jeunes, les femmes, mais aussi les personnes d\u00e9plac\u00e9es, en situation de vuln\u00e9rabilit\u00e9.<\/p>\n\n\n\n<p class=\"wp-block-paragraph\">Lors du lancement dudit projet, le directeur de cabinet du minist\u00e8re en charge du travail, Jacques Alandja, a indiqu\u00e9 que le \u00ab&nbsp;<em>projet HIMO se veut une r\u00e9ponse concr\u00e8te, adapt\u00e9e aux r\u00e9alit\u00e9s locales, pour restaurer l\u2019espoir dans les communaut\u00e9s, cr\u00e9er un tissu \u00e9conomique de proximit\u00e9 et renforcer la r\u00e9silience face aux difficult\u00e9s du quotidien<\/em>&nbsp;\u00bb.<\/p>\n\n\n<div class=\"wp-block-image\">\n<figure class=\"aligncenter size-full\"><img loading=\"lazy\" decoding=\"async\" width=\"700\" height=\"1001\" src=\"https:\/\/macite.tg\/wp-content\/uploads\/2025\/05\/OTR_Etat-GEFU.jpg\" alt=\"\" class=\"wp-image-21894\" srcset=\"https:\/\/macite.tg\/wp-content\/uploads\/2025\/05\/OTR_Etat-GEFU.jpg 700w, https:\/\/macite.tg\/wp-content\/uploads\/2025\/05\/OTR_Etat-GEFU-210x300.jpg 210w\" sizes=\"auto, (max-width: 700px) 100vw, 700px\" \/><\/figure>\n<\/div>\n\n\n<p class=\"wp-block-paragraph\">Notons que les populations du nord Togo sont confront\u00e9es depuis trois ans d\u00e9j\u00e0, \u00e0 une situation d\u2019ins\u00e9curit\u00e9 qui les plonge dans une situation d\u2019inconfort total. Cette initiative vise \u00e0 g\u00e9n\u00e9rer un revenu imm\u00e9diat tout en stimulant une insertion professionnelle durable. Bref, encourager leur r\u00e9silience malgr\u00e9 cette situation.<\/p>\n\n\n\n<p class=\"wp-block-paragraph\"><strong>JPB<\/strong><\/p>\n\n\n\n<p class=\"wp-block-paragraph\"><a><strong><em>@macite.tg&nbsp;&nbsp;&nbsp;&nbsp;&nbsp;&nbsp;&nbsp;&nbsp;<\/em><\/strong><\/a><\/p>\n\n\n\n<p class=\"wp-block-paragraph\"><strong><em>E-mail&nbsp;: <\/em><\/strong><a href=\"mailto:maciteinfo@gmail.com\"><strong><em>maciteinfo@gmail.com<\/em><\/strong><\/a><strong><em>; <\/em><\/strong><a href=\"mailto:bawela1@gmail.com\"><strong><em>bawela1@gmail.com<\/em><\/strong><\/a><strong><em><\/em><\/strong><\/p>\n\n\n\n<p class=\"wp-block-paragraph\"><strong><em>Pour vos annonces, (publi)reportages, etc., joignez-nous au (00228)91515309\/<strong>79872224 <\/strong>www.macite.tg, L\u2019information, la bonne&nbsp;!<\/em><\/strong><\/p>\n\n\n\n<p class=\"wp-block-paragraph\"><\/p>\n","protected":false},"excerpt":{"rendered":"<p class=\"text-justify mb-2\" >Les personnes vuln\u00e9rables de la r\u00e9gion des Savanes pourront d\u00e9sormais \u00eatre impliqu\u00e9s dans les travaux communautaires, et mieux, voir leurs capacit\u00e9s renforcer en vue d\u2019une r\u00e9insertion professionnelle durable. C\u2019est l\u2019ambition du projet Haute intensit\u00e9 de main-d\u2019\u0153uvre (HIMO), officiellement lanc\u00e9 le lundi 12 mai dernier \u00e0 [&hellip;]<\/p>\n","protected":false},"author":2,"featured_media":22074,"comment_status":"open","ping_status":"open","sticky":false,"template":"","format":"standard","meta":{"footnotes":""},"categories":[20],"tags":[],"class_list":["post-22073","post","type-post","status-publish","format-standard","has-post-thumbnail","hentry","category-actualite"],"yoast_head":"<!-- This site is optimized with the Yoast SEO plugin v28.4 - https:\/\/yoast.com\/product\/yoast-seo-wordpress\/ -->\n<title>PROJET HIMO \/ SAVANES : G\u00e9n\u00e9rer un revenu imm\u00e9diat et stimuler une insertion professionnelle -<\/title>\n<meta name=\"robots\" content=\"index, follow, max-snippet:-1, max-image-preview:large, max-video-preview:-1\" \/>\n<link rel=\"canonical\" href=\"https:\/\/macite.tg\/?p=22073\" \/>\n<meta property=\"og:locale\" content=\"fr_FR\" \/>\n<meta property=\"og:type\" content=\"article\" \/>\n<meta property=\"og:title\" content=\"PROJET HIMO \/ SAVANES : G\u00e9n\u00e9rer un revenu imm\u00e9diat et stimuler une insertion professionnelle -\" \/>\n<meta property=\"og:description\" content=\"Les personnes vuln\u00e9rables de la r\u00e9gion des Savanes pourront d\u00e9sormais \u00eatre impliqu\u00e9s dans les travaux communautaires, et mieux, voir leurs capacit\u00e9s renforcer en vue d\u2019une r\u00e9insertion professionnelle durable. C\u2019est l\u2019ambition du projet Haute intensit\u00e9 de main-d\u2019\u0153uvre (HIMO), officiellement lanc\u00e9 le lundi 12 mai dernier \u00e0 [&hellip;]\" \/>\n<meta property=\"og:url\" content=\"https:\/\/macite.tg\/?p=22073\" \/>\n<meta property=\"article:published_time\" content=\"2025-05-15T18:23:26+00:00\" \/>\n<meta property=\"article:modified_time\" content=\"2025-05-15T18:28:04+00:00\" \/>\n<meta property=\"og:image\" content=\"https:\/\/macite.tg\/wp-content\/uploads\/2025\/05\/image-41.png\" \/>\n\t<meta property=\"og:image:width\" content=\"400\" \/>\n\t<meta property=\"og:image:height\" content=\"300\" \/>\n\t<meta property=\"og:image:type\" content=\"image\/png\" \/>\n<meta name=\"author\" content=\"Jean Pierre BAWELA\" \/>\n<meta name=\"twitter:card\" content=\"summary_large_image\" \/>\n<meta name=\"twitter:label1\" content=\"\u00c9crit par\" \/>\n\t<meta name=\"twitter:data1\" content=\"Jean Pierre BAWELA\" \/>\n\t<meta name=\"twitter:label2\" content=\"Dur\u00e9e de lecture estim\u00e9e\" \/>\n\t<meta name=\"twitter:data2\" content=\"3 minutes\" \/>\n<script type=\"application\/ld+json\" class=\"yoast-schema-graph\">{\"@context\":\"https:\\\/\\\/schema.org\",\"@graph\":[{\"@type\":\"Article\",\"@id\":\"https:\\\/\\\/macite.tg\\\/?p=22073#article\",\"isPartOf\":{\"@id\":\"https:\\\/\\\/macite.tg\\\/?p=22073\"},\"author\":{\"name\":\"Jean Pierre BAWELA\",\"@id\":\"https:\\\/\\\/macite.tg\\\/#\\\/schema\\\/person\\\/e9f2de7e5dbbe7770a9402c7ce82f5c2\"},\"headline\":\"PROJET HIMO \\\/ SAVANES : G\u00e9n\u00e9rer un revenu imm\u00e9diat et stimuler une insertion professionnelle\",\"datePublished\":\"2025-05-15T18:23:26+00:00\",\"dateModified\":\"2025-05-15T18:28:04+00:00\",\"mainEntityOfPage\":{\"@id\":\"https:\\\/\\\/macite.tg\\\/?p=22073\"},\"wordCount\":362,\"commentCount\":0,\"image\":{\"@id\":\"https:\\\/\\\/macite.tg\\\/?p=22073#primaryimage\"},\"thumbnailUrl\":\"https:\\\/\\\/macite.tg\\\/wp-content\\\/uploads\\\/2025\\\/05\\\/image-41.png\",\"articleSection\":[\"ACTUALITE\"],\"inLanguage\":\"fr-FR\",\"potentialAction\":[{\"@type\":\"CommentAction\",\"name\":\"Comment\",\"target\":[\"https:\\\/\\\/macite.tg\\\/?p=22073#respond\"]}]},{\"@type\":\"WebPage\",\"@id\":\"https:\\\/\\\/macite.tg\\\/?p=22073\",\"url\":\"https:\\\/\\\/macite.tg\\\/?p=22073\",\"name\":\"PROJET HIMO \\\/ SAVANES : G\u00e9n\u00e9rer un revenu imm\u00e9diat et stimuler une insertion professionnelle -\",\"isPartOf\":{\"@id\":\"https:\\\/\\\/macite.tg\\\/#website\"},\"primaryImageOfPage\":{\"@id\":\"https:\\\/\\\/macite.tg\\\/?p=22073#primaryimage\"},\"image\":{\"@id\":\"https:\\\/\\\/macite.tg\\\/?p=22073#primaryimage\"},\"thumbnailUrl\":\"https:\\\/\\\/macite.tg\\\/wp-content\\\/uploads\\\/2025\\\/05\\\/image-41.png\",\"datePublished\":\"2025-05-15T18:23:26+00:00\",\"dateModified\":\"2025-05-15T18:28:04+00:00\",\"author\":{\"@id\":\"https:\\\/\\\/macite.tg\\\/#\\\/schema\\\/person\\\/e9f2de7e5dbbe7770a9402c7ce82f5c2\"},\"breadcrumb\":{\"@id\":\"https:\\\/\\\/macite.tg\\\/?p=22073#breadcrumb\"},\"inLanguage\":\"fr-FR\",\"potentialAction\":[{\"@type\":\"ReadAction\",\"target\":[\"https:\\\/\\\/macite.tg\\\/?p=22073\"]}]},{\"@type\":\"ImageObject\",\"inLanguage\":\"fr-FR\",\"@id\":\"https:\\\/\\\/macite.tg\\\/?p=22073#primaryimage\",\"url\":\"https:\\\/\\\/macite.tg\\\/wp-content\\\/uploads\\\/2025\\\/05\\\/image-41.png\",\"contentUrl\":\"https:\\\/\\\/macite.tg\\\/wp-content\\\/uploads\\\/2025\\\/05\\\/image-41.png\",\"width\":400,\"height\":300,\"caption\":\"La table lors du lancement dudit projet \u00e0 Lom\u00e9\"},{\"@type\":\"BreadcrumbList\",\"@id\":\"https:\\\/\\\/macite.tg\\\/?p=22073#breadcrumb\",\"itemListElement\":[{\"@type\":\"ListItem\",\"position\":1,\"name\":\"Accueil\",\"item\":\"https:\\\/\\\/macite.tg\\\/\"},{\"@type\":\"ListItem\",\"position\":2,\"name\":\"PROJET HIMO \\\/ SAVANES : G\u00e9n\u00e9rer un revenu imm\u00e9diat et stimuler une insertion professionnelle\"}]},{\"@type\":\"WebSite\",\"@id\":\"https:\\\/\\\/macite.tg\\\/#website\",\"url\":\"https:\\\/\\\/macite.tg\\\/\",\"name\":\"\",\"description\":\"L&#039;information, la bonne!!!\",\"potentialAction\":[{\"@type\":\"SearchAction\",\"target\":{\"@type\":\"EntryPoint\",\"urlTemplate\":\"https:\\\/\\\/macite.tg\\\/?s={search_term_string}\"},\"query-input\":{\"@type\":\"PropertyValueSpecification\",\"valueRequired\":true,\"valueName\":\"search_term_string\"}}],\"inLanguage\":\"fr-FR\"},{\"@type\":\"Person\",\"@id\":\"https:\\\/\\\/macite.tg\\\/#\\\/schema\\\/person\\\/e9f2de7e5dbbe7770a9402c7ce82f5c2\",\"name\":\"Jean Pierre BAWELA\",\"image\":{\"@type\":\"ImageObject\",\"inLanguage\":\"fr-FR\",\"@id\":\"https:\\\/\\\/macite.tg\\\/wp-content\\\/uploads\\\/2023\\\/09\\\/WhatsApp-Image-2023-09-19-at-14.44.41-122x122.jpeg\",\"url\":\"https:\\\/\\\/macite.tg\\\/wp-content\\\/uploads\\\/2023\\\/09\\\/WhatsApp-Image-2023-09-19-at-14.44.41-122x122.jpeg\",\"contentUrl\":\"https:\\\/\\\/macite.tg\\\/wp-content\\\/uploads\\\/2023\\\/09\\\/WhatsApp-Image-2023-09-19-at-14.44.41-122x122.jpeg\",\"caption\":\"Jean Pierre BAWELA\"},\"url\":\"https:\\\/\\\/macite.tg\\\/?author=2\"}]}<\/script>\n<!-- \/ Yoast SEO plugin. -->","yoast_head_json":{"title":"PROJET HIMO \/ SAVANES : G\u00e9n\u00e9rer un revenu imm\u00e9diat et stimuler une insertion professionnelle -","robots":{"index":"index","follow":"follow","max-snippet":"max-snippet:-1","max-image-preview":"max-image-preview:large","max-video-preview":"max-video-preview:-1"},"canonical":"https:\/\/macite.tg\/?p=22073","og_locale":"fr_FR","og_type":"article","og_title":"PROJET HIMO \/ SAVANES : G\u00e9n\u00e9rer un revenu imm\u00e9diat et stimuler une insertion professionnelle -","og_description":"Les personnes vuln\u00e9rables de la r\u00e9gion des Savanes pourront d\u00e9sormais \u00eatre impliqu\u00e9s dans les travaux communautaires, et mieux, voir leurs capacit\u00e9s renforcer en vue d\u2019une r\u00e9insertion professionnelle durable. C\u2019est l\u2019ambition du projet Haute intensit\u00e9 de main-d\u2019\u0153uvre (HIMO), officiellement lanc\u00e9 le lundi 12 mai dernier \u00e0 [&hellip;]","og_url":"https:\/\/macite.tg\/?p=22073","article_published_time":"2025-05-15T18:23:26+00:00","article_modified_time":"2025-05-15T18:28:04+00:00","og_image":[{"width":400,"height":300,"url":"https:\/\/macite.tg\/wp-content\/uploads\/2025\/05\/image-41.png","type":"image\/png"}],"author":"Jean Pierre BAWELA","twitter_card":"summary_large_image","twitter_misc":{"\u00c9crit par":"Jean Pierre BAWELA","Dur\u00e9e de lecture estim\u00e9e":"3 minutes"},"schema":{"@context":"https:\/\/schema.org","@graph":[{"@type":"Article","@id":"https:\/\/macite.tg\/?p=22073#article","isPartOf":{"@id":"https:\/\/macite.tg\/?p=22073"},"author":{"name":"Jean Pierre BAWELA","@id":"https:\/\/macite.tg\/#\/schema\/person\/e9f2de7e5dbbe7770a9402c7ce82f5c2"},"headline":"PROJET HIMO \/ SAVANES : G\u00e9n\u00e9rer un revenu imm\u00e9diat et stimuler une insertion professionnelle","datePublished":"2025-05-15T18:23:26+00:00","dateModified":"2025-05-15T18:28:04+00:00","mainEntityOfPage":{"@id":"https:\/\/macite.tg\/?p=22073"},"wordCount":362,"commentCount":0,"image":{"@id":"https:\/\/macite.tg\/?p=22073#primaryimage"},"thumbnailUrl":"https:\/\/macite.tg\/wp-content\/uploads\/2025\/05\/image-41.png","articleSection":["ACTUALITE"],"inLanguage":"fr-FR","potentialAction":[{"@type":"CommentAction","name":"Comment","target":["https:\/\/macite.tg\/?p=22073#respond"]}]},{"@type":"WebPage","@id":"https:\/\/macite.tg\/?p=22073","url":"https:\/\/macite.tg\/?p=22073","name":"PROJET HIMO \/ SAVANES : G\u00e9n\u00e9rer un revenu imm\u00e9diat et stimuler une insertion professionnelle -","isPartOf":{"@id":"https:\/\/macite.tg\/#website"},"primaryImageOfPage":{"@id":"https:\/\/macite.tg\/?p=22073#primaryimage"},"image":{"@id":"https:\/\/macite.tg\/?p=22073#primaryimage"},"thumbnailUrl":"https:\/\/macite.tg\/wp-content\/uploads\/2025\/05\/image-41.png","datePublished":"2025-05-15T18:23:26+00:00","dateModified":"2025-05-15T18:28:04+00:00","author":{"@id":"https:\/\/macite.tg\/#\/schema\/person\/e9f2de7e5dbbe7770a9402c7ce82f5c2"},"breadcrumb":{"@id":"https:\/\/macite.tg\/?p=22073#breadcrumb"},"inLanguage":"fr-FR","potentialAction":[{"@type":"ReadAction","target":["https:\/\/macite.tg\/?p=22073"]}]},{"@type":"ImageObject","inLanguage":"fr-FR","@id":"https:\/\/macite.tg\/?p=22073#primaryimage","url":"https:\/\/macite.tg\/wp-content\/uploads\/2025\/05\/image-41.png","contentUrl":"https:\/\/macite.tg\/wp-content\/uploads\/2025\/05\/image-41.png","width":400,"height":300,"caption":"La table lors du lancement dudit projet \u00e0 Lom\u00e9"},{"@type":"BreadcrumbList","@id":"https:\/\/macite.tg\/?p=22073#breadcrumb","itemListElement":[{"@type":"ListItem","position":1,"name":"Accueil","item":"https:\/\/macite.tg\/"},{"@type":"ListItem","position":2,"name":"PROJET HIMO \/ SAVANES : G\u00e9n\u00e9rer un revenu imm\u00e9diat et stimuler une insertion professionnelle"}]},{"@type":"WebSite","@id":"https:\/\/macite.tg\/#website","url":"https:\/\/macite.tg\/","name":"","description":"L&#039;information, la bonne!!!","potentialAction":[{"@type":"SearchAction","target":{"@type":"EntryPoint","urlTemplate":"https:\/\/macite.tg\/?s={search_term_string}"},"query-input":{"@type":"PropertyValueSpecification","valueRequired":true,"valueName":"search_term_string"}}],"inLanguage":"fr-FR"},{"@type":"Person","@id":"https:\/\/macite.tg\/#\/schema\/person\/e9f2de7e5dbbe7770a9402c7ce82f5c2","name":"Jean Pierre BAWELA","image":{"@type":"ImageObject","inLanguage":"fr-FR","@id":"https:\/\/macite.tg\/wp-content\/uploads\/2023\/09\/WhatsApp-Image-2023-09-19-at-14.44.41-122x122.jpeg","url":"https:\/\/macite.tg\/wp-content\/uploads\/2023\/09\/WhatsApp-Image-2023-09-19-at-14.44.41-122x122.jpeg","contentUrl":"https:\/\/macite.tg\/wp-content\/uploads\/2023\/09\/WhatsApp-Image-2023-09-19-at-14.44.41-122x122.jpeg","caption":"Jean Pierre BAWELA"},"url":"https:\/\/macite.tg\/?author=2"}]}},"_links":{"self":[{"href":"https:\/\/macite.tg\/index.php?rest_route=\/wp\/v2\/posts\/22073","targetHints":{"allow":["GET"]}}],"collection":[{"href":"https:\/\/macite.tg\/index.php?rest_route=\/wp\/v2\/posts"}],"about":[{"href":"https:\/\/macite.tg\/index.php?rest_route=\/wp\/v2\/types\/post"}],"author":[{"embeddable":true,"href":"https:\/\/macite.tg\/index.php?rest_route=\/wp\/v2\/users\/2"}],"replies":[{"embeddable":true,"href":"https:\/\/macite.tg\/index.php?rest_route=%2Fwp%2Fv2%2Fcomments&post=22073"}],"version-history":[{"count":0,"href":"https:\/\/macite.tg\/index.php?rest_route=\/wp\/v2\/posts\/22073\/revisions"}],"wp:featuredmedia":[{"embeddable":true,"href":"https:\/\/macite.tg\/index.php?rest_route=\/wp\/v2\/media\/22074"}],"wp:attachment":[{"href":"https:\/\/macite.tg\/index.php?rest_route=%2Fwp%2Fv2%2Fmedia&parent=22073"}],"wp:term":[{"taxonomy":"category","embeddable":true,"href":"https:\/\/macite.tg\/index.php?rest_route=%2Fwp%2Fv2%2Fcategories&post=22073"},{"taxonomy":"post_tag","embeddable":true,"href":"https:\/\/macite.tg\/index.php?rest_route=%2Fwp%2Fv2%2Ftags&post=22073"}],"curies":[{"name":"wp","href":"https:\/\/api.w.org\/{rel}","templated":true}]}}