{"id":22070,"date":"2025-05-15T13:28:36","date_gmt":"2025-05-15T13:28:36","guid":{"rendered":"https:\/\/macite.tg\/?p=22070"},"modified":"2025-05-15T13:28:51","modified_gmt":"2025-05-15T13:28:51","slug":"parenariat-cea-togo-le-secretaire-executif-claver-gatete-reaffirme-lengagement-de-son-institution","status":"publish","type":"post","link":"https:\/\/macite.tg\/?p=22070","title":{"rendered":"PARENARIAT CEA \u2013 TOGO : Le Secr\u00e9taire ex\u00e9cutif Claver Gatete r\u00e9affirme l&rsquo;engagement de son institution &#8230;"},"content":{"rendered":"\n<p class=\"wp-block-paragraph\"><strong><em>En s\u00e9jour dans la capitale togolaise dans le cadre de la premi\u00e8re conf\u00e9rence de l\u2019Union africaine sur la dette, le Secr\u00e9taire ex\u00e9cutif de la Commission \u00e9conomique des Nations unies pour l\u2019Afrique (CEA), Claver Gatete, a \u00e9t\u00e9 re\u00e7u en audience, le lundi 12 mai dernier, par le Pr\u00e9sident du Conseil, Faure Essozimna Gnassingb\u00e9.<\/em><\/strong><\/p>\n\n\n\n<p class=\"wp-block-paragraph\">Le Secr\u00e9taire ex\u00e9cutif de la CEA, Claver Gatete, accompagn\u00e9 de la nouvelle Coordonnatrice r\u00e9sidente du Syst\u00e8me des Nations-Unies, Coumba Sow, a \u00e9t\u00e9 re\u00e7u, le lundi 12 mai, par le Pr\u00e9sident du Conseil, Faure Gnassingb\u00e9.<\/p>\n\n\n<div class=\"wp-block-image\">\n<figure class=\"aligncenter size-full\"><img loading=\"lazy\" decoding=\"async\" width=\"526\" height=\"526\" src=\"https:\/\/macite.tg\/wp-content\/uploads\/2025\/05\/OTR_Bornage-contradictoire_Mois-de-Mai.jpg\" alt=\"\" class=\"wp-image-22065\" srcset=\"https:\/\/macite.tg\/wp-content\/uploads\/2025\/05\/OTR_Bornage-contradictoire_Mois-de-Mai.jpg 526w, https:\/\/macite.tg\/wp-content\/uploads\/2025\/05\/OTR_Bornage-contradictoire_Mois-de-Mai-300x300.jpg 300w, https:\/\/macite.tg\/wp-content\/uploads\/2025\/05\/OTR_Bornage-contradictoire_Mois-de-Mai-150x150.jpg 150w, https:\/\/macite.tg\/wp-content\/uploads\/2025\/05\/OTR_Bornage-contradictoire_Mois-de-Mai-122x122.jpg 122w\" sizes=\"auto, (max-width: 526px) 100vw, 526px\" \/><\/figure>\n<\/div>\n\n\n<p class=\"wp-block-paragraph\">Au menu des \u00e9changes, le partenariat entre le Togo et l\u2019institution onusienne, mais aussi sur la probl\u00e9matique de la dette en Afrique. Les deux personnalit\u00e9s ont, en outre, abord\u00e9 le sujet sur la possibilit\u00e9 pour le continent africain d\u2019avoir des si\u00e8ges permanents au Conseil de s\u00e9curit\u00e9 des Nations-Unies.<\/p>\n\n\n<div class=\"wp-block-image\">\n<figure class=\"aligncenter size-full is-resized\"><img loading=\"lazy\" decoding=\"async\" width=\"700\" height=\"1001\" src=\"https:\/\/macite.tg\/wp-content\/uploads\/2025\/05\/OTR_Etat-GEFU.jpg\" alt=\"\" class=\"wp-image-21894\" style=\"width:604px;height:auto\" srcset=\"https:\/\/macite.tg\/wp-content\/uploads\/2025\/05\/OTR_Etat-GEFU.jpg 700w, https:\/\/macite.tg\/wp-content\/uploads\/2025\/05\/OTR_Etat-GEFU-210x300.jpg 210w\" sizes=\"auto, (max-width: 700px) 100vw, 700px\" \/><\/figure>\n<\/div>\n\n\n<p class=\"wp-block-paragraph\">Au sortir de l\u2019audience, Claver Gatete s\u2019est confi\u00e9 aux m\u00e9dias en ses termes&nbsp;: \u00ab&nbsp;<em>Nous avons identifi\u00e9 quatre domaines cl\u00e9s \u00e0 savoir&nbsp;: la zone de libre-\u00e9change du continent africain, les statistiques o\u00f9 nous travaillons sur le recalibrage du PIB, la technologie pour accro\u00eetre le syst\u00e8me fiscal et le ratio fiscal\/PIB ainsi que l\u2019efficacit\u00e9 du gouvernement&nbsp;\u00bb<\/em>.<\/p>\n\n\n\n<p class=\"wp-block-paragraph\"><strong>JPB<\/strong><\/p>\n\n\n\n<p class=\"wp-block-paragraph\"><a><strong><em>@macite.tg&nbsp;&nbsp;&nbsp;&nbsp;&nbsp;&nbsp;&nbsp;&nbsp;<\/em><\/strong><\/a><\/p>\n\n\n\n<p class=\"wp-block-paragraph\"><strong><em>E-mail&nbsp;: <\/em><\/strong><a href=\"mailto:maciteinfo@gmail.com\"><strong><em>maciteinfo@gmail.com<\/em><\/strong><\/a><strong><em>; <\/em><\/strong><a href=\"mailto:bawela1@gmail.com\"><strong><em>bawela1@gmail.com<\/em><\/strong><\/a><strong><em><\/em><\/strong><\/p>\n\n\n\n<p class=\"wp-block-paragraph\"><strong><em>Pour vos annonces, (publi)reportages, etc., joignez-nous au (00228)91515309\/<strong>79872224 <\/strong>www.macite.tg, L\u2019information, la bonne&nbsp;!<\/em><\/strong><\/p>\n","protected":false},"excerpt":{"rendered":"<p class=\"text-justify mb-2\" >En s\u00e9jour dans la capitale togolaise dans le cadre de la premi\u00e8re conf\u00e9rence de l\u2019Union africaine sur la dette, le Secr\u00e9taire ex\u00e9cutif de la Commission \u00e9conomique des Nations unies pour l\u2019Afrique (CEA), Claver Gatete, a \u00e9t\u00e9 re\u00e7u en audience, le lundi 12 mai dernier, par [&hellip;]<\/p>\n","protected":false},"author":2,"featured_media":22071,"comment_status":"open","ping_status":"open","sticky":false,"template":"","format":"standard","meta":{"footnotes":""},"categories":[20,16],"tags":[],"class_list":["post-22070","post","type-post","status-publish","format-standard","has-post-thumbnail","hentry","category-actualite","category-cooperation"],"yoast_head":"<!-- This site is optimized with the Yoast SEO plugin v28.4 - https:\/\/yoast.com\/product\/yoast-seo-wordpress\/ -->\n<title>PARENARIAT CEA \u2013 TOGO : Le Secr\u00e9taire ex\u00e9cutif Claver Gatete r\u00e9affirme l&#039;engagement de son institution ... -<\/title>\n<meta name=\"robots\" content=\"index, follow, max-snippet:-1, max-image-preview:large, max-video-preview:-1\" \/>\n<link rel=\"canonical\" href=\"https:\/\/macite.tg\/?p=22070\" \/>\n<meta property=\"og:locale\" content=\"fr_FR\" \/>\n<meta property=\"og:type\" content=\"article\" \/>\n<meta property=\"og:title\" content=\"PARENARIAT CEA \u2013 TOGO : Le Secr\u00e9taire ex\u00e9cutif Claver Gatete r\u00e9affirme l&#039;engagement de son institution ... -\" \/>\n<meta property=\"og:description\" content=\"En s\u00e9jour dans la capitale togolaise dans le cadre de la premi\u00e8re conf\u00e9rence de l\u2019Union africaine sur la dette, le Secr\u00e9taire ex\u00e9cutif de la Commission \u00e9conomique des Nations unies pour l\u2019Afrique (CEA), Claver Gatete, a \u00e9t\u00e9 re\u00e7u en audience, le lundi 12 mai dernier, par [&hellip;]\" \/>\n<meta property=\"og:url\" content=\"https:\/\/macite.tg\/?p=22070\" \/>\n<meta property=\"article:published_time\" content=\"2025-05-15T13:28:36+00:00\" \/>\n<meta property=\"article:modified_time\" content=\"2025-05-15T13:28:51+00:00\" \/>\n<meta property=\"og:image\" content=\"https:\/\/macite.tg\/wp-content\/uploads\/2025\/05\/CAE-CHEZ-LE-PC.jpg\" \/>\n\t<meta property=\"og:image:width\" content=\"500\" \/>\n\t<meta property=\"og:image:height\" content=\"343\" \/>\n\t<meta property=\"og:image:type\" content=\"image\/jpeg\" \/>\n<meta name=\"author\" content=\"Jean Pierre BAWELA\" \/>\n<meta name=\"twitter:card\" content=\"summary_large_image\" \/>\n<meta name=\"twitter:label1\" content=\"\u00c9crit par\" \/>\n\t<meta name=\"twitter:data1\" content=\"Jean Pierre BAWELA\" \/>\n\t<meta name=\"twitter:label2\" content=\"Dur\u00e9e de lecture estim\u00e9e\" \/>\n\t<meta name=\"twitter:data2\" content=\"2 minutes\" \/>\n<script type=\"application\/ld+json\" class=\"yoast-schema-graph\">{\"@context\":\"https:\\\/\\\/schema.org\",\"@graph\":[{\"@type\":\"Article\",\"@id\":\"https:\\\/\\\/macite.tg\\\/?p=22070#article\",\"isPartOf\":{\"@id\":\"https:\\\/\\\/macite.tg\\\/?p=22070\"},\"author\":{\"name\":\"Jean Pierre BAWELA\",\"@id\":\"https:\\\/\\\/macite.tg\\\/#\\\/schema\\\/person\\\/e9f2de7e5dbbe7770a9402c7ce82f5c2\"},\"headline\":\"PARENARIAT CEA \u2013 TOGO : Le Secr\u00e9taire ex\u00e9cutif Claver Gatete r\u00e9affirme l&rsquo;engagement de son institution &#8230;\",\"datePublished\":\"2025-05-15T13:28:36+00:00\",\"dateModified\":\"2025-05-15T13:28:51+00:00\",\"mainEntityOfPage\":{\"@id\":\"https:\\\/\\\/macite.tg\\\/?p=22070\"},\"wordCount\":271,\"commentCount\":0,\"image\":{\"@id\":\"https:\\\/\\\/macite.tg\\\/?p=22070#primaryimage\"},\"thumbnailUrl\":\"https:\\\/\\\/macite.tg\\\/wp-content\\\/uploads\\\/2025\\\/05\\\/CAE-CHEZ-LE-PC.jpg\",\"articleSection\":[\"ACTUALITE\",\"COOPERATION\"],\"inLanguage\":\"fr-FR\",\"potentialAction\":[{\"@type\":\"CommentAction\",\"name\":\"Comment\",\"target\":[\"https:\\\/\\\/macite.tg\\\/?p=22070#respond\"]}]},{\"@type\":\"WebPage\",\"@id\":\"https:\\\/\\\/macite.tg\\\/?p=22070\",\"url\":\"https:\\\/\\\/macite.tg\\\/?p=22070\",\"name\":\"PARENARIAT CEA \u2013 TOGO : Le Secr\u00e9taire ex\u00e9cutif Claver Gatete r\u00e9affirme l'engagement de son institution ... -\",\"isPartOf\":{\"@id\":\"https:\\\/\\\/macite.tg\\\/#website\"},\"primaryImageOfPage\":{\"@id\":\"https:\\\/\\\/macite.tg\\\/?p=22070#primaryimage\"},\"image\":{\"@id\":\"https:\\\/\\\/macite.tg\\\/?p=22070#primaryimage\"},\"thumbnailUrl\":\"https:\\\/\\\/macite.tg\\\/wp-content\\\/uploads\\\/2025\\\/05\\\/CAE-CHEZ-LE-PC.jpg\",\"datePublished\":\"2025-05-15T13:28:36+00:00\",\"dateModified\":\"2025-05-15T13:28:51+00:00\",\"author\":{\"@id\":\"https:\\\/\\\/macite.tg\\\/#\\\/schema\\\/person\\\/e9f2de7e5dbbe7770a9402c7ce82f5c2\"},\"breadcrumb\":{\"@id\":\"https:\\\/\\\/macite.tg\\\/?p=22070#breadcrumb\"},\"inLanguage\":\"fr-FR\",\"potentialAction\":[{\"@type\":\"ReadAction\",\"target\":[\"https:\\\/\\\/macite.tg\\\/?p=22070\"]}]},{\"@type\":\"ImageObject\",\"inLanguage\":\"fr-FR\",\"@id\":\"https:\\\/\\\/macite.tg\\\/?p=22070#primaryimage\",\"url\":\"https:\\\/\\\/macite.tg\\\/wp-content\\\/uploads\\\/2025\\\/05\\\/CAE-CHEZ-LE-PC.jpg\",\"contentUrl\":\"https:\\\/\\\/macite.tg\\\/wp-content\\\/uploads\\\/2025\\\/05\\\/CAE-CHEZ-LE-PC.jpg\",\"width\":500,\"height\":343,\"caption\":\"Une vue de l'audience\"},{\"@type\":\"BreadcrumbList\",\"@id\":\"https:\\\/\\\/macite.tg\\\/?p=22070#breadcrumb\",\"itemListElement\":[{\"@type\":\"ListItem\",\"position\":1,\"name\":\"Accueil\",\"item\":\"https:\\\/\\\/macite.tg\\\/\"},{\"@type\":\"ListItem\",\"position\":2,\"name\":\"PARENARIAT CEA \u2013 TOGO : Le Secr\u00e9taire ex\u00e9cutif Claver Gatete r\u00e9affirme l&rsquo;engagement de son institution &#8230;\"}]},{\"@type\":\"WebSite\",\"@id\":\"https:\\\/\\\/macite.tg\\\/#website\",\"url\":\"https:\\\/\\\/macite.tg\\\/\",\"name\":\"\",\"description\":\"L&#039;information, la bonne!!!\",\"potentialAction\":[{\"@type\":\"SearchAction\",\"target\":{\"@type\":\"EntryPoint\",\"urlTemplate\":\"https:\\\/\\\/macite.tg\\\/?s={search_term_string}\"},\"query-input\":{\"@type\":\"PropertyValueSpecification\",\"valueRequired\":true,\"valueName\":\"search_term_string\"}}],\"inLanguage\":\"fr-FR\"},{\"@type\":\"Person\",\"@id\":\"https:\\\/\\\/macite.tg\\\/#\\\/schema\\\/person\\\/e9f2de7e5dbbe7770a9402c7ce82f5c2\",\"name\":\"Jean Pierre BAWELA\",\"image\":{\"@type\":\"ImageObject\",\"inLanguage\":\"fr-FR\",\"@id\":\"https:\\\/\\\/macite.tg\\\/wp-content\\\/uploads\\\/2023\\\/09\\\/WhatsApp-Image-2023-09-19-at-14.44.41-122x122.jpeg\",\"url\":\"https:\\\/\\\/macite.tg\\\/wp-content\\\/uploads\\\/2023\\\/09\\\/WhatsApp-Image-2023-09-19-at-14.44.41-122x122.jpeg\",\"contentUrl\":\"https:\\\/\\\/macite.tg\\\/wp-content\\\/uploads\\\/2023\\\/09\\\/WhatsApp-Image-2023-09-19-at-14.44.41-122x122.jpeg\",\"caption\":\"Jean Pierre BAWELA\"},\"url\":\"https:\\\/\\\/macite.tg\\\/?author=2\"}]}<\/script>\n<!-- \/ Yoast SEO plugin. -->","yoast_head_json":{"title":"PARENARIAT CEA \u2013 TOGO : Le Secr\u00e9taire ex\u00e9cutif Claver Gatete r\u00e9affirme l'engagement de son institution ... -","robots":{"index":"index","follow":"follow","max-snippet":"max-snippet:-1","max-image-preview":"max-image-preview:large","max-video-preview":"max-video-preview:-1"},"canonical":"https:\/\/macite.tg\/?p=22070","og_locale":"fr_FR","og_type":"article","og_title":"PARENARIAT CEA \u2013 TOGO : Le Secr\u00e9taire ex\u00e9cutif Claver Gatete r\u00e9affirme l'engagement de son institution ... -","og_description":"En s\u00e9jour dans la capitale togolaise dans le cadre de la premi\u00e8re conf\u00e9rence de l\u2019Union africaine sur la dette, le Secr\u00e9taire ex\u00e9cutif de la Commission \u00e9conomique des Nations unies pour l\u2019Afrique (CEA), Claver Gatete, a \u00e9t\u00e9 re\u00e7u en audience, le lundi 12 mai dernier, par [&hellip;]","og_url":"https:\/\/macite.tg\/?p=22070","article_published_time":"2025-05-15T13:28:36+00:00","article_modified_time":"2025-05-15T13:28:51+00:00","og_image":[{"width":500,"height":343,"url":"https:\/\/macite.tg\/wp-content\/uploads\/2025\/05\/CAE-CHEZ-LE-PC.jpg","type":"image\/jpeg"}],"author":"Jean Pierre BAWELA","twitter_card":"summary_large_image","twitter_misc":{"\u00c9crit par":"Jean Pierre BAWELA","Dur\u00e9e de lecture estim\u00e9e":"2 minutes"},"schema":{"@context":"https:\/\/schema.org","@graph":[{"@type":"Article","@id":"https:\/\/macite.tg\/?p=22070#article","isPartOf":{"@id":"https:\/\/macite.tg\/?p=22070"},"author":{"name":"Jean Pierre BAWELA","@id":"https:\/\/macite.tg\/#\/schema\/person\/e9f2de7e5dbbe7770a9402c7ce82f5c2"},"headline":"PARENARIAT CEA \u2013 TOGO : Le Secr\u00e9taire ex\u00e9cutif Claver Gatete r\u00e9affirme l&rsquo;engagement de son institution &#8230;","datePublished":"2025-05-15T13:28:36+00:00","dateModified":"2025-05-15T13:28:51+00:00","mainEntityOfPage":{"@id":"https:\/\/macite.tg\/?p=22070"},"wordCount":271,"commentCount":0,"image":{"@id":"https:\/\/macite.tg\/?p=22070#primaryimage"},"thumbnailUrl":"https:\/\/macite.tg\/wp-content\/uploads\/2025\/05\/CAE-CHEZ-LE-PC.jpg","articleSection":["ACTUALITE","COOPERATION"],"inLanguage":"fr-FR","potentialAction":[{"@type":"CommentAction","name":"Comment","target":["https:\/\/macite.tg\/?p=22070#respond"]}]},{"@type":"WebPage","@id":"https:\/\/macite.tg\/?p=22070","url":"https:\/\/macite.tg\/?p=22070","name":"PARENARIAT CEA \u2013 TOGO : Le Secr\u00e9taire ex\u00e9cutif Claver Gatete r\u00e9affirme l'engagement de son institution ... -","isPartOf":{"@id":"https:\/\/macite.tg\/#website"},"primaryImageOfPage":{"@id":"https:\/\/macite.tg\/?p=22070#primaryimage"},"image":{"@id":"https:\/\/macite.tg\/?p=22070#primaryimage"},"thumbnailUrl":"https:\/\/macite.tg\/wp-content\/uploads\/2025\/05\/CAE-CHEZ-LE-PC.jpg","datePublished":"2025-05-15T13:28:36+00:00","dateModified":"2025-05-15T13:28:51+00:00","author":{"@id":"https:\/\/macite.tg\/#\/schema\/person\/e9f2de7e5dbbe7770a9402c7ce82f5c2"},"breadcrumb":{"@id":"https:\/\/macite.tg\/?p=22070#breadcrumb"},"inLanguage":"fr-FR","potentialAction":[{"@type":"ReadAction","target":["https:\/\/macite.tg\/?p=22070"]}]},{"@type":"ImageObject","inLanguage":"fr-FR","@id":"https:\/\/macite.tg\/?p=22070#primaryimage","url":"https:\/\/macite.tg\/wp-content\/uploads\/2025\/05\/CAE-CHEZ-LE-PC.jpg","contentUrl":"https:\/\/macite.tg\/wp-content\/uploads\/2025\/05\/CAE-CHEZ-LE-PC.jpg","width":500,"height":343,"caption":"Une vue de l'audience"},{"@type":"BreadcrumbList","@id":"https:\/\/macite.tg\/?p=22070#breadcrumb","itemListElement":[{"@type":"ListItem","position":1,"name":"Accueil","item":"https:\/\/macite.tg\/"},{"@type":"ListItem","position":2,"name":"PARENARIAT CEA \u2013 TOGO : Le Secr\u00e9taire ex\u00e9cutif Claver Gatete r\u00e9affirme l&rsquo;engagement de son institution &#8230;"}]},{"@type":"WebSite","@id":"https:\/\/macite.tg\/#website","url":"https:\/\/macite.tg\/","name":"","description":"L&#039;information, la bonne!!!","potentialAction":[{"@type":"SearchAction","target":{"@type":"EntryPoint","urlTemplate":"https:\/\/macite.tg\/?s={search_term_string}"},"query-input":{"@type":"PropertyValueSpecification","valueRequired":true,"valueName":"search_term_string"}}],"inLanguage":"fr-FR"},{"@type":"Person","@id":"https:\/\/macite.tg\/#\/schema\/person\/e9f2de7e5dbbe7770a9402c7ce82f5c2","name":"Jean Pierre BAWELA","image":{"@type":"ImageObject","inLanguage":"fr-FR","@id":"https:\/\/macite.tg\/wp-content\/uploads\/2023\/09\/WhatsApp-Image-2023-09-19-at-14.44.41-122x122.jpeg","url":"https:\/\/macite.tg\/wp-content\/uploads\/2023\/09\/WhatsApp-Image-2023-09-19-at-14.44.41-122x122.jpeg","contentUrl":"https:\/\/macite.tg\/wp-content\/uploads\/2023\/09\/WhatsApp-Image-2023-09-19-at-14.44.41-122x122.jpeg","caption":"Jean Pierre BAWELA"},"url":"https:\/\/macite.tg\/?author=2"}]}},"_links":{"self":[{"href":"https:\/\/macite.tg\/index.php?rest_route=\/wp\/v2\/posts\/22070","targetHints":{"allow":["GET"]}}],"collection":[{"href":"https:\/\/macite.tg\/index.php?rest_route=\/wp\/v2\/posts"}],"about":[{"href":"https:\/\/macite.tg\/index.php?rest_route=\/wp\/v2\/types\/post"}],"author":[{"embeddable":true,"href":"https:\/\/macite.tg\/index.php?rest_route=\/wp\/v2\/users\/2"}],"replies":[{"embeddable":true,"href":"https:\/\/macite.tg\/index.php?rest_route=%2Fwp%2Fv2%2Fcomments&post=22070"}],"version-history":[{"count":0,"href":"https:\/\/macite.tg\/index.php?rest_route=\/wp\/v2\/posts\/22070\/revisions"}],"wp:featuredmedia":[{"embeddable":true,"href":"https:\/\/macite.tg\/index.php?rest_route=\/wp\/v2\/media\/22071"}],"wp:attachment":[{"href":"https:\/\/macite.tg\/index.php?rest_route=%2Fwp%2Fv2%2Fmedia&parent=22070"}],"wp:term":[{"taxonomy":"category","embeddable":true,"href":"https:\/\/macite.tg\/index.php?rest_route=%2Fwp%2Fv2%2Fcategories&post=22070"},{"taxonomy":"post_tag","embeddable":true,"href":"https:\/\/macite.tg\/index.php?rest_route=%2Fwp%2Fv2%2Ftags&post=22070"}],"curies":[{"name":"wp","href":"https:\/\/api.w.org\/{rel}","templated":true}]}}