{"id":22063,"date":"2025-05-15T12:45:22","date_gmt":"2025-05-15T12:45:22","guid":{"rendered":"https:\/\/macite.tg\/?p=22063"},"modified":"2025-05-15T12:46:48","modified_gmt":"2025-05-15T12:46:48","slug":"fin-de-lunivers-une-etude-scientifique-reveille-quelle-va-arriver-plutot-que-prevue","status":"publish","type":"post","link":"https:\/\/macite.tg\/?p=22063","title":{"rendered":"FIN DE L\u2019UNIVERS\u00a0: Une \u00e9tude (scientifique) r\u00e9v\u00e8le qu\u2019elle va arriver plut\u00f4t que pr\u00e9vue"},"content":{"rendered":"\n<p class=\"wp-block-paragraph\"><strong><em>La fin de l\u2019univers va arriver plus vite que pr\u00e9vu, a indiqu\u00e9 une nouvelle \u00e9tude men\u00e9e par des scientifiques n\u00e9erlandais. Pas de panique&nbsp;! Il reste encore 10 puissance 78 ans avant que cela ne se produise, autrement dit un chiffre \u00e0 78 z\u00e9ros.<\/em><\/strong><\/p>\n\n\n\n<p class=\"wp-block-paragraph\">Il s\u2019agit d\u2019une r\u00e9vision majeure par rapport \u00e0 l\u2019estimation pr\u00e9c\u00e9dente de 10 puissance 1 100 ans, indique l\u2019\u00e9tude de l\u2019universit\u00e9 Radboud, publi\u00e9e dans le Journal de cosmologie et de physique des astroparticules.<\/p>\n\n\n\n<p class=\"wp-block-paragraph\"><em>\u00ab La fin de l\u2019univers arrive beaucoup plus t\u00f4t que pr\u00e9vu, mais heureusement, cela prend encore beaucoup de temps \u00bb,<\/em> a d\u00e9clar\u00e9 l\u2019auteur principal, Heino Falcke.<\/p>\n\n\n<div class=\"wp-block-image\">\n<figure class=\"aligncenter size-full\"><img loading=\"lazy\" decoding=\"async\" width=\"526\" height=\"526\" src=\"https:\/\/macite.tg\/wp-content\/uploads\/2025\/05\/OTR_Bornage-contradictoire_Mois-de-Mai.jpg\" alt=\"\" class=\"wp-image-22065\" srcset=\"https:\/\/macite.tg\/wp-content\/uploads\/2025\/05\/OTR_Bornage-contradictoire_Mois-de-Mai.jpg 526w, https:\/\/macite.tg\/wp-content\/uploads\/2025\/05\/OTR_Bornage-contradictoire_Mois-de-Mai-300x300.jpg 300w, https:\/\/macite.tg\/wp-content\/uploads\/2025\/05\/OTR_Bornage-contradictoire_Mois-de-Mai-150x150.jpg 150w, https:\/\/macite.tg\/wp-content\/uploads\/2025\/05\/OTR_Bornage-contradictoire_Mois-de-Mai-122x122.jpg 122w\" sizes=\"auto, (max-width: 526px) 100vw, 526px\" \/><\/figure>\n<\/div>\n\n\n<p class=\"wp-block-paragraph\"><strong>Quand les naines blanches s\u2019\u00e9teindront<\/strong><\/p>\n\n\n\n<p class=\"wp-block-paragraph\">Un trio de scientifiques de Radboud a entrepris de calculer le moment o\u00f9 les corps c\u00e9lestes les plus <em>\u00ab durables \u00bb<\/em> (les naines blanches) finiraient par s\u2019\u00e9teindre. Ces chercheurs ont bas\u00e9 leurs calculs sur le ph\u00e9nom\u00e8ne de l\u2019\u00e9vaporation des trous noirs, ou rayonnement de Hawking, du nom du c\u00e9l\u00e8bre physicien britannique Stephen Hawking.<\/p>\n\n\n\n<p class=\"wp-block-paragraph\">Au milieu des ann\u00e9es 1970, Stephen Hawking a \u00e9mis l\u2019hypoth\u00e8se que les trous noirs laissaient \u00e9chapper des radiations menant \u00e0 leur lente dissolution, comme de l\u2019aspirine dans un verre d\u2019eau, ce qui leur conf\u00e8re une dur\u00e9e de vie limit\u00e9e.<\/p>\n\n\n<div class=\"wp-block-image\">\n<figure class=\"aligncenter size-full is-resized\"><img loading=\"lazy\" decoding=\"async\" width=\"690\" height=\"170\" src=\"https:\/\/macite.tg\/wp-content\/uploads\/2025\/05\/OTR_TVM-1.jpg\" alt=\"\" class=\"wp-image-22066\" style=\"width:840px;height:auto\" srcset=\"https:\/\/macite.tg\/wp-content\/uploads\/2025\/05\/OTR_TVM-1.jpg 690w, https:\/\/macite.tg\/wp-content\/uploads\/2025\/05\/OTR_TVM-1-300x74.jpg 300w\" sizes=\"auto, (max-width: 690px) 100vw, 690px\" \/><\/figure>\n<\/div>\n\n\n<p class=\"wp-block-paragraph\"><strong>Hawking et le myst\u00e8re des trous noirs<\/strong><\/p>\n\n\n\n<p class=\"wp-block-paragraph\">Les scientifiques de Radboud ont \u00e9tendu ce principe \u00e0 d\u2019autres objets de l\u2019univers, en calculant que le \u00ab temps d\u2019\u00e9vaporation \u00bb d\u00e9pendait de la densit\u00e9. Ils ont ainsi pu calculer la dissolution th\u00e9orique du corps le plus durable, la naine blanche.<\/p>\n\n\n\n<p class=\"wp-block-paragraph\"><em>\u00ab En posant ce genre de questions et en examinant des cas extr\u00eames, nous voulons mieux comprendre la th\u00e9orie, et peut-\u00eatre qu\u2019un jour, nous pourrons percer le myst\u00e8re du rayonnement de Hawking \u00bb,<\/em> a d\u00e9clar\u00e9 Walter van Suijlekom, coauteur de l\u2019\u00e9tude.<\/p>\n\n\n\n<p class=\"wp-block-paragraph\"><strong>L\u2019avenir de l\u2019humanit\u00e9 face \u00e0 l\u2019immensit\u00e9 cosmique<\/strong><\/p>\n\n\n\n<p class=\"wp-block-paragraph\">Ces d\u00e9couvertes n\u2019ont pas vraiment de quoi inqui\u00e9ter l\u2019humanit\u00e9.<\/p>\n\n\n<div class=\"wp-block-image\">\n<figure class=\"aligncenter size-full is-resized\"><img loading=\"lazy\" decoding=\"async\" width=\"700\" height=\"1001\" src=\"https:\/\/macite.tg\/wp-content\/uploads\/2025\/05\/OTR_Etat-GEFU.jpg\" alt=\"\" class=\"wp-image-21894\" style=\"width:610px;height:auto\" srcset=\"https:\/\/macite.tg\/wp-content\/uploads\/2025\/05\/OTR_Etat-GEFU.jpg 700w, https:\/\/macite.tg\/wp-content\/uploads\/2025\/05\/OTR_Etat-GEFU-210x300.jpg 210w\" sizes=\"auto, (max-width: 700px) 100vw, 700px\" \/><\/figure>\n<\/div>\n\n\n<p class=\"wp-block-paragraph\">A priori, \u00e0 moins d\u2019avoir quitt\u00e9 la plan\u00e8te Terre, elle aura disparu depuis longtemps lorsque l\u2019univers s\u2019\u00e9teindra. Les scientifiques pensent en effet que d\u2019ici environ un milliard d\u2019ann\u00e9es, notre soleil sera trop chaud pour que soient maintenues les conditions favorables \u00e0 la vie, et l\u2019astre fera bouillir nos oc\u00e9ans.<\/p>\n\n\n\n<p class=\"wp-block-paragraph\">Dans environ huit milliards d\u2019ann\u00e9es, le soleil finira par atteindre la Terre, engloutissant notre plan\u00e8te, alors st\u00e9rile et sans vie, et la condamnant \u00e0 p\u00e9rir dans les flammes.<\/p>\n\n\n\n<p class=\"wp-block-paragraph\"><strong>SyndiGate Media&nbsp;<\/strong><\/p>\n\n\n\n<p class=\"wp-block-paragraph\"><a><strong><em>@macite.tg&nbsp;&nbsp;&nbsp;&nbsp;&nbsp;&nbsp;&nbsp;&nbsp;<\/em><\/strong><\/a><\/p>\n\n\n\n<p class=\"wp-block-paragraph\"><strong><em>E-mail&nbsp;: <\/em><\/strong><a href=\"mailto:maciteinfo@gmail.com\"><strong><em>maciteinfo@gmail.com<\/em><\/strong><\/a><strong><em>; <\/em><\/strong><a href=\"mailto:bawela1@gmail.com\"><strong><em>bawela1@gmail.com<\/em><\/strong><\/a><strong><em><\/em><\/strong><\/p>\n\n\n\n<p class=\"wp-block-paragraph\"><strong><em>Pour vos annonces, (publi)reportages, etc., joignez-nous au (00228)91515309\/<strong>79872224 <\/strong>www.macite.tg, L\u2019information, la bonne&nbsp;!<\/em><\/strong><\/p>\n\n\n\n<p class=\"wp-block-paragraph\"><\/p>\n","protected":false},"excerpt":{"rendered":"<p class=\"text-justify mb-2\" >La fin de l\u2019univers va arriver plus vite que pr\u00e9vu, a indiqu\u00e9 une nouvelle \u00e9tude men\u00e9e par des scientifiques n\u00e9erlandais. Pas de panique&nbsp;! Il reste encore 10 puissance 78 ans avant que cela ne se produise, autrement dit un chiffre \u00e0 78 z\u00e9ros. Il s\u2019agit [&hellip;]<\/p>\n","protected":false},"author":2,"featured_media":22067,"comment_status":"open","ping_status":"open","sticky":false,"template":"","format":"standard","meta":{"footnotes":""},"categories":[20,27],"tags":[],"class_list":["post-22063","post","type-post","status-publish","format-standard","has-post-thumbnail","hentry","category-actualite","category-opinion"],"yoast_head":"<!-- This site is optimized with the Yoast SEO plugin v28.4 - https:\/\/yoast.com\/product\/yoast-seo-wordpress\/ -->\n<title>FIN DE L\u2019UNIVERS\u00a0: Une \u00e9tude (scientifique) r\u00e9v\u00e8le qu\u2019elle va arriver plut\u00f4t que pr\u00e9vue -<\/title>\n<meta name=\"robots\" content=\"index, follow, max-snippet:-1, max-image-preview:large, max-video-preview:-1\" \/>\n<link rel=\"canonical\" href=\"https:\/\/macite.tg\/?p=22063\" \/>\n<meta property=\"og:locale\" content=\"fr_FR\" \/>\n<meta property=\"og:type\" content=\"article\" \/>\n<meta property=\"og:title\" content=\"FIN DE L\u2019UNIVERS\u00a0: Une \u00e9tude (scientifique) r\u00e9v\u00e8le qu\u2019elle va arriver plut\u00f4t que pr\u00e9vue -\" \/>\n<meta property=\"og:description\" content=\"La fin de l\u2019univers va arriver plus vite que pr\u00e9vu, a indiqu\u00e9 une nouvelle \u00e9tude men\u00e9e par des scientifiques n\u00e9erlandais. Pas de panique&nbsp;! Il reste encore 10 puissance 78 ans avant que cela ne se produise, autrement dit un chiffre \u00e0 78 z\u00e9ros. Il s\u2019agit [&hellip;]\" \/>\n<meta property=\"og:url\" content=\"https:\/\/macite.tg\/?p=22063\" \/>\n<meta property=\"article:published_time\" content=\"2025-05-15T12:45:22+00:00\" \/>\n<meta property=\"article:modified_time\" content=\"2025-05-15T12:46:48+00:00\" \/>\n<meta property=\"og:image\" content=\"https:\/\/macite.tg\/wp-content\/uploads\/2025\/05\/image-40.png\" \/>\n\t<meta property=\"og:image:width\" content=\"429\" \/>\n\t<meta property=\"og:image:height\" content=\"266\" \/>\n\t<meta property=\"og:image:type\" content=\"image\/png\" \/>\n<meta name=\"author\" content=\"Jean Pierre BAWELA\" \/>\n<meta name=\"twitter:card\" content=\"summary_large_image\" \/>\n<meta name=\"twitter:label1\" content=\"\u00c9crit par\" \/>\n\t<meta name=\"twitter:data1\" content=\"Jean Pierre BAWELA\" \/>\n\t<meta name=\"twitter:label2\" content=\"Dur\u00e9e de lecture estim\u00e9e\" \/>\n\t<meta name=\"twitter:data2\" content=\"3 minutes\" \/>\n<script type=\"application\/ld+json\" class=\"yoast-schema-graph\">{\"@context\":\"https:\\\/\\\/schema.org\",\"@graph\":[{\"@type\":\"Article\",\"@id\":\"https:\\\/\\\/macite.tg\\\/?p=22063#article\",\"isPartOf\":{\"@id\":\"https:\\\/\\\/macite.tg\\\/?p=22063\"},\"author\":{\"name\":\"Jean Pierre BAWELA\",\"@id\":\"https:\\\/\\\/macite.tg\\\/#\\\/schema\\\/person\\\/e9f2de7e5dbbe7770a9402c7ce82f5c2\"},\"headline\":\"FIN DE L\u2019UNIVERS\u00a0: Une \u00e9tude (scientifique) r\u00e9v\u00e8le qu\u2019elle va arriver plut\u00f4t que pr\u00e9vue\",\"datePublished\":\"2025-05-15T12:45:22+00:00\",\"dateModified\":\"2025-05-15T12:46:48+00:00\",\"mainEntityOfPage\":{\"@id\":\"https:\\\/\\\/macite.tg\\\/?p=22063\"},\"wordCount\":483,\"commentCount\":0,\"image\":{\"@id\":\"https:\\\/\\\/macite.tg\\\/?p=22063#primaryimage\"},\"thumbnailUrl\":\"https:\\\/\\\/macite.tg\\\/wp-content\\\/uploads\\\/2025\\\/05\\\/image-40.png\",\"articleSection\":[\"ACTUALITE\",\"OPINION\"],\"inLanguage\":\"fr-FR\",\"potentialAction\":[{\"@type\":\"CommentAction\",\"name\":\"Comment\",\"target\":[\"https:\\\/\\\/macite.tg\\\/?p=22063#respond\"]}]},{\"@type\":\"WebPage\",\"@id\":\"https:\\\/\\\/macite.tg\\\/?p=22063\",\"url\":\"https:\\\/\\\/macite.tg\\\/?p=22063\",\"name\":\"FIN DE L\u2019UNIVERS\u00a0: Une \u00e9tude (scientifique) r\u00e9v\u00e8le qu\u2019elle va arriver plut\u00f4t que pr\u00e9vue -\",\"isPartOf\":{\"@id\":\"https:\\\/\\\/macite.tg\\\/#website\"},\"primaryImageOfPage\":{\"@id\":\"https:\\\/\\\/macite.tg\\\/?p=22063#primaryimage\"},\"image\":{\"@id\":\"https:\\\/\\\/macite.tg\\\/?p=22063#primaryimage\"},\"thumbnailUrl\":\"https:\\\/\\\/macite.tg\\\/wp-content\\\/uploads\\\/2025\\\/05\\\/image-40.png\",\"datePublished\":\"2025-05-15T12:45:22+00:00\",\"dateModified\":\"2025-05-15T12:46:48+00:00\",\"author\":{\"@id\":\"https:\\\/\\\/macite.tg\\\/#\\\/schema\\\/person\\\/e9f2de7e5dbbe7770a9402c7ce82f5c2\"},\"breadcrumb\":{\"@id\":\"https:\\\/\\\/macite.tg\\\/?p=22063#breadcrumb\"},\"inLanguage\":\"fr-FR\",\"potentialAction\":[{\"@type\":\"ReadAction\",\"target\":[\"https:\\\/\\\/macite.tg\\\/?p=22063\"]}]},{\"@type\":\"ImageObject\",\"inLanguage\":\"fr-FR\",\"@id\":\"https:\\\/\\\/macite.tg\\\/?p=22063#primaryimage\",\"url\":\"https:\\\/\\\/macite.tg\\\/wp-content\\\/uploads\\\/2025\\\/05\\\/image-40.png\",\"contentUrl\":\"https:\\\/\\\/macite.tg\\\/wp-content\\\/uploads\\\/2025\\\/05\\\/image-40.png\",\"width\":429,\"height\":266,\"caption\":\"La fin du monde, ce n'est pas pour bient\u00f4t\"},{\"@type\":\"BreadcrumbList\",\"@id\":\"https:\\\/\\\/macite.tg\\\/?p=22063#breadcrumb\",\"itemListElement\":[{\"@type\":\"ListItem\",\"position\":1,\"name\":\"Accueil\",\"item\":\"https:\\\/\\\/macite.tg\\\/\"},{\"@type\":\"ListItem\",\"position\":2,\"name\":\"FIN DE L\u2019UNIVERS\u00a0: Une \u00e9tude (scientifique) r\u00e9v\u00e8le qu\u2019elle va arriver plut\u00f4t que pr\u00e9vue\"}]},{\"@type\":\"WebSite\",\"@id\":\"https:\\\/\\\/macite.tg\\\/#website\",\"url\":\"https:\\\/\\\/macite.tg\\\/\",\"name\":\"\",\"description\":\"L&#039;information, la bonne!!!\",\"potentialAction\":[{\"@type\":\"SearchAction\",\"target\":{\"@type\":\"EntryPoint\",\"urlTemplate\":\"https:\\\/\\\/macite.tg\\\/?s={search_term_string}\"},\"query-input\":{\"@type\":\"PropertyValueSpecification\",\"valueRequired\":true,\"valueName\":\"search_term_string\"}}],\"inLanguage\":\"fr-FR\"},{\"@type\":\"Person\",\"@id\":\"https:\\\/\\\/macite.tg\\\/#\\\/schema\\\/person\\\/e9f2de7e5dbbe7770a9402c7ce82f5c2\",\"name\":\"Jean Pierre BAWELA\",\"image\":{\"@type\":\"ImageObject\",\"inLanguage\":\"fr-FR\",\"@id\":\"https:\\\/\\\/macite.tg\\\/wp-content\\\/uploads\\\/2023\\\/09\\\/WhatsApp-Image-2023-09-19-at-14.44.41-122x122.jpeg\",\"url\":\"https:\\\/\\\/macite.tg\\\/wp-content\\\/uploads\\\/2023\\\/09\\\/WhatsApp-Image-2023-09-19-at-14.44.41-122x122.jpeg\",\"contentUrl\":\"https:\\\/\\\/macite.tg\\\/wp-content\\\/uploads\\\/2023\\\/09\\\/WhatsApp-Image-2023-09-19-at-14.44.41-122x122.jpeg\",\"caption\":\"Jean Pierre BAWELA\"},\"url\":\"https:\\\/\\\/macite.tg\\\/?author=2\"}]}<\/script>\n<!-- \/ Yoast SEO plugin. -->","yoast_head_json":{"title":"FIN DE L\u2019UNIVERS\u00a0: Une \u00e9tude (scientifique) r\u00e9v\u00e8le qu\u2019elle va arriver plut\u00f4t que pr\u00e9vue -","robots":{"index":"index","follow":"follow","max-snippet":"max-snippet:-1","max-image-preview":"max-image-preview:large","max-video-preview":"max-video-preview:-1"},"canonical":"https:\/\/macite.tg\/?p=22063","og_locale":"fr_FR","og_type":"article","og_title":"FIN DE L\u2019UNIVERS\u00a0: Une \u00e9tude (scientifique) r\u00e9v\u00e8le qu\u2019elle va arriver plut\u00f4t que pr\u00e9vue -","og_description":"La fin de l\u2019univers va arriver plus vite que pr\u00e9vu, a indiqu\u00e9 une nouvelle \u00e9tude men\u00e9e par des scientifiques n\u00e9erlandais. Pas de panique&nbsp;! Il reste encore 10 puissance 78 ans avant que cela ne se produise, autrement dit un chiffre \u00e0 78 z\u00e9ros. Il s\u2019agit [&hellip;]","og_url":"https:\/\/macite.tg\/?p=22063","article_published_time":"2025-05-15T12:45:22+00:00","article_modified_time":"2025-05-15T12:46:48+00:00","og_image":[{"width":429,"height":266,"url":"https:\/\/macite.tg\/wp-content\/uploads\/2025\/05\/image-40.png","type":"image\/png"}],"author":"Jean Pierre BAWELA","twitter_card":"summary_large_image","twitter_misc":{"\u00c9crit par":"Jean Pierre BAWELA","Dur\u00e9e de lecture estim\u00e9e":"3 minutes"},"schema":{"@context":"https:\/\/schema.org","@graph":[{"@type":"Article","@id":"https:\/\/macite.tg\/?p=22063#article","isPartOf":{"@id":"https:\/\/macite.tg\/?p=22063"},"author":{"name":"Jean Pierre BAWELA","@id":"https:\/\/macite.tg\/#\/schema\/person\/e9f2de7e5dbbe7770a9402c7ce82f5c2"},"headline":"FIN DE L\u2019UNIVERS\u00a0: Une \u00e9tude (scientifique) r\u00e9v\u00e8le qu\u2019elle va arriver plut\u00f4t que pr\u00e9vue","datePublished":"2025-05-15T12:45:22+00:00","dateModified":"2025-05-15T12:46:48+00:00","mainEntityOfPage":{"@id":"https:\/\/macite.tg\/?p=22063"},"wordCount":483,"commentCount":0,"image":{"@id":"https:\/\/macite.tg\/?p=22063#primaryimage"},"thumbnailUrl":"https:\/\/macite.tg\/wp-content\/uploads\/2025\/05\/image-40.png","articleSection":["ACTUALITE","OPINION"],"inLanguage":"fr-FR","potentialAction":[{"@type":"CommentAction","name":"Comment","target":["https:\/\/macite.tg\/?p=22063#respond"]}]},{"@type":"WebPage","@id":"https:\/\/macite.tg\/?p=22063","url":"https:\/\/macite.tg\/?p=22063","name":"FIN DE L\u2019UNIVERS\u00a0: Une \u00e9tude (scientifique) r\u00e9v\u00e8le qu\u2019elle va arriver plut\u00f4t que pr\u00e9vue -","isPartOf":{"@id":"https:\/\/macite.tg\/#website"},"primaryImageOfPage":{"@id":"https:\/\/macite.tg\/?p=22063#primaryimage"},"image":{"@id":"https:\/\/macite.tg\/?p=22063#primaryimage"},"thumbnailUrl":"https:\/\/macite.tg\/wp-content\/uploads\/2025\/05\/image-40.png","datePublished":"2025-05-15T12:45:22+00:00","dateModified":"2025-05-15T12:46:48+00:00","author":{"@id":"https:\/\/macite.tg\/#\/schema\/person\/e9f2de7e5dbbe7770a9402c7ce82f5c2"},"breadcrumb":{"@id":"https:\/\/macite.tg\/?p=22063#breadcrumb"},"inLanguage":"fr-FR","potentialAction":[{"@type":"ReadAction","target":["https:\/\/macite.tg\/?p=22063"]}]},{"@type":"ImageObject","inLanguage":"fr-FR","@id":"https:\/\/macite.tg\/?p=22063#primaryimage","url":"https:\/\/macite.tg\/wp-content\/uploads\/2025\/05\/image-40.png","contentUrl":"https:\/\/macite.tg\/wp-content\/uploads\/2025\/05\/image-40.png","width":429,"height":266,"caption":"La fin du monde, ce n'est pas pour bient\u00f4t"},{"@type":"BreadcrumbList","@id":"https:\/\/macite.tg\/?p=22063#breadcrumb","itemListElement":[{"@type":"ListItem","position":1,"name":"Accueil","item":"https:\/\/macite.tg\/"},{"@type":"ListItem","position":2,"name":"FIN DE L\u2019UNIVERS\u00a0: Une \u00e9tude (scientifique) r\u00e9v\u00e8le qu\u2019elle va arriver plut\u00f4t que pr\u00e9vue"}]},{"@type":"WebSite","@id":"https:\/\/macite.tg\/#website","url":"https:\/\/macite.tg\/","name":"","description":"L&#039;information, la bonne!!!","potentialAction":[{"@type":"SearchAction","target":{"@type":"EntryPoint","urlTemplate":"https:\/\/macite.tg\/?s={search_term_string}"},"query-input":{"@type":"PropertyValueSpecification","valueRequired":true,"valueName":"search_term_string"}}],"inLanguage":"fr-FR"},{"@type":"Person","@id":"https:\/\/macite.tg\/#\/schema\/person\/e9f2de7e5dbbe7770a9402c7ce82f5c2","name":"Jean Pierre BAWELA","image":{"@type":"ImageObject","inLanguage":"fr-FR","@id":"https:\/\/macite.tg\/wp-content\/uploads\/2023\/09\/WhatsApp-Image-2023-09-19-at-14.44.41-122x122.jpeg","url":"https:\/\/macite.tg\/wp-content\/uploads\/2023\/09\/WhatsApp-Image-2023-09-19-at-14.44.41-122x122.jpeg","contentUrl":"https:\/\/macite.tg\/wp-content\/uploads\/2023\/09\/WhatsApp-Image-2023-09-19-at-14.44.41-122x122.jpeg","caption":"Jean Pierre BAWELA"},"url":"https:\/\/macite.tg\/?author=2"}]}},"_links":{"self":[{"href":"https:\/\/macite.tg\/index.php?rest_route=\/wp\/v2\/posts\/22063","targetHints":{"allow":["GET"]}}],"collection":[{"href":"https:\/\/macite.tg\/index.php?rest_route=\/wp\/v2\/posts"}],"about":[{"href":"https:\/\/macite.tg\/index.php?rest_route=\/wp\/v2\/types\/post"}],"author":[{"embeddable":true,"href":"https:\/\/macite.tg\/index.php?rest_route=\/wp\/v2\/users\/2"}],"replies":[{"embeddable":true,"href":"https:\/\/macite.tg\/index.php?rest_route=%2Fwp%2Fv2%2Fcomments&post=22063"}],"version-history":[{"count":0,"href":"https:\/\/macite.tg\/index.php?rest_route=\/wp\/v2\/posts\/22063\/revisions"}],"wp:featuredmedia":[{"embeddable":true,"href":"https:\/\/macite.tg\/index.php?rest_route=\/wp\/v2\/media\/22067"}],"wp:attachment":[{"href":"https:\/\/macite.tg\/index.php?rest_route=%2Fwp%2Fv2%2Fmedia&parent=22063"}],"wp:term":[{"taxonomy":"category","embeddable":true,"href":"https:\/\/macite.tg\/index.php?rest_route=%2Fwp%2Fv2%2Fcategories&post=22063"},{"taxonomy":"post_tag","embeddable":true,"href":"https:\/\/macite.tg\/index.php?rest_route=%2Fwp%2Fv2%2Ftags&post=22063"}],"curies":[{"name":"wp","href":"https:\/\/api.w.org\/{rel}","templated":true}]}}