{"id":22048,"date":"2025-05-14T18:52:11","date_gmt":"2025-05-14T18:52:11","guid":{"rendered":"https:\/\/macite.tg\/?p=22048"},"modified":"2025-05-14T18:52:16","modified_gmt":"2025-05-14T18:52:16","slug":"code-noir-enfin-une-loi-pour-labolir-en-france-vers-une-rehabilitation-historique","status":"publish","type":"post","link":"https:\/\/macite.tg\/?p=22048","title":{"rendered":"CODE NOIR\u00a0: Enfin une loi pour l\u2019abolir en France\u2026 Vers une \u2018\u2019r\u00e9habilitation historique\u2019\u2019\u2026\u00a0"},"content":{"rendered":"\n<p class=\"wp-block-paragraph\"><strong><em>Sur demande d\u2019un d\u00e9put\u00e9 fran\u00e7ais, le Premier ministre Fran\u00e7ois Bayrou a promis un texte pour enfin abolir le Code noir qui r\u00e9gissait l\u2019esclavage d\u2019humains r\u00e9duits au statut de biens meubles. Cette ordonnance du roi Louis XIV date pourtant de 1685.<\/em><\/strong><em><\/em><\/p>\n\n\n\n<p class=\"wp-block-paragraph\">Au moment o\u00f9 l\u2019on est assailli par des affaires g\u00eanantes \u00e0 mi-chemin entre le public et le priv\u00e9, accepter certaines concessions ne mange pas de pain, surtout quand les premiers sujets datent de d\u00e9cennies et que les seconds datent de si\u00e8cles. Alors que le Premier ministre fran\u00e7ais pr\u00e9parait son audition devant la commission d\u2019enqu\u00eate n\u00e9e des r\u00e9v\u00e9lations de violences au sein de l\u2019\u00e9tablissement catholique Notre-Dame de B\u00e9tharram o\u00f9 fut scolaris\u00e9e sa prog\u00e9niture, Fran\u00e7ois Bayrou s\u2019est vu adresser une requ\u00eate du chef de file des d\u00e9put\u00e9s Libert\u00e9s, Ind\u00e9pendants, Outre-mer et Territoires (LIOT).<\/p>\n\n\n<div class=\"wp-block-image\">\n<figure class=\"aligncenter size-full\"><img loading=\"lazy\" decoding=\"async\" width=\"851\" height=\"315\" src=\"https:\/\/macite.tg\/wp-content\/uploads\/2025\/05\/OTR_Ferer-pour-batir-1.jpg\" alt=\"\" class=\"wp-image-21824\" srcset=\"https:\/\/macite.tg\/wp-content\/uploads\/2025\/05\/OTR_Ferer-pour-batir-1.jpg 851w, https:\/\/macite.tg\/wp-content\/uploads\/2025\/05\/OTR_Ferer-pour-batir-1-300x111.jpg 300w, https:\/\/macite.tg\/wp-content\/uploads\/2025\/05\/OTR_Ferer-pour-batir-1-768x284.jpg 768w\" sizes=\"auto, (max-width: 851px) 100vw, 851px\" \/><\/figure>\n<\/div>\n\n\n<p class=\"wp-block-paragraph\">C\u2019est le 13&nbsp;mai, lors de la s\u00e9ance des questions d\u2019actualit\u00e9 au gouvernement, \u00e0 l\u2019Assembl\u00e9e nationale, que Laurent Panifous a demand\u00e9 l\u2019abolition du Code noir qui <em>\u00ab&nbsp;r\u00e9git la mise en esclavage d\u2019\u00eatres humains&nbsp;\u00bb<\/em> et r\u00e9duit l\u2019individu <em>\u00ab&nbsp;au statut juridique de biens meubles&nbsp;\u00bb.<\/em><\/p>\n\n\n\n<p class=\"wp-block-paragraph\">Sans tergiverser, Fran\u00e7ois Bayrou s\u2019est engag\u00e9<em>, \u00ab&nbsp;au nom du gouvernement&nbsp;\u00bb,<\/em> \u00e0 ce qu\u2019un texte actant cette abolition soit pr\u00e9sent\u00e9 au Parlement, et esp\u00e8re que celui-ci sera <em>\u00ab&nbsp;vot\u00e9 \u00e0 l\u2019unanimit\u00e9&nbsp;\u00bb.<\/em><\/p>\n\n\n\n<p class=\"wp-block-paragraph\"><strong>Incongruit\u00e9 historique<\/strong><\/p>\n\n\n\n<p class=\"wp-block-paragraph\">C\u2019est en mars&nbsp;1685 qu\u2019une&nbsp;<a href=\"https:\/\/www.jeuneafrique.com\/433230\/societe\/chronologie-dates-cles-de-lhistoire-de-lesclavage-france\/?utm_source=microsoft&amp;utm_medium=feeds&amp;utm_campaign=feeds-microsoft-v1\" target=\"_blank\" rel=\"noreferrer noopener\">ordonnance du roi Louis XIV<\/a>&nbsp;avait institu\u00e9 ce Code noir, dans les \u00eeles de l\u2019Am\u00e9rique fran\u00e7aise. La r\u00e8gle sera \u00e9largie, par de nouveaux \u00e9dits, aux Mascareignes de l\u2019oc\u00e9an Indien en 1723, \u00e0 la Louisiane en 1724, puis aux recueils de textes juridiques relatifs aux colonies fran\u00e7aises, au milieu du XVIIIe&nbsp;si\u00e8cle. L\u2019objectif \u00e9tait originellement de favoriser la culture de la canne \u00e0 sucre dans les Antilles.<\/p>\n\n\n\n<p class=\"wp-block-paragraph\"><strong>M\u00e9moires \u00e0 vif<\/strong><\/p>\n\n\n\n<p class=\"wp-block-paragraph\">Et Fran\u00e7ois Bayrou de reconna\u00eetre ignorer <em>\u00ab&nbsp;absolument&nbsp;\u00bb<\/em> cette <em>\u00ab&nbsp;r\u00e9alit\u00e9 juridique&nbsp;\u00bb,<\/em> lui qui fut pourtant ministre de l\u2019\u00c9ducation nationale. Il est vrai qu\u2019il est un sp\u00e9cialiste du roi Henri IV, l\u2019ant\u00e9p\u00e9nulti\u00e8me incarnation de la royaut\u00e9, avant le r\u00e8gne de Louis XIV. L\u2019ignorance g\u00e9n\u00e9ralis\u00e9e d\u00e9voil\u00e9e par le d\u00e9put\u00e9 LIOT traduit bien la faible place qu\u2019occupe la question de l\u2019esclavage&nbsp;dans les manuels scolaires de France.<\/p>\n\n\n\n<p class=\"wp-block-paragraph\">Pour le Premier ministre, r\u00e9pondre favorablement \u00e0 la requ\u00eate du 13&nbsp;mai implique une n\u00e9cessaire <em>\u00ab&nbsp;r\u00e9habilitation historique&nbsp;\u00bb<\/em> et une indispensable <em>\u00ab&nbsp;r\u00e9conciliation de la R\u00e9publique avec elle-m\u00eame&nbsp;\u00bb.<\/em><\/p>\n\n\n<div class=\"wp-block-image\">\n<figure class=\"aligncenter size-full\"><img loading=\"lazy\" decoding=\"async\" width=\"700\" height=\"1001\" src=\"https:\/\/macite.tg\/wp-content\/uploads\/2025\/05\/OTR_Etat-GEFU.jpg\" alt=\"\" class=\"wp-image-21894\" srcset=\"https:\/\/macite.tg\/wp-content\/uploads\/2025\/05\/OTR_Etat-GEFU.jpg 700w, https:\/\/macite.tg\/wp-content\/uploads\/2025\/05\/OTR_Etat-GEFU-210x300.jpg 210w\" sizes=\"auto, (max-width: 700px) 100vw, 700px\" \/><\/figure>\n<\/div>\n\n\n<p class=\"wp-block-paragraph\">Cent soixante-dix-sept ans apr\u00e8s l\u2019abolition de l\u2019esclavage, les m\u00e9moires sont toujours \u00e0 vif, empruntant parfois des parall\u00e8les qualifi\u00e9s, par certains, d\u2019anachroniques. R\u00e9cemment, sur la cha\u00eene i24, l\u2019avocat Olivier Pardo refusait de conc\u00e9der \u00e0 l\u2019animateur Claudy Siar la l\u00e9gitimit\u00e9 d\u2019employer, \u00e0 propos des populations africaines esclavagis\u00e9es loin de chez elles, le terme de <em>\u00ab&nbsp;d\u00e9portation&nbsp;\u00bb<\/em> abondamment utilis\u00e9, dans les \u00e9vocations de la Shoah\u2026<\/p>\n\n\n\n<p class=\"wp-block-paragraph\"><strong>MSN<\/strong><\/p>\n\n\n\n<p class=\"wp-block-paragraph\"><a><strong><em>@macite.tg&nbsp;&nbsp;&nbsp;&nbsp;&nbsp;&nbsp;&nbsp;&nbsp;<\/em><\/strong><\/a><\/p>\n\n\n\n<p class=\"wp-block-paragraph\"><strong><em>E-mail&nbsp;: <\/em><\/strong><a href=\"mailto:maciteinfo@gmail.com\"><strong><em>maciteinfo@gmail.com<\/em><\/strong><\/a><strong><em>; <\/em><\/strong><a href=\"mailto:bawela1@gmail.com\"><strong><em>bawela1@gmail.com<\/em><\/strong><\/a><strong><em><\/em><\/strong><\/p>\n\n\n\n<p class=\"wp-block-paragraph\"><strong><em>Pour vos annonces, (publi)reportages, etc., joignez-nous au (00228)91515309\/<strong>79872224 <\/strong>www.macite.tg, L\u2019information, la bonne&nbsp;!<\/em><\/strong><\/p>\n\n\n\n<p class=\"wp-block-paragraph\"><\/p>\n","protected":false},"excerpt":{"rendered":"<p class=\"text-justify mb-2\" >Sur demande d\u2019un d\u00e9put\u00e9 fran\u00e7ais, le Premier ministre Fran\u00e7ois Bayrou a promis un texte pour enfin abolir le Code noir qui r\u00e9gissait l\u2019esclavage d\u2019humains r\u00e9duits au statut de biens meubles. Cette ordonnance du roi Louis XIV date pourtant de 1685. Au moment o\u00f9 l\u2019on est [&hellip;]<\/p>\n","protected":false},"author":2,"featured_media":22049,"comment_status":"open","ping_status":"open","sticky":false,"template":"","format":"standard","meta":{"footnotes":""},"categories":[20,26],"tags":[],"class_list":["post-22048","post","type-post","status-publish","format-standard","has-post-thumbnail","hentry","category-actualite","category-justice"],"yoast_head":"<!-- This site is optimized with the Yoast SEO plugin v28.4 - https:\/\/yoast.com\/product\/yoast-seo-wordpress\/ -->\n<title>CODE NOIR\u00a0: Enfin une loi pour l\u2019abolir en France\u2026 Vers une \u2018\u2019r\u00e9habilitation historique\u2019\u2019\u2026\u00a0 -<\/title>\n<meta name=\"robots\" content=\"index, follow, max-snippet:-1, max-image-preview:large, max-video-preview:-1\" \/>\n<link rel=\"canonical\" href=\"https:\/\/macite.tg\/?p=22048\" \/>\n<meta property=\"og:locale\" content=\"fr_FR\" \/>\n<meta property=\"og:type\" content=\"article\" \/>\n<meta property=\"og:title\" content=\"CODE NOIR\u00a0: Enfin une loi pour l\u2019abolir en France\u2026 Vers une \u2018\u2019r\u00e9habilitation historique\u2019\u2019\u2026\u00a0 -\" \/>\n<meta property=\"og:description\" content=\"Sur demande d\u2019un d\u00e9put\u00e9 fran\u00e7ais, le Premier ministre Fran\u00e7ois Bayrou a promis un texte pour enfin abolir le Code noir qui r\u00e9gissait l\u2019esclavage d\u2019humains r\u00e9duits au statut de biens meubles. Cette ordonnance du roi Louis XIV date pourtant de 1685. Au moment o\u00f9 l\u2019on est [&hellip;]\" \/>\n<meta property=\"og:url\" content=\"https:\/\/macite.tg\/?p=22048\" \/>\n<meta property=\"article:published_time\" content=\"2025-05-14T18:52:11+00:00\" \/>\n<meta property=\"article:modified_time\" content=\"2025-05-14T18:52:16+00:00\" \/>\n<meta property=\"og:image\" content=\"https:\/\/macite.tg\/wp-content\/uploads\/2025\/05\/image-37.png\" \/>\n\t<meta property=\"og:image:width\" content=\"364\" \/>\n\t<meta property=\"og:image:height\" content=\"223\" \/>\n\t<meta property=\"og:image:type\" content=\"image\/png\" \/>\n<meta name=\"author\" content=\"Jean Pierre BAWELA\" \/>\n<meta name=\"twitter:card\" content=\"summary_large_image\" \/>\n<meta name=\"twitter:label1\" content=\"\u00c9crit par\" \/>\n\t<meta name=\"twitter:data1\" content=\"Jean Pierre BAWELA\" \/>\n\t<meta name=\"twitter:label2\" content=\"Dur\u00e9e de lecture estim\u00e9e\" \/>\n\t<meta name=\"twitter:data2\" content=\"3 minutes\" \/>\n<script type=\"application\/ld+json\" class=\"yoast-schema-graph\">{\"@context\":\"https:\\\/\\\/schema.org\",\"@graph\":[{\"@type\":\"Article\",\"@id\":\"https:\\\/\\\/macite.tg\\\/?p=22048#article\",\"isPartOf\":{\"@id\":\"https:\\\/\\\/macite.tg\\\/?p=22048\"},\"author\":{\"name\":\"Jean Pierre BAWELA\",\"@id\":\"https:\\\/\\\/macite.tg\\\/#\\\/schema\\\/person\\\/e9f2de7e5dbbe7770a9402c7ce82f5c2\"},\"headline\":\"CODE NOIR\u00a0: Enfin une loi pour l\u2019abolir en France\u2026 Vers une \u2018\u2019r\u00e9habilitation historique\u2019\u2019\u2026\u00a0\",\"datePublished\":\"2025-05-14T18:52:11+00:00\",\"dateModified\":\"2025-05-14T18:52:16+00:00\",\"mainEntityOfPage\":{\"@id\":\"https:\\\/\\\/macite.tg\\\/?p=22048\"},\"wordCount\":587,\"commentCount\":0,\"image\":{\"@id\":\"https:\\\/\\\/macite.tg\\\/?p=22048#primaryimage\"},\"thumbnailUrl\":\"https:\\\/\\\/macite.tg\\\/wp-content\\\/uploads\\\/2025\\\/05\\\/image-37.png\",\"articleSection\":[\"ACTUALITE\",\"JUSTICE\"],\"inLanguage\":\"fr-FR\",\"potentialAction\":[{\"@type\":\"CommentAction\",\"name\":\"Comment\",\"target\":[\"https:\\\/\\\/macite.tg\\\/?p=22048#respond\"]}]},{\"@type\":\"WebPage\",\"@id\":\"https:\\\/\\\/macite.tg\\\/?p=22048\",\"url\":\"https:\\\/\\\/macite.tg\\\/?p=22048\",\"name\":\"CODE NOIR\u00a0: Enfin une loi pour l\u2019abolir en France\u2026 Vers une \u2018\u2019r\u00e9habilitation historique\u2019\u2019\u2026\u00a0 -\",\"isPartOf\":{\"@id\":\"https:\\\/\\\/macite.tg\\\/#website\"},\"primaryImageOfPage\":{\"@id\":\"https:\\\/\\\/macite.tg\\\/?p=22048#primaryimage\"},\"image\":{\"@id\":\"https:\\\/\\\/macite.tg\\\/?p=22048#primaryimage\"},\"thumbnailUrl\":\"https:\\\/\\\/macite.tg\\\/wp-content\\\/uploads\\\/2025\\\/05\\\/image-37.png\",\"datePublished\":\"2025-05-14T18:52:11+00:00\",\"dateModified\":\"2025-05-14T18:52:16+00:00\",\"author\":{\"@id\":\"https:\\\/\\\/macite.tg\\\/#\\\/schema\\\/person\\\/e9f2de7e5dbbe7770a9402c7ce82f5c2\"},\"breadcrumb\":{\"@id\":\"https:\\\/\\\/macite.tg\\\/?p=22048#breadcrumb\"},\"inLanguage\":\"fr-FR\",\"potentialAction\":[{\"@type\":\"ReadAction\",\"target\":[\"https:\\\/\\\/macite.tg\\\/?p=22048\"]}]},{\"@type\":\"ImageObject\",\"inLanguage\":\"fr-FR\",\"@id\":\"https:\\\/\\\/macite.tg\\\/?p=22048#primaryimage\",\"url\":\"https:\\\/\\\/macite.tg\\\/wp-content\\\/uploads\\\/2025\\\/05\\\/image-37.png\",\"contentUrl\":\"https:\\\/\\\/macite.tg\\\/wp-content\\\/uploads\\\/2025\\\/05\\\/image-37.png\",\"width\":364,\"height\":223},{\"@type\":\"BreadcrumbList\",\"@id\":\"https:\\\/\\\/macite.tg\\\/?p=22048#breadcrumb\",\"itemListElement\":[{\"@type\":\"ListItem\",\"position\":1,\"name\":\"Accueil\",\"item\":\"https:\\\/\\\/macite.tg\\\/\"},{\"@type\":\"ListItem\",\"position\":2,\"name\":\"CODE NOIR\u00a0: Enfin une loi pour l\u2019abolir en France\u2026 Vers une \u2018\u2019r\u00e9habilitation historique\u2019\u2019\u2026\u00a0\"}]},{\"@type\":\"WebSite\",\"@id\":\"https:\\\/\\\/macite.tg\\\/#website\",\"url\":\"https:\\\/\\\/macite.tg\\\/\",\"name\":\"\",\"description\":\"L&#039;information, la bonne!!!\",\"potentialAction\":[{\"@type\":\"SearchAction\",\"target\":{\"@type\":\"EntryPoint\",\"urlTemplate\":\"https:\\\/\\\/macite.tg\\\/?s={search_term_string}\"},\"query-input\":{\"@type\":\"PropertyValueSpecification\",\"valueRequired\":true,\"valueName\":\"search_term_string\"}}],\"inLanguage\":\"fr-FR\"},{\"@type\":\"Person\",\"@id\":\"https:\\\/\\\/macite.tg\\\/#\\\/schema\\\/person\\\/e9f2de7e5dbbe7770a9402c7ce82f5c2\",\"name\":\"Jean Pierre BAWELA\",\"image\":{\"@type\":\"ImageObject\",\"inLanguage\":\"fr-FR\",\"@id\":\"https:\\\/\\\/macite.tg\\\/wp-content\\\/uploads\\\/2023\\\/09\\\/WhatsApp-Image-2023-09-19-at-14.44.41-122x122.jpeg\",\"url\":\"https:\\\/\\\/macite.tg\\\/wp-content\\\/uploads\\\/2023\\\/09\\\/WhatsApp-Image-2023-09-19-at-14.44.41-122x122.jpeg\",\"contentUrl\":\"https:\\\/\\\/macite.tg\\\/wp-content\\\/uploads\\\/2023\\\/09\\\/WhatsApp-Image-2023-09-19-at-14.44.41-122x122.jpeg\",\"caption\":\"Jean Pierre BAWELA\"},\"url\":\"https:\\\/\\\/macite.tg\\\/?author=2\"}]}<\/script>\n<!-- \/ Yoast SEO plugin. -->","yoast_head_json":{"title":"CODE NOIR\u00a0: Enfin une loi pour l\u2019abolir en France\u2026 Vers une \u2018\u2019r\u00e9habilitation historique\u2019\u2019\u2026\u00a0 -","robots":{"index":"index","follow":"follow","max-snippet":"max-snippet:-1","max-image-preview":"max-image-preview:large","max-video-preview":"max-video-preview:-1"},"canonical":"https:\/\/macite.tg\/?p=22048","og_locale":"fr_FR","og_type":"article","og_title":"CODE NOIR\u00a0: Enfin une loi pour l\u2019abolir en France\u2026 Vers une \u2018\u2019r\u00e9habilitation historique\u2019\u2019\u2026\u00a0 -","og_description":"Sur demande d\u2019un d\u00e9put\u00e9 fran\u00e7ais, le Premier ministre Fran\u00e7ois Bayrou a promis un texte pour enfin abolir le Code noir qui r\u00e9gissait l\u2019esclavage d\u2019humains r\u00e9duits au statut de biens meubles. Cette ordonnance du roi Louis XIV date pourtant de 1685. Au moment o\u00f9 l\u2019on est [&hellip;]","og_url":"https:\/\/macite.tg\/?p=22048","article_published_time":"2025-05-14T18:52:11+00:00","article_modified_time":"2025-05-14T18:52:16+00:00","og_image":[{"width":364,"height":223,"url":"https:\/\/macite.tg\/wp-content\/uploads\/2025\/05\/image-37.png","type":"image\/png"}],"author":"Jean Pierre BAWELA","twitter_card":"summary_large_image","twitter_misc":{"\u00c9crit par":"Jean Pierre BAWELA","Dur\u00e9e de lecture estim\u00e9e":"3 minutes"},"schema":{"@context":"https:\/\/schema.org","@graph":[{"@type":"Article","@id":"https:\/\/macite.tg\/?p=22048#article","isPartOf":{"@id":"https:\/\/macite.tg\/?p=22048"},"author":{"name":"Jean Pierre BAWELA","@id":"https:\/\/macite.tg\/#\/schema\/person\/e9f2de7e5dbbe7770a9402c7ce82f5c2"},"headline":"CODE NOIR\u00a0: Enfin une loi pour l\u2019abolir en France\u2026 Vers une \u2018\u2019r\u00e9habilitation historique\u2019\u2019\u2026\u00a0","datePublished":"2025-05-14T18:52:11+00:00","dateModified":"2025-05-14T18:52:16+00:00","mainEntityOfPage":{"@id":"https:\/\/macite.tg\/?p=22048"},"wordCount":587,"commentCount":0,"image":{"@id":"https:\/\/macite.tg\/?p=22048#primaryimage"},"thumbnailUrl":"https:\/\/macite.tg\/wp-content\/uploads\/2025\/05\/image-37.png","articleSection":["ACTUALITE","JUSTICE"],"inLanguage":"fr-FR","potentialAction":[{"@type":"CommentAction","name":"Comment","target":["https:\/\/macite.tg\/?p=22048#respond"]}]},{"@type":"WebPage","@id":"https:\/\/macite.tg\/?p=22048","url":"https:\/\/macite.tg\/?p=22048","name":"CODE NOIR\u00a0: Enfin une loi pour l\u2019abolir en France\u2026 Vers une \u2018\u2019r\u00e9habilitation historique\u2019\u2019\u2026\u00a0 -","isPartOf":{"@id":"https:\/\/macite.tg\/#website"},"primaryImageOfPage":{"@id":"https:\/\/macite.tg\/?p=22048#primaryimage"},"image":{"@id":"https:\/\/macite.tg\/?p=22048#primaryimage"},"thumbnailUrl":"https:\/\/macite.tg\/wp-content\/uploads\/2025\/05\/image-37.png","datePublished":"2025-05-14T18:52:11+00:00","dateModified":"2025-05-14T18:52:16+00:00","author":{"@id":"https:\/\/macite.tg\/#\/schema\/person\/e9f2de7e5dbbe7770a9402c7ce82f5c2"},"breadcrumb":{"@id":"https:\/\/macite.tg\/?p=22048#breadcrumb"},"inLanguage":"fr-FR","potentialAction":[{"@type":"ReadAction","target":["https:\/\/macite.tg\/?p=22048"]}]},{"@type":"ImageObject","inLanguage":"fr-FR","@id":"https:\/\/macite.tg\/?p=22048#primaryimage","url":"https:\/\/macite.tg\/wp-content\/uploads\/2025\/05\/image-37.png","contentUrl":"https:\/\/macite.tg\/wp-content\/uploads\/2025\/05\/image-37.png","width":364,"height":223},{"@type":"BreadcrumbList","@id":"https:\/\/macite.tg\/?p=22048#breadcrumb","itemListElement":[{"@type":"ListItem","position":1,"name":"Accueil","item":"https:\/\/macite.tg\/"},{"@type":"ListItem","position":2,"name":"CODE NOIR\u00a0: Enfin une loi pour l\u2019abolir en France\u2026 Vers une \u2018\u2019r\u00e9habilitation historique\u2019\u2019\u2026\u00a0"}]},{"@type":"WebSite","@id":"https:\/\/macite.tg\/#website","url":"https:\/\/macite.tg\/","name":"","description":"L&#039;information, la bonne!!!","potentialAction":[{"@type":"SearchAction","target":{"@type":"EntryPoint","urlTemplate":"https:\/\/macite.tg\/?s={search_term_string}"},"query-input":{"@type":"PropertyValueSpecification","valueRequired":true,"valueName":"search_term_string"}}],"inLanguage":"fr-FR"},{"@type":"Person","@id":"https:\/\/macite.tg\/#\/schema\/person\/e9f2de7e5dbbe7770a9402c7ce82f5c2","name":"Jean Pierre BAWELA","image":{"@type":"ImageObject","inLanguage":"fr-FR","@id":"https:\/\/macite.tg\/wp-content\/uploads\/2023\/09\/WhatsApp-Image-2023-09-19-at-14.44.41-122x122.jpeg","url":"https:\/\/macite.tg\/wp-content\/uploads\/2023\/09\/WhatsApp-Image-2023-09-19-at-14.44.41-122x122.jpeg","contentUrl":"https:\/\/macite.tg\/wp-content\/uploads\/2023\/09\/WhatsApp-Image-2023-09-19-at-14.44.41-122x122.jpeg","caption":"Jean Pierre BAWELA"},"url":"https:\/\/macite.tg\/?author=2"}]}},"_links":{"self":[{"href":"https:\/\/macite.tg\/index.php?rest_route=\/wp\/v2\/posts\/22048","targetHints":{"allow":["GET"]}}],"collection":[{"href":"https:\/\/macite.tg\/index.php?rest_route=\/wp\/v2\/posts"}],"about":[{"href":"https:\/\/macite.tg\/index.php?rest_route=\/wp\/v2\/types\/post"}],"author":[{"embeddable":true,"href":"https:\/\/macite.tg\/index.php?rest_route=\/wp\/v2\/users\/2"}],"replies":[{"embeddable":true,"href":"https:\/\/macite.tg\/index.php?rest_route=%2Fwp%2Fv2%2Fcomments&post=22048"}],"version-history":[{"count":0,"href":"https:\/\/macite.tg\/index.php?rest_route=\/wp\/v2\/posts\/22048\/revisions"}],"wp:featuredmedia":[{"embeddable":true,"href":"https:\/\/macite.tg\/index.php?rest_route=\/wp\/v2\/media\/22049"}],"wp:attachment":[{"href":"https:\/\/macite.tg\/index.php?rest_route=%2Fwp%2Fv2%2Fmedia&parent=22048"}],"wp:term":[{"taxonomy":"category","embeddable":true,"href":"https:\/\/macite.tg\/index.php?rest_route=%2Fwp%2Fv2%2Fcategories&post=22048"},{"taxonomy":"post_tag","embeddable":true,"href":"https:\/\/macite.tg\/index.php?rest_route=%2Fwp%2Fv2%2Ftags&post=22048"}],"curies":[{"name":"wp","href":"https:\/\/api.w.org\/{rel}","templated":true}]}}