{"id":22042,"date":"2025-05-14T17:40:58","date_gmt":"2025-05-14T17:40:58","guid":{"rendered":"https:\/\/macite.tg\/?p=22042"},"modified":"2025-05-14T17:41:01","modified_gmt":"2025-05-14T17:41:01","slug":"finances-publiques-une-delegation-du-bureau-de-lafropac-recue-par-le-president-de-lassemblee-nationale-kodjo-adedze","status":"publish","type":"post","link":"https:\/\/macite.tg\/?p=22042","title":{"rendered":"FINANCES PUBLIQUES : Une d\u00e9l\u00e9gation du bureau de l\u2019AFROPAC re\u00e7ue par le Pr\u00e9sident de l\u2019Assembl\u00e9e Nationale, Kodjo Ad\u00e9dz\u00e9"},"content":{"rendered":"\n<p class=\"wp-block-paragraph\"><strong><em>Pr\u00e9sent \u00e0 Lom\u00e9 dans le cadre de la premi\u00e8re conf\u00e9rence de l\u2019Union africaine sur la dette, une d\u00e9l\u00e9gation du bureau de l\u2019Organisation africaine des comit\u00e9s des comptes publics (AFROPAC) a \u00e9t\u00e9 re\u00e7ue, ce mercredi 14 mai au si\u00e8ge de la Repr\u00e9sentation nationale, par le Pr\u00e9sident de l\u2019Institution, Sevon-T\u00e9p\u00e9 Kodjo Ad\u00e9dz\u00e9.<\/em><\/strong><\/p>\n\n\n\n<p class=\"wp-block-paragraph\">Conduite par madame Abena Os\u00e9i-Asar\u00e9, Vice-pr\u00e9sidente de l\u2019AFROPAC et d\u00e9put\u00e9e ghan\u00e9enne, la d\u00e9l\u00e9gation, en fin de s\u00e9jour dans la capitale togolaise, est venue pr\u00e9senter au Pr\u00e9sident de l\u2019Assembl\u00e9e nationale, les missions de son organisation et exprimer sa gratitude \u00e0 l\u2019endroit du Togo pour son engagement en faveur des instances de contr\u00f4le parlementaire des finances publiques sur le continent africain.<\/p>\n\n\n<div class=\"wp-block-image\">\n<figure class=\"aligncenter size-full\"><img loading=\"lazy\" decoding=\"async\" width=\"851\" height=\"315\" src=\"https:\/\/macite.tg\/wp-content\/uploads\/2025\/05\/OTR_Ferer-pour-batir-1.jpg\" alt=\"\" class=\"wp-image-21824\" srcset=\"https:\/\/macite.tg\/wp-content\/uploads\/2025\/05\/OTR_Ferer-pour-batir-1.jpg 851w, https:\/\/macite.tg\/wp-content\/uploads\/2025\/05\/OTR_Ferer-pour-batir-1-300x111.jpg 300w, https:\/\/macite.tg\/wp-content\/uploads\/2025\/05\/OTR_Ferer-pour-batir-1-768x284.jpg 768w\" sizes=\"auto, (max-width: 851px) 100vw, 851px\" \/><\/figure>\n<\/div>\n\n\n<p class=\"wp-block-paragraph\">Au-del\u00e0 d\u2019une simple visite de courtoisie, les missions de l\u2019AFROPAC ont \u00e9t\u00e9 pr\u00e9sent\u00e9es au Pr\u00e9sident de la Repr\u00e9sentation nationale. Les \u00e9changes ont \u00e9galement port\u00e9 sur l\u2019adh\u00e9sion de l\u2019Assembl\u00e9e nationale \u00e0 l\u2019AFROPAC, vu le r\u00f4le important jou\u00e9 par la commission des finances de l\u2019institution par le pass\u00e9 au sein de l\u2019organisation des comit\u00e9s de finances des pays de l\u2019Afrique de l\u2019Ouest.<\/p>\n\n\n\n<p class=\"wp-block-paragraph\">En r\u00e9ponse \u00e0 la cheffe de d\u00e9l\u00e9gation, le Pr\u00e9sident de l\u2019Assembl\u00e9e a r\u00e9affirm\u00e9 l\u2019attachement du Togo aux valeurs de transparence budg\u00e9taire et \u00e0 la coop\u00e9ration parlementaire r\u00e9gionale et f\u00e9licit\u00e9 l\u2019AFROPAC pour ses actions en faveur d\u2019un contr\u00f4le parlementaire plus rigoureux, \u00e0 m\u00eame de contribuer efficacement \u00e0 la gestion efficiente des finances publiques sur le continent. Il salu\u00e9 la participation active de cette organisation \u00e0 la premi\u00e8re conf\u00e9rence de l\u2019Union africaine sur la dette et s\u2019est r\u00e9joui du choix port\u00e9 sur le Togo pour abriter cette rencontre de haut niveau.<\/p>\n\n\n<div class=\"wp-block-image\">\n<figure class=\"aligncenter size-full is-resized\"><img loading=\"lazy\" decoding=\"async\" width=\"690\" height=\"170\" src=\"https:\/\/macite.tg\/wp-content\/uploads\/2025\/05\/OTR_TVM.jpg\" alt=\"\" class=\"wp-image-21825\" style=\"width:840px;height:auto\" srcset=\"https:\/\/macite.tg\/wp-content\/uploads\/2025\/05\/OTR_TVM.jpg 690w, https:\/\/macite.tg\/wp-content\/uploads\/2025\/05\/OTR_TVM-300x74.jpg 300w\" sizes=\"auto, (max-width: 690px) 100vw, 690px\" \/><\/figure>\n<\/div>\n\n\n<p class=\"wp-block-paragraph\">Relativement \u00e0 l\u2019adh\u00e9sion de l\u2019Assembl\u00e9e nationale \u00e0 l\u2019AFROPAC, cette dol\u00e9ance a \u00e9t\u00e9 favorablement accueillie par le pr\u00e9sident de l\u2019institution qui a rassur\u00e9 la d\u00e9l\u00e9gation que son institution va l\u2019\u00e9tudier avec un grand int\u00e9r\u00eat.&nbsp;<\/p>\n\n\n\n<p class=\"wp-block-paragraph\">Notons que la d\u00e9l\u00e9gation a b\u00e9n\u00e9fici\u00e9 des conseils et orientations du pr\u00e9sident de l\u2019Assembl\u00e9e nationale dont le v\u0153u cher est de faire f\u00e9d\u00e9rer l\u2019ensemble des pays de l\u2019Afrique du Nord, de l\u2019Afrique centrale et de tous les autres pays afin que tous les parlements puissent trouver leur int\u00e9r\u00eat, car, dit-il, <em>\u00ab il est grand temps pour que les parlementaires africains puissent s\u2019unir pour parler d\u2019une m\u00eame voix \u00bb.<\/em><\/p>\n\n\n<div class=\"wp-block-image\">\n<figure class=\"aligncenter size-full\"><img loading=\"lazy\" decoding=\"async\" width=\"700\" height=\"1001\" src=\"https:\/\/macite.tg\/wp-content\/uploads\/2025\/05\/OTR_Etat-GEFU.jpg\" alt=\"\" class=\"wp-image-21894\" srcset=\"https:\/\/macite.tg\/wp-content\/uploads\/2025\/05\/OTR_Etat-GEFU.jpg 700w, https:\/\/macite.tg\/wp-content\/uploads\/2025\/05\/OTR_Etat-GEFU-210x300.jpg 210w\" sizes=\"auto, (max-width: 700px) 100vw, 700px\" \/><\/figure>\n<\/div>\n\n\n<p class=\"wp-block-paragraph\">Cette rencontre s\u2019inscrit dans le cadre du renforcement des relations interparlementaires africaines et de la promotion d\u2019un dialogue constructif sur les enjeux de gouvernance financi\u00e8re, particuli\u00e8rement dans le contexte de la dette publique.<\/p>\n\n\n\n<p class=\"wp-block-paragraph\"><strong>Avec Cellule Comm AN<\/strong><\/p>\n\n\n\n<p class=\"wp-block-paragraph\"><a><strong><em>@macite.tg&nbsp;&nbsp;&nbsp;&nbsp;&nbsp;&nbsp;&nbsp;&nbsp;<\/em><\/strong><\/a><\/p>\n\n\n\n<p class=\"wp-block-paragraph\"><strong><em>E-mail&nbsp;: <\/em><\/strong><a href=\"mailto:maciteinfo@gmail.com\"><strong><em>maciteinfo@gmail.com<\/em><\/strong><\/a><strong><em>; <\/em><\/strong><a href=\"mailto:bawela1@gmail.com\"><strong><em>bawela1@gmail.com<\/em><\/strong><\/a><strong><em><\/em><\/strong><\/p>\n\n\n\n<p class=\"wp-block-paragraph\"><strong><em>Pour vos annonces, (publi)reportages, etc., joignez-nous au (00228)91515309\/<strong>79872224 <\/strong>www.macite.tg, L\u2019information, la bonne&nbsp;!<\/em><\/strong><\/p>\n\n\n\n<p class=\"wp-block-paragraph\"><\/p>\n","protected":false},"excerpt":{"rendered":"<p class=\"text-justify mb-2\" >Pr\u00e9sent \u00e0 Lom\u00e9 dans le cadre de la premi\u00e8re conf\u00e9rence de l\u2019Union africaine sur la dette, une d\u00e9l\u00e9gation du bureau de l\u2019Organisation africaine des comit\u00e9s des comptes publics (AFROPAC) a \u00e9t\u00e9 re\u00e7ue, ce mercredi 14 mai au si\u00e8ge de la Repr\u00e9sentation nationale, par le Pr\u00e9sident [&hellip;]<\/p>\n","protected":false},"author":2,"featured_media":22046,"comment_status":"open","ping_status":"open","sticky":false,"template":"","format":"standard","meta":{"footnotes":""},"categories":[20,3],"tags":[],"class_list":["post-22042","post","type-post","status-publish","format-standard","has-post-thumbnail","hentry","category-actualite","category-economie"],"yoast_head":"<!-- This site is optimized with the Yoast SEO plugin v28.4 - https:\/\/yoast.com\/product\/yoast-seo-wordpress\/ -->\n<title>FINANCES PUBLIQUES : Une d\u00e9l\u00e9gation du bureau de l\u2019AFROPAC re\u00e7ue par le Pr\u00e9sident de l\u2019Assembl\u00e9e Nationale, Kodjo Ad\u00e9dz\u00e9 -<\/title>\n<meta name=\"robots\" content=\"index, follow, max-snippet:-1, max-image-preview:large, max-video-preview:-1\" \/>\n<link rel=\"canonical\" href=\"https:\/\/macite.tg\/?p=22042\" \/>\n<meta property=\"og:locale\" content=\"fr_FR\" \/>\n<meta property=\"og:type\" content=\"article\" \/>\n<meta property=\"og:title\" content=\"FINANCES PUBLIQUES : Une d\u00e9l\u00e9gation du bureau de l\u2019AFROPAC re\u00e7ue par le Pr\u00e9sident de l\u2019Assembl\u00e9e Nationale, Kodjo Ad\u00e9dz\u00e9 -\" \/>\n<meta property=\"og:description\" content=\"Pr\u00e9sent \u00e0 Lom\u00e9 dans le cadre de la premi\u00e8re conf\u00e9rence de l\u2019Union africaine sur la dette, une d\u00e9l\u00e9gation du bureau de l\u2019Organisation africaine des comit\u00e9s des comptes publics (AFROPAC) a \u00e9t\u00e9 re\u00e7ue, ce mercredi 14 mai au si\u00e8ge de la Repr\u00e9sentation nationale, par le Pr\u00e9sident [&hellip;]\" \/>\n<meta property=\"og:url\" content=\"https:\/\/macite.tg\/?p=22042\" \/>\n<meta property=\"article:published_time\" content=\"2025-05-14T17:40:58+00:00\" \/>\n<meta property=\"article:modified_time\" content=\"2025-05-14T17:41:01+00:00\" \/>\n<meta property=\"og:image\" content=\"https:\/\/macite.tg\/wp-content\/uploads\/2025\/05\/AFROPAC.jpg\" \/>\n\t<meta property=\"og:image:width\" content=\"500\" \/>\n\t<meta property=\"og:image:height\" content=\"208\" \/>\n\t<meta property=\"og:image:type\" content=\"image\/jpeg\" \/>\n<meta name=\"author\" content=\"Jean Pierre BAWELA\" \/>\n<meta name=\"twitter:card\" content=\"summary_large_image\" \/>\n<meta name=\"twitter:label1\" content=\"\u00c9crit par\" \/>\n\t<meta name=\"twitter:data1\" content=\"Jean Pierre BAWELA\" \/>\n\t<meta name=\"twitter:label2\" content=\"Dur\u00e9e de lecture estim\u00e9e\" \/>\n\t<meta name=\"twitter:data2\" content=\"3 minutes\" \/>\n<script type=\"application\/ld+json\" class=\"yoast-schema-graph\">{\"@context\":\"https:\\\/\\\/schema.org\",\"@graph\":[{\"@type\":\"Article\",\"@id\":\"https:\\\/\\\/macite.tg\\\/?p=22042#article\",\"isPartOf\":{\"@id\":\"https:\\\/\\\/macite.tg\\\/?p=22042\"},\"author\":{\"name\":\"Jean Pierre BAWELA\",\"@id\":\"https:\\\/\\\/macite.tg\\\/#\\\/schema\\\/person\\\/e9f2de7e5dbbe7770a9402c7ce82f5c2\"},\"headline\":\"FINANCES PUBLIQUES : Une d\u00e9l\u00e9gation du bureau de l\u2019AFROPAC re\u00e7ue par le Pr\u00e9sident de l\u2019Assembl\u00e9e Nationale, Kodjo Ad\u00e9dz\u00e9\",\"datePublished\":\"2025-05-14T17:40:58+00:00\",\"dateModified\":\"2025-05-14T17:41:01+00:00\",\"mainEntityOfPage\":{\"@id\":\"https:\\\/\\\/macite.tg\\\/?p=22042\"},\"wordCount\":546,\"commentCount\":0,\"image\":{\"@id\":\"https:\\\/\\\/macite.tg\\\/?p=22042#primaryimage\"},\"thumbnailUrl\":\"https:\\\/\\\/macite.tg\\\/wp-content\\\/uploads\\\/2025\\\/05\\\/AFROPAC.jpg\",\"articleSection\":[\"ACTUALITE\",\"ECONOMIE\"],\"inLanguage\":\"fr-FR\",\"potentialAction\":[{\"@type\":\"CommentAction\",\"name\":\"Comment\",\"target\":[\"https:\\\/\\\/macite.tg\\\/?p=22042#respond\"]}]},{\"@type\":\"WebPage\",\"@id\":\"https:\\\/\\\/macite.tg\\\/?p=22042\",\"url\":\"https:\\\/\\\/macite.tg\\\/?p=22042\",\"name\":\"FINANCES PUBLIQUES : Une d\u00e9l\u00e9gation du bureau de l\u2019AFROPAC re\u00e7ue par le Pr\u00e9sident de l\u2019Assembl\u00e9e Nationale, Kodjo Ad\u00e9dz\u00e9 -\",\"isPartOf\":{\"@id\":\"https:\\\/\\\/macite.tg\\\/#website\"},\"primaryImageOfPage\":{\"@id\":\"https:\\\/\\\/macite.tg\\\/?p=22042#primaryimage\"},\"image\":{\"@id\":\"https:\\\/\\\/macite.tg\\\/?p=22042#primaryimage\"},\"thumbnailUrl\":\"https:\\\/\\\/macite.tg\\\/wp-content\\\/uploads\\\/2025\\\/05\\\/AFROPAC.jpg\",\"datePublished\":\"2025-05-14T17:40:58+00:00\",\"dateModified\":\"2025-05-14T17:41:01+00:00\",\"author\":{\"@id\":\"https:\\\/\\\/macite.tg\\\/#\\\/schema\\\/person\\\/e9f2de7e5dbbe7770a9402c7ce82f5c2\"},\"breadcrumb\":{\"@id\":\"https:\\\/\\\/macite.tg\\\/?p=22042#breadcrumb\"},\"inLanguage\":\"fr-FR\",\"potentialAction\":[{\"@type\":\"ReadAction\",\"target\":[\"https:\\\/\\\/macite.tg\\\/?p=22042\"]}]},{\"@type\":\"ImageObject\",\"inLanguage\":\"fr-FR\",\"@id\":\"https:\\\/\\\/macite.tg\\\/?p=22042#primaryimage\",\"url\":\"https:\\\/\\\/macite.tg\\\/wp-content\\\/uploads\\\/2025\\\/05\\\/AFROPAC.jpg\",\"contentUrl\":\"https:\\\/\\\/macite.tg\\\/wp-content\\\/uploads\\\/2025\\\/05\\\/AFROPAC.jpg\",\"width\":500,\"height\":208,\"caption\":\"Une vue de l'audience avec le pr\u00e9sident de l'Assembl\u00e9e nationale, Adedze Kodjo\"},{\"@type\":\"BreadcrumbList\",\"@id\":\"https:\\\/\\\/macite.tg\\\/?p=22042#breadcrumb\",\"itemListElement\":[{\"@type\":\"ListItem\",\"position\":1,\"name\":\"Accueil\",\"item\":\"https:\\\/\\\/macite.tg\\\/\"},{\"@type\":\"ListItem\",\"position\":2,\"name\":\"FINANCES PUBLIQUES : Une d\u00e9l\u00e9gation du bureau de l\u2019AFROPAC re\u00e7ue par le Pr\u00e9sident de l\u2019Assembl\u00e9e Nationale, Kodjo Ad\u00e9dz\u00e9\"}]},{\"@type\":\"WebSite\",\"@id\":\"https:\\\/\\\/macite.tg\\\/#website\",\"url\":\"https:\\\/\\\/macite.tg\\\/\",\"name\":\"\",\"description\":\"L&#039;information, la bonne!!!\",\"potentialAction\":[{\"@type\":\"SearchAction\",\"target\":{\"@type\":\"EntryPoint\",\"urlTemplate\":\"https:\\\/\\\/macite.tg\\\/?s={search_term_string}\"},\"query-input\":{\"@type\":\"PropertyValueSpecification\",\"valueRequired\":true,\"valueName\":\"search_term_string\"}}],\"inLanguage\":\"fr-FR\"},{\"@type\":\"Person\",\"@id\":\"https:\\\/\\\/macite.tg\\\/#\\\/schema\\\/person\\\/e9f2de7e5dbbe7770a9402c7ce82f5c2\",\"name\":\"Jean Pierre BAWELA\",\"image\":{\"@type\":\"ImageObject\",\"inLanguage\":\"fr-FR\",\"@id\":\"https:\\\/\\\/macite.tg\\\/wp-content\\\/uploads\\\/2023\\\/09\\\/WhatsApp-Image-2023-09-19-at-14.44.41-122x122.jpeg\",\"url\":\"https:\\\/\\\/macite.tg\\\/wp-content\\\/uploads\\\/2023\\\/09\\\/WhatsApp-Image-2023-09-19-at-14.44.41-122x122.jpeg\",\"contentUrl\":\"https:\\\/\\\/macite.tg\\\/wp-content\\\/uploads\\\/2023\\\/09\\\/WhatsApp-Image-2023-09-19-at-14.44.41-122x122.jpeg\",\"caption\":\"Jean Pierre BAWELA\"},\"url\":\"https:\\\/\\\/macite.tg\\\/?author=2\"}]}<\/script>\n<!-- \/ Yoast SEO plugin. -->","yoast_head_json":{"title":"FINANCES PUBLIQUES : Une d\u00e9l\u00e9gation du bureau de l\u2019AFROPAC re\u00e7ue par le Pr\u00e9sident de l\u2019Assembl\u00e9e Nationale, Kodjo Ad\u00e9dz\u00e9 -","robots":{"index":"index","follow":"follow","max-snippet":"max-snippet:-1","max-image-preview":"max-image-preview:large","max-video-preview":"max-video-preview:-1"},"canonical":"https:\/\/macite.tg\/?p=22042","og_locale":"fr_FR","og_type":"article","og_title":"FINANCES PUBLIQUES : Une d\u00e9l\u00e9gation du bureau de l\u2019AFROPAC re\u00e7ue par le Pr\u00e9sident de l\u2019Assembl\u00e9e Nationale, Kodjo Ad\u00e9dz\u00e9 -","og_description":"Pr\u00e9sent \u00e0 Lom\u00e9 dans le cadre de la premi\u00e8re conf\u00e9rence de l\u2019Union africaine sur la dette, une d\u00e9l\u00e9gation du bureau de l\u2019Organisation africaine des comit\u00e9s des comptes publics (AFROPAC) a \u00e9t\u00e9 re\u00e7ue, ce mercredi 14 mai au si\u00e8ge de la Repr\u00e9sentation nationale, par le Pr\u00e9sident [&hellip;]","og_url":"https:\/\/macite.tg\/?p=22042","article_published_time":"2025-05-14T17:40:58+00:00","article_modified_time":"2025-05-14T17:41:01+00:00","og_image":[{"width":500,"height":208,"url":"https:\/\/macite.tg\/wp-content\/uploads\/2025\/05\/AFROPAC.jpg","type":"image\/jpeg"}],"author":"Jean Pierre BAWELA","twitter_card":"summary_large_image","twitter_misc":{"\u00c9crit par":"Jean Pierre BAWELA","Dur\u00e9e de lecture estim\u00e9e":"3 minutes"},"schema":{"@context":"https:\/\/schema.org","@graph":[{"@type":"Article","@id":"https:\/\/macite.tg\/?p=22042#article","isPartOf":{"@id":"https:\/\/macite.tg\/?p=22042"},"author":{"name":"Jean Pierre BAWELA","@id":"https:\/\/macite.tg\/#\/schema\/person\/e9f2de7e5dbbe7770a9402c7ce82f5c2"},"headline":"FINANCES PUBLIQUES : Une d\u00e9l\u00e9gation du bureau de l\u2019AFROPAC re\u00e7ue par le Pr\u00e9sident de l\u2019Assembl\u00e9e Nationale, Kodjo Ad\u00e9dz\u00e9","datePublished":"2025-05-14T17:40:58+00:00","dateModified":"2025-05-14T17:41:01+00:00","mainEntityOfPage":{"@id":"https:\/\/macite.tg\/?p=22042"},"wordCount":546,"commentCount":0,"image":{"@id":"https:\/\/macite.tg\/?p=22042#primaryimage"},"thumbnailUrl":"https:\/\/macite.tg\/wp-content\/uploads\/2025\/05\/AFROPAC.jpg","articleSection":["ACTUALITE","ECONOMIE"],"inLanguage":"fr-FR","potentialAction":[{"@type":"CommentAction","name":"Comment","target":["https:\/\/macite.tg\/?p=22042#respond"]}]},{"@type":"WebPage","@id":"https:\/\/macite.tg\/?p=22042","url":"https:\/\/macite.tg\/?p=22042","name":"FINANCES PUBLIQUES : Une d\u00e9l\u00e9gation du bureau de l\u2019AFROPAC re\u00e7ue par le Pr\u00e9sident de l\u2019Assembl\u00e9e Nationale, Kodjo Ad\u00e9dz\u00e9 -","isPartOf":{"@id":"https:\/\/macite.tg\/#website"},"primaryImageOfPage":{"@id":"https:\/\/macite.tg\/?p=22042#primaryimage"},"image":{"@id":"https:\/\/macite.tg\/?p=22042#primaryimage"},"thumbnailUrl":"https:\/\/macite.tg\/wp-content\/uploads\/2025\/05\/AFROPAC.jpg","datePublished":"2025-05-14T17:40:58+00:00","dateModified":"2025-05-14T17:41:01+00:00","author":{"@id":"https:\/\/macite.tg\/#\/schema\/person\/e9f2de7e5dbbe7770a9402c7ce82f5c2"},"breadcrumb":{"@id":"https:\/\/macite.tg\/?p=22042#breadcrumb"},"inLanguage":"fr-FR","potentialAction":[{"@type":"ReadAction","target":["https:\/\/macite.tg\/?p=22042"]}]},{"@type":"ImageObject","inLanguage":"fr-FR","@id":"https:\/\/macite.tg\/?p=22042#primaryimage","url":"https:\/\/macite.tg\/wp-content\/uploads\/2025\/05\/AFROPAC.jpg","contentUrl":"https:\/\/macite.tg\/wp-content\/uploads\/2025\/05\/AFROPAC.jpg","width":500,"height":208,"caption":"Une vue de l'audience avec le pr\u00e9sident de l'Assembl\u00e9e nationale, Adedze Kodjo"},{"@type":"BreadcrumbList","@id":"https:\/\/macite.tg\/?p=22042#breadcrumb","itemListElement":[{"@type":"ListItem","position":1,"name":"Accueil","item":"https:\/\/macite.tg\/"},{"@type":"ListItem","position":2,"name":"FINANCES PUBLIQUES : Une d\u00e9l\u00e9gation du bureau de l\u2019AFROPAC re\u00e7ue par le Pr\u00e9sident de l\u2019Assembl\u00e9e Nationale, Kodjo Ad\u00e9dz\u00e9"}]},{"@type":"WebSite","@id":"https:\/\/macite.tg\/#website","url":"https:\/\/macite.tg\/","name":"","description":"L&#039;information, la bonne!!!","potentialAction":[{"@type":"SearchAction","target":{"@type":"EntryPoint","urlTemplate":"https:\/\/macite.tg\/?s={search_term_string}"},"query-input":{"@type":"PropertyValueSpecification","valueRequired":true,"valueName":"search_term_string"}}],"inLanguage":"fr-FR"},{"@type":"Person","@id":"https:\/\/macite.tg\/#\/schema\/person\/e9f2de7e5dbbe7770a9402c7ce82f5c2","name":"Jean Pierre BAWELA","image":{"@type":"ImageObject","inLanguage":"fr-FR","@id":"https:\/\/macite.tg\/wp-content\/uploads\/2023\/09\/WhatsApp-Image-2023-09-19-at-14.44.41-122x122.jpeg","url":"https:\/\/macite.tg\/wp-content\/uploads\/2023\/09\/WhatsApp-Image-2023-09-19-at-14.44.41-122x122.jpeg","contentUrl":"https:\/\/macite.tg\/wp-content\/uploads\/2023\/09\/WhatsApp-Image-2023-09-19-at-14.44.41-122x122.jpeg","caption":"Jean Pierre BAWELA"},"url":"https:\/\/macite.tg\/?author=2"}]}},"_links":{"self":[{"href":"https:\/\/macite.tg\/index.php?rest_route=\/wp\/v2\/posts\/22042","targetHints":{"allow":["GET"]}}],"collection":[{"href":"https:\/\/macite.tg\/index.php?rest_route=\/wp\/v2\/posts"}],"about":[{"href":"https:\/\/macite.tg\/index.php?rest_route=\/wp\/v2\/types\/post"}],"author":[{"embeddable":true,"href":"https:\/\/macite.tg\/index.php?rest_route=\/wp\/v2\/users\/2"}],"replies":[{"embeddable":true,"href":"https:\/\/macite.tg\/index.php?rest_route=%2Fwp%2Fv2%2Fcomments&post=22042"}],"version-history":[{"count":0,"href":"https:\/\/macite.tg\/index.php?rest_route=\/wp\/v2\/posts\/22042\/revisions"}],"wp:featuredmedia":[{"embeddable":true,"href":"https:\/\/macite.tg\/index.php?rest_route=\/wp\/v2\/media\/22046"}],"wp:attachment":[{"href":"https:\/\/macite.tg\/index.php?rest_route=%2Fwp%2Fv2%2Fmedia&parent=22042"}],"wp:term":[{"taxonomy":"category","embeddable":true,"href":"https:\/\/macite.tg\/index.php?rest_route=%2Fwp%2Fv2%2Fcategories&post=22042"},{"taxonomy":"post_tag","embeddable":true,"href":"https:\/\/macite.tg\/index.php?rest_route=%2Fwp%2Fv2%2Ftags&post=22042"}],"curies":[{"name":"wp","href":"https:\/\/api.w.org\/{rel}","templated":true}]}}