{"id":21998,"date":"2025-05-13T10:44:47","date_gmt":"2025-05-13T10:44:47","guid":{"rendered":"https:\/\/macite.tg\/?p=21998"},"modified":"2025-05-13T10:45:00","modified_gmt":"2025-05-13T10:45:00","slug":"vatican-1ere-benediction-du-nouveau-pape-leon-xiv-evoque-la-troisieme-guerre-mondiale-en-cours-et-appelle-a-la-paix-entre-les-peuples","status":"publish","type":"post","link":"https:\/\/macite.tg\/?p=21998","title":{"rendered":"VATICAN\/1ERE BENEDICTION DU NOUVEAU PAPE\u00a0: L\u00e9on XIV \u00e9voque la \u00ab\u00a0troisi\u00e8me guerre mondiale\u00a0\u00bb en cours et appelle \u00e0 la paix entre les peuples"},"content":{"rendered":"\n<p class=\"wp-block-paragraph\"><strong><em>Lors de sa premi\u00e8re b\u00e9n\u00e9diction dominicale en tant que chef de l&rsquo;\u00c9glise catholique, le pape L\u00e9on XIV a choisi d&rsquo;aborder les conflits en cours dans le monde et a appel\u00e9 \u00e0 la fin de toutes les guerres actuelles, craignant le chao qui se profile \u00e0 l\u2019horizon.<\/em><\/strong><\/p>\n\n\n\n<p class=\"wp-block-paragraph\"><strong>Son appel aux grandes puissances mondiales<\/strong><\/p>\n\n\n\n<p class=\"wp-block-paragraph\"><em>\u00ab Dans le contexte dramatique actuel d&rsquo;une troisi\u00e8me guerre mondiale men\u00e9e en ordre dispers\u00e9, je lance moi aussi un appel aux puissants de ce monde en r\u00e9p\u00e9tant ces mots toujours d&rsquo;actualit\u00e9 : plus jamais la guerre ! \u00bb,<\/em> a d\u00e9clar\u00e9 le pape L\u00e9on devant une foule de fid\u00e8les le 11 mai, selon&nbsp;<em>Newsweek<\/em>.<\/p>\n\n\n\n<p class=\"wp-block-paragraph\"><strong>Un discours devant 100.000 personnes<\/strong><\/p>\n\n\n\n<p class=\"wp-block-paragraph\">Le pape L\u00e9on XIV s&rsquo;est adress\u00e9 \u00e0 environ 100.000 personnes depuis la loggia de la basilique Saint-Pierre et a \u00e9voqu\u00e9 les conflits qui se d\u00e9roulent actuellement en Europe, en Asie et au Moyen-Orient.<\/p>\n\n\n<div class=\"wp-block-image\">\n<figure class=\"aligncenter size-full\"><img loading=\"lazy\" decoding=\"async\" width=\"851\" height=\"315\" src=\"https:\/\/macite.tg\/wp-content\/uploads\/2025\/05\/OTR_Ferer-pour-batir-1.jpg\" alt=\"\" class=\"wp-image-21824\" srcset=\"https:\/\/macite.tg\/wp-content\/uploads\/2025\/05\/OTR_Ferer-pour-batir-1.jpg 851w, https:\/\/macite.tg\/wp-content\/uploads\/2025\/05\/OTR_Ferer-pour-batir-1-300x111.jpg 300w, https:\/\/macite.tg\/wp-content\/uploads\/2025\/05\/OTR_Ferer-pour-batir-1-768x284.jpg 768w\" sizes=\"auto, (max-width: 851px) 100vw, 851px\" \/><\/figure>\n<\/div>\n\n\n<p class=\"wp-block-paragraph\"><strong>Le pape a parl\u00e9 de l&rsquo;Ukraine<\/strong><\/p>\n\n\n\n<p class=\"wp-block-paragraph\"><em>\u00ab Je porte dans mon c\u0153ur les souffrances du peuple ukrainien bien-aim\u00e9 \u00bb,<\/em> a d\u00e9clar\u00e9 le pape L\u00e9on XIV, r\u00e9cemment \u00e9lu, \u00e0 propos de l&rsquo;Ukraine, selon une citation publi\u00e9e par l&rsquo;<em>Associated Press<\/em>.<\/p>\n\n\n\n<p class=\"wp-block-paragraph\"><strong>\u0152uvrer pour une paix v\u00e9ritable<\/strong><\/p>\n\n\n\n<p class=\"wp-block-paragraph\"><em>\u00ab Que tout soit mis en \u0153uvre pour parvenir le plus rapidement possible \u00e0 une paix v\u00e9ritable, juste et durable \u00bb,<\/em> a ajout\u00e9 le pape L\u00e9on XIV. Ce n&rsquo;est pas la premi\u00e8re fois que le nouveau pape s&rsquo;exprime sur le conflit.<\/p>\n\n\n\n<p class=\"wp-block-paragraph\"><strong>Une condamnation de la Russie en 2022<\/strong><\/p>\n\n\n\n<p class=\"wp-block-paragraph\">En 2022, alors qu&rsquo;il \u00e9tait \u00e9v\u00eaque de Chiclayo au P\u00e9rou, alors connu sous le nom de Robert Provost, le pape L\u00e9on XIV s&rsquo;est prononc\u00e9 contre la guerre en Ukraine et a condamn\u00e9 l&rsquo;invasion russe.<\/p>\n\n\n<div class=\"wp-block-image\">\n<figure class=\"aligncenter size-full is-resized\"><img loading=\"lazy\" decoding=\"async\" width=\"690\" height=\"170\" src=\"https:\/\/macite.tg\/wp-content\/uploads\/2025\/05\/OTR_TVM.jpg\" alt=\"\" class=\"wp-image-21825\" style=\"width:840px;height:auto\" srcset=\"https:\/\/macite.tg\/wp-content\/uploads\/2025\/05\/OTR_TVM.jpg 690w, https:\/\/macite.tg\/wp-content\/uploads\/2025\/05\/OTR_TVM-300x74.jpg 300w\" sizes=\"auto, (max-width: 690px) 100vw, 690px\" \/><\/figure>\n<\/div>\n\n\n<p class=\"wp-block-paragraph\"><strong>Une invasion imp\u00e9rialiste<\/strong><\/p>\n\n\n\n<p class=\"wp-block-paragraph\">Lors d&rsquo;une interview avec le m\u00e9dia p\u00e9ruvien&nbsp;<em>Semanario Expresi\u00f3n<\/em>, Provost a qualifi\u00e9 l&rsquo;incursion de Moscou en Ukraine de \u00ab v\u00e9ritable invasion, de nature imp\u00e9rialiste, o\u00f9 la Russie cherche \u00e0 conqu\u00e9rir un territoire pour des raisons de puissance \u00bb, selon une citation rapport\u00e9e par&nbsp;<em>The Kyiv Independent<\/em>.<\/p>\n\n\n\n<p class=\"wp-block-paragraph\"><strong>Un appel \u00e0 la paix au Moyen-Orient<\/strong><\/p>\n\n\n\n<p class=\"wp-block-paragraph\">Toutefois, le pape L\u00e9on ne s&rsquo;est pas content\u00e9 de commenter le conflit en Ukraine lors de sa premi\u00e8re b\u00e9n\u00e9diction officielle, il a \u00e9galement abord\u00e9 le conflit au Moyen-Orient et a appel\u00e9 \u00e0 un cessez-le-feu imm\u00e9diat, \u00e0 une aide humanitaire pour les civils et \u00e0 la lib\u00e9ration de tous les otages.<\/p>\n\n\n\n<p class=\"wp-block-paragraph\"><strong>Se r\u00e9jouir du cessez-le-feu en Asie<\/strong><\/p>\n\n\n\n<p class=\"wp-block-paragraph\">Le pape nouvellement choisi a \u00e9galement salu\u00e9 la bonne nouvelle selon laquelle l&rsquo;Inde et le Pakistan seraient parvenus \u00e0 un accord de cessez-le-feu dans leur conflit, qui s&rsquo;est rapidement envenim\u00e9 apr\u00e8s les frappes a\u00e9riennes de l&rsquo;Inde sur des cibles pakistanaises \u00e0 la suite d&rsquo;un attentat terroriste perp\u00e9tr\u00e9 en avril dans la partie du Cachemire administr\u00e9e par l&rsquo;Inde, pr\u00e8s de la ville touristique de Pahalgam.<\/p>\n\n\n<div class=\"wp-block-image\">\n<figure class=\"aligncenter size-full is-resized\"><img loading=\"lazy\" decoding=\"async\" width=\"700\" height=\"1001\" src=\"https:\/\/macite.tg\/wp-content\/uploads\/2025\/05\/OTR_Etat-GEFU.jpg\" alt=\"\" class=\"wp-image-21894\" style=\"width:590px;height:auto\" srcset=\"https:\/\/macite.tg\/wp-content\/uploads\/2025\/05\/OTR_Etat-GEFU.jpg 700w, https:\/\/macite.tg\/wp-content\/uploads\/2025\/05\/OTR_Etat-GEFU-210x300.jpg 210w\" sizes=\"auto, (max-width: 700px) 100vw, 700px\" \/><\/figure>\n<\/div>\n\n\n<p class=\"wp-block-paragraph\"><strong>R\u00e9int\u00e9grer le Vatican dans les affaires du monde<\/strong><\/p>\n\n\n\n<p class=\"wp-block-paragraph\">Le pape L\u00e9on XIV, un Am\u00e9ricain \u00e2g\u00e9 de 69 ans, est devenu le 267e occupant du tr\u00f4ne de Saint-Pierre et le premier citoyen am\u00e9ricain \u00e0 porter le titre de pape le 8 mai dernier, selon&nbsp;<em>BBC News<\/em>. Il a rapidement commenc\u00e9 \u00e0 travailler pour r\u00e9int\u00e9grer le Vatican dans les affaires mondiales apr\u00e8s des mois d&rsquo;absence pendant que le pape Fran\u00e7ois luttait contre des maladies \u00e0 r\u00e9p\u00e9tition.<\/p>\n\n\n\n<p class=\"wp-block-paragraph\"><strong>MSN<\/strong><\/p>\n\n\n\n<p class=\"wp-block-paragraph\"><a><strong><em>@macite.tg&nbsp;&nbsp;&nbsp;&nbsp;&nbsp;&nbsp;&nbsp;&nbsp;<\/em><\/strong><\/a><\/p>\n\n\n\n<p class=\"wp-block-paragraph\"><strong><em>E-mail&nbsp;: <\/em><\/strong><a href=\"mailto:maciteinfo@gmail.com\"><strong><em>maciteinfo@gmail.com<\/em><\/strong><\/a><strong><em>; <\/em><\/strong><a href=\"mailto:bawela1@gmail.com\"><strong><em>bawela1@gmail.com<\/em><\/strong><\/a><strong><em><\/em><\/strong><\/p>\n\n\n\n<p class=\"wp-block-paragraph\"><strong><em>Pour vos annonces, (publi)reportages, etc., joignez-nous au (00228)91515309\/<strong>79872224 <\/strong>www.macite.tg, L\u2019information, la bonne&nbsp;!<\/em><\/strong><\/p>\n\n\n\n<p class=\"wp-block-paragraph\"><\/p>\n","protected":false},"excerpt":{"rendered":"<p class=\"text-justify mb-2\" >Lors de sa premi\u00e8re b\u00e9n\u00e9diction dominicale en tant que chef de l&rsquo;\u00c9glise catholique, le pape L\u00e9on XIV a choisi d&rsquo;aborder les conflits en cours dans le monde et a appel\u00e9 \u00e0 la fin de toutes les guerres actuelles, craignant le chao qui se profile \u00e0 [&hellip;]<\/p>\n","protected":false},"author":2,"featured_media":22001,"comment_status":"open","ping_status":"open","sticky":false,"template":"","format":"standard","meta":{"footnotes":""},"categories":[20,40],"tags":[],"class_list":["post-21998","post","type-post","status-publish","format-standard","has-post-thumbnail","hentry","category-actualite","category-religion"],"yoast_head":"<!-- This site is optimized with the Yoast SEO plugin v28.4 - https:\/\/yoast.com\/product\/yoast-seo-wordpress\/ -->\n<title>VATICAN\/1ERE BENEDICTION DU NOUVEAU PAPE\u00a0: L\u00e9on XIV \u00e9voque la &quot;troisi\u00e8me guerre mondiale&quot; en cours et appelle \u00e0 la paix entre les peuples -<\/title>\n<meta name=\"robots\" content=\"index, follow, max-snippet:-1, max-image-preview:large, max-video-preview:-1\" \/>\n<link rel=\"canonical\" href=\"https:\/\/macite.tg\/?p=21998\" \/>\n<meta property=\"og:locale\" content=\"fr_FR\" \/>\n<meta property=\"og:type\" content=\"article\" \/>\n<meta property=\"og:title\" content=\"VATICAN\/1ERE BENEDICTION DU NOUVEAU PAPE\u00a0: L\u00e9on XIV \u00e9voque la &quot;troisi\u00e8me guerre mondiale&quot; en cours et appelle \u00e0 la paix entre les peuples -\" \/>\n<meta property=\"og:description\" content=\"Lors de sa premi\u00e8re b\u00e9n\u00e9diction dominicale en tant que chef de l&rsquo;\u00c9glise catholique, le pape L\u00e9on XIV a choisi d&rsquo;aborder les conflits en cours dans le monde et a appel\u00e9 \u00e0 la fin de toutes les guerres actuelles, craignant le chao qui se profile \u00e0 [&hellip;]\" \/>\n<meta property=\"og:url\" content=\"https:\/\/macite.tg\/?p=21998\" \/>\n<meta property=\"article:published_time\" content=\"2025-05-13T10:44:47+00:00\" \/>\n<meta property=\"article:modified_time\" content=\"2025-05-13T10:45:00+00:00\" \/>\n<meta property=\"og:image\" content=\"https:\/\/macite.tg\/wp-content\/uploads\/2025\/05\/Pape-Leon-XIV.jpg\" \/>\n\t<meta property=\"og:image:width\" content=\"500\" \/>\n\t<meta property=\"og:image:height\" content=\"194\" \/>\n\t<meta property=\"og:image:type\" content=\"image\/jpeg\" \/>\n<meta name=\"author\" content=\"Jean Pierre BAWELA\" \/>\n<meta name=\"twitter:card\" content=\"summary_large_image\" \/>\n<meta name=\"twitter:label1\" content=\"\u00c9crit par\" \/>\n\t<meta name=\"twitter:data1\" content=\"Jean Pierre BAWELA\" \/>\n\t<meta name=\"twitter:label2\" content=\"Dur\u00e9e de lecture estim\u00e9e\" \/>\n\t<meta name=\"twitter:data2\" content=\"4 minutes\" \/>\n<script type=\"application\/ld+json\" class=\"yoast-schema-graph\">{\"@context\":\"https:\\\/\\\/schema.org\",\"@graph\":[{\"@type\":\"Article\",\"@id\":\"https:\\\/\\\/macite.tg\\\/?p=21998#article\",\"isPartOf\":{\"@id\":\"https:\\\/\\\/macite.tg\\\/?p=21998\"},\"author\":{\"name\":\"Jean Pierre BAWELA\",\"@id\":\"https:\\\/\\\/macite.tg\\\/#\\\/schema\\\/person\\\/e9f2de7e5dbbe7770a9402c7ce82f5c2\"},\"headline\":\"VATICAN\\\/1ERE BENEDICTION DU NOUVEAU PAPE\u00a0: L\u00e9on XIV \u00e9voque la \u00ab\u00a0troisi\u00e8me guerre mondiale\u00a0\u00bb en cours et appelle \u00e0 la paix entre les peuples\",\"datePublished\":\"2025-05-13T10:44:47+00:00\",\"dateModified\":\"2025-05-13T10:45:00+00:00\",\"mainEntityOfPage\":{\"@id\":\"https:\\\/\\\/macite.tg\\\/?p=21998\"},\"wordCount\":629,\"commentCount\":0,\"image\":{\"@id\":\"https:\\\/\\\/macite.tg\\\/?p=21998#primaryimage\"},\"thumbnailUrl\":\"https:\\\/\\\/macite.tg\\\/wp-content\\\/uploads\\\/2025\\\/05\\\/Pape-Leon-XIV.jpg\",\"articleSection\":[\"ACTUALITE\",\"RELIGION\"],\"inLanguage\":\"fr-FR\",\"potentialAction\":[{\"@type\":\"CommentAction\",\"name\":\"Comment\",\"target\":[\"https:\\\/\\\/macite.tg\\\/?p=21998#respond\"]}]},{\"@type\":\"WebPage\",\"@id\":\"https:\\\/\\\/macite.tg\\\/?p=21998\",\"url\":\"https:\\\/\\\/macite.tg\\\/?p=21998\",\"name\":\"VATICAN\\\/1ERE BENEDICTION DU NOUVEAU PAPE\u00a0: L\u00e9on XIV \u00e9voque la \\\"troisi\u00e8me guerre mondiale\\\" en cours et appelle \u00e0 la paix entre les peuples -\",\"isPartOf\":{\"@id\":\"https:\\\/\\\/macite.tg\\\/#website\"},\"primaryImageOfPage\":{\"@id\":\"https:\\\/\\\/macite.tg\\\/?p=21998#primaryimage\"},\"image\":{\"@id\":\"https:\\\/\\\/macite.tg\\\/?p=21998#primaryimage\"},\"thumbnailUrl\":\"https:\\\/\\\/macite.tg\\\/wp-content\\\/uploads\\\/2025\\\/05\\\/Pape-Leon-XIV.jpg\",\"datePublished\":\"2025-05-13T10:44:47+00:00\",\"dateModified\":\"2025-05-13T10:45:00+00:00\",\"author\":{\"@id\":\"https:\\\/\\\/macite.tg\\\/#\\\/schema\\\/person\\\/e9f2de7e5dbbe7770a9402c7ce82f5c2\"},\"breadcrumb\":{\"@id\":\"https:\\\/\\\/macite.tg\\\/?p=21998#breadcrumb\"},\"inLanguage\":\"fr-FR\",\"potentialAction\":[{\"@type\":\"ReadAction\",\"target\":[\"https:\\\/\\\/macite.tg\\\/?p=21998\"]}]},{\"@type\":\"ImageObject\",\"inLanguage\":\"fr-FR\",\"@id\":\"https:\\\/\\\/macite.tg\\\/?p=21998#primaryimage\",\"url\":\"https:\\\/\\\/macite.tg\\\/wp-content\\\/uploads\\\/2025\\\/05\\\/Pape-Leon-XIV.jpg\",\"contentUrl\":\"https:\\\/\\\/macite.tg\\\/wp-content\\\/uploads\\\/2025\\\/05\\\/Pape-Leon-XIV.jpg\",\"width\":500,\"height\":194,\"caption\":\"Le pape L\u00e9on XIV craint le chao...d'une 3\u00e8me guerre mondiale\"},{\"@type\":\"BreadcrumbList\",\"@id\":\"https:\\\/\\\/macite.tg\\\/?p=21998#breadcrumb\",\"itemListElement\":[{\"@type\":\"ListItem\",\"position\":1,\"name\":\"Accueil\",\"item\":\"https:\\\/\\\/macite.tg\\\/\"},{\"@type\":\"ListItem\",\"position\":2,\"name\":\"VATICAN\\\/1ERE BENEDICTION DU NOUVEAU PAPE\u00a0: L\u00e9on XIV \u00e9voque la \u00ab\u00a0troisi\u00e8me guerre mondiale\u00a0\u00bb en cours et appelle \u00e0 la paix entre les peuples\"}]},{\"@type\":\"WebSite\",\"@id\":\"https:\\\/\\\/macite.tg\\\/#website\",\"url\":\"https:\\\/\\\/macite.tg\\\/\",\"name\":\"\",\"description\":\"L&#039;information, la bonne!!!\",\"potentialAction\":[{\"@type\":\"SearchAction\",\"target\":{\"@type\":\"EntryPoint\",\"urlTemplate\":\"https:\\\/\\\/macite.tg\\\/?s={search_term_string}\"},\"query-input\":{\"@type\":\"PropertyValueSpecification\",\"valueRequired\":true,\"valueName\":\"search_term_string\"}}],\"inLanguage\":\"fr-FR\"},{\"@type\":\"Person\",\"@id\":\"https:\\\/\\\/macite.tg\\\/#\\\/schema\\\/person\\\/e9f2de7e5dbbe7770a9402c7ce82f5c2\",\"name\":\"Jean Pierre BAWELA\",\"image\":{\"@type\":\"ImageObject\",\"inLanguage\":\"fr-FR\",\"@id\":\"https:\\\/\\\/macite.tg\\\/wp-content\\\/uploads\\\/2023\\\/09\\\/WhatsApp-Image-2023-09-19-at-14.44.41-122x122.jpeg\",\"url\":\"https:\\\/\\\/macite.tg\\\/wp-content\\\/uploads\\\/2023\\\/09\\\/WhatsApp-Image-2023-09-19-at-14.44.41-122x122.jpeg\",\"contentUrl\":\"https:\\\/\\\/macite.tg\\\/wp-content\\\/uploads\\\/2023\\\/09\\\/WhatsApp-Image-2023-09-19-at-14.44.41-122x122.jpeg\",\"caption\":\"Jean Pierre BAWELA\"},\"url\":\"https:\\\/\\\/macite.tg\\\/?author=2\"}]}<\/script>\n<!-- \/ Yoast SEO plugin. -->","yoast_head_json":{"title":"VATICAN\/1ERE BENEDICTION DU NOUVEAU PAPE\u00a0: L\u00e9on XIV \u00e9voque la \"troisi\u00e8me guerre mondiale\" en cours et appelle \u00e0 la paix entre les peuples -","robots":{"index":"index","follow":"follow","max-snippet":"max-snippet:-1","max-image-preview":"max-image-preview:large","max-video-preview":"max-video-preview:-1"},"canonical":"https:\/\/macite.tg\/?p=21998","og_locale":"fr_FR","og_type":"article","og_title":"VATICAN\/1ERE BENEDICTION DU NOUVEAU PAPE\u00a0: L\u00e9on XIV \u00e9voque la \"troisi\u00e8me guerre mondiale\" en cours et appelle \u00e0 la paix entre les peuples -","og_description":"Lors de sa premi\u00e8re b\u00e9n\u00e9diction dominicale en tant que chef de l&rsquo;\u00c9glise catholique, le pape L\u00e9on XIV a choisi d&rsquo;aborder les conflits en cours dans le monde et a appel\u00e9 \u00e0 la fin de toutes les guerres actuelles, craignant le chao qui se profile \u00e0 [&hellip;]","og_url":"https:\/\/macite.tg\/?p=21998","article_published_time":"2025-05-13T10:44:47+00:00","article_modified_time":"2025-05-13T10:45:00+00:00","og_image":[{"width":500,"height":194,"url":"https:\/\/macite.tg\/wp-content\/uploads\/2025\/05\/Pape-Leon-XIV.jpg","type":"image\/jpeg"}],"author":"Jean Pierre BAWELA","twitter_card":"summary_large_image","twitter_misc":{"\u00c9crit par":"Jean Pierre BAWELA","Dur\u00e9e de lecture estim\u00e9e":"4 minutes"},"schema":{"@context":"https:\/\/schema.org","@graph":[{"@type":"Article","@id":"https:\/\/macite.tg\/?p=21998#article","isPartOf":{"@id":"https:\/\/macite.tg\/?p=21998"},"author":{"name":"Jean Pierre BAWELA","@id":"https:\/\/macite.tg\/#\/schema\/person\/e9f2de7e5dbbe7770a9402c7ce82f5c2"},"headline":"VATICAN\/1ERE BENEDICTION DU NOUVEAU PAPE\u00a0: L\u00e9on XIV \u00e9voque la \u00ab\u00a0troisi\u00e8me guerre mondiale\u00a0\u00bb en cours et appelle \u00e0 la paix entre les peuples","datePublished":"2025-05-13T10:44:47+00:00","dateModified":"2025-05-13T10:45:00+00:00","mainEntityOfPage":{"@id":"https:\/\/macite.tg\/?p=21998"},"wordCount":629,"commentCount":0,"image":{"@id":"https:\/\/macite.tg\/?p=21998#primaryimage"},"thumbnailUrl":"https:\/\/macite.tg\/wp-content\/uploads\/2025\/05\/Pape-Leon-XIV.jpg","articleSection":["ACTUALITE","RELIGION"],"inLanguage":"fr-FR","potentialAction":[{"@type":"CommentAction","name":"Comment","target":["https:\/\/macite.tg\/?p=21998#respond"]}]},{"@type":"WebPage","@id":"https:\/\/macite.tg\/?p=21998","url":"https:\/\/macite.tg\/?p=21998","name":"VATICAN\/1ERE BENEDICTION DU NOUVEAU PAPE\u00a0: L\u00e9on XIV \u00e9voque la \"troisi\u00e8me guerre mondiale\" en cours et appelle \u00e0 la paix entre les peuples -","isPartOf":{"@id":"https:\/\/macite.tg\/#website"},"primaryImageOfPage":{"@id":"https:\/\/macite.tg\/?p=21998#primaryimage"},"image":{"@id":"https:\/\/macite.tg\/?p=21998#primaryimage"},"thumbnailUrl":"https:\/\/macite.tg\/wp-content\/uploads\/2025\/05\/Pape-Leon-XIV.jpg","datePublished":"2025-05-13T10:44:47+00:00","dateModified":"2025-05-13T10:45:00+00:00","author":{"@id":"https:\/\/macite.tg\/#\/schema\/person\/e9f2de7e5dbbe7770a9402c7ce82f5c2"},"breadcrumb":{"@id":"https:\/\/macite.tg\/?p=21998#breadcrumb"},"inLanguage":"fr-FR","potentialAction":[{"@type":"ReadAction","target":["https:\/\/macite.tg\/?p=21998"]}]},{"@type":"ImageObject","inLanguage":"fr-FR","@id":"https:\/\/macite.tg\/?p=21998#primaryimage","url":"https:\/\/macite.tg\/wp-content\/uploads\/2025\/05\/Pape-Leon-XIV.jpg","contentUrl":"https:\/\/macite.tg\/wp-content\/uploads\/2025\/05\/Pape-Leon-XIV.jpg","width":500,"height":194,"caption":"Le pape L\u00e9on XIV craint le chao...d'une 3\u00e8me guerre mondiale"},{"@type":"BreadcrumbList","@id":"https:\/\/macite.tg\/?p=21998#breadcrumb","itemListElement":[{"@type":"ListItem","position":1,"name":"Accueil","item":"https:\/\/macite.tg\/"},{"@type":"ListItem","position":2,"name":"VATICAN\/1ERE BENEDICTION DU NOUVEAU PAPE\u00a0: L\u00e9on XIV \u00e9voque la \u00ab\u00a0troisi\u00e8me guerre mondiale\u00a0\u00bb en cours et appelle \u00e0 la paix entre les peuples"}]},{"@type":"WebSite","@id":"https:\/\/macite.tg\/#website","url":"https:\/\/macite.tg\/","name":"","description":"L&#039;information, la bonne!!!","potentialAction":[{"@type":"SearchAction","target":{"@type":"EntryPoint","urlTemplate":"https:\/\/macite.tg\/?s={search_term_string}"},"query-input":{"@type":"PropertyValueSpecification","valueRequired":true,"valueName":"search_term_string"}}],"inLanguage":"fr-FR"},{"@type":"Person","@id":"https:\/\/macite.tg\/#\/schema\/person\/e9f2de7e5dbbe7770a9402c7ce82f5c2","name":"Jean Pierre BAWELA","image":{"@type":"ImageObject","inLanguage":"fr-FR","@id":"https:\/\/macite.tg\/wp-content\/uploads\/2023\/09\/WhatsApp-Image-2023-09-19-at-14.44.41-122x122.jpeg","url":"https:\/\/macite.tg\/wp-content\/uploads\/2023\/09\/WhatsApp-Image-2023-09-19-at-14.44.41-122x122.jpeg","contentUrl":"https:\/\/macite.tg\/wp-content\/uploads\/2023\/09\/WhatsApp-Image-2023-09-19-at-14.44.41-122x122.jpeg","caption":"Jean Pierre BAWELA"},"url":"https:\/\/macite.tg\/?author=2"}]}},"_links":{"self":[{"href":"https:\/\/macite.tg\/index.php?rest_route=\/wp\/v2\/posts\/21998","targetHints":{"allow":["GET"]}}],"collection":[{"href":"https:\/\/macite.tg\/index.php?rest_route=\/wp\/v2\/posts"}],"about":[{"href":"https:\/\/macite.tg\/index.php?rest_route=\/wp\/v2\/types\/post"}],"author":[{"embeddable":true,"href":"https:\/\/macite.tg\/index.php?rest_route=\/wp\/v2\/users\/2"}],"replies":[{"embeddable":true,"href":"https:\/\/macite.tg\/index.php?rest_route=%2Fwp%2Fv2%2Fcomments&post=21998"}],"version-history":[{"count":0,"href":"https:\/\/macite.tg\/index.php?rest_route=\/wp\/v2\/posts\/21998\/revisions"}],"wp:featuredmedia":[{"embeddable":true,"href":"https:\/\/macite.tg\/index.php?rest_route=\/wp\/v2\/media\/22001"}],"wp:attachment":[{"href":"https:\/\/macite.tg\/index.php?rest_route=%2Fwp%2Fv2%2Fmedia&parent=21998"}],"wp:term":[{"taxonomy":"category","embeddable":true,"href":"https:\/\/macite.tg\/index.php?rest_route=%2Fwp%2Fv2%2Fcategories&post=21998"},{"taxonomy":"post_tag","embeddable":true,"href":"https:\/\/macite.tg\/index.php?rest_route=%2Fwp%2Fv2%2Ftags&post=21998"}],"curies":[{"name":"wp","href":"https:\/\/api.w.org\/{rel}","templated":true}]}}