{"id":21997,"date":"2025-05-13T10:28:37","date_gmt":"2025-05-13T10:28:37","guid":{"rendered":"https:\/\/macite.tg\/?p=21997"},"modified":"2025-05-13T10:28:41","modified_gmt":"2025-05-13T10:28:41","slug":"mali-liberte-provisoire-pour-le-journaliste-a-togo-apres-plusieurs-semaines-passees-derriere-les-barreaux","status":"publish","type":"post","link":"https:\/\/macite.tg\/?p=21997","title":{"rendered":"MALI\u00a0: Libert\u00e9 provisoire pour le journaliste A. Togo\u2026 apr\u00e8s plusieurs semaines pass\u00e9es derri\u00e8re les barreaux"},"content":{"rendered":"\n<p class=\"wp-block-paragraph\"><strong><em>Alfousseyni Togo, directeur de publication de l\u2019hebdomadaire \u2018\u2019Le Canard de la Venise\u2019\u2019, avait remis en cause certains propos attribu\u00e9s au garde des Sceaux malien. Incarc\u00e9r\u00e9 le 9 avril, il a \u00e9t\u00e9 remis en libert\u00e9 lundi 12 mai, apr\u00e8s le paiement d\u2019une caution. Son proc\u00e8s est pr\u00e9vu le 12 juin.<\/em><\/strong><\/p>\n\n\n\n<p class=\"wp-block-paragraph\">La justice malienne a accord\u00e9 lundi la libert\u00e9 provisoire \u00e0 un journaliste arr\u00eat\u00e9 d\u00e9but avril pour avoir critiqu\u00e9 la junte au pouvoir, a-t-on appris de source judiciaire. Alfousseini Togo, directeur de publication de l\u2019hebdomadaire malien&nbsp;<em>Le Canard de la Venise<\/em>, avait \u00e9t\u00e9 arr\u00eat\u00e9 le 9 avril puis \u00e9crou\u00e9 pour <em>\u00ab&nbsp;atteinte au cr\u00e9dit de la justice, trouble \u00e0 l\u2019ordre public et diffamation&nbsp;\u00bb.<\/em><\/p>\n\n\n<div class=\"wp-block-image\">\n<figure class=\"aligncenter size-full is-resized\"><img loading=\"lazy\" decoding=\"async\" width=\"700\" height=\"1001\" src=\"https:\/\/macite.tg\/wp-content\/uploads\/2025\/05\/OTR_Etat-GEFU.jpg\" alt=\"\" class=\"wp-image-21894\" style=\"width:612px;height:auto\" srcset=\"https:\/\/macite.tg\/wp-content\/uploads\/2025\/05\/OTR_Etat-GEFU.jpg 700w, https:\/\/macite.tg\/wp-content\/uploads\/2025\/05\/OTR_Etat-GEFU-210x300.jpg 210w\" sizes=\"auto, (max-width: 700px) 100vw, 700px\" \/><\/figure>\n<\/div>\n\n\n<p class=\"wp-block-paragraph\">Il lui est reproch\u00e9 d\u2019avoir critiqu\u00e9 le ministre de la Justice, Mamoudou Kassogu\u00e9, et le p\u00f4le de lutte contre la cybercriminalit\u00e9, dans un article intitul\u00e9 <em>\u00ab&nbsp;La justice malienne ou le mal du si\u00e8cle : la bourde du ministre Mamoudou Kassogu\u00e9&nbsp;\u00bb.<\/em><\/p>\n\n\n\n<p class=\"wp-block-paragraph\">Dans cet article, le journaliste remet en cause notamment une affirmation du ministre selon laquelle l\u2019indice de confiance en la justice malienne est pass\u00e9 de 30\u2009% \u00e0 70\u2009% en 2024.<\/p>\n\n\n\n<p class=\"wp-block-paragraph\"><strong>Une caution de 500.000&nbsp;FCFA<\/strong><\/p>\n\n\n\n<p class=\"wp-block-paragraph\">Lundi, le p\u00f4le de lutte contre la cybercriminalit\u00e9 lui a accord\u00e9 une libert\u00e9 provisoire apr\u00e8s le versement d\u2019une caution de 500.000&nbsp;FCFA. Son proc\u00e8s est pr\u00e9vu le 12 juin.<\/p>\n\n\n\n<p class=\"wp-block-paragraph\"><em>\u00ab&nbsp;C\u2019est un soulagement pour nous. Nous allons nous pr\u00e9parer pour le 12 juin&nbsp;\u00bb,<\/em> a d\u00e9clar\u00e9 \u00e0 l\u2019AFP Bandiougou Dante, pr\u00e9sident de la Maison de la presse du Mali, organisme qui d\u00e9fend notamment la cause des journalistes dans le pays.<\/p>\n\n\n<div class=\"wp-block-image\">\n<figure class=\"aligncenter size-full is-resized\"><img loading=\"lazy\" decoding=\"async\" width=\"500\" height=\"304\" src=\"https:\/\/macite.tg\/wp-content\/uploads\/2025\/05\/OTR_SAM.jpg\" alt=\"\" class=\"wp-image-21823\" style=\"width:840px;height:auto\" srcset=\"https:\/\/macite.tg\/wp-content\/uploads\/2025\/05\/OTR_SAM.jpg 500w, https:\/\/macite.tg\/wp-content\/uploads\/2025\/05\/OTR_SAM-300x182.jpg 300w\" sizes=\"auto, (max-width: 500px) 100vw, 500px\" \/><\/figure>\n<\/div>\n\n\n<p class=\"wp-block-paragraph\">L\u2019ONG Reporters sans fronti\u00e8res (RSF) s\u2019est dite \u00ab&nbsp;soulag\u00e9e&nbsp;\u00bb par sa remise en libert\u00e9, dans un communiqu\u00e9 transmis \u00e0 l\u2019AFP. <em>\u00ab&nbsp;Cette d\u00e9cision met \u00e9galement fin \u00e0 une d\u00e9tention arbitraire bien trop longue&nbsp;\u00bb,<\/em> a d\u00e9clar\u00e9 le directeur du bureau Afrique subsaharienne de RSF, Sadibou Marong. <em>\u00ab&nbsp;Son proc\u00e8s, pr\u00e9vu le 12 juin, doit d\u00e9sormais \u00eatre une occasion pour les autorit\u00e9s judiciaires d\u2019abandonner toutes les charges et de relaxer purement et simplement ce journaliste&nbsp;\u00bb,<\/em> a-t-il ajout\u00e9.<\/p>\n\n\n\n<p class=\"wp-block-paragraph\"><strong>(Avec AFP)<\/strong><\/p>\n\n\n\n<p class=\"wp-block-paragraph\"><a><strong><em>@macite.tg&nbsp;&nbsp;&nbsp;&nbsp;&nbsp;&nbsp;&nbsp;&nbsp;<\/em><\/strong><\/a><\/p>\n\n\n\n<p class=\"wp-block-paragraph\"><strong><em>E-mail&nbsp;: <\/em><\/strong><a href=\"mailto:maciteinfo@gmail.com\"><strong><em>maciteinfo@gmail.com<\/em><\/strong><\/a><strong><em>; <\/em><\/strong><a href=\"mailto:bawela1@gmail.com\"><strong><em>bawela1@gmail.com<\/em><\/strong><\/a><strong><em><\/em><\/strong><\/p>\n\n\n\n<p class=\"wp-block-paragraph\"><strong><em>Pour vos annonces, (publi)reportages, etc., joignez-nous au (00228)91515309\/<strong>79872224 <\/strong>www.macite.tg, L\u2019information, la bonne&nbsp;!<\/em><\/strong><\/p>\n\n\n\n<p class=\"wp-block-paragraph\"><\/p>\n","protected":false},"excerpt":{"rendered":"<p class=\"text-justify mb-2\" >Alfousseyni Togo, directeur de publication de l\u2019hebdomadaire \u2018\u2019Le Canard de la Venise\u2019\u2019, avait remis en cause certains propos attribu\u00e9s au garde des Sceaux malien. Incarc\u00e9r\u00e9 le 9 avril, il a \u00e9t\u00e9 remis en libert\u00e9 lundi 12 mai, apr\u00e8s le paiement d\u2019une caution. Son proc\u00e8s est [&hellip;]<\/p>\n","protected":false},"author":2,"featured_media":21999,"comment_status":"open","ping_status":"open","sticky":false,"template":"","format":"standard","meta":{"footnotes":""},"categories":[20,26,14],"tags":[],"class_list":["post-21997","post","type-post","status-publish","format-standard","has-post-thumbnail","hentry","category-actualite","category-justice","category-medias"],"yoast_head":"<!-- This site is optimized with the Yoast SEO plugin v28.4 - https:\/\/yoast.com\/product\/yoast-seo-wordpress\/ -->\n<title>MALI\u00a0: Libert\u00e9 provisoire pour le journaliste A. Togo\u2026 apr\u00e8s plusieurs semaines pass\u00e9es derri\u00e8re les barreaux -<\/title>\n<meta name=\"robots\" content=\"index, follow, max-snippet:-1, max-image-preview:large, max-video-preview:-1\" \/>\n<link rel=\"canonical\" href=\"https:\/\/macite.tg\/?p=21997\" \/>\n<meta property=\"og:locale\" content=\"fr_FR\" \/>\n<meta property=\"og:type\" content=\"article\" \/>\n<meta property=\"og:title\" content=\"MALI\u00a0: Libert\u00e9 provisoire pour le journaliste A. Togo\u2026 apr\u00e8s plusieurs semaines pass\u00e9es derri\u00e8re les barreaux -\" \/>\n<meta property=\"og:description\" content=\"Alfousseyni Togo, directeur de publication de l\u2019hebdomadaire \u2018\u2019Le Canard de la Venise\u2019\u2019, avait remis en cause certains propos attribu\u00e9s au garde des Sceaux malien. Incarc\u00e9r\u00e9 le 9 avril, il a \u00e9t\u00e9 remis en libert\u00e9 lundi 12 mai, apr\u00e8s le paiement d\u2019une caution. Son proc\u00e8s est [&hellip;]\" \/>\n<meta property=\"og:url\" content=\"https:\/\/macite.tg\/?p=21997\" \/>\n<meta property=\"article:published_time\" content=\"2025-05-13T10:28:37+00:00\" \/>\n<meta property=\"article:modified_time\" content=\"2025-05-13T10:28:41+00:00\" \/>\n<meta property=\"og:image\" content=\"https:\/\/macite.tg\/wp-content\/uploads\/2025\/05\/A-TOGO.jpg\" \/>\n\t<meta property=\"og:image:width\" content=\"500\" \/>\n\t<meta property=\"og:image:height\" content=\"250\" \/>\n\t<meta property=\"og:image:type\" content=\"image\/jpeg\" \/>\n<meta name=\"author\" content=\"Jean Pierre BAWELA\" \/>\n<meta name=\"twitter:card\" content=\"summary_large_image\" \/>\n<meta name=\"twitter:label1\" content=\"\u00c9crit par\" \/>\n\t<meta name=\"twitter:data1\" content=\"Jean Pierre BAWELA\" \/>\n\t<meta name=\"twitter:label2\" content=\"Dur\u00e9e de lecture estim\u00e9e\" \/>\n\t<meta name=\"twitter:data2\" content=\"3 minutes\" \/>\n<script type=\"application\/ld+json\" class=\"yoast-schema-graph\">{\"@context\":\"https:\\\/\\\/schema.org\",\"@graph\":[{\"@type\":\"Article\",\"@id\":\"https:\\\/\\\/macite.tg\\\/?p=21997#article\",\"isPartOf\":{\"@id\":\"https:\\\/\\\/macite.tg\\\/?p=21997\"},\"author\":{\"name\":\"Jean Pierre BAWELA\",\"@id\":\"https:\\\/\\\/macite.tg\\\/#\\\/schema\\\/person\\\/e9f2de7e5dbbe7770a9402c7ce82f5c2\"},\"headline\":\"MALI\u00a0: Libert\u00e9 provisoire pour le journaliste A. Togo\u2026 apr\u00e8s plusieurs semaines pass\u00e9es derri\u00e8re les barreaux\",\"datePublished\":\"2025-05-13T10:28:37+00:00\",\"dateModified\":\"2025-05-13T10:28:41+00:00\",\"mainEntityOfPage\":{\"@id\":\"https:\\\/\\\/macite.tg\\\/?p=21997\"},\"wordCount\":416,\"commentCount\":0,\"image\":{\"@id\":\"https:\\\/\\\/macite.tg\\\/?p=21997#primaryimage\"},\"thumbnailUrl\":\"https:\\\/\\\/macite.tg\\\/wp-content\\\/uploads\\\/2025\\\/05\\\/A-TOGO.jpg\",\"articleSection\":[\"ACTUALITE\",\"JUSTICE\",\"MEDIAS\"],\"inLanguage\":\"fr-FR\",\"potentialAction\":[{\"@type\":\"CommentAction\",\"name\":\"Comment\",\"target\":[\"https:\\\/\\\/macite.tg\\\/?p=21997#respond\"]}]},{\"@type\":\"WebPage\",\"@id\":\"https:\\\/\\\/macite.tg\\\/?p=21997\",\"url\":\"https:\\\/\\\/macite.tg\\\/?p=21997\",\"name\":\"MALI\u00a0: Libert\u00e9 provisoire pour le journaliste A. Togo\u2026 apr\u00e8s plusieurs semaines pass\u00e9es derri\u00e8re les barreaux -\",\"isPartOf\":{\"@id\":\"https:\\\/\\\/macite.tg\\\/#website\"},\"primaryImageOfPage\":{\"@id\":\"https:\\\/\\\/macite.tg\\\/?p=21997#primaryimage\"},\"image\":{\"@id\":\"https:\\\/\\\/macite.tg\\\/?p=21997#primaryimage\"},\"thumbnailUrl\":\"https:\\\/\\\/macite.tg\\\/wp-content\\\/uploads\\\/2025\\\/05\\\/A-TOGO.jpg\",\"datePublished\":\"2025-05-13T10:28:37+00:00\",\"dateModified\":\"2025-05-13T10:28:41+00:00\",\"author\":{\"@id\":\"https:\\\/\\\/macite.tg\\\/#\\\/schema\\\/person\\\/e9f2de7e5dbbe7770a9402c7ce82f5c2\"},\"breadcrumb\":{\"@id\":\"https:\\\/\\\/macite.tg\\\/?p=21997#breadcrumb\"},\"inLanguage\":\"fr-FR\",\"potentialAction\":[{\"@type\":\"ReadAction\",\"target\":[\"https:\\\/\\\/macite.tg\\\/?p=21997\"]}]},{\"@type\":\"ImageObject\",\"inLanguage\":\"fr-FR\",\"@id\":\"https:\\\/\\\/macite.tg\\\/?p=21997#primaryimage\",\"url\":\"https:\\\/\\\/macite.tg\\\/wp-content\\\/uploads\\\/2025\\\/05\\\/A-TOGO.jpg\",\"contentUrl\":\"https:\\\/\\\/macite.tg\\\/wp-content\\\/uploads\\\/2025\\\/05\\\/A-TOGO.jpg\",\"width\":500,\"height\":250},{\"@type\":\"BreadcrumbList\",\"@id\":\"https:\\\/\\\/macite.tg\\\/?p=21997#breadcrumb\",\"itemListElement\":[{\"@type\":\"ListItem\",\"position\":1,\"name\":\"Accueil\",\"item\":\"https:\\\/\\\/macite.tg\\\/\"},{\"@type\":\"ListItem\",\"position\":2,\"name\":\"MALI\u00a0: Libert\u00e9 provisoire pour le journaliste A. Togo\u2026 apr\u00e8s plusieurs semaines pass\u00e9es derri\u00e8re les barreaux\"}]},{\"@type\":\"WebSite\",\"@id\":\"https:\\\/\\\/macite.tg\\\/#website\",\"url\":\"https:\\\/\\\/macite.tg\\\/\",\"name\":\"\",\"description\":\"L&#039;information, la bonne!!!\",\"potentialAction\":[{\"@type\":\"SearchAction\",\"target\":{\"@type\":\"EntryPoint\",\"urlTemplate\":\"https:\\\/\\\/macite.tg\\\/?s={search_term_string}\"},\"query-input\":{\"@type\":\"PropertyValueSpecification\",\"valueRequired\":true,\"valueName\":\"search_term_string\"}}],\"inLanguage\":\"fr-FR\"},{\"@type\":\"Person\",\"@id\":\"https:\\\/\\\/macite.tg\\\/#\\\/schema\\\/person\\\/e9f2de7e5dbbe7770a9402c7ce82f5c2\",\"name\":\"Jean Pierre BAWELA\",\"image\":{\"@type\":\"ImageObject\",\"inLanguage\":\"fr-FR\",\"@id\":\"https:\\\/\\\/macite.tg\\\/wp-content\\\/uploads\\\/2023\\\/09\\\/WhatsApp-Image-2023-09-19-at-14.44.41-122x122.jpeg\",\"url\":\"https:\\\/\\\/macite.tg\\\/wp-content\\\/uploads\\\/2023\\\/09\\\/WhatsApp-Image-2023-09-19-at-14.44.41-122x122.jpeg\",\"contentUrl\":\"https:\\\/\\\/macite.tg\\\/wp-content\\\/uploads\\\/2023\\\/09\\\/WhatsApp-Image-2023-09-19-at-14.44.41-122x122.jpeg\",\"caption\":\"Jean Pierre BAWELA\"},\"url\":\"https:\\\/\\\/macite.tg\\\/?author=2\"}]}<\/script>\n<!-- \/ Yoast SEO plugin. -->","yoast_head_json":{"title":"MALI\u00a0: Libert\u00e9 provisoire pour le journaliste A. Togo\u2026 apr\u00e8s plusieurs semaines pass\u00e9es derri\u00e8re les barreaux -","robots":{"index":"index","follow":"follow","max-snippet":"max-snippet:-1","max-image-preview":"max-image-preview:large","max-video-preview":"max-video-preview:-1"},"canonical":"https:\/\/macite.tg\/?p=21997","og_locale":"fr_FR","og_type":"article","og_title":"MALI\u00a0: Libert\u00e9 provisoire pour le journaliste A. Togo\u2026 apr\u00e8s plusieurs semaines pass\u00e9es derri\u00e8re les barreaux -","og_description":"Alfousseyni Togo, directeur de publication de l\u2019hebdomadaire \u2018\u2019Le Canard de la Venise\u2019\u2019, avait remis en cause certains propos attribu\u00e9s au garde des Sceaux malien. Incarc\u00e9r\u00e9 le 9 avril, il a \u00e9t\u00e9 remis en libert\u00e9 lundi 12 mai, apr\u00e8s le paiement d\u2019une caution. Son proc\u00e8s est [&hellip;]","og_url":"https:\/\/macite.tg\/?p=21997","article_published_time":"2025-05-13T10:28:37+00:00","article_modified_time":"2025-05-13T10:28:41+00:00","og_image":[{"width":500,"height":250,"url":"https:\/\/macite.tg\/wp-content\/uploads\/2025\/05\/A-TOGO.jpg","type":"image\/jpeg"}],"author":"Jean Pierre BAWELA","twitter_card":"summary_large_image","twitter_misc":{"\u00c9crit par":"Jean Pierre BAWELA","Dur\u00e9e de lecture estim\u00e9e":"3 minutes"},"schema":{"@context":"https:\/\/schema.org","@graph":[{"@type":"Article","@id":"https:\/\/macite.tg\/?p=21997#article","isPartOf":{"@id":"https:\/\/macite.tg\/?p=21997"},"author":{"name":"Jean Pierre BAWELA","@id":"https:\/\/macite.tg\/#\/schema\/person\/e9f2de7e5dbbe7770a9402c7ce82f5c2"},"headline":"MALI\u00a0: Libert\u00e9 provisoire pour le journaliste A. Togo\u2026 apr\u00e8s plusieurs semaines pass\u00e9es derri\u00e8re les barreaux","datePublished":"2025-05-13T10:28:37+00:00","dateModified":"2025-05-13T10:28:41+00:00","mainEntityOfPage":{"@id":"https:\/\/macite.tg\/?p=21997"},"wordCount":416,"commentCount":0,"image":{"@id":"https:\/\/macite.tg\/?p=21997#primaryimage"},"thumbnailUrl":"https:\/\/macite.tg\/wp-content\/uploads\/2025\/05\/A-TOGO.jpg","articleSection":["ACTUALITE","JUSTICE","MEDIAS"],"inLanguage":"fr-FR","potentialAction":[{"@type":"CommentAction","name":"Comment","target":["https:\/\/macite.tg\/?p=21997#respond"]}]},{"@type":"WebPage","@id":"https:\/\/macite.tg\/?p=21997","url":"https:\/\/macite.tg\/?p=21997","name":"MALI\u00a0: Libert\u00e9 provisoire pour le journaliste A. Togo\u2026 apr\u00e8s plusieurs semaines pass\u00e9es derri\u00e8re les barreaux -","isPartOf":{"@id":"https:\/\/macite.tg\/#website"},"primaryImageOfPage":{"@id":"https:\/\/macite.tg\/?p=21997#primaryimage"},"image":{"@id":"https:\/\/macite.tg\/?p=21997#primaryimage"},"thumbnailUrl":"https:\/\/macite.tg\/wp-content\/uploads\/2025\/05\/A-TOGO.jpg","datePublished":"2025-05-13T10:28:37+00:00","dateModified":"2025-05-13T10:28:41+00:00","author":{"@id":"https:\/\/macite.tg\/#\/schema\/person\/e9f2de7e5dbbe7770a9402c7ce82f5c2"},"breadcrumb":{"@id":"https:\/\/macite.tg\/?p=21997#breadcrumb"},"inLanguage":"fr-FR","potentialAction":[{"@type":"ReadAction","target":["https:\/\/macite.tg\/?p=21997"]}]},{"@type":"ImageObject","inLanguage":"fr-FR","@id":"https:\/\/macite.tg\/?p=21997#primaryimage","url":"https:\/\/macite.tg\/wp-content\/uploads\/2025\/05\/A-TOGO.jpg","contentUrl":"https:\/\/macite.tg\/wp-content\/uploads\/2025\/05\/A-TOGO.jpg","width":500,"height":250},{"@type":"BreadcrumbList","@id":"https:\/\/macite.tg\/?p=21997#breadcrumb","itemListElement":[{"@type":"ListItem","position":1,"name":"Accueil","item":"https:\/\/macite.tg\/"},{"@type":"ListItem","position":2,"name":"MALI\u00a0: Libert\u00e9 provisoire pour le journaliste A. Togo\u2026 apr\u00e8s plusieurs semaines pass\u00e9es derri\u00e8re les barreaux"}]},{"@type":"WebSite","@id":"https:\/\/macite.tg\/#website","url":"https:\/\/macite.tg\/","name":"","description":"L&#039;information, la bonne!!!","potentialAction":[{"@type":"SearchAction","target":{"@type":"EntryPoint","urlTemplate":"https:\/\/macite.tg\/?s={search_term_string}"},"query-input":{"@type":"PropertyValueSpecification","valueRequired":true,"valueName":"search_term_string"}}],"inLanguage":"fr-FR"},{"@type":"Person","@id":"https:\/\/macite.tg\/#\/schema\/person\/e9f2de7e5dbbe7770a9402c7ce82f5c2","name":"Jean Pierre BAWELA","image":{"@type":"ImageObject","inLanguage":"fr-FR","@id":"https:\/\/macite.tg\/wp-content\/uploads\/2023\/09\/WhatsApp-Image-2023-09-19-at-14.44.41-122x122.jpeg","url":"https:\/\/macite.tg\/wp-content\/uploads\/2023\/09\/WhatsApp-Image-2023-09-19-at-14.44.41-122x122.jpeg","contentUrl":"https:\/\/macite.tg\/wp-content\/uploads\/2023\/09\/WhatsApp-Image-2023-09-19-at-14.44.41-122x122.jpeg","caption":"Jean Pierre BAWELA"},"url":"https:\/\/macite.tg\/?author=2"}]}},"_links":{"self":[{"href":"https:\/\/macite.tg\/index.php?rest_route=\/wp\/v2\/posts\/21997","targetHints":{"allow":["GET"]}}],"collection":[{"href":"https:\/\/macite.tg\/index.php?rest_route=\/wp\/v2\/posts"}],"about":[{"href":"https:\/\/macite.tg\/index.php?rest_route=\/wp\/v2\/types\/post"}],"author":[{"embeddable":true,"href":"https:\/\/macite.tg\/index.php?rest_route=\/wp\/v2\/users\/2"}],"replies":[{"embeddable":true,"href":"https:\/\/macite.tg\/index.php?rest_route=%2Fwp%2Fv2%2Fcomments&post=21997"}],"version-history":[{"count":0,"href":"https:\/\/macite.tg\/index.php?rest_route=\/wp\/v2\/posts\/21997\/revisions"}],"wp:featuredmedia":[{"embeddable":true,"href":"https:\/\/macite.tg\/index.php?rest_route=\/wp\/v2\/media\/21999"}],"wp:attachment":[{"href":"https:\/\/macite.tg\/index.php?rest_route=%2Fwp%2Fv2%2Fmedia&parent=21997"}],"wp:term":[{"taxonomy":"category","embeddable":true,"href":"https:\/\/macite.tg\/index.php?rest_route=%2Fwp%2Fv2%2Fcategories&post=21997"},{"taxonomy":"post_tag","embeddable":true,"href":"https:\/\/macite.tg\/index.php?rest_route=%2Fwp%2Fv2%2Ftags&post=21997"}],"curies":[{"name":"wp","href":"https:\/\/api.w.org\/{rel}","templated":true}]}}