{"id":21986,"date":"2025-05-12T13:37:33","date_gmt":"2025-05-12T13:37:33","guid":{"rendered":"https:\/\/macite.tg\/?p=21986"},"modified":"2025-05-12T13:37:36","modified_gmt":"2025-05-12T13:37:36","slug":"identification-biometrique-demarrage-ce-matin-des-enregistrements-de-masse-dans-la-prefecture-du-golfe","status":"publish","type":"post","link":"https:\/\/macite.tg\/?p=21986","title":{"rendered":"IDENTIFICATION BIOMETRIQUE : D\u00e9marrage ce matin des enregistrements de masse dans la pr\u00e9fecture du Golfe"},"content":{"rendered":"\n<p class=\"wp-block-paragraph\"><strong><em>La campagne nationale de recensement biom\u00e9trique se poursuit au Togo. Apr\u00e8s la r\u00e9gion des Savanes, le projet e-ID Togo est \u00e0 l\u2019\u00e9tape de la r\u00e9gion Maritime, pr\u00e9cis\u00e9ment dans la pr\u00e9fecture du Golfe. Depuis ce lundi 12 mai, les enregistrements de masse ont d\u00e9marr\u00e9 dans le Golfe.<\/em><\/strong><\/p>\n\n\n\n<p class=\"wp-block-paragraph\">Dans un communiqu\u00e9 en date du 8 mai 2025, l\u2019Institut national de la statistique et des \u00e9tudes \u00e9conomiques et d\u00e9mographiques (INSEED) a annonc\u00e9 le d\u00e9marrage, ce lundi 12 mai, de l\u2019op\u00e9ration d\u2019enregistrement de masse dans la pr\u00e9fecture du Golfe.<\/p>\n\n\n<div class=\"wp-block-image\">\n<figure class=\"aligncenter size-full\"><img loading=\"lazy\" decoding=\"async\" width=\"851\" height=\"315\" src=\"https:\/\/macite.tg\/wp-content\/uploads\/2025\/05\/OTR_Ferer-pour-batir-1.jpg\" alt=\"\" class=\"wp-image-21824\" srcset=\"https:\/\/macite.tg\/wp-content\/uploads\/2025\/05\/OTR_Ferer-pour-batir-1.jpg 851w, https:\/\/macite.tg\/wp-content\/uploads\/2025\/05\/OTR_Ferer-pour-batir-1-300x111.jpg 300w, https:\/\/macite.tg\/wp-content\/uploads\/2025\/05\/OTR_Ferer-pour-batir-1-768x284.jpg 768w\" sizes=\"auto, (max-width: 851px) 100vw, 851px\" \/><\/figure>\n<\/div>\n\n\n<p class=\"wp-block-paragraph\">Cette op\u00e9ration vise \u00e0 doter le pays d\u2019un registre national fiable et s\u00e9curis\u00e9, fond\u00e9 sur des donn\u00e9es biom\u00e9triques et d\u00e9mographiques. Ce projet e-ID Togo est port\u00e9 par l\u2019Institut national de la statistique et des \u00e9tudes \u00e9conomiques et d\u00e9mographiques (INSEED), en collaboration avec l\u2019Agence nationale d\u2019identification (ANID). Il est appuy\u00e9 par la Banque mondiale \u00e0 travers le programme WURI.<\/p>\n\n\n<div class=\"wp-block-image\">\n<figure class=\"aligncenter size-full is-resized\"><img loading=\"lazy\" decoding=\"async\" width=\"700\" height=\"1001\" src=\"https:\/\/macite.tg\/wp-content\/uploads\/2025\/05\/OTR_Etat-GEFU.jpg\" alt=\"\" class=\"wp-image-21894\" style=\"width:624px;height:auto\" srcset=\"https:\/\/macite.tg\/wp-content\/uploads\/2025\/05\/OTR_Etat-GEFU.jpg 700w, https:\/\/macite.tg\/wp-content\/uploads\/2025\/05\/OTR_Etat-GEFU-210x300.jpg 210w\" sizes=\"auto, (max-width: 700px) 100vw, 700px\" \/><\/figure>\n<\/div>\n\n\n<p class=\"wp-block-paragraph\">Notons que le recensement biom\u00e9trique est l\u2019un des projets phares de l\u2019ex\u00e9cutif. L\u2019ambition est de garantir \u00e0 chaque r\u00e9sidant togolais, un num\u00e9ro unique d\u2019identification, devant lui permettre d\u2019acc\u00e9der \u00e0 tous les services essentiels.<\/p>\n\n\n\n<p class=\"wp-block-paragraph\"><strong>JPB<\/strong><\/p>\n\n\n\n<p class=\"wp-block-paragraph\"><a><strong><em>@macite.tg&nbsp;&nbsp;&nbsp;&nbsp;&nbsp;&nbsp;&nbsp;&nbsp;<\/em><\/strong><\/a><\/p>\n\n\n\n<p class=\"wp-block-paragraph\"><strong><em>E-mail&nbsp;: <\/em><\/strong><a href=\"mailto:maciteinfo@gmail.com\"><strong><em>maciteinfo@gmail.com<\/em><\/strong><\/a><strong><em>; <\/em><\/strong><a href=\"mailto:bawela1@gmail.com\"><strong><em>bawela1@gmail.com<\/em><\/strong><\/a><strong><em><\/em><\/strong><\/p>\n\n\n\n<p class=\"wp-block-paragraph\"><strong><em>Pour vos annonces, (publi)reportages, etc., joignez-nous au (00228)91515309\/<strong>79872224 <\/strong>www.macite.tg, L\u2019information, la bonne&nbsp;!<\/em><\/strong><\/p>\n\n\n\n<p class=\"wp-block-paragraph\"><\/p>\n","protected":false},"excerpt":{"rendered":"<p class=\"text-justify mb-2\" >La campagne nationale de recensement biom\u00e9trique se poursuit au Togo. Apr\u00e8s la r\u00e9gion des Savanes, le projet e-ID Togo est \u00e0 l\u2019\u00e9tape de la r\u00e9gion Maritime, pr\u00e9cis\u00e9ment dans la pr\u00e9fecture du Golfe. Depuis ce lundi 12 mai, les enregistrements de masse ont d\u00e9marr\u00e9 dans le [&hellip;]<\/p>\n","protected":false},"author":2,"featured_media":21987,"comment_status":"open","ping_status":"open","sticky":false,"template":"","format":"standard","meta":{"footnotes":""},"categories":[20,56],"tags":[],"class_list":["post-21986","post","type-post","status-publish","format-standard","has-post-thumbnail","hentry","category-actualite","category-digital"],"yoast_head":"<!-- This site is optimized with the Yoast SEO plugin v28.4 - https:\/\/yoast.com\/product\/yoast-seo-wordpress\/ -->\n<title>IDENTIFICATION BIOMETRIQUE : D\u00e9marrage ce matin des enregistrements de masse dans la pr\u00e9fecture du Golfe -<\/title>\n<meta name=\"robots\" content=\"index, follow, max-snippet:-1, max-image-preview:large, max-video-preview:-1\" \/>\n<link rel=\"canonical\" href=\"https:\/\/macite.tg\/?p=21986\" \/>\n<meta property=\"og:locale\" content=\"fr_FR\" \/>\n<meta property=\"og:type\" content=\"article\" \/>\n<meta property=\"og:title\" content=\"IDENTIFICATION BIOMETRIQUE : D\u00e9marrage ce matin des enregistrements de masse dans la pr\u00e9fecture du Golfe -\" \/>\n<meta property=\"og:description\" content=\"La campagne nationale de recensement biom\u00e9trique se poursuit au Togo. Apr\u00e8s la r\u00e9gion des Savanes, le projet e-ID Togo est \u00e0 l\u2019\u00e9tape de la r\u00e9gion Maritime, pr\u00e9cis\u00e9ment dans la pr\u00e9fecture du Golfe. Depuis ce lundi 12 mai, les enregistrements de masse ont d\u00e9marr\u00e9 dans le [&hellip;]\" \/>\n<meta property=\"og:url\" content=\"https:\/\/macite.tg\/?p=21986\" \/>\n<meta property=\"article:published_time\" content=\"2025-05-12T13:37:33+00:00\" \/>\n<meta property=\"article:modified_time\" content=\"2025-05-12T13:37:36+00:00\" \/>\n<meta property=\"og:image\" content=\"https:\/\/macite.tg\/wp-content\/uploads\/2025\/05\/image-29.png\" \/>\n\t<meta property=\"og:image:width\" content=\"474\" \/>\n\t<meta property=\"og:image:height\" content=\"266\" \/>\n\t<meta property=\"og:image:type\" content=\"image\/png\" \/>\n<meta name=\"author\" content=\"Jean Pierre BAWELA\" \/>\n<meta name=\"twitter:card\" content=\"summary_large_image\" \/>\n<meta name=\"twitter:label1\" content=\"\u00c9crit par\" \/>\n\t<meta name=\"twitter:data1\" content=\"Jean Pierre BAWELA\" \/>\n\t<meta name=\"twitter:label2\" content=\"Dur\u00e9e de lecture estim\u00e9e\" \/>\n\t<meta name=\"twitter:data2\" content=\"2 minutes\" \/>\n<script type=\"application\/ld+json\" class=\"yoast-schema-graph\">{\"@context\":\"https:\\\/\\\/schema.org\",\"@graph\":[{\"@type\":\"Article\",\"@id\":\"https:\\\/\\\/macite.tg\\\/?p=21986#article\",\"isPartOf\":{\"@id\":\"https:\\\/\\\/macite.tg\\\/?p=21986\"},\"author\":{\"name\":\"Jean Pierre BAWELA\",\"@id\":\"https:\\\/\\\/macite.tg\\\/#\\\/schema\\\/person\\\/e9f2de7e5dbbe7770a9402c7ce82f5c2\"},\"headline\":\"IDENTIFICATION BIOMETRIQUE : D\u00e9marrage ce matin des enregistrements de masse dans la pr\u00e9fecture du Golfe\",\"datePublished\":\"2025-05-12T13:37:33+00:00\",\"dateModified\":\"2025-05-12T13:37:36+00:00\",\"mainEntityOfPage\":{\"@id\":\"https:\\\/\\\/macite.tg\\\/?p=21986\"},\"wordCount\":254,\"commentCount\":0,\"image\":{\"@id\":\"https:\\\/\\\/macite.tg\\\/?p=21986#primaryimage\"},\"thumbnailUrl\":\"https:\\\/\\\/macite.tg\\\/wp-content\\\/uploads\\\/2025\\\/05\\\/image-29.png\",\"articleSection\":[\"ACTUALITE\",\"DIGITAL\"],\"inLanguage\":\"fr-FR\",\"potentialAction\":[{\"@type\":\"CommentAction\",\"name\":\"Comment\",\"target\":[\"https:\\\/\\\/macite.tg\\\/?p=21986#respond\"]}]},{\"@type\":\"WebPage\",\"@id\":\"https:\\\/\\\/macite.tg\\\/?p=21986\",\"url\":\"https:\\\/\\\/macite.tg\\\/?p=21986\",\"name\":\"IDENTIFICATION BIOMETRIQUE : D\u00e9marrage ce matin des enregistrements de masse dans la pr\u00e9fecture du Golfe -\",\"isPartOf\":{\"@id\":\"https:\\\/\\\/macite.tg\\\/#website\"},\"primaryImageOfPage\":{\"@id\":\"https:\\\/\\\/macite.tg\\\/?p=21986#primaryimage\"},\"image\":{\"@id\":\"https:\\\/\\\/macite.tg\\\/?p=21986#primaryimage\"},\"thumbnailUrl\":\"https:\\\/\\\/macite.tg\\\/wp-content\\\/uploads\\\/2025\\\/05\\\/image-29.png\",\"datePublished\":\"2025-05-12T13:37:33+00:00\",\"dateModified\":\"2025-05-12T13:37:36+00:00\",\"author\":{\"@id\":\"https:\\\/\\\/macite.tg\\\/#\\\/schema\\\/person\\\/e9f2de7e5dbbe7770a9402c7ce82f5c2\"},\"breadcrumb\":{\"@id\":\"https:\\\/\\\/macite.tg\\\/?p=21986#breadcrumb\"},\"inLanguage\":\"fr-FR\",\"potentialAction\":[{\"@type\":\"ReadAction\",\"target\":[\"https:\\\/\\\/macite.tg\\\/?p=21986\"]}]},{\"@type\":\"ImageObject\",\"inLanguage\":\"fr-FR\",\"@id\":\"https:\\\/\\\/macite.tg\\\/?p=21986#primaryimage\",\"url\":\"https:\\\/\\\/macite.tg\\\/wp-content\\\/uploads\\\/2025\\\/05\\\/image-29.png\",\"contentUrl\":\"https:\\\/\\\/macite.tg\\\/wp-content\\\/uploads\\\/2025\\\/05\\\/image-29.png\",\"width\":474,\"height\":266},{\"@type\":\"BreadcrumbList\",\"@id\":\"https:\\\/\\\/macite.tg\\\/?p=21986#breadcrumb\",\"itemListElement\":[{\"@type\":\"ListItem\",\"position\":1,\"name\":\"Accueil\",\"item\":\"https:\\\/\\\/macite.tg\\\/\"},{\"@type\":\"ListItem\",\"position\":2,\"name\":\"IDENTIFICATION BIOMETRIQUE : D\u00e9marrage ce matin des enregistrements de masse dans la pr\u00e9fecture du Golfe\"}]},{\"@type\":\"WebSite\",\"@id\":\"https:\\\/\\\/macite.tg\\\/#website\",\"url\":\"https:\\\/\\\/macite.tg\\\/\",\"name\":\"\",\"description\":\"L&#039;information, la bonne!!!\",\"potentialAction\":[{\"@type\":\"SearchAction\",\"target\":{\"@type\":\"EntryPoint\",\"urlTemplate\":\"https:\\\/\\\/macite.tg\\\/?s={search_term_string}\"},\"query-input\":{\"@type\":\"PropertyValueSpecification\",\"valueRequired\":true,\"valueName\":\"search_term_string\"}}],\"inLanguage\":\"fr-FR\"},{\"@type\":\"Person\",\"@id\":\"https:\\\/\\\/macite.tg\\\/#\\\/schema\\\/person\\\/e9f2de7e5dbbe7770a9402c7ce82f5c2\",\"name\":\"Jean Pierre BAWELA\",\"image\":{\"@type\":\"ImageObject\",\"inLanguage\":\"fr-FR\",\"@id\":\"https:\\\/\\\/macite.tg\\\/wp-content\\\/uploads\\\/2023\\\/09\\\/WhatsApp-Image-2023-09-19-at-14.44.41-122x122.jpeg\",\"url\":\"https:\\\/\\\/macite.tg\\\/wp-content\\\/uploads\\\/2023\\\/09\\\/WhatsApp-Image-2023-09-19-at-14.44.41-122x122.jpeg\",\"contentUrl\":\"https:\\\/\\\/macite.tg\\\/wp-content\\\/uploads\\\/2023\\\/09\\\/WhatsApp-Image-2023-09-19-at-14.44.41-122x122.jpeg\",\"caption\":\"Jean Pierre BAWELA\"},\"url\":\"https:\\\/\\\/macite.tg\\\/?author=2\"}]}<\/script>\n<!-- \/ Yoast SEO plugin. -->","yoast_head_json":{"title":"IDENTIFICATION BIOMETRIQUE : D\u00e9marrage ce matin des enregistrements de masse dans la pr\u00e9fecture du Golfe -","robots":{"index":"index","follow":"follow","max-snippet":"max-snippet:-1","max-image-preview":"max-image-preview:large","max-video-preview":"max-video-preview:-1"},"canonical":"https:\/\/macite.tg\/?p=21986","og_locale":"fr_FR","og_type":"article","og_title":"IDENTIFICATION BIOMETRIQUE : D\u00e9marrage ce matin des enregistrements de masse dans la pr\u00e9fecture du Golfe -","og_description":"La campagne nationale de recensement biom\u00e9trique se poursuit au Togo. Apr\u00e8s la r\u00e9gion des Savanes, le projet e-ID Togo est \u00e0 l\u2019\u00e9tape de la r\u00e9gion Maritime, pr\u00e9cis\u00e9ment dans la pr\u00e9fecture du Golfe. Depuis ce lundi 12 mai, les enregistrements de masse ont d\u00e9marr\u00e9 dans le [&hellip;]","og_url":"https:\/\/macite.tg\/?p=21986","article_published_time":"2025-05-12T13:37:33+00:00","article_modified_time":"2025-05-12T13:37:36+00:00","og_image":[{"width":474,"height":266,"url":"https:\/\/macite.tg\/wp-content\/uploads\/2025\/05\/image-29.png","type":"image\/png"}],"author":"Jean Pierre BAWELA","twitter_card":"summary_large_image","twitter_misc":{"\u00c9crit par":"Jean Pierre BAWELA","Dur\u00e9e de lecture estim\u00e9e":"2 minutes"},"schema":{"@context":"https:\/\/schema.org","@graph":[{"@type":"Article","@id":"https:\/\/macite.tg\/?p=21986#article","isPartOf":{"@id":"https:\/\/macite.tg\/?p=21986"},"author":{"name":"Jean Pierre BAWELA","@id":"https:\/\/macite.tg\/#\/schema\/person\/e9f2de7e5dbbe7770a9402c7ce82f5c2"},"headline":"IDENTIFICATION BIOMETRIQUE : D\u00e9marrage ce matin des enregistrements de masse dans la pr\u00e9fecture du Golfe","datePublished":"2025-05-12T13:37:33+00:00","dateModified":"2025-05-12T13:37:36+00:00","mainEntityOfPage":{"@id":"https:\/\/macite.tg\/?p=21986"},"wordCount":254,"commentCount":0,"image":{"@id":"https:\/\/macite.tg\/?p=21986#primaryimage"},"thumbnailUrl":"https:\/\/macite.tg\/wp-content\/uploads\/2025\/05\/image-29.png","articleSection":["ACTUALITE","DIGITAL"],"inLanguage":"fr-FR","potentialAction":[{"@type":"CommentAction","name":"Comment","target":["https:\/\/macite.tg\/?p=21986#respond"]}]},{"@type":"WebPage","@id":"https:\/\/macite.tg\/?p=21986","url":"https:\/\/macite.tg\/?p=21986","name":"IDENTIFICATION BIOMETRIQUE : D\u00e9marrage ce matin des enregistrements de masse dans la pr\u00e9fecture du Golfe -","isPartOf":{"@id":"https:\/\/macite.tg\/#website"},"primaryImageOfPage":{"@id":"https:\/\/macite.tg\/?p=21986#primaryimage"},"image":{"@id":"https:\/\/macite.tg\/?p=21986#primaryimage"},"thumbnailUrl":"https:\/\/macite.tg\/wp-content\/uploads\/2025\/05\/image-29.png","datePublished":"2025-05-12T13:37:33+00:00","dateModified":"2025-05-12T13:37:36+00:00","author":{"@id":"https:\/\/macite.tg\/#\/schema\/person\/e9f2de7e5dbbe7770a9402c7ce82f5c2"},"breadcrumb":{"@id":"https:\/\/macite.tg\/?p=21986#breadcrumb"},"inLanguage":"fr-FR","potentialAction":[{"@type":"ReadAction","target":["https:\/\/macite.tg\/?p=21986"]}]},{"@type":"ImageObject","inLanguage":"fr-FR","@id":"https:\/\/macite.tg\/?p=21986#primaryimage","url":"https:\/\/macite.tg\/wp-content\/uploads\/2025\/05\/image-29.png","contentUrl":"https:\/\/macite.tg\/wp-content\/uploads\/2025\/05\/image-29.png","width":474,"height":266},{"@type":"BreadcrumbList","@id":"https:\/\/macite.tg\/?p=21986#breadcrumb","itemListElement":[{"@type":"ListItem","position":1,"name":"Accueil","item":"https:\/\/macite.tg\/"},{"@type":"ListItem","position":2,"name":"IDENTIFICATION BIOMETRIQUE : D\u00e9marrage ce matin des enregistrements de masse dans la pr\u00e9fecture du Golfe"}]},{"@type":"WebSite","@id":"https:\/\/macite.tg\/#website","url":"https:\/\/macite.tg\/","name":"","description":"L&#039;information, la bonne!!!","potentialAction":[{"@type":"SearchAction","target":{"@type":"EntryPoint","urlTemplate":"https:\/\/macite.tg\/?s={search_term_string}"},"query-input":{"@type":"PropertyValueSpecification","valueRequired":true,"valueName":"search_term_string"}}],"inLanguage":"fr-FR"},{"@type":"Person","@id":"https:\/\/macite.tg\/#\/schema\/person\/e9f2de7e5dbbe7770a9402c7ce82f5c2","name":"Jean Pierre BAWELA","image":{"@type":"ImageObject","inLanguage":"fr-FR","@id":"https:\/\/macite.tg\/wp-content\/uploads\/2023\/09\/WhatsApp-Image-2023-09-19-at-14.44.41-122x122.jpeg","url":"https:\/\/macite.tg\/wp-content\/uploads\/2023\/09\/WhatsApp-Image-2023-09-19-at-14.44.41-122x122.jpeg","contentUrl":"https:\/\/macite.tg\/wp-content\/uploads\/2023\/09\/WhatsApp-Image-2023-09-19-at-14.44.41-122x122.jpeg","caption":"Jean Pierre BAWELA"},"url":"https:\/\/macite.tg\/?author=2"}]}},"_links":{"self":[{"href":"https:\/\/macite.tg\/index.php?rest_route=\/wp\/v2\/posts\/21986","targetHints":{"allow":["GET"]}}],"collection":[{"href":"https:\/\/macite.tg\/index.php?rest_route=\/wp\/v2\/posts"}],"about":[{"href":"https:\/\/macite.tg\/index.php?rest_route=\/wp\/v2\/types\/post"}],"author":[{"embeddable":true,"href":"https:\/\/macite.tg\/index.php?rest_route=\/wp\/v2\/users\/2"}],"replies":[{"embeddable":true,"href":"https:\/\/macite.tg\/index.php?rest_route=%2Fwp%2Fv2%2Fcomments&post=21986"}],"version-history":[{"count":0,"href":"https:\/\/macite.tg\/index.php?rest_route=\/wp\/v2\/posts\/21986\/revisions"}],"wp:featuredmedia":[{"embeddable":true,"href":"https:\/\/macite.tg\/index.php?rest_route=\/wp\/v2\/media\/21987"}],"wp:attachment":[{"href":"https:\/\/macite.tg\/index.php?rest_route=%2Fwp%2Fv2%2Fmedia&parent=21986"}],"wp:term":[{"taxonomy":"category","embeddable":true,"href":"https:\/\/macite.tg\/index.php?rest_route=%2Fwp%2Fv2%2Fcategories&post=21986"},{"taxonomy":"post_tag","embeddable":true,"href":"https:\/\/macite.tg\/index.php?rest_route=%2Fwp%2Fv2%2Ftags&post=21986"}],"curies":[{"name":"wp","href":"https:\/\/api.w.org\/{rel}","templated":true}]}}