{"id":21981,"date":"2025-05-12T11:59:21","date_gmt":"2025-05-12T11:59:21","guid":{"rendered":"https:\/\/macite.tg\/?p=21981"},"modified":"2025-05-12T11:59:24","modified_gmt":"2025-05-12T11:59:24","slug":"vatican-petit-etat-mais-une-grande-influence-dans-le-monde","status":"publish","type":"post","link":"https:\/\/macite.tg\/?p=21981","title":{"rendered":"VATICAN\u00a0: Petit \u00c9tat mais une grande influence dans le monde"},"content":{"rendered":"\n<p class=\"wp-block-paragraph\"><strong><em>Le Vatican est un minuscule territoire de 44 hectares au c\u0153ur de Rome. C&rsquo;est le plus petit pays du monde. Et le catholicisme est la seule religion au monde \u00e0 exercer un r\u00f4le officiel dans les relations internationales. L\u2019action du pape comme chef de l\u2019\u00c9glise n\u2019est donc pas seulement spirituelle, elle est aussi politique et diplomatique.<\/em><\/strong> <\/p>\n\n\n\n<p class=\"wp-block-paragraph\">Ancien diplomate du Vatican (1975-1983), Paul Grossrieder rappelle ici l\u2019influence que les prises de position du pape Jean-Paul II ont par exemple eu sur les bouleversements survenus en Pologne en 1989 et dans plusieurs pays de l\u2019est.<\/p>\n\n\n\n<p class=\"wp-block-paragraph\"><em>\u00ab\u00a0Le pape Jean-Paul II par rapport \u00e0 la Pologne et au r\u00e9gime communiste de l&rsquo;\u00e9poque, il s&rsquo;est beaucoup engag\u00e9 avec Solidarnosc. Il y a eu le coup d&rsquo;\u00e9tat du g\u00e9n\u00e9ral Jaruzelski. J&rsquo;ai \u00e9t\u00e9 pri\u00e9 par le pape de faire un discours particuli\u00e8rement fort au sujet de ce coup d&rsquo;\u00e9tat. Il avait une vision de l&rsquo;apr\u00e8s communisme en Pologne.\u00a0\u00bb<\/em><\/p>\n\n\n<div class=\"wp-block-image\">\n<figure class=\"aligncenter size-full\"><img loading=\"lazy\" decoding=\"async\" width=\"851\" height=\"315\" src=\"https:\/\/macite.tg\/wp-content\/uploads\/2025\/05\/OTR_Ferer-pour-batir-1.jpg\" alt=\"\" class=\"wp-image-21824\" srcset=\"https:\/\/macite.tg\/wp-content\/uploads\/2025\/05\/OTR_Ferer-pour-batir-1.jpg 851w, https:\/\/macite.tg\/wp-content\/uploads\/2025\/05\/OTR_Ferer-pour-batir-1-300x111.jpg 300w, https:\/\/macite.tg\/wp-content\/uploads\/2025\/05\/OTR_Ferer-pour-batir-1-768x284.jpg 768w\" sizes=\"auto, (max-width: 851px) 100vw, 851px\" \/><\/figure>\n<\/div>\n\n\n<p class=\"wp-block-paragraph\">Le journaliste am\u00e9ricain Carl Bernstein, \u00e0 l&rsquo;origine des r\u00e9v\u00e9lations sur le Watergate, a affirm\u00e9 en 1992 que Jean-Paul II avait m\u00eame collabor\u00e9 avec la CIA pour soutenir la r\u00e9sistance au r\u00e9gime communiste en Pologne.<\/p>\n\n\n\n<p class=\"wp-block-paragraph\"><strong>Diplomatie secr\u00e8te dans le monde<\/strong><\/p>\n\n\n\n<p class=\"wp-block-paragraph\">En 2014, le Vatican a aussi jou\u00e9 un r\u00f4le d\u00e9terminant comme m\u00e9diateur discret dans le d\u00e9gel entre les \u00c9tats-Unis et Cuba. Il a facilit\u00e9 l\u2019accord qui a abouti \u00e0 la reprise des relations diplomatiques entre les deux pays.<\/p>\n\n\n\n<p class=\"wp-block-paragraph\">Au Proche-Orient, le Vatican continue de soutenir fermement la solution \u00e0 deux \u00c9tats comme issue au conflit isra\u00e9lo-palestinien.<\/p>\n\n\n\n<p class=\"wp-block-paragraph\">Fran\u00e7ois a, quant \u00e0 lui, \u00e9t\u00e9 tr\u00e8s actif sur les tensions au Moyen-Orient o\u00f9 il a multipli\u00e9 les appels et les initiatives pour la paix en Syrie, en Irak et au Proche-Orient.<\/p>\n\n\n\n<p class=\"wp-block-paragraph\">En Afrique, il s\u2019est rendu \u00e0 Bangui en 2015, au Soudan du Sud en 2019, demandant la fin de la guerre civile dans ces deux pays. Il s&rsquo;est aussi rendu en janvier 2023 en RDC, autre pays en crise.<\/p>\n\n\n\n<p class=\"wp-block-paragraph\"><strong>Une bonne r\u00e9putation<\/strong><\/p>\n\n\n\n<p class=\"wp-block-paragraph\">Si le Vatican est pr\u00e9sent dans le r\u00e8glement de plusieurs crises dans le monde, c&rsquo;est surtout en raison de sa bonne r\u00e9putation li\u00e9e \u00e0 sa neutralit\u00e9.<\/p>\n\n\n\n<p class=\"wp-block-paragraph\"><em>\u00ab\u00a0Une certaine influence mais qui n&rsquo;a rien \u00e0 voir avec celle des Etats-Unis ou de n&rsquo;importe quel autre pays. Le Saint-Si\u00e8ge peut \u00eatre assez actif lorsqu&rsquo;il s&rsquo;agit de cr\u00e9er des ponts entre des ennemis jur\u00e9s et le Saint-Si\u00e8ge a g\u00e9n\u00e9ralement une position tr\u00e8s neutre et acceptable par les diff\u00e9rentes parties.\u00a0\u00bb<\/em><\/p>\n\n\n\n<p class=\"wp-block-paragraph\">Pendant son pontificat, le pape Fran\u00e7ois s&rsquo;est \u00e9galement beaucoup int\u00e9ress\u00e9 aux questions li\u00e9es au climat. En 2021-2022, le Saint-Si\u00e8ge a officiellement adh\u00e9r\u00e9 \u00e0 l\u2019Accord de Paris sur le climat.<\/p>\n\n\n\n<p class=\"wp-block-paragraph\"><strong>Engagement pour les migrants<\/strong><\/p>\n\n\n\n<p class=\"wp-block-paragraph\">Autre pr\u00e9occupation qui mobilise le Vatican : les politiques migratoires. Le pape Fran\u00e7ois avait plac\u00e9 le soutien aux migrants au c\u0153ur de son action d\u00e8s le d\u00e9but de son pontificat. En 2013, il avait effectu\u00e9 sa premi\u00e8re visite \u00e0 Lampedusa pour attirer l\u2019attention sur la n\u00e9cessit\u00e9 d\u2019accueillir les migrants traversant la M\u00e9diterran\u00e9e.<\/p>\n\n\n<div class=\"wp-block-image\">\n<figure class=\"aligncenter size-full is-resized\"><img loading=\"lazy\" decoding=\"async\" width=\"500\" height=\"304\" src=\"https:\/\/macite.tg\/wp-content\/uploads\/2025\/05\/OTR_SAM.jpg\" alt=\"\" class=\"wp-image-21823\" style=\"width:840px;height:auto\" srcset=\"https:\/\/macite.tg\/wp-content\/uploads\/2025\/05\/OTR_SAM.jpg 500w, https:\/\/macite.tg\/wp-content\/uploads\/2025\/05\/OTR_SAM-300x182.jpg 300w\" sizes=\"auto, (max-width: 500px) 100vw, 500px\" \/><\/figure>\n<\/div>\n\n\n<p class=\"wp-block-paragraph\"><em>\u00ab&nbsp;Son r\u00f4le est de donner une orientation doctrinale de principes sur l&rsquo;humanit\u00e9 des migrants et c&rsquo;est ce que le pape Fran\u00e7ois fait chaque fois qu&rsquo;il a l&rsquo;occasion d&rsquo;aller \u00e0 Lesbos ou \u00e0 Lampedusa, c&rsquo;est de dire que ces gens-l\u00e0 sont des humains comme les autres&nbsp;\u00bb.<\/em><\/p>\n\n\n\n<p class=\"wp-block-paragraph\">Au-del\u00e0 de son appareil diplomatique, le Vatican dispose d\u2019un r\u00e9seau d\u2019information et d\u2019action \u00e0 travers les \u00e9v\u00eaques, plus de 4500 dans le monde, les \u00e9glises et communaut\u00e9s locales, les ONG catholiques comme Caritas.<\/p>\n\n\n\n<p class=\"wp-block-paragraph\">Sa neutralit\u00e9 n&#8217;emp\u00eache donc pas le Vatican de faire de la politique, comme le constatent des chercheurs dans un ouvrage paru en mars de cette ann\u00e9e sous la direction de Fran\u00e7ois Mabille.<\/p>\n\n\n\n<p class=\"wp-block-paragraph\">Seuls 13 Etats n\u2019entretiennent pas de relations diplomatiques avec le Vatican. Il s&rsquo;agit notamment de l\u2019Afghanistan, la Chine, l\u2019Arabie Saoudite, la Cor\u00e9e du Nord, les Comores ou la Somalie.<\/p>\n\n\n\n<p class=\"wp-block-paragraph\">R\u00e9unis \u00e0 Rome le jeudi 08 mai 2025, les cardinaux ont \u00e9lu l&rsquo;Am\u00e9ricain Robert Francis Prevost, 69 ans, pour succ\u00e9der au pape Fran\u00e7ois, mort le 21 avril 2025. C&rsquo;est le premier pape originaire des Etats-Unis et il a pris le nom de L\u00e9on XIV.<\/p>\n\n\n<div class=\"wp-block-image\">\n<figure class=\"aligncenter size-full\"><img loading=\"lazy\" decoding=\"async\" width=\"700\" height=\"1001\" src=\"https:\/\/macite.tg\/wp-content\/uploads\/2025\/05\/OTR_Etat-GEFU.jpg\" alt=\"\" class=\"wp-image-21894\" srcset=\"https:\/\/macite.tg\/wp-content\/uploads\/2025\/05\/OTR_Etat-GEFU.jpg 700w, https:\/\/macite.tg\/wp-content\/uploads\/2025\/05\/OTR_Etat-GEFU-210x300.jpg 210w\" sizes=\"auto, (max-width: 700px) 100vw, 700px\" \/><\/figure>\n<\/div>\n\n\n<p class=\"wp-block-paragraph\">Le nouveau pape a appel\u00e9 \u00e0&nbsp;<em>\u00ab\u00a0construire des ponts par le dialogue, par la rencontre, nous unissant tous pour \u00eatre un seul peuple, toujours en paix<\/em>\u00ab\u00a0, rendant un hommage appuy\u00e9 \u00e0 son pr\u00e9d\u00e9cesseur.<\/p>\n\n\n\n<p class=\"wp-block-paragraph\">Le 267e pape h\u00e9rite d&rsquo;une Eglise de 1,4 milliard de fid\u00e8les, en expansion dans l&rsquo;h\u00e9misph\u00e8re Sud mais en d\u00e9clin continu en Europe.<\/p>\n\n\n\n<p class=\"wp-block-paragraph\"><strong>MSN<\/strong><\/p>\n\n\n\n<p class=\"wp-block-paragraph\"><a><strong><em>@macite.tg&nbsp;&nbsp;&nbsp;&nbsp;&nbsp;&nbsp;&nbsp;&nbsp;<\/em><\/strong><\/a><\/p>\n\n\n\n<p class=\"wp-block-paragraph\"><strong><em>E-mail&nbsp;: <\/em><\/strong><a href=\"mailto:maciteinfo@gmail.com\"><strong><em>maciteinfo@gmail.com<\/em><\/strong><\/a><strong><em>; <\/em><\/strong><a href=\"mailto:bawela1@gmail.com\"><strong><em>bawela1@gmail.com<\/em><\/strong><\/a><strong><em> <\/em><\/strong><strong><em><\/em><\/strong><\/p>\n\n\n\n<p class=\"wp-block-paragraph\"><strong><em>Pour vos annonces, (publi)reportages, etc., joignez-nous au (00228)91515309\/<strong>79872224 <\/strong>www.macite.tg, L\u2019information, la bonne&nbsp;!<\/em><\/strong><\/p>\n\n\n\n<p class=\"wp-block-paragraph\"><\/p>\n","protected":false},"excerpt":{"rendered":"<p class=\"text-justify mb-2\" >Le Vatican est un minuscule territoire de 44 hectares au c\u0153ur de Rome. C&rsquo;est le plus petit pays du monde. Et le catholicisme est la seule religion au monde \u00e0 exercer un r\u00f4le officiel dans les relations internationales. L\u2019action du pape comme chef de l\u2019\u00c9glise [&hellip;]<\/p>\n","protected":false},"author":2,"featured_media":21982,"comment_status":"open","ping_status":"open","sticky":false,"template":"","format":"standard","meta":{"footnotes":""},"categories":[20,8],"tags":[],"class_list":["post-21981","post","type-post","status-publish","format-standard","has-post-thumbnail","hentry","category-actualite","category-diplomatie"],"yoast_head":"<!-- This site is optimized with the Yoast SEO plugin v28.4 - https:\/\/yoast.com\/product\/yoast-seo-wordpress\/ -->\n<title>VATICAN\u00a0: Petit \u00c9tat mais une grande influence dans le monde -<\/title>\n<meta name=\"robots\" content=\"index, follow, max-snippet:-1, max-image-preview:large, max-video-preview:-1\" \/>\n<link rel=\"canonical\" href=\"https:\/\/macite.tg\/?p=21981\" \/>\n<meta property=\"og:locale\" content=\"fr_FR\" \/>\n<meta property=\"og:type\" content=\"article\" \/>\n<meta property=\"og:title\" content=\"VATICAN\u00a0: Petit \u00c9tat mais une grande influence dans le monde -\" \/>\n<meta property=\"og:description\" content=\"Le Vatican est un minuscule territoire de 44 hectares au c\u0153ur de Rome. C&rsquo;est le plus petit pays du monde. Et le catholicisme est la seule religion au monde \u00e0 exercer un r\u00f4le officiel dans les relations internationales. L\u2019action du pape comme chef de l\u2019\u00c9glise [&hellip;]\" \/>\n<meta property=\"og:url\" content=\"https:\/\/macite.tg\/?p=21981\" \/>\n<meta property=\"article:published_time\" content=\"2025-05-12T11:59:21+00:00\" \/>\n<meta property=\"article:modified_time\" content=\"2025-05-12T11:59:24+00:00\" \/>\n<meta property=\"og:image\" content=\"https:\/\/macite.tg\/wp-content\/uploads\/2025\/05\/image-27.png\" \/>\n\t<meta property=\"og:image:width\" content=\"444\" \/>\n\t<meta property=\"og:image:height\" content=\"295\" \/>\n\t<meta property=\"og:image:type\" content=\"image\/png\" \/>\n<meta name=\"author\" content=\"Jean Pierre BAWELA\" \/>\n<meta name=\"twitter:card\" content=\"summary_large_image\" \/>\n<meta name=\"twitter:label1\" content=\"\u00c9crit par\" \/>\n\t<meta name=\"twitter:data1\" content=\"Jean Pierre BAWELA\" \/>\n\t<meta name=\"twitter:label2\" content=\"Dur\u00e9e de lecture estim\u00e9e\" \/>\n\t<meta name=\"twitter:data2\" content=\"5 minutes\" \/>\n<script type=\"application\/ld+json\" class=\"yoast-schema-graph\">{\"@context\":\"https:\\\/\\\/schema.org\",\"@graph\":[{\"@type\":\"Article\",\"@id\":\"https:\\\/\\\/macite.tg\\\/?p=21981#article\",\"isPartOf\":{\"@id\":\"https:\\\/\\\/macite.tg\\\/?p=21981\"},\"author\":{\"name\":\"Jean Pierre BAWELA\",\"@id\":\"https:\\\/\\\/macite.tg\\\/#\\\/schema\\\/person\\\/e9f2de7e5dbbe7770a9402c7ce82f5c2\"},\"headline\":\"VATICAN\u00a0: Petit \u00c9tat mais une grande influence dans le monde\",\"datePublished\":\"2025-05-12T11:59:21+00:00\",\"dateModified\":\"2025-05-12T11:59:24+00:00\",\"mainEntityOfPage\":{\"@id\":\"https:\\\/\\\/macite.tg\\\/?p=21981\"},\"wordCount\":845,\"commentCount\":0,\"image\":{\"@id\":\"https:\\\/\\\/macite.tg\\\/?p=21981#primaryimage\"},\"thumbnailUrl\":\"https:\\\/\\\/macite.tg\\\/wp-content\\\/uploads\\\/2025\\\/05\\\/image-27.png\",\"articleSection\":[\"ACTUALITE\",\"DIPLOMATIE\"],\"inLanguage\":\"fr-FR\",\"potentialAction\":[{\"@type\":\"CommentAction\",\"name\":\"Comment\",\"target\":[\"https:\\\/\\\/macite.tg\\\/?p=21981#respond\"]}]},{\"@type\":\"WebPage\",\"@id\":\"https:\\\/\\\/macite.tg\\\/?p=21981\",\"url\":\"https:\\\/\\\/macite.tg\\\/?p=21981\",\"name\":\"VATICAN\u00a0: Petit \u00c9tat mais une grande influence dans le monde -\",\"isPartOf\":{\"@id\":\"https:\\\/\\\/macite.tg\\\/#website\"},\"primaryImageOfPage\":{\"@id\":\"https:\\\/\\\/macite.tg\\\/?p=21981#primaryimage\"},\"image\":{\"@id\":\"https:\\\/\\\/macite.tg\\\/?p=21981#primaryimage\"},\"thumbnailUrl\":\"https:\\\/\\\/macite.tg\\\/wp-content\\\/uploads\\\/2025\\\/05\\\/image-27.png\",\"datePublished\":\"2025-05-12T11:59:21+00:00\",\"dateModified\":\"2025-05-12T11:59:24+00:00\",\"author\":{\"@id\":\"https:\\\/\\\/macite.tg\\\/#\\\/schema\\\/person\\\/e9f2de7e5dbbe7770a9402c7ce82f5c2\"},\"breadcrumb\":{\"@id\":\"https:\\\/\\\/macite.tg\\\/?p=21981#breadcrumb\"},\"inLanguage\":\"fr-FR\",\"potentialAction\":[{\"@type\":\"ReadAction\",\"target\":[\"https:\\\/\\\/macite.tg\\\/?p=21981\"]}]},{\"@type\":\"ImageObject\",\"inLanguage\":\"fr-FR\",\"@id\":\"https:\\\/\\\/macite.tg\\\/?p=21981#primaryimage\",\"url\":\"https:\\\/\\\/macite.tg\\\/wp-content\\\/uploads\\\/2025\\\/05\\\/image-27.png\",\"contentUrl\":\"https:\\\/\\\/macite.tg\\\/wp-content\\\/uploads\\\/2025\\\/05\\\/image-27.png\",\"width\":444,\"height\":295},{\"@type\":\"BreadcrumbList\",\"@id\":\"https:\\\/\\\/macite.tg\\\/?p=21981#breadcrumb\",\"itemListElement\":[{\"@type\":\"ListItem\",\"position\":1,\"name\":\"Accueil\",\"item\":\"https:\\\/\\\/macite.tg\\\/\"},{\"@type\":\"ListItem\",\"position\":2,\"name\":\"VATICAN\u00a0: Petit \u00c9tat mais une grande influence dans le monde\"}]},{\"@type\":\"WebSite\",\"@id\":\"https:\\\/\\\/macite.tg\\\/#website\",\"url\":\"https:\\\/\\\/macite.tg\\\/\",\"name\":\"\",\"description\":\"L&#039;information, la bonne!!!\",\"potentialAction\":[{\"@type\":\"SearchAction\",\"target\":{\"@type\":\"EntryPoint\",\"urlTemplate\":\"https:\\\/\\\/macite.tg\\\/?s={search_term_string}\"},\"query-input\":{\"@type\":\"PropertyValueSpecification\",\"valueRequired\":true,\"valueName\":\"search_term_string\"}}],\"inLanguage\":\"fr-FR\"},{\"@type\":\"Person\",\"@id\":\"https:\\\/\\\/macite.tg\\\/#\\\/schema\\\/person\\\/e9f2de7e5dbbe7770a9402c7ce82f5c2\",\"name\":\"Jean Pierre BAWELA\",\"image\":{\"@type\":\"ImageObject\",\"inLanguage\":\"fr-FR\",\"@id\":\"https:\\\/\\\/macite.tg\\\/wp-content\\\/uploads\\\/2023\\\/09\\\/WhatsApp-Image-2023-09-19-at-14.44.41-122x122.jpeg\",\"url\":\"https:\\\/\\\/macite.tg\\\/wp-content\\\/uploads\\\/2023\\\/09\\\/WhatsApp-Image-2023-09-19-at-14.44.41-122x122.jpeg\",\"contentUrl\":\"https:\\\/\\\/macite.tg\\\/wp-content\\\/uploads\\\/2023\\\/09\\\/WhatsApp-Image-2023-09-19-at-14.44.41-122x122.jpeg\",\"caption\":\"Jean Pierre BAWELA\"},\"url\":\"https:\\\/\\\/macite.tg\\\/?author=2\"}]}<\/script>\n<!-- \/ Yoast SEO plugin. -->","yoast_head_json":{"title":"VATICAN\u00a0: Petit \u00c9tat mais une grande influence dans le monde -","robots":{"index":"index","follow":"follow","max-snippet":"max-snippet:-1","max-image-preview":"max-image-preview:large","max-video-preview":"max-video-preview:-1"},"canonical":"https:\/\/macite.tg\/?p=21981","og_locale":"fr_FR","og_type":"article","og_title":"VATICAN\u00a0: Petit \u00c9tat mais une grande influence dans le monde -","og_description":"Le Vatican est un minuscule territoire de 44 hectares au c\u0153ur de Rome. C&rsquo;est le plus petit pays du monde. Et le catholicisme est la seule religion au monde \u00e0 exercer un r\u00f4le officiel dans les relations internationales. L\u2019action du pape comme chef de l\u2019\u00c9glise [&hellip;]","og_url":"https:\/\/macite.tg\/?p=21981","article_published_time":"2025-05-12T11:59:21+00:00","article_modified_time":"2025-05-12T11:59:24+00:00","og_image":[{"width":444,"height":295,"url":"https:\/\/macite.tg\/wp-content\/uploads\/2025\/05\/image-27.png","type":"image\/png"}],"author":"Jean Pierre BAWELA","twitter_card":"summary_large_image","twitter_misc":{"\u00c9crit par":"Jean Pierre BAWELA","Dur\u00e9e de lecture estim\u00e9e":"5 minutes"},"schema":{"@context":"https:\/\/schema.org","@graph":[{"@type":"Article","@id":"https:\/\/macite.tg\/?p=21981#article","isPartOf":{"@id":"https:\/\/macite.tg\/?p=21981"},"author":{"name":"Jean Pierre BAWELA","@id":"https:\/\/macite.tg\/#\/schema\/person\/e9f2de7e5dbbe7770a9402c7ce82f5c2"},"headline":"VATICAN\u00a0: Petit \u00c9tat mais une grande influence dans le monde","datePublished":"2025-05-12T11:59:21+00:00","dateModified":"2025-05-12T11:59:24+00:00","mainEntityOfPage":{"@id":"https:\/\/macite.tg\/?p=21981"},"wordCount":845,"commentCount":0,"image":{"@id":"https:\/\/macite.tg\/?p=21981#primaryimage"},"thumbnailUrl":"https:\/\/macite.tg\/wp-content\/uploads\/2025\/05\/image-27.png","articleSection":["ACTUALITE","DIPLOMATIE"],"inLanguage":"fr-FR","potentialAction":[{"@type":"CommentAction","name":"Comment","target":["https:\/\/macite.tg\/?p=21981#respond"]}]},{"@type":"WebPage","@id":"https:\/\/macite.tg\/?p=21981","url":"https:\/\/macite.tg\/?p=21981","name":"VATICAN\u00a0: Petit \u00c9tat mais une grande influence dans le monde -","isPartOf":{"@id":"https:\/\/macite.tg\/#website"},"primaryImageOfPage":{"@id":"https:\/\/macite.tg\/?p=21981#primaryimage"},"image":{"@id":"https:\/\/macite.tg\/?p=21981#primaryimage"},"thumbnailUrl":"https:\/\/macite.tg\/wp-content\/uploads\/2025\/05\/image-27.png","datePublished":"2025-05-12T11:59:21+00:00","dateModified":"2025-05-12T11:59:24+00:00","author":{"@id":"https:\/\/macite.tg\/#\/schema\/person\/e9f2de7e5dbbe7770a9402c7ce82f5c2"},"breadcrumb":{"@id":"https:\/\/macite.tg\/?p=21981#breadcrumb"},"inLanguage":"fr-FR","potentialAction":[{"@type":"ReadAction","target":["https:\/\/macite.tg\/?p=21981"]}]},{"@type":"ImageObject","inLanguage":"fr-FR","@id":"https:\/\/macite.tg\/?p=21981#primaryimage","url":"https:\/\/macite.tg\/wp-content\/uploads\/2025\/05\/image-27.png","contentUrl":"https:\/\/macite.tg\/wp-content\/uploads\/2025\/05\/image-27.png","width":444,"height":295},{"@type":"BreadcrumbList","@id":"https:\/\/macite.tg\/?p=21981#breadcrumb","itemListElement":[{"@type":"ListItem","position":1,"name":"Accueil","item":"https:\/\/macite.tg\/"},{"@type":"ListItem","position":2,"name":"VATICAN\u00a0: Petit \u00c9tat mais une grande influence dans le monde"}]},{"@type":"WebSite","@id":"https:\/\/macite.tg\/#website","url":"https:\/\/macite.tg\/","name":"","description":"L&#039;information, la bonne!!!","potentialAction":[{"@type":"SearchAction","target":{"@type":"EntryPoint","urlTemplate":"https:\/\/macite.tg\/?s={search_term_string}"},"query-input":{"@type":"PropertyValueSpecification","valueRequired":true,"valueName":"search_term_string"}}],"inLanguage":"fr-FR"},{"@type":"Person","@id":"https:\/\/macite.tg\/#\/schema\/person\/e9f2de7e5dbbe7770a9402c7ce82f5c2","name":"Jean Pierre BAWELA","image":{"@type":"ImageObject","inLanguage":"fr-FR","@id":"https:\/\/macite.tg\/wp-content\/uploads\/2023\/09\/WhatsApp-Image-2023-09-19-at-14.44.41-122x122.jpeg","url":"https:\/\/macite.tg\/wp-content\/uploads\/2023\/09\/WhatsApp-Image-2023-09-19-at-14.44.41-122x122.jpeg","contentUrl":"https:\/\/macite.tg\/wp-content\/uploads\/2023\/09\/WhatsApp-Image-2023-09-19-at-14.44.41-122x122.jpeg","caption":"Jean Pierre BAWELA"},"url":"https:\/\/macite.tg\/?author=2"}]}},"_links":{"self":[{"href":"https:\/\/macite.tg\/index.php?rest_route=\/wp\/v2\/posts\/21981","targetHints":{"allow":["GET"]}}],"collection":[{"href":"https:\/\/macite.tg\/index.php?rest_route=\/wp\/v2\/posts"}],"about":[{"href":"https:\/\/macite.tg\/index.php?rest_route=\/wp\/v2\/types\/post"}],"author":[{"embeddable":true,"href":"https:\/\/macite.tg\/index.php?rest_route=\/wp\/v2\/users\/2"}],"replies":[{"embeddable":true,"href":"https:\/\/macite.tg\/index.php?rest_route=%2Fwp%2Fv2%2Fcomments&post=21981"}],"version-history":[{"count":0,"href":"https:\/\/macite.tg\/index.php?rest_route=\/wp\/v2\/posts\/21981\/revisions"}],"wp:featuredmedia":[{"embeddable":true,"href":"https:\/\/macite.tg\/index.php?rest_route=\/wp\/v2\/media\/21982"}],"wp:attachment":[{"href":"https:\/\/macite.tg\/index.php?rest_route=%2Fwp%2Fv2%2Fmedia&parent=21981"}],"wp:term":[{"taxonomy":"category","embeddable":true,"href":"https:\/\/macite.tg\/index.php?rest_route=%2Fwp%2Fv2%2Fcategories&post=21981"},{"taxonomy":"post_tag","embeddable":true,"href":"https:\/\/macite.tg\/index.php?rest_route=%2Fwp%2Fv2%2Ftags&post=21981"}],"curies":[{"name":"wp","href":"https:\/\/api.w.org\/{rel}","templated":true}]}}