{"id":21980,"date":"2025-05-12T12:32:07","date_gmt":"2025-05-12T12:32:07","guid":{"rendered":"https:\/\/macite.tg\/?p=21980"},"modified":"2025-05-12T12:32:11","modified_gmt":"2025-05-12T12:32:11","slug":"bon-a-savoir-que-retenir-sur-la-fonction-de-president-du-conseil","status":"publish","type":"post","link":"https:\/\/macite.tg\/?p=21980","title":{"rendered":"BON A SAVOIR\u00a0: Que retenir sur la fonction de Pr\u00e9sident du Conseil\u00a0?"},"content":{"rendered":"\n<p class=\"wp-block-paragraph\"><strong><em>Depuis le 03 mai dernier, le Togo est entr\u00e9 de plain-pied dans la V\u00e8me R\u00e9publique avec \u00e0 la cl\u00e9 un nouveau r\u00e9gime de gouvernance, le r\u00e9gime parlementaire. D\u00e9couvrons dans ce nouveau sch\u00e9ma, la Pr\u00e9sidence du Conseil qui est l\u2019\u00e9pine dorsale, le socle de tout ce syst\u00e8me de gouvernance.<\/em><\/strong><\/p>\n\n\n\n<p class=\"wp-block-paragraph\">Conform\u00e9ment \u00e0 l\u2019article 50 de la Constitution du 6 mai 2024, le Pr\u00e9sident du Conseil, chef du gouvernement pr\u00e9side les conseils des ministres.<\/p>\n\n\n<div class=\"wp-block-image\">\n<figure class=\"aligncenter size-full is-resized\"><img loading=\"lazy\" decoding=\"async\" width=\"690\" height=\"170\" src=\"https:\/\/macite.tg\/wp-content\/uploads\/2025\/05\/OTR_TVM.jpg\" alt=\"\" class=\"wp-image-21825\" style=\"width:840px;height:auto\" srcset=\"https:\/\/macite.tg\/wp-content\/uploads\/2025\/05\/OTR_TVM.jpg 690w, https:\/\/macite.tg\/wp-content\/uploads\/2025\/05\/OTR_TVM-300x74.jpg 300w\" sizes=\"auto, (max-width: 690px) 100vw, 690px\" \/><\/figure>\n<\/div>\n\n\n<p class=\"wp-block-paragraph\">Il est le chef supr\u00eame des arm\u00e9es et dispose de l\u2019administration, exerce l\u2019autorit\u00e9, le commandement sur les forces arm\u00e9es et les forces de s\u00e9curit\u00e9, d\u00e9termine et conduit la politique de la nation, d\u00e9finit la politique \u00e9trang\u00e8re et repr\u00e9sente l\u2019Etat dans la conduite des relations internationales.<\/p>\n\n\n<div class=\"wp-block-image\">\n<figure class=\"aligncenter size-full is-resized\"><img loading=\"lazy\" decoding=\"async\" width=\"700\" height=\"1001\" src=\"https:\/\/macite.tg\/wp-content\/uploads\/2025\/05\/OTR_Etat-GEFU.jpg\" alt=\"\" class=\"wp-image-21894\" style=\"width:584px;height:auto\" srcset=\"https:\/\/macite.tg\/wp-content\/uploads\/2025\/05\/OTR_Etat-GEFU.jpg 700w, https:\/\/macite.tg\/wp-content\/uploads\/2025\/05\/OTR_Etat-GEFU-210x300.jpg 210w\" sizes=\"auto, (max-width: 700px) 100vw, 700px\" \/><\/figure>\n<\/div>\n\n\n<p class=\"wp-block-paragraph\">Le Pr\u00e9sident du Conseil assure l\u2019ex\u00e9cution des lois et exerce le pouvoir r\u00e9glementaire, nomme aux emplois civils et militaires. Il accorde la gr\u00e2ce dans les cas individuels et commue les peines dans les conditions pr\u00e9vues par une loi organique.<\/p>\n\n\n\n<p class=\"wp-block-paragraph\"><strong>JPB<\/strong><\/p>\n\n\n\n<p class=\"wp-block-paragraph\"><strong><em>@macite.tg&nbsp;&nbsp;&nbsp;&nbsp;&nbsp;&nbsp;&nbsp;&nbsp;<\/em><\/strong><\/p>\n\n\n\n<p class=\"wp-block-paragraph\"><strong><em>E-mail&nbsp;: <\/em><\/strong><a href=\"mailto:maciteinfo@gmail.com\"><strong><em>maciteinfo@gmail.com<\/em><\/strong><\/a><strong><em>; <\/em><\/strong><a href=\"mailto:bawela1@gmail.com\"><strong><em>bawela1@gmail.com<\/em><\/strong><\/a><strong><em><\/em><\/strong><\/p>\n\n\n\n<p class=\"wp-block-paragraph\"><strong><em>Pour vos annonces, (publi)reportages, etc., joignez-nous au (00228)91515309\/<strong>79872224 <\/strong>www.macite.tg, L\u2019information, la bonne&nbsp;!<\/em><\/strong><\/p>\n\n\n\n<p class=\"wp-block-paragraph\"><\/p>\n","protected":false},"excerpt":{"rendered":"<p class=\"text-justify mb-2\" >Depuis le 03 mai dernier, le Togo est entr\u00e9 de plain-pied dans la V\u00e8me R\u00e9publique avec \u00e0 la cl\u00e9 un nouveau r\u00e9gime de gouvernance, le r\u00e9gime parlementaire. D\u00e9couvrons dans ce nouveau sch\u00e9ma, la Pr\u00e9sidence du Conseil qui est l\u2019\u00e9pine dorsale, le socle de tout ce [&hellip;]<\/p>\n","protected":false},"author":2,"featured_media":21984,"comment_status":"open","ping_status":"open","sticky":false,"template":"","format":"standard","meta":{"footnotes":""},"categories":[20,1],"tags":[],"class_list":["post-21980","post","type-post","status-publish","format-standard","has-post-thumbnail","hentry","category-actualite","category-politique"],"yoast_head":"<!-- This site is optimized with the Yoast SEO plugin v28.4 - https:\/\/yoast.com\/product\/yoast-seo-wordpress\/ -->\n<title>BON A SAVOIR\u00a0: Que retenir sur la fonction de Pr\u00e9sident du Conseil\u00a0? -<\/title>\n<meta name=\"robots\" content=\"index, follow, max-snippet:-1, max-image-preview:large, max-video-preview:-1\" \/>\n<link rel=\"canonical\" href=\"https:\/\/macite.tg\/?p=21980\" \/>\n<meta property=\"og:locale\" content=\"fr_FR\" \/>\n<meta property=\"og:type\" content=\"article\" \/>\n<meta property=\"og:title\" content=\"BON A SAVOIR\u00a0: Que retenir sur la fonction de Pr\u00e9sident du Conseil\u00a0? -\" \/>\n<meta property=\"og:description\" content=\"Depuis le 03 mai dernier, le Togo est entr\u00e9 de plain-pied dans la V\u00e8me R\u00e9publique avec \u00e0 la cl\u00e9 un nouveau r\u00e9gime de gouvernance, le r\u00e9gime parlementaire. D\u00e9couvrons dans ce nouveau sch\u00e9ma, la Pr\u00e9sidence du Conseil qui est l\u2019\u00e9pine dorsale, le socle de tout ce [&hellip;]\" \/>\n<meta property=\"og:url\" content=\"https:\/\/macite.tg\/?p=21980\" \/>\n<meta property=\"article:published_time\" content=\"2025-05-12T12:32:07+00:00\" \/>\n<meta property=\"article:modified_time\" content=\"2025-05-12T12:32:11+00:00\" \/>\n<meta property=\"og:image\" content=\"https:\/\/macite.tg\/wp-content\/uploads\/2025\/05\/image-28.png\" \/>\n\t<meta property=\"og:image:width\" content=\"370\" \/>\n\t<meta property=\"og:image:height\" content=\"270\" \/>\n\t<meta property=\"og:image:type\" content=\"image\/png\" \/>\n<meta name=\"author\" content=\"Jean Pierre BAWELA\" \/>\n<meta name=\"twitter:card\" content=\"summary_large_image\" \/>\n<meta name=\"twitter:label1\" content=\"\u00c9crit par\" \/>\n\t<meta name=\"twitter:data1\" content=\"Jean Pierre BAWELA\" \/>\n\t<meta name=\"twitter:label2\" content=\"Dur\u00e9e de lecture estim\u00e9e\" \/>\n\t<meta name=\"twitter:data2\" content=\"2 minutes\" \/>\n<script type=\"application\/ld+json\" class=\"yoast-schema-graph\">{\"@context\":\"https:\\\/\\\/schema.org\",\"@graph\":[{\"@type\":\"Article\",\"@id\":\"https:\\\/\\\/macite.tg\\\/?p=21980#article\",\"isPartOf\":{\"@id\":\"https:\\\/\\\/macite.tg\\\/?p=21980\"},\"author\":{\"name\":\"Jean Pierre BAWELA\",\"@id\":\"https:\\\/\\\/macite.tg\\\/#\\\/schema\\\/person\\\/e9f2de7e5dbbe7770a9402c7ce82f5c2\"},\"headline\":\"BON A SAVOIR\u00a0: Que retenir sur la fonction de Pr\u00e9sident du Conseil\u00a0?\",\"datePublished\":\"2025-05-12T12:32:07+00:00\",\"dateModified\":\"2025-05-12T12:32:11+00:00\",\"mainEntityOfPage\":{\"@id\":\"https:\\\/\\\/macite.tg\\\/?p=21980\"},\"wordCount\":227,\"commentCount\":0,\"image\":{\"@id\":\"https:\\\/\\\/macite.tg\\\/?p=21980#primaryimage\"},\"thumbnailUrl\":\"https:\\\/\\\/macite.tg\\\/wp-content\\\/uploads\\\/2025\\\/05\\\/image-28.png\",\"articleSection\":[\"ACTUALITE\",\"POLITIQUE\"],\"inLanguage\":\"fr-FR\",\"potentialAction\":[{\"@type\":\"CommentAction\",\"name\":\"Comment\",\"target\":[\"https:\\\/\\\/macite.tg\\\/?p=21980#respond\"]}]},{\"@type\":\"WebPage\",\"@id\":\"https:\\\/\\\/macite.tg\\\/?p=21980\",\"url\":\"https:\\\/\\\/macite.tg\\\/?p=21980\",\"name\":\"BON A SAVOIR\u00a0: Que retenir sur la fonction de Pr\u00e9sident du Conseil\u00a0? -\",\"isPartOf\":{\"@id\":\"https:\\\/\\\/macite.tg\\\/#website\"},\"primaryImageOfPage\":{\"@id\":\"https:\\\/\\\/macite.tg\\\/?p=21980#primaryimage\"},\"image\":{\"@id\":\"https:\\\/\\\/macite.tg\\\/?p=21980#primaryimage\"},\"thumbnailUrl\":\"https:\\\/\\\/macite.tg\\\/wp-content\\\/uploads\\\/2025\\\/05\\\/image-28.png\",\"datePublished\":\"2025-05-12T12:32:07+00:00\",\"dateModified\":\"2025-05-12T12:32:11+00:00\",\"author\":{\"@id\":\"https:\\\/\\\/macite.tg\\\/#\\\/schema\\\/person\\\/e9f2de7e5dbbe7770a9402c7ce82f5c2\"},\"breadcrumb\":{\"@id\":\"https:\\\/\\\/macite.tg\\\/?p=21980#breadcrumb\"},\"inLanguage\":\"fr-FR\",\"potentialAction\":[{\"@type\":\"ReadAction\",\"target\":[\"https:\\\/\\\/macite.tg\\\/?p=21980\"]}]},{\"@type\":\"ImageObject\",\"inLanguage\":\"fr-FR\",\"@id\":\"https:\\\/\\\/macite.tg\\\/?p=21980#primaryimage\",\"url\":\"https:\\\/\\\/macite.tg\\\/wp-content\\\/uploads\\\/2025\\\/05\\\/image-28.png\",\"contentUrl\":\"https:\\\/\\\/macite.tg\\\/wp-content\\\/uploads\\\/2025\\\/05\\\/image-28.png\",\"width\":370,\"height\":270,\"caption\":\"Faure Essozimna Gnassingb\u00e9\"},{\"@type\":\"BreadcrumbList\",\"@id\":\"https:\\\/\\\/macite.tg\\\/?p=21980#breadcrumb\",\"itemListElement\":[{\"@type\":\"ListItem\",\"position\":1,\"name\":\"Accueil\",\"item\":\"https:\\\/\\\/macite.tg\\\/\"},{\"@type\":\"ListItem\",\"position\":2,\"name\":\"BON A SAVOIR\u00a0: Que retenir sur la fonction de Pr\u00e9sident du Conseil\u00a0?\"}]},{\"@type\":\"WebSite\",\"@id\":\"https:\\\/\\\/macite.tg\\\/#website\",\"url\":\"https:\\\/\\\/macite.tg\\\/\",\"name\":\"\",\"description\":\"L&#039;information, la bonne!!!\",\"potentialAction\":[{\"@type\":\"SearchAction\",\"target\":{\"@type\":\"EntryPoint\",\"urlTemplate\":\"https:\\\/\\\/macite.tg\\\/?s={search_term_string}\"},\"query-input\":{\"@type\":\"PropertyValueSpecification\",\"valueRequired\":true,\"valueName\":\"search_term_string\"}}],\"inLanguage\":\"fr-FR\"},{\"@type\":\"Person\",\"@id\":\"https:\\\/\\\/macite.tg\\\/#\\\/schema\\\/person\\\/e9f2de7e5dbbe7770a9402c7ce82f5c2\",\"name\":\"Jean Pierre BAWELA\",\"image\":{\"@type\":\"ImageObject\",\"inLanguage\":\"fr-FR\",\"@id\":\"https:\\\/\\\/macite.tg\\\/wp-content\\\/uploads\\\/2023\\\/09\\\/WhatsApp-Image-2023-09-19-at-14.44.41-122x122.jpeg\",\"url\":\"https:\\\/\\\/macite.tg\\\/wp-content\\\/uploads\\\/2023\\\/09\\\/WhatsApp-Image-2023-09-19-at-14.44.41-122x122.jpeg\",\"contentUrl\":\"https:\\\/\\\/macite.tg\\\/wp-content\\\/uploads\\\/2023\\\/09\\\/WhatsApp-Image-2023-09-19-at-14.44.41-122x122.jpeg\",\"caption\":\"Jean Pierre BAWELA\"},\"url\":\"https:\\\/\\\/macite.tg\\\/?author=2\"}]}<\/script>\n<!-- \/ Yoast SEO plugin. -->","yoast_head_json":{"title":"BON A SAVOIR\u00a0: Que retenir sur la fonction de Pr\u00e9sident du Conseil\u00a0? -","robots":{"index":"index","follow":"follow","max-snippet":"max-snippet:-1","max-image-preview":"max-image-preview:large","max-video-preview":"max-video-preview:-1"},"canonical":"https:\/\/macite.tg\/?p=21980","og_locale":"fr_FR","og_type":"article","og_title":"BON A SAVOIR\u00a0: Que retenir sur la fonction de Pr\u00e9sident du Conseil\u00a0? -","og_description":"Depuis le 03 mai dernier, le Togo est entr\u00e9 de plain-pied dans la V\u00e8me R\u00e9publique avec \u00e0 la cl\u00e9 un nouveau r\u00e9gime de gouvernance, le r\u00e9gime parlementaire. D\u00e9couvrons dans ce nouveau sch\u00e9ma, la Pr\u00e9sidence du Conseil qui est l\u2019\u00e9pine dorsale, le socle de tout ce [&hellip;]","og_url":"https:\/\/macite.tg\/?p=21980","article_published_time":"2025-05-12T12:32:07+00:00","article_modified_time":"2025-05-12T12:32:11+00:00","og_image":[{"width":370,"height":270,"url":"https:\/\/macite.tg\/wp-content\/uploads\/2025\/05\/image-28.png","type":"image\/png"}],"author":"Jean Pierre BAWELA","twitter_card":"summary_large_image","twitter_misc":{"\u00c9crit par":"Jean Pierre BAWELA","Dur\u00e9e de lecture estim\u00e9e":"2 minutes"},"schema":{"@context":"https:\/\/schema.org","@graph":[{"@type":"Article","@id":"https:\/\/macite.tg\/?p=21980#article","isPartOf":{"@id":"https:\/\/macite.tg\/?p=21980"},"author":{"name":"Jean Pierre BAWELA","@id":"https:\/\/macite.tg\/#\/schema\/person\/e9f2de7e5dbbe7770a9402c7ce82f5c2"},"headline":"BON A SAVOIR\u00a0: Que retenir sur la fonction de Pr\u00e9sident du Conseil\u00a0?","datePublished":"2025-05-12T12:32:07+00:00","dateModified":"2025-05-12T12:32:11+00:00","mainEntityOfPage":{"@id":"https:\/\/macite.tg\/?p=21980"},"wordCount":227,"commentCount":0,"image":{"@id":"https:\/\/macite.tg\/?p=21980#primaryimage"},"thumbnailUrl":"https:\/\/macite.tg\/wp-content\/uploads\/2025\/05\/image-28.png","articleSection":["ACTUALITE","POLITIQUE"],"inLanguage":"fr-FR","potentialAction":[{"@type":"CommentAction","name":"Comment","target":["https:\/\/macite.tg\/?p=21980#respond"]}]},{"@type":"WebPage","@id":"https:\/\/macite.tg\/?p=21980","url":"https:\/\/macite.tg\/?p=21980","name":"BON A SAVOIR\u00a0: Que retenir sur la fonction de Pr\u00e9sident du Conseil\u00a0? -","isPartOf":{"@id":"https:\/\/macite.tg\/#website"},"primaryImageOfPage":{"@id":"https:\/\/macite.tg\/?p=21980#primaryimage"},"image":{"@id":"https:\/\/macite.tg\/?p=21980#primaryimage"},"thumbnailUrl":"https:\/\/macite.tg\/wp-content\/uploads\/2025\/05\/image-28.png","datePublished":"2025-05-12T12:32:07+00:00","dateModified":"2025-05-12T12:32:11+00:00","author":{"@id":"https:\/\/macite.tg\/#\/schema\/person\/e9f2de7e5dbbe7770a9402c7ce82f5c2"},"breadcrumb":{"@id":"https:\/\/macite.tg\/?p=21980#breadcrumb"},"inLanguage":"fr-FR","potentialAction":[{"@type":"ReadAction","target":["https:\/\/macite.tg\/?p=21980"]}]},{"@type":"ImageObject","inLanguage":"fr-FR","@id":"https:\/\/macite.tg\/?p=21980#primaryimage","url":"https:\/\/macite.tg\/wp-content\/uploads\/2025\/05\/image-28.png","contentUrl":"https:\/\/macite.tg\/wp-content\/uploads\/2025\/05\/image-28.png","width":370,"height":270,"caption":"Faure Essozimna Gnassingb\u00e9"},{"@type":"BreadcrumbList","@id":"https:\/\/macite.tg\/?p=21980#breadcrumb","itemListElement":[{"@type":"ListItem","position":1,"name":"Accueil","item":"https:\/\/macite.tg\/"},{"@type":"ListItem","position":2,"name":"BON A SAVOIR\u00a0: Que retenir sur la fonction de Pr\u00e9sident du Conseil\u00a0?"}]},{"@type":"WebSite","@id":"https:\/\/macite.tg\/#website","url":"https:\/\/macite.tg\/","name":"","description":"L&#039;information, la bonne!!!","potentialAction":[{"@type":"SearchAction","target":{"@type":"EntryPoint","urlTemplate":"https:\/\/macite.tg\/?s={search_term_string}"},"query-input":{"@type":"PropertyValueSpecification","valueRequired":true,"valueName":"search_term_string"}}],"inLanguage":"fr-FR"},{"@type":"Person","@id":"https:\/\/macite.tg\/#\/schema\/person\/e9f2de7e5dbbe7770a9402c7ce82f5c2","name":"Jean Pierre BAWELA","image":{"@type":"ImageObject","inLanguage":"fr-FR","@id":"https:\/\/macite.tg\/wp-content\/uploads\/2023\/09\/WhatsApp-Image-2023-09-19-at-14.44.41-122x122.jpeg","url":"https:\/\/macite.tg\/wp-content\/uploads\/2023\/09\/WhatsApp-Image-2023-09-19-at-14.44.41-122x122.jpeg","contentUrl":"https:\/\/macite.tg\/wp-content\/uploads\/2023\/09\/WhatsApp-Image-2023-09-19-at-14.44.41-122x122.jpeg","caption":"Jean Pierre BAWELA"},"url":"https:\/\/macite.tg\/?author=2"}]}},"_links":{"self":[{"href":"https:\/\/macite.tg\/index.php?rest_route=\/wp\/v2\/posts\/21980","targetHints":{"allow":["GET"]}}],"collection":[{"href":"https:\/\/macite.tg\/index.php?rest_route=\/wp\/v2\/posts"}],"about":[{"href":"https:\/\/macite.tg\/index.php?rest_route=\/wp\/v2\/types\/post"}],"author":[{"embeddable":true,"href":"https:\/\/macite.tg\/index.php?rest_route=\/wp\/v2\/users\/2"}],"replies":[{"embeddable":true,"href":"https:\/\/macite.tg\/index.php?rest_route=%2Fwp%2Fv2%2Fcomments&post=21980"}],"version-history":[{"count":0,"href":"https:\/\/macite.tg\/index.php?rest_route=\/wp\/v2\/posts\/21980\/revisions"}],"wp:featuredmedia":[{"embeddable":true,"href":"https:\/\/macite.tg\/index.php?rest_route=\/wp\/v2\/media\/21984"}],"wp:attachment":[{"href":"https:\/\/macite.tg\/index.php?rest_route=%2Fwp%2Fv2%2Fmedia&parent=21980"}],"wp:term":[{"taxonomy":"category","embeddable":true,"href":"https:\/\/macite.tg\/index.php?rest_route=%2Fwp%2Fv2%2Fcategories&post=21980"},{"taxonomy":"post_tag","embeddable":true,"href":"https:\/\/macite.tg\/index.php?rest_route=%2Fwp%2Fv2%2Ftags&post=21980"}],"curies":[{"name":"wp","href":"https:\/\/api.w.org\/{rel}","templated":true}]}}