{"id":21976,"date":"2025-05-12T10:51:05","date_gmt":"2025-05-12T10:51:05","guid":{"rendered":"https:\/\/macite.tg\/?p=21976"},"modified":"2025-05-12T10:51:12","modified_gmt":"2025-05-12T10:51:12","slug":"crise-a-lest-de-la-rdc-le-mediateur-de-lua-faure-gnassingbe-a-recu-une-delegation-du-qatar","status":"publish","type":"post","link":"https:\/\/macite.tg\/?p=21976","title":{"rendered":"CRISE A L\u2019EST DE LA RDC\u00a0: Le M\u00e9diateur de l\u2019UA, Faure Gnassingb\u00e9 a re\u00e7u une d\u00e9l\u00e9gation du Qatar"},"content":{"rendered":"\n<p class=\"wp-block-paragraph\"><strong><em>Une d\u00e9l\u00e9gation du Qatar a \u00e9t\u00e9 re\u00e7ue, le vendredi 09 mai dernier \u00e0 Lom\u00e9, par Faure Essozimna Gnassingb\u00e9, Pr\u00e9sident du Conseil et M\u00e9diateur d\u00e9sign\u00e9 de l\u2019Union Africaine (UA) dans la crise qui secoue la r\u00e9gion des Grands Lacs. Au menu des \u00e9changes, la coop\u00e9ration entre Lom\u00e9 et Doha, mais aussi la question de paix et s\u00e9curit\u00e9 en Afrique, notamment dans la r\u00e9gion des Grands Lacs.<\/em><\/strong><\/p>\n\n\n\n<p class=\"wp-block-paragraph\">Une d\u00e9l\u00e9gation du Qatar, conduite par le ministre d\u2019Etat aux Affaires \u00e9trang\u00e8res, Dr Mohammed bin Abdulaziz Al Khulafi, \u00e9tait en visite de travail, le vendredi dernier, \u00e0 Lom\u00e9.<\/p>\n\n\n\n<p class=\"wp-block-paragraph\">Avec le Pr\u00e9sident du Conseil, Faure Gnassingb\u00e9, la d\u00e9l\u00e9gation a \u00e9chang\u00e9 sur plusieurs questions d\u2019int\u00e9r\u00eat commun, notamment les relations d\u2019amiti\u00e9 et de coop\u00e9ration entre Lom\u00e9 et Doha, et les moyens de les renforcer davantage.<\/p>\n\n\n<div class=\"wp-block-image\">\n<figure class=\"aligncenter size-full\"><img loading=\"lazy\" decoding=\"async\" width=\"851\" height=\"315\" src=\"https:\/\/macite.tg\/wp-content\/uploads\/2025\/05\/OTR_Ferer-pour-batir-1.jpg\" alt=\"\" class=\"wp-image-21824\" srcset=\"https:\/\/macite.tg\/wp-content\/uploads\/2025\/05\/OTR_Ferer-pour-batir-1.jpg 851w, https:\/\/macite.tg\/wp-content\/uploads\/2025\/05\/OTR_Ferer-pour-batir-1-300x111.jpg 300w, https:\/\/macite.tg\/wp-content\/uploads\/2025\/05\/OTR_Ferer-pour-batir-1-768x284.jpg 768w\" sizes=\"auto, (max-width: 851px) 100vw, 851px\" \/><\/figure>\n<\/div>\n\n\n<p class=\"wp-block-paragraph\"><em>\u00ab Je suis ravi d\u2019\u00eatre au Togo pour rencontrer Son Excellence le Pr\u00e9sident avec qui j\u2019ai eu des discussions sur notre coop\u00e9ration bilat\u00e9rale. Nous sommes vraiment fiers du niveau de coop\u00e9ration entre l\u2019\u00c9tat du Qatar et le Togo, et nous souhaitons d\u00e9velopper cette relation \u00e0 un niveau sup\u00e9rieur \u00bb,<\/em> a expliqu\u00e9, au sortir de l\u2019audience, le chef de la diplomatie qatarie, Dr Mohammed bin Abdulaziz Al Khulafi.<\/p>\n\n\n\n<p class=\"wp-block-paragraph\">L\u2019autre point abord\u00e9 lors des \u00e9changes, est la question des efforts du Togo dans la consolidation de la paix et de la stabilit\u00e9 en Afrique. Tout en saluant la m\u00e9diation togolaise dans la crise entre le Kigali et Kinshasa, le ministre d\u2019Etat aux Affaires \u00e9trang\u00e8res du Qatar a r\u00e9affirm\u00e9 la disponibilit\u00e9 de Doha \u00e0 collaborer avec le Togo dans ses missions diplomatiques en faveur de la paix dans la r\u00e9gion des Grands Lacs.<\/p>\n\n\n\n<p class=\"wp-block-paragraph\"><em>\u00ab Nous avons \u00e9galement \u00e9voqu\u00e9 nos efforts r\u00e9gionaux en mati\u00e8re de paix et de s\u00e9curit\u00e9. Nous appr\u00e9cions et saluons le travail que Son Excellence le Pr\u00e9sident accomplit en tant que m\u00e9diateur de l\u2019Union africaine dans le conflit entre le Rwanda et la RDC. Nous travaillons en \u00e9troite collaboration avec nos fr\u00e8res au Togo, dans une pleine coordination, pour trouver une solution appropri\u00e9e et faciliter les pourparlers entre les deux parties en conflit, en esp\u00e9rant parvenir \u00e0 un accord dans les plus brefs d\u00e9lais. Il s\u2019agit d\u2019un dossier tr\u00e8s important pour nous et nous souhaitons vraiment renforcer cette collaboration dans tous les aspects, afin d\u2019aboutir \u00e0 des r\u00e9sultats positifs \u00bb,<\/em> a-t- soulign\u00e9.<\/p>\n\n\n<div class=\"wp-block-image\">\n<figure class=\"aligncenter size-full\"><img loading=\"lazy\" decoding=\"async\" width=\"700\" height=\"1001\" src=\"https:\/\/macite.tg\/wp-content\/uploads\/2025\/05\/OTR_Etat-GEFU.jpg\" alt=\"\" class=\"wp-image-21894\" srcset=\"https:\/\/macite.tg\/wp-content\/uploads\/2025\/05\/OTR_Etat-GEFU.jpg 700w, https:\/\/macite.tg\/wp-content\/uploads\/2025\/05\/OTR_Etat-GEFU-210x300.jpg 210w\" sizes=\"auto, (max-width: 700px) 100vw, 700px\" \/><\/figure>\n<\/div>\n\n\n<p class=\"wp-block-paragraph\">Notons qu\u2019il y a une semaine, les Nations-Unies avaient exprim\u00e9 leur soutien au Togo dans sa mission de m\u00e9diation dans la crise entre le Rwanda et la R\u00e9publique D\u00e9mocratique du Congo (RDC).<\/p>\n\n\n\n<p class=\"wp-block-paragraph\">Pour rappel, le Qatar est \u00e9galement engag\u00e9 dans ce dossier de r\u00e9solution du conflit entre la RDC et le Rwanda. A la mi-mars, les pr\u00e9sidents Paul Kagam\u00e9 et F\u00e9lix Tshisekedi, \u00e9taient \u00e0 Doha pour une rencontre tripartite visant \u00e0 rapprocher les points de vue des deux pays fr\u00e8res.<\/p>\n\n\n\n<p class=\"wp-block-paragraph\"><strong>JPB<\/strong><\/p>\n\n\n\n<p class=\"wp-block-paragraph\"><a><strong><em>@macite.tg&nbsp;&nbsp;&nbsp;&nbsp;&nbsp;&nbsp;&nbsp;&nbsp;<\/em><\/strong><\/a><\/p>\n\n\n\n<p class=\"wp-block-paragraph\"><strong><em>E-mail&nbsp;: <\/em><\/strong><a href=\"mailto:maciteinfo@gmail.com\"><strong><em>maciteinfo@gmail.com<\/em><\/strong><\/a><strong><em>; <\/em><\/strong><a href=\"mailto:bawela1@gmail.com\"><strong><em>bawela1@gmail.com<\/em><\/strong><\/a><strong><em><\/em><\/strong><\/p>\n\n\n\n<p class=\"wp-block-paragraph\"><strong><em>Pour vos annonces, (publi)reportages, etc., joignez-nous au (00228)91515309\/<strong>79872224 <\/strong>www.macite.tg, L\u2019information, la bonne&nbsp;!<\/em><\/strong><\/p>\n\n\n\n<p class=\"wp-block-paragraph\"><\/p>\n","protected":false},"excerpt":{"rendered":"<p class=\"text-justify mb-2\" >Une d\u00e9l\u00e9gation du Qatar a \u00e9t\u00e9 re\u00e7ue, le vendredi 09 mai dernier \u00e0 Lom\u00e9, par Faure Essozimna Gnassingb\u00e9, Pr\u00e9sident du Conseil et M\u00e9diateur d\u00e9sign\u00e9 de l\u2019Union Africaine (UA) dans la crise qui secoue la r\u00e9gion des Grands Lacs. Au menu des \u00e9changes, la coop\u00e9ration entre [&hellip;]<\/p>\n","protected":false},"author":2,"featured_media":21978,"comment_status":"open","ping_status":"open","sticky":false,"template":"","format":"standard","meta":{"footnotes":""},"categories":[20,1],"tags":[],"class_list":["post-21976","post","type-post","status-publish","format-standard","has-post-thumbnail","hentry","category-actualite","category-politique"],"yoast_head":"<!-- This site is optimized with the Yoast SEO plugin v28.4 - https:\/\/yoast.com\/product\/yoast-seo-wordpress\/ -->\n<title>CRISE A L\u2019EST DE LA RDC\u00a0: Le M\u00e9diateur de l\u2019UA, Faure Gnassingb\u00e9 a re\u00e7u une d\u00e9l\u00e9gation du Qatar -<\/title>\n<meta name=\"robots\" content=\"index, follow, max-snippet:-1, max-image-preview:large, max-video-preview:-1\" \/>\n<link rel=\"canonical\" href=\"https:\/\/macite.tg\/?p=21976\" \/>\n<meta property=\"og:locale\" content=\"fr_FR\" \/>\n<meta property=\"og:type\" content=\"article\" \/>\n<meta property=\"og:title\" content=\"CRISE A L\u2019EST DE LA RDC\u00a0: Le M\u00e9diateur de l\u2019UA, Faure Gnassingb\u00e9 a re\u00e7u une d\u00e9l\u00e9gation du Qatar -\" \/>\n<meta property=\"og:description\" content=\"Une d\u00e9l\u00e9gation du Qatar a \u00e9t\u00e9 re\u00e7ue, le vendredi 09 mai dernier \u00e0 Lom\u00e9, par Faure Essozimna Gnassingb\u00e9, Pr\u00e9sident du Conseil et M\u00e9diateur d\u00e9sign\u00e9 de l\u2019Union Africaine (UA) dans la crise qui secoue la r\u00e9gion des Grands Lacs. Au menu des \u00e9changes, la coop\u00e9ration entre [&hellip;]\" \/>\n<meta property=\"og:url\" content=\"https:\/\/macite.tg\/?p=21976\" \/>\n<meta property=\"article:published_time\" content=\"2025-05-12T10:51:05+00:00\" \/>\n<meta property=\"article:modified_time\" content=\"2025-05-12T10:51:12+00:00\" \/>\n<meta property=\"og:image\" content=\"https:\/\/macite.tg\/wp-content\/uploads\/2025\/05\/Qatar.jpg\" \/>\n\t<meta property=\"og:image:width\" content=\"500\" \/>\n\t<meta property=\"og:image:height\" content=\"383\" \/>\n\t<meta property=\"og:image:type\" content=\"image\/jpeg\" \/>\n<meta name=\"author\" content=\"Jean Pierre BAWELA\" \/>\n<meta name=\"twitter:card\" content=\"summary_large_image\" \/>\n<meta name=\"twitter:label1\" content=\"\u00c9crit par\" \/>\n\t<meta name=\"twitter:data1\" content=\"Jean Pierre BAWELA\" \/>\n\t<meta name=\"twitter:label2\" content=\"Dur\u00e9e de lecture estim\u00e9e\" \/>\n\t<meta name=\"twitter:data2\" content=\"4 minutes\" \/>\n<script type=\"application\/ld+json\" class=\"yoast-schema-graph\">{\"@context\":\"https:\\\/\\\/schema.org\",\"@graph\":[{\"@type\":\"Article\",\"@id\":\"https:\\\/\\\/macite.tg\\\/?p=21976#article\",\"isPartOf\":{\"@id\":\"https:\\\/\\\/macite.tg\\\/?p=21976\"},\"author\":{\"name\":\"Jean Pierre BAWELA\",\"@id\":\"https:\\\/\\\/macite.tg\\\/#\\\/schema\\\/person\\\/e9f2de7e5dbbe7770a9402c7ce82f5c2\"},\"headline\":\"CRISE A L\u2019EST DE LA RDC\u00a0: Le M\u00e9diateur de l\u2019UA, Faure Gnassingb\u00e9 a re\u00e7u une d\u00e9l\u00e9gation du Qatar\",\"datePublished\":\"2025-05-12T10:51:05+00:00\",\"dateModified\":\"2025-05-12T10:51:12+00:00\",\"mainEntityOfPage\":{\"@id\":\"https:\\\/\\\/macite.tg\\\/?p=21976\"},\"wordCount\":567,\"commentCount\":0,\"image\":{\"@id\":\"https:\\\/\\\/macite.tg\\\/?p=21976#primaryimage\"},\"thumbnailUrl\":\"https:\\\/\\\/macite.tg\\\/wp-content\\\/uploads\\\/2025\\\/05\\\/Qatar.jpg\",\"articleSection\":[\"ACTUALITE\",\"POLITIQUE\"],\"inLanguage\":\"fr-FR\",\"potentialAction\":[{\"@type\":\"CommentAction\",\"name\":\"Comment\",\"target\":[\"https:\\\/\\\/macite.tg\\\/?p=21976#respond\"]}]},{\"@type\":\"WebPage\",\"@id\":\"https:\\\/\\\/macite.tg\\\/?p=21976\",\"url\":\"https:\\\/\\\/macite.tg\\\/?p=21976\",\"name\":\"CRISE A L\u2019EST DE LA RDC\u00a0: Le M\u00e9diateur de l\u2019UA, Faure Gnassingb\u00e9 a re\u00e7u une d\u00e9l\u00e9gation du Qatar -\",\"isPartOf\":{\"@id\":\"https:\\\/\\\/macite.tg\\\/#website\"},\"primaryImageOfPage\":{\"@id\":\"https:\\\/\\\/macite.tg\\\/?p=21976#primaryimage\"},\"image\":{\"@id\":\"https:\\\/\\\/macite.tg\\\/?p=21976#primaryimage\"},\"thumbnailUrl\":\"https:\\\/\\\/macite.tg\\\/wp-content\\\/uploads\\\/2025\\\/05\\\/Qatar.jpg\",\"datePublished\":\"2025-05-12T10:51:05+00:00\",\"dateModified\":\"2025-05-12T10:51:12+00:00\",\"author\":{\"@id\":\"https:\\\/\\\/macite.tg\\\/#\\\/schema\\\/person\\\/e9f2de7e5dbbe7770a9402c7ce82f5c2\"},\"breadcrumb\":{\"@id\":\"https:\\\/\\\/macite.tg\\\/?p=21976#breadcrumb\"},\"inLanguage\":\"fr-FR\",\"potentialAction\":[{\"@type\":\"ReadAction\",\"target\":[\"https:\\\/\\\/macite.tg\\\/?p=21976\"]}]},{\"@type\":\"ImageObject\",\"inLanguage\":\"fr-FR\",\"@id\":\"https:\\\/\\\/macite.tg\\\/?p=21976#primaryimage\",\"url\":\"https:\\\/\\\/macite.tg\\\/wp-content\\\/uploads\\\/2025\\\/05\\\/Qatar.jpg\",\"contentUrl\":\"https:\\\/\\\/macite.tg\\\/wp-content\\\/uploads\\\/2025\\\/05\\\/Qatar.jpg\",\"width\":500,\"height\":383},{\"@type\":\"BreadcrumbList\",\"@id\":\"https:\\\/\\\/macite.tg\\\/?p=21976#breadcrumb\",\"itemListElement\":[{\"@type\":\"ListItem\",\"position\":1,\"name\":\"Accueil\",\"item\":\"https:\\\/\\\/macite.tg\\\/\"},{\"@type\":\"ListItem\",\"position\":2,\"name\":\"CRISE A L\u2019EST DE LA RDC\u00a0: Le M\u00e9diateur de l\u2019UA, Faure Gnassingb\u00e9 a re\u00e7u une d\u00e9l\u00e9gation du Qatar\"}]},{\"@type\":\"WebSite\",\"@id\":\"https:\\\/\\\/macite.tg\\\/#website\",\"url\":\"https:\\\/\\\/macite.tg\\\/\",\"name\":\"\",\"description\":\"L&#039;information, la bonne!!!\",\"potentialAction\":[{\"@type\":\"SearchAction\",\"target\":{\"@type\":\"EntryPoint\",\"urlTemplate\":\"https:\\\/\\\/macite.tg\\\/?s={search_term_string}\"},\"query-input\":{\"@type\":\"PropertyValueSpecification\",\"valueRequired\":true,\"valueName\":\"search_term_string\"}}],\"inLanguage\":\"fr-FR\"},{\"@type\":\"Person\",\"@id\":\"https:\\\/\\\/macite.tg\\\/#\\\/schema\\\/person\\\/e9f2de7e5dbbe7770a9402c7ce82f5c2\",\"name\":\"Jean Pierre BAWELA\",\"image\":{\"@type\":\"ImageObject\",\"inLanguage\":\"fr-FR\",\"@id\":\"https:\\\/\\\/macite.tg\\\/wp-content\\\/uploads\\\/2023\\\/09\\\/WhatsApp-Image-2023-09-19-at-14.44.41-122x122.jpeg\",\"url\":\"https:\\\/\\\/macite.tg\\\/wp-content\\\/uploads\\\/2023\\\/09\\\/WhatsApp-Image-2023-09-19-at-14.44.41-122x122.jpeg\",\"contentUrl\":\"https:\\\/\\\/macite.tg\\\/wp-content\\\/uploads\\\/2023\\\/09\\\/WhatsApp-Image-2023-09-19-at-14.44.41-122x122.jpeg\",\"caption\":\"Jean Pierre BAWELA\"},\"url\":\"https:\\\/\\\/macite.tg\\\/?author=2\"}]}<\/script>\n<!-- \/ Yoast SEO plugin. -->","yoast_head_json":{"title":"CRISE A L\u2019EST DE LA RDC\u00a0: Le M\u00e9diateur de l\u2019UA, Faure Gnassingb\u00e9 a re\u00e7u une d\u00e9l\u00e9gation du Qatar -","robots":{"index":"index","follow":"follow","max-snippet":"max-snippet:-1","max-image-preview":"max-image-preview:large","max-video-preview":"max-video-preview:-1"},"canonical":"https:\/\/macite.tg\/?p=21976","og_locale":"fr_FR","og_type":"article","og_title":"CRISE A L\u2019EST DE LA RDC\u00a0: Le M\u00e9diateur de l\u2019UA, Faure Gnassingb\u00e9 a re\u00e7u une d\u00e9l\u00e9gation du Qatar -","og_description":"Une d\u00e9l\u00e9gation du Qatar a \u00e9t\u00e9 re\u00e7ue, le vendredi 09 mai dernier \u00e0 Lom\u00e9, par Faure Essozimna Gnassingb\u00e9, Pr\u00e9sident du Conseil et M\u00e9diateur d\u00e9sign\u00e9 de l\u2019Union Africaine (UA) dans la crise qui secoue la r\u00e9gion des Grands Lacs. Au menu des \u00e9changes, la coop\u00e9ration entre [&hellip;]","og_url":"https:\/\/macite.tg\/?p=21976","article_published_time":"2025-05-12T10:51:05+00:00","article_modified_time":"2025-05-12T10:51:12+00:00","og_image":[{"width":500,"height":383,"url":"https:\/\/macite.tg\/wp-content\/uploads\/2025\/05\/Qatar.jpg","type":"image\/jpeg"}],"author":"Jean Pierre BAWELA","twitter_card":"summary_large_image","twitter_misc":{"\u00c9crit par":"Jean Pierre BAWELA","Dur\u00e9e de lecture estim\u00e9e":"4 minutes"},"schema":{"@context":"https:\/\/schema.org","@graph":[{"@type":"Article","@id":"https:\/\/macite.tg\/?p=21976#article","isPartOf":{"@id":"https:\/\/macite.tg\/?p=21976"},"author":{"name":"Jean Pierre BAWELA","@id":"https:\/\/macite.tg\/#\/schema\/person\/e9f2de7e5dbbe7770a9402c7ce82f5c2"},"headline":"CRISE A L\u2019EST DE LA RDC\u00a0: Le M\u00e9diateur de l\u2019UA, Faure Gnassingb\u00e9 a re\u00e7u une d\u00e9l\u00e9gation du Qatar","datePublished":"2025-05-12T10:51:05+00:00","dateModified":"2025-05-12T10:51:12+00:00","mainEntityOfPage":{"@id":"https:\/\/macite.tg\/?p=21976"},"wordCount":567,"commentCount":0,"image":{"@id":"https:\/\/macite.tg\/?p=21976#primaryimage"},"thumbnailUrl":"https:\/\/macite.tg\/wp-content\/uploads\/2025\/05\/Qatar.jpg","articleSection":["ACTUALITE","POLITIQUE"],"inLanguage":"fr-FR","potentialAction":[{"@type":"CommentAction","name":"Comment","target":["https:\/\/macite.tg\/?p=21976#respond"]}]},{"@type":"WebPage","@id":"https:\/\/macite.tg\/?p=21976","url":"https:\/\/macite.tg\/?p=21976","name":"CRISE A L\u2019EST DE LA RDC\u00a0: Le M\u00e9diateur de l\u2019UA, Faure Gnassingb\u00e9 a re\u00e7u une d\u00e9l\u00e9gation du Qatar -","isPartOf":{"@id":"https:\/\/macite.tg\/#website"},"primaryImageOfPage":{"@id":"https:\/\/macite.tg\/?p=21976#primaryimage"},"image":{"@id":"https:\/\/macite.tg\/?p=21976#primaryimage"},"thumbnailUrl":"https:\/\/macite.tg\/wp-content\/uploads\/2025\/05\/Qatar.jpg","datePublished":"2025-05-12T10:51:05+00:00","dateModified":"2025-05-12T10:51:12+00:00","author":{"@id":"https:\/\/macite.tg\/#\/schema\/person\/e9f2de7e5dbbe7770a9402c7ce82f5c2"},"breadcrumb":{"@id":"https:\/\/macite.tg\/?p=21976#breadcrumb"},"inLanguage":"fr-FR","potentialAction":[{"@type":"ReadAction","target":["https:\/\/macite.tg\/?p=21976"]}]},{"@type":"ImageObject","inLanguage":"fr-FR","@id":"https:\/\/macite.tg\/?p=21976#primaryimage","url":"https:\/\/macite.tg\/wp-content\/uploads\/2025\/05\/Qatar.jpg","contentUrl":"https:\/\/macite.tg\/wp-content\/uploads\/2025\/05\/Qatar.jpg","width":500,"height":383},{"@type":"BreadcrumbList","@id":"https:\/\/macite.tg\/?p=21976#breadcrumb","itemListElement":[{"@type":"ListItem","position":1,"name":"Accueil","item":"https:\/\/macite.tg\/"},{"@type":"ListItem","position":2,"name":"CRISE A L\u2019EST DE LA RDC\u00a0: Le M\u00e9diateur de l\u2019UA, Faure Gnassingb\u00e9 a re\u00e7u une d\u00e9l\u00e9gation du Qatar"}]},{"@type":"WebSite","@id":"https:\/\/macite.tg\/#website","url":"https:\/\/macite.tg\/","name":"","description":"L&#039;information, la bonne!!!","potentialAction":[{"@type":"SearchAction","target":{"@type":"EntryPoint","urlTemplate":"https:\/\/macite.tg\/?s={search_term_string}"},"query-input":{"@type":"PropertyValueSpecification","valueRequired":true,"valueName":"search_term_string"}}],"inLanguage":"fr-FR"},{"@type":"Person","@id":"https:\/\/macite.tg\/#\/schema\/person\/e9f2de7e5dbbe7770a9402c7ce82f5c2","name":"Jean Pierre BAWELA","image":{"@type":"ImageObject","inLanguage":"fr-FR","@id":"https:\/\/macite.tg\/wp-content\/uploads\/2023\/09\/WhatsApp-Image-2023-09-19-at-14.44.41-122x122.jpeg","url":"https:\/\/macite.tg\/wp-content\/uploads\/2023\/09\/WhatsApp-Image-2023-09-19-at-14.44.41-122x122.jpeg","contentUrl":"https:\/\/macite.tg\/wp-content\/uploads\/2023\/09\/WhatsApp-Image-2023-09-19-at-14.44.41-122x122.jpeg","caption":"Jean Pierre BAWELA"},"url":"https:\/\/macite.tg\/?author=2"}]}},"_links":{"self":[{"href":"https:\/\/macite.tg\/index.php?rest_route=\/wp\/v2\/posts\/21976","targetHints":{"allow":["GET"]}}],"collection":[{"href":"https:\/\/macite.tg\/index.php?rest_route=\/wp\/v2\/posts"}],"about":[{"href":"https:\/\/macite.tg\/index.php?rest_route=\/wp\/v2\/types\/post"}],"author":[{"embeddable":true,"href":"https:\/\/macite.tg\/index.php?rest_route=\/wp\/v2\/users\/2"}],"replies":[{"embeddable":true,"href":"https:\/\/macite.tg\/index.php?rest_route=%2Fwp%2Fv2%2Fcomments&post=21976"}],"version-history":[{"count":0,"href":"https:\/\/macite.tg\/index.php?rest_route=\/wp\/v2\/posts\/21976\/revisions"}],"wp:featuredmedia":[{"embeddable":true,"href":"https:\/\/macite.tg\/index.php?rest_route=\/wp\/v2\/media\/21978"}],"wp:attachment":[{"href":"https:\/\/macite.tg\/index.php?rest_route=%2Fwp%2Fv2%2Fmedia&parent=21976"}],"wp:term":[{"taxonomy":"category","embeddable":true,"href":"https:\/\/macite.tg\/index.php?rest_route=%2Fwp%2Fv2%2Fcategories&post=21976"},{"taxonomy":"post_tag","embeddable":true,"href":"https:\/\/macite.tg\/index.php?rest_route=%2Fwp%2Fv2%2Ftags&post=21976"}],"curies":[{"name":"wp","href":"https:\/\/api.w.org\/{rel}","templated":true}]}}