{"id":21972,"date":"2025-05-09T18:07:51","date_gmt":"2025-05-09T18:07:51","guid":{"rendered":"https:\/\/macite.tg\/?p=21972"},"modified":"2025-05-09T18:07:58","modified_gmt":"2025-05-09T18:07:58","slug":"vatican-nous-voulons-etre-une-eglise-qui-avance-les-premiers-mots-du-pape-leon-xiv","status":"publish","type":"post","link":"https:\/\/macite.tg\/?p=21972","title":{"rendered":"VATICAN\u00a0: \u00ab\u00a0Nous voulons \u00eatre une Eglise qui avance\u00a0\u00bb, les premiers mots du Pape L\u00e9on XIV"},"content":{"rendered":"\n<p class=\"wp-block-paragraph\"><strong><em>Quelques heures apr\u00e8s avoir \u00e9t\u00e9 \u00e9lu, le Pape s&rsquo;est exprim\u00e9 au balcon de la basilique Saint-Pierre. Habemus papam. Au deuxi\u00e8me jour du conclave, les cardinaux sont parvenus \u00e0 se mettre d&rsquo;accord sur le successeur du pape Fran\u00e7ois. C&rsquo;est l&rsquo;Am\u00e9ricain Robert Francis Pr\u00e9vost qui a \u00e9t\u00e9 \u00e9lu au terme de quatre scrutins.<\/em><\/strong><\/p>\n\n\n\n<p class=\"wp-block-paragraph\">Comme le veut la coutume, ce n&rsquo;est pas lui qui s&rsquo;est pr\u00e9sent\u00e9 en premier lieu au balcon de la Basilique Saint-Pierre. C&rsquo;est au cardinal fran\u00e7ais Dominique Mamberti que revenait la t\u00e2che d&rsquo;annoncer le nom du nouveau Pape, apr\u00e8s avoir prononc\u00e9 la c\u00e9l\u00e8bre formule <em>\u00ab\u00a0Habemus Papam\u00a0\u00bb.<\/em><\/p>\n\n\n\n<p class=\"wp-block-paragraph\">Le Pape L\u00e9on XIV a ensuite pris bri\u00e8vement la parole. Son premier discours en tant que souverain pontife.<\/p>\n\n\n<div class=\"wp-block-image\">\n<figure class=\"aligncenter size-full\"><img loading=\"lazy\" decoding=\"async\" width=\"700\" height=\"1001\" src=\"https:\/\/macite.tg\/wp-content\/uploads\/2025\/05\/OTR_Etat-GEFU.jpg\" alt=\"\" class=\"wp-image-21894\" srcset=\"https:\/\/macite.tg\/wp-content\/uploads\/2025\/05\/OTR_Etat-GEFU.jpg 700w, https:\/\/macite.tg\/wp-content\/uploads\/2025\/05\/OTR_Etat-GEFU-210x300.jpg 210w\" sizes=\"auto, (max-width: 700px) 100vw, 700px\" \/><\/figure>\n<\/div>\n\n\n<p class=\"wp-block-paragraph\"><em>\u00ab&nbsp;C&rsquo;est la paix du Christ ressuscit\u00e9, une paix sans arme, une paix d\u00e9sarmante, humble et pers\u00e9v\u00e9rante. Elle vient de Dieu qui nous aime tous, sans condition. Gardons encore aux oreilles la voix faible mais courageuse du pape Fran\u00e7ois qui a b\u00e9ni Rome. Il a donn\u00e9 sa b\u00e9n\u00e9diction au monde entier ce lundi de P\u00e2ques. Permettez-moi de vous pr\u00e9senter ma b\u00e9n\u00e9diction : le mal ne vaincra pas. (&#8230;) Nous sommes des disciples du Christ. Le monde a besoin de sa lumi\u00e8re.<\/em><\/p>\n\n\n\n<p class=\"wp-block-paragraph\"><em>L&rsquo;humanit\u00e9 a besoin de lui comme le pont qui nous permet de rejoindre Dieu et son amour. Aidons-nous les uns les autres pour construire ce pont. Merci pape Fran\u00e7ois. Je voudrais aussi remercier tous mes confr\u00e8res cardinaux, qui m&rsquo;ont \u00e9lu.<\/em><\/p>\n\n\n\n<p class=\"wp-block-paragraph\"><em>Je suis un fils de Saint-Augustin qui a dit avec vous je suis chr\u00e9tien et pour vous je suis \u00e9v\u00eaque. Nous devons chercher ensemble comment \u00eatre une \u00e9glise missionnaire, qui b\u00e2tit des ponts et qui est ouverte&nbsp;\u00bb.<\/em><\/p>\n\n\n<div class=\"wp-block-image\">\n<figure class=\"aligncenter size-full is-resized\"><img loading=\"lazy\" decoding=\"async\" width=\"500\" height=\"304\" src=\"https:\/\/macite.tg\/wp-content\/uploads\/2025\/05\/OTR_SAM.jpg\" alt=\"\" class=\"wp-image-21823\" style=\"width:840px;height:auto\" srcset=\"https:\/\/macite.tg\/wp-content\/uploads\/2025\/05\/OTR_SAM.jpg 500w, https:\/\/macite.tg\/wp-content\/uploads\/2025\/05\/OTR_SAM-300x182.jpg 300w\" sizes=\"auto, (max-width: 500px) 100vw, 500px\" \/><\/figure>\n<\/div>\n\n\n<p class=\"wp-block-paragraph\">Le Pape s&rsquo;est ensuite exprim\u00e9 en espagnol et a adress\u00e9 un message \u00e0 son <em>\u00ab&nbsp;cher dioc\u00e8se du P\u00e9rou&nbsp;\u00bb. \u00ab&nbsp;A vous tous, fr\u00e8res et s\u0153urs du monde entier, nous voulons \u00eatre une \u00e9glise qui avance et qui recherche la paix, la charit\u00e9&nbsp;\u00bb (\u2026)<\/em><\/p>\n\n\n\n<p class=\"wp-block-paragraph\"><strong>SyndiGate Media&nbsp;<\/strong><\/p>\n\n\n\n<p class=\"wp-block-paragraph\"><a><strong><em>@macite.tg&nbsp;&nbsp;&nbsp;&nbsp;&nbsp;&nbsp;&nbsp;&nbsp;<\/em><\/strong><\/a><\/p>\n\n\n\n<p class=\"wp-block-paragraph\"><strong><em>E-mail&nbsp;: <\/em><\/strong><a href=\"mailto:maciteinfo@gmail.com\"><strong><em>maciteinfo@gmail.com<\/em><\/strong><\/a><strong><em>; <\/em><\/strong><a href=\"mailto:bawela1@gmail.com\"><strong><em>bawela1@gmail.com<\/em><\/strong><\/a><strong><em><\/em><\/strong><\/p>\n\n\n\n<p class=\"wp-block-paragraph\"><strong><em>Pour vos annonces, (publi)reportages, etc., joignez-nous au (00228)91515309\/<strong>79872224 <\/strong>www.macite.tg, L\u2019information, la bonne&nbsp;!<\/em><\/strong><\/p>\n\n\n\n<p class=\"wp-block-paragraph\"><\/p>\n","protected":false},"excerpt":{"rendered":"<p class=\"text-justify mb-2\" >Quelques heures apr\u00e8s avoir \u00e9t\u00e9 \u00e9lu, le Pape s&rsquo;est exprim\u00e9 au balcon de la basilique Saint-Pierre. Habemus papam. Au deuxi\u00e8me jour du conclave, les cardinaux sont parvenus \u00e0 se mettre d&rsquo;accord sur le successeur du pape Fran\u00e7ois. C&rsquo;est l&rsquo;Am\u00e9ricain Robert Francis Pr\u00e9vost qui a \u00e9t\u00e9 [&hellip;]<\/p>\n","protected":false},"author":2,"featured_media":21973,"comment_status":"open","ping_status":"open","sticky":false,"template":"","format":"standard","meta":{"footnotes":""},"categories":[20,40],"tags":[],"class_list":["post-21972","post","type-post","status-publish","format-standard","has-post-thumbnail","hentry","category-actualite","category-religion"],"yoast_head":"<!-- This site is optimized with the Yoast SEO plugin v28.4 - https:\/\/yoast.com\/product\/yoast-seo-wordpress\/ -->\n<title>VATICAN\u00a0: \u00ab\u00a0Nous voulons \u00eatre une Eglise qui avance\u00a0\u00bb, les premiers mots du Pape L\u00e9on XIV -<\/title>\n<meta name=\"robots\" content=\"index, follow, max-snippet:-1, max-image-preview:large, max-video-preview:-1\" \/>\n<link rel=\"canonical\" href=\"https:\/\/macite.tg\/?p=21972\" \/>\n<meta property=\"og:locale\" content=\"fr_FR\" \/>\n<meta property=\"og:type\" content=\"article\" \/>\n<meta property=\"og:title\" content=\"VATICAN\u00a0: \u00ab\u00a0Nous voulons \u00eatre une Eglise qui avance\u00a0\u00bb, les premiers mots du Pape L\u00e9on XIV -\" \/>\n<meta property=\"og:description\" content=\"Quelques heures apr\u00e8s avoir \u00e9t\u00e9 \u00e9lu, le Pape s&rsquo;est exprim\u00e9 au balcon de la basilique Saint-Pierre. Habemus papam. Au deuxi\u00e8me jour du conclave, les cardinaux sont parvenus \u00e0 se mettre d&rsquo;accord sur le successeur du pape Fran\u00e7ois. C&rsquo;est l&rsquo;Am\u00e9ricain Robert Francis Pr\u00e9vost qui a \u00e9t\u00e9 [&hellip;]\" \/>\n<meta property=\"og:url\" content=\"https:\/\/macite.tg\/?p=21972\" \/>\n<meta property=\"article:published_time\" content=\"2025-05-09T18:07:51+00:00\" \/>\n<meta property=\"article:modified_time\" content=\"2025-05-09T18:07:58+00:00\" \/>\n<meta property=\"og:image\" content=\"https:\/\/macite.tg\/wp-content\/uploads\/2025\/05\/image-26.png\" \/>\n\t<meta property=\"og:image:width\" content=\"534\" \/>\n\t<meta property=\"og:image:height\" content=\"356\" \/>\n\t<meta property=\"og:image:type\" content=\"image\/png\" \/>\n<meta name=\"author\" content=\"Jean Pierre BAWELA\" \/>\n<meta name=\"twitter:card\" content=\"summary_large_image\" \/>\n<meta name=\"twitter:label1\" content=\"\u00c9crit par\" \/>\n\t<meta name=\"twitter:data1\" content=\"Jean Pierre BAWELA\" \/>\n\t<meta name=\"twitter:label2\" content=\"Dur\u00e9e de lecture estim\u00e9e\" \/>\n\t<meta name=\"twitter:data2\" content=\"3 minutes\" \/>\n<script type=\"application\/ld+json\" class=\"yoast-schema-graph\">{\"@context\":\"https:\\\/\\\/schema.org\",\"@graph\":[{\"@type\":\"Article\",\"@id\":\"https:\\\/\\\/macite.tg\\\/?p=21972#article\",\"isPartOf\":{\"@id\":\"https:\\\/\\\/macite.tg\\\/?p=21972\"},\"author\":{\"name\":\"Jean Pierre BAWELA\",\"@id\":\"https:\\\/\\\/macite.tg\\\/#\\\/schema\\\/person\\\/e9f2de7e5dbbe7770a9402c7ce82f5c2\"},\"headline\":\"VATICAN\u00a0: \u00ab\u00a0Nous voulons \u00eatre une Eglise qui avance\u00a0\u00bb, les premiers mots du Pape L\u00e9on XIV\",\"datePublished\":\"2025-05-09T18:07:51+00:00\",\"dateModified\":\"2025-05-09T18:07:58+00:00\",\"mainEntityOfPage\":{\"@id\":\"https:\\\/\\\/macite.tg\\\/?p=21972\"},\"wordCount\":413,\"commentCount\":0,\"image\":{\"@id\":\"https:\\\/\\\/macite.tg\\\/?p=21972#primaryimage\"},\"thumbnailUrl\":\"https:\\\/\\\/macite.tg\\\/wp-content\\\/uploads\\\/2025\\\/05\\\/image-26.png\",\"articleSection\":[\"ACTUALITE\",\"RELIGION\"],\"inLanguage\":\"fr-FR\",\"potentialAction\":[{\"@type\":\"CommentAction\",\"name\":\"Comment\",\"target\":[\"https:\\\/\\\/macite.tg\\\/?p=21972#respond\"]}]},{\"@type\":\"WebPage\",\"@id\":\"https:\\\/\\\/macite.tg\\\/?p=21972\",\"url\":\"https:\\\/\\\/macite.tg\\\/?p=21972\",\"name\":\"VATICAN\u00a0: \u00ab\u00a0Nous voulons \u00eatre une Eglise qui avance\u00a0\u00bb, les premiers mots du Pape L\u00e9on XIV -\",\"isPartOf\":{\"@id\":\"https:\\\/\\\/macite.tg\\\/#website\"},\"primaryImageOfPage\":{\"@id\":\"https:\\\/\\\/macite.tg\\\/?p=21972#primaryimage\"},\"image\":{\"@id\":\"https:\\\/\\\/macite.tg\\\/?p=21972#primaryimage\"},\"thumbnailUrl\":\"https:\\\/\\\/macite.tg\\\/wp-content\\\/uploads\\\/2025\\\/05\\\/image-26.png\",\"datePublished\":\"2025-05-09T18:07:51+00:00\",\"dateModified\":\"2025-05-09T18:07:58+00:00\",\"author\":{\"@id\":\"https:\\\/\\\/macite.tg\\\/#\\\/schema\\\/person\\\/e9f2de7e5dbbe7770a9402c7ce82f5c2\"},\"breadcrumb\":{\"@id\":\"https:\\\/\\\/macite.tg\\\/?p=21972#breadcrumb\"},\"inLanguage\":\"fr-FR\",\"potentialAction\":[{\"@type\":\"ReadAction\",\"target\":[\"https:\\\/\\\/macite.tg\\\/?p=21972\"]}]},{\"@type\":\"ImageObject\",\"inLanguage\":\"fr-FR\",\"@id\":\"https:\\\/\\\/macite.tg\\\/?p=21972#primaryimage\",\"url\":\"https:\\\/\\\/macite.tg\\\/wp-content\\\/uploads\\\/2025\\\/05\\\/image-26.png\",\"contentUrl\":\"https:\\\/\\\/macite.tg\\\/wp-content\\\/uploads\\\/2025\\\/05\\\/image-26.png\",\"width\":534,\"height\":356,\"caption\":\"Le Pape L\u00e9on XIV\"},{\"@type\":\"BreadcrumbList\",\"@id\":\"https:\\\/\\\/macite.tg\\\/?p=21972#breadcrumb\",\"itemListElement\":[{\"@type\":\"ListItem\",\"position\":1,\"name\":\"Accueil\",\"item\":\"https:\\\/\\\/macite.tg\\\/\"},{\"@type\":\"ListItem\",\"position\":2,\"name\":\"VATICAN\u00a0: \u00ab\u00a0Nous voulons \u00eatre une Eglise qui avance\u00a0\u00bb, les premiers mots du Pape L\u00e9on XIV\"}]},{\"@type\":\"WebSite\",\"@id\":\"https:\\\/\\\/macite.tg\\\/#website\",\"url\":\"https:\\\/\\\/macite.tg\\\/\",\"name\":\"\",\"description\":\"L&#039;information, la bonne!!!\",\"potentialAction\":[{\"@type\":\"SearchAction\",\"target\":{\"@type\":\"EntryPoint\",\"urlTemplate\":\"https:\\\/\\\/macite.tg\\\/?s={search_term_string}\"},\"query-input\":{\"@type\":\"PropertyValueSpecification\",\"valueRequired\":true,\"valueName\":\"search_term_string\"}}],\"inLanguage\":\"fr-FR\"},{\"@type\":\"Person\",\"@id\":\"https:\\\/\\\/macite.tg\\\/#\\\/schema\\\/person\\\/e9f2de7e5dbbe7770a9402c7ce82f5c2\",\"name\":\"Jean Pierre BAWELA\",\"image\":{\"@type\":\"ImageObject\",\"inLanguage\":\"fr-FR\",\"@id\":\"https:\\\/\\\/macite.tg\\\/wp-content\\\/uploads\\\/2023\\\/09\\\/WhatsApp-Image-2023-09-19-at-14.44.41-122x122.jpeg\",\"url\":\"https:\\\/\\\/macite.tg\\\/wp-content\\\/uploads\\\/2023\\\/09\\\/WhatsApp-Image-2023-09-19-at-14.44.41-122x122.jpeg\",\"contentUrl\":\"https:\\\/\\\/macite.tg\\\/wp-content\\\/uploads\\\/2023\\\/09\\\/WhatsApp-Image-2023-09-19-at-14.44.41-122x122.jpeg\",\"caption\":\"Jean Pierre BAWELA\"},\"url\":\"https:\\\/\\\/macite.tg\\\/?author=2\"}]}<\/script>\n<!-- \/ Yoast SEO plugin. -->","yoast_head_json":{"title":"VATICAN\u00a0: \u00ab\u00a0Nous voulons \u00eatre une Eglise qui avance\u00a0\u00bb, les premiers mots du Pape L\u00e9on XIV -","robots":{"index":"index","follow":"follow","max-snippet":"max-snippet:-1","max-image-preview":"max-image-preview:large","max-video-preview":"max-video-preview:-1"},"canonical":"https:\/\/macite.tg\/?p=21972","og_locale":"fr_FR","og_type":"article","og_title":"VATICAN\u00a0: \u00ab\u00a0Nous voulons \u00eatre une Eglise qui avance\u00a0\u00bb, les premiers mots du Pape L\u00e9on XIV -","og_description":"Quelques heures apr\u00e8s avoir \u00e9t\u00e9 \u00e9lu, le Pape s&rsquo;est exprim\u00e9 au balcon de la basilique Saint-Pierre. Habemus papam. Au deuxi\u00e8me jour du conclave, les cardinaux sont parvenus \u00e0 se mettre d&rsquo;accord sur le successeur du pape Fran\u00e7ois. C&rsquo;est l&rsquo;Am\u00e9ricain Robert Francis Pr\u00e9vost qui a \u00e9t\u00e9 [&hellip;]","og_url":"https:\/\/macite.tg\/?p=21972","article_published_time":"2025-05-09T18:07:51+00:00","article_modified_time":"2025-05-09T18:07:58+00:00","og_image":[{"width":534,"height":356,"url":"https:\/\/macite.tg\/wp-content\/uploads\/2025\/05\/image-26.png","type":"image\/png"}],"author":"Jean Pierre BAWELA","twitter_card":"summary_large_image","twitter_misc":{"\u00c9crit par":"Jean Pierre BAWELA","Dur\u00e9e de lecture estim\u00e9e":"3 minutes"},"schema":{"@context":"https:\/\/schema.org","@graph":[{"@type":"Article","@id":"https:\/\/macite.tg\/?p=21972#article","isPartOf":{"@id":"https:\/\/macite.tg\/?p=21972"},"author":{"name":"Jean Pierre BAWELA","@id":"https:\/\/macite.tg\/#\/schema\/person\/e9f2de7e5dbbe7770a9402c7ce82f5c2"},"headline":"VATICAN\u00a0: \u00ab\u00a0Nous voulons \u00eatre une Eglise qui avance\u00a0\u00bb, les premiers mots du Pape L\u00e9on XIV","datePublished":"2025-05-09T18:07:51+00:00","dateModified":"2025-05-09T18:07:58+00:00","mainEntityOfPage":{"@id":"https:\/\/macite.tg\/?p=21972"},"wordCount":413,"commentCount":0,"image":{"@id":"https:\/\/macite.tg\/?p=21972#primaryimage"},"thumbnailUrl":"https:\/\/macite.tg\/wp-content\/uploads\/2025\/05\/image-26.png","articleSection":["ACTUALITE","RELIGION"],"inLanguage":"fr-FR","potentialAction":[{"@type":"CommentAction","name":"Comment","target":["https:\/\/macite.tg\/?p=21972#respond"]}]},{"@type":"WebPage","@id":"https:\/\/macite.tg\/?p=21972","url":"https:\/\/macite.tg\/?p=21972","name":"VATICAN\u00a0: \u00ab\u00a0Nous voulons \u00eatre une Eglise qui avance\u00a0\u00bb, les premiers mots du Pape L\u00e9on XIV -","isPartOf":{"@id":"https:\/\/macite.tg\/#website"},"primaryImageOfPage":{"@id":"https:\/\/macite.tg\/?p=21972#primaryimage"},"image":{"@id":"https:\/\/macite.tg\/?p=21972#primaryimage"},"thumbnailUrl":"https:\/\/macite.tg\/wp-content\/uploads\/2025\/05\/image-26.png","datePublished":"2025-05-09T18:07:51+00:00","dateModified":"2025-05-09T18:07:58+00:00","author":{"@id":"https:\/\/macite.tg\/#\/schema\/person\/e9f2de7e5dbbe7770a9402c7ce82f5c2"},"breadcrumb":{"@id":"https:\/\/macite.tg\/?p=21972#breadcrumb"},"inLanguage":"fr-FR","potentialAction":[{"@type":"ReadAction","target":["https:\/\/macite.tg\/?p=21972"]}]},{"@type":"ImageObject","inLanguage":"fr-FR","@id":"https:\/\/macite.tg\/?p=21972#primaryimage","url":"https:\/\/macite.tg\/wp-content\/uploads\/2025\/05\/image-26.png","contentUrl":"https:\/\/macite.tg\/wp-content\/uploads\/2025\/05\/image-26.png","width":534,"height":356,"caption":"Le Pape L\u00e9on XIV"},{"@type":"BreadcrumbList","@id":"https:\/\/macite.tg\/?p=21972#breadcrumb","itemListElement":[{"@type":"ListItem","position":1,"name":"Accueil","item":"https:\/\/macite.tg\/"},{"@type":"ListItem","position":2,"name":"VATICAN\u00a0: \u00ab\u00a0Nous voulons \u00eatre une Eglise qui avance\u00a0\u00bb, les premiers mots du Pape L\u00e9on XIV"}]},{"@type":"WebSite","@id":"https:\/\/macite.tg\/#website","url":"https:\/\/macite.tg\/","name":"","description":"L&#039;information, la bonne!!!","potentialAction":[{"@type":"SearchAction","target":{"@type":"EntryPoint","urlTemplate":"https:\/\/macite.tg\/?s={search_term_string}"},"query-input":{"@type":"PropertyValueSpecification","valueRequired":true,"valueName":"search_term_string"}}],"inLanguage":"fr-FR"},{"@type":"Person","@id":"https:\/\/macite.tg\/#\/schema\/person\/e9f2de7e5dbbe7770a9402c7ce82f5c2","name":"Jean Pierre BAWELA","image":{"@type":"ImageObject","inLanguage":"fr-FR","@id":"https:\/\/macite.tg\/wp-content\/uploads\/2023\/09\/WhatsApp-Image-2023-09-19-at-14.44.41-122x122.jpeg","url":"https:\/\/macite.tg\/wp-content\/uploads\/2023\/09\/WhatsApp-Image-2023-09-19-at-14.44.41-122x122.jpeg","contentUrl":"https:\/\/macite.tg\/wp-content\/uploads\/2023\/09\/WhatsApp-Image-2023-09-19-at-14.44.41-122x122.jpeg","caption":"Jean Pierre BAWELA"},"url":"https:\/\/macite.tg\/?author=2"}]}},"_links":{"self":[{"href":"https:\/\/macite.tg\/index.php?rest_route=\/wp\/v2\/posts\/21972","targetHints":{"allow":["GET"]}}],"collection":[{"href":"https:\/\/macite.tg\/index.php?rest_route=\/wp\/v2\/posts"}],"about":[{"href":"https:\/\/macite.tg\/index.php?rest_route=\/wp\/v2\/types\/post"}],"author":[{"embeddable":true,"href":"https:\/\/macite.tg\/index.php?rest_route=\/wp\/v2\/users\/2"}],"replies":[{"embeddable":true,"href":"https:\/\/macite.tg\/index.php?rest_route=%2Fwp%2Fv2%2Fcomments&post=21972"}],"version-history":[{"count":0,"href":"https:\/\/macite.tg\/index.php?rest_route=\/wp\/v2\/posts\/21972\/revisions"}],"wp:featuredmedia":[{"embeddable":true,"href":"https:\/\/macite.tg\/index.php?rest_route=\/wp\/v2\/media\/21973"}],"wp:attachment":[{"href":"https:\/\/macite.tg\/index.php?rest_route=%2Fwp%2Fv2%2Fmedia&parent=21972"}],"wp:term":[{"taxonomy":"category","embeddable":true,"href":"https:\/\/macite.tg\/index.php?rest_route=%2Fwp%2Fv2%2Fcategories&post=21972"},{"taxonomy":"post_tag","embeddable":true,"href":"https:\/\/macite.tg\/index.php?rest_route=%2Fwp%2Fv2%2Ftags&post=21972"}],"curies":[{"name":"wp","href":"https:\/\/api.w.org\/{rel}","templated":true}]}}