{"id":21968,"date":"2025-05-09T17:27:23","date_gmt":"2025-05-09T17:27:23","guid":{"rendered":"https:\/\/macite.tg\/?p=21968"},"modified":"2025-05-09T17:27:33","modified_gmt":"2025-05-09T17:27:33","slug":"energie-le-togo-obtient-lappui-de-la-bad-pour-la-construction-de-la-centrale-solaire-de-sokode","status":"publish","type":"post","link":"https:\/\/macite.tg\/?p=21968","title":{"rendered":"\u00c9NERGIE : Le Togo obtient l\u2019appui de la BAD pour la construction de la centrale solaire de Sokod\u00e9"},"content":{"rendered":"\n<p class=\"wp-block-paragraph\"><strong><em>Le projet de construction de la centrale solaire de Sokod\u00e9, dans la r\u00e9gion Centrale, entre dans sa phase de mat\u00e9rialisation. Le Groupe de la Banque africaine de d\u00e9veloppement (BAD) a approuv\u00e9, le jeudi 08 mai dernier \u00e0 Abidjan, un financement de 26,5 millions d\u2019euros (environ 17,4 milliards FCFA), en faveur dudit projet.&nbsp;<\/em><\/strong><\/p>\n\n\n\n<p class=\"wp-block-paragraph\">Les choses se pr\u00e9cisent pour le projet de construction de la centrale solaire photovolta\u00efque de Sokod\u00e9, dans la pr\u00e9fecture de Tchaoudjo. Le Groupe de la Banque africaine de d\u00e9veloppement (BAD) a approuv\u00e9, le jeudi 08 mai dernier \u00e0 Abidjan, un financement de 26,5 millions d\u2019euros, environ 17,4 milliards FCFA.<\/p>\n\n\n<div class=\"wp-block-image\">\n<figure class=\"aligncenter size-full\"><img loading=\"lazy\" decoding=\"async\" width=\"700\" height=\"1001\" src=\"https:\/\/macite.tg\/wp-content\/uploads\/2025\/05\/OTR_Etat-GEFU.jpg\" alt=\"\" class=\"wp-image-21894\" srcset=\"https:\/\/macite.tg\/wp-content\/uploads\/2025\/05\/OTR_Etat-GEFU.jpg 700w, https:\/\/macite.tg\/wp-content\/uploads\/2025\/05\/OTR_Etat-GEFU-210x300.jpg 210w\" sizes=\"auto, (max-width: 700px) 100vw, 700px\" \/><\/figure>\n<\/div>\n\n\n<p class=\"wp-block-paragraph\">Ce financement, d\u00e9clin\u00e9 en deux volets (un pr\u00eat de 18,5 millions d\u2019euros de la Banque et un pr\u00eat concessionnel de 8 millions d\u2019euros du Fonds pour l\u2019\u00e9nergie durable en Afrique (SEFA), devrait permettre au Togo de mat\u00e9rialiser ce projet ambitieux. <\/p>\n\n\n\n<p class=\"wp-block-paragraph\">D\u00e9velopp\u00e9 par le g\u00e9ant fran\u00e7ais EDF, ledit projet va n\u00e9cessiter une enveloppe globale de 61 millions d\u2019euros, ceci de la construction \u00e0 l\u2019exploitation de la centrale et d\u2019une ligne de transport de 11 kilom\u00e8tres.<\/p>\n\n\n\n<p class=\"wp-block-paragraph\">L\u2019infrastructure, une fois op\u00e9rationnelle, devrait produire annuellement 87 gigawattheures d\u2019\u00e9lectricit\u00e9. Une \u00e9nergie propre, fiable et abordable qui, en plus de couvrir les besoins de plus de 700.000 personnes, devrait combler le d\u00e9ficit \u00e9nerg\u00e9tique de la r\u00e9gion.<\/p>\n\n\n\n<p class=\"wp-block-paragraph\">En outre, l\u2019ouvrage devrait contribuer au respect des engagements climatiques pris par le pays dans le cadre de l\u2019Accord e Paris, notamment par la r\u00e9duction les \u00e9missions annuelles de CO2 \u00e0 hauteur de 13.600 tonnes.<\/p>\n\n\n<div class=\"wp-block-image\">\n<figure class=\"aligncenter size-full is-resized\"><img loading=\"lazy\" decoding=\"async\" width=\"500\" height=\"304\" src=\"https:\/\/macite.tg\/wp-content\/uploads\/2025\/05\/OTR_SAM.jpg\" alt=\"\" class=\"wp-image-21823\" style=\"width:840px;height:auto\" srcset=\"https:\/\/macite.tg\/wp-content\/uploads\/2025\/05\/OTR_SAM.jpg 500w, https:\/\/macite.tg\/wp-content\/uploads\/2025\/05\/OTR_SAM-300x182.jpg 300w\" sizes=\"auto, (max-width: 500px) 100vw, 500px\" \/><\/figure>\n<\/div>\n\n\n<p class=\"wp-block-paragraph\">Pour le vice-pr\u00e9sident du Groupe de la BAD, K\u00e9vin Kariuki, <em>\u00ab&nbsp;le<\/em> <em>projet solaire de Sokod\u00e9 est une r\u00e9alisation historique qui souligne l\u2019engagement fort du Togo en faveur de la transition vers les \u00e9nergies renouvelables&nbsp;\u00bb.<\/em><\/p>\n\n\n\n<p class=\"wp-block-paragraph\"><strong>Mab\u00e9 B.<\/strong><\/p>\n\n\n\n<p class=\"wp-block-paragraph\"><a><strong><em>@macite.tg&nbsp;&nbsp;&nbsp;&nbsp;&nbsp;&nbsp;&nbsp;&nbsp;<\/em><\/strong><\/a><\/p>\n\n\n\n<p class=\"wp-block-paragraph\"><strong><em>E-mail&nbsp;: <\/em><\/strong><a href=\"mailto:maciteinfo@gmail.com\"><strong><em>maciteinfo@gmail.com<\/em><\/strong><\/a><strong><em>; <\/em><\/strong><a href=\"mailto:bawela1@gmail.com\"><strong><em>bawela1@gmail.com<\/em><\/strong><\/a><strong><em><\/em><\/strong><\/p>\n\n\n\n<p class=\"wp-block-paragraph\"><strong><em>Pour vos annonces, (publi)reportages, etc., joignez-nous au (00228)91515309\/<strong>79872224 <\/strong>www.macite.tg, L\u2019information, la bonne&nbsp;!<\/em><\/strong><\/p>\n\n\n\n<p class=\"wp-block-paragraph\"><\/p>\n","protected":false},"excerpt":{"rendered":"<p class=\"text-justify mb-2\" >Le projet de construction de la centrale solaire de Sokod\u00e9, dans la r\u00e9gion Centrale, entre dans sa phase de mat\u00e9rialisation. Le Groupe de la Banque africaine de d\u00e9veloppement (BAD) a approuv\u00e9, le jeudi 08 mai dernier \u00e0 Abidjan, un financement de 26,5 millions d\u2019euros (environ [&hellip;]<\/p>\n","protected":false},"author":2,"featured_media":21970,"comment_status":"open","ping_status":"open","sticky":false,"template":"","format":"standard","meta":{"footnotes":""},"categories":[20,38],"tags":[],"class_list":["post-21968","post","type-post","status-publish","format-standard","has-post-thumbnail","hentry","category-actualite","category-energie"],"yoast_head":"<!-- This site is optimized with the Yoast SEO plugin v28.4 - https:\/\/yoast.com\/product\/yoast-seo-wordpress\/ -->\n<title>\u00c9NERGIE : Le Togo obtient l\u2019appui de la BAD pour la construction de la centrale solaire de Sokod\u00e9 -<\/title>\n<meta name=\"robots\" content=\"index, follow, max-snippet:-1, max-image-preview:large, max-video-preview:-1\" \/>\n<link rel=\"canonical\" href=\"https:\/\/macite.tg\/?p=21968\" \/>\n<meta property=\"og:locale\" content=\"fr_FR\" \/>\n<meta property=\"og:type\" content=\"article\" \/>\n<meta property=\"og:title\" content=\"\u00c9NERGIE : Le Togo obtient l\u2019appui de la BAD pour la construction de la centrale solaire de Sokod\u00e9 -\" \/>\n<meta property=\"og:description\" content=\"Le projet de construction de la centrale solaire de Sokod\u00e9, dans la r\u00e9gion Centrale, entre dans sa phase de mat\u00e9rialisation. Le Groupe de la Banque africaine de d\u00e9veloppement (BAD) a approuv\u00e9, le jeudi 08 mai dernier \u00e0 Abidjan, un financement de 26,5 millions d\u2019euros (environ [&hellip;]\" \/>\n<meta property=\"og:url\" content=\"https:\/\/macite.tg\/?p=21968\" \/>\n<meta property=\"article:published_time\" content=\"2025-05-09T17:27:23+00:00\" \/>\n<meta property=\"article:modified_time\" content=\"2025-05-09T17:27:33+00:00\" \/>\n<meta property=\"og:image\" content=\"https:\/\/macite.tg\/wp-content\/uploads\/2025\/05\/image-25.png\" \/>\n\t<meta property=\"og:image:width\" content=\"385\" \/>\n\t<meta property=\"og:image:height\" content=\"270\" \/>\n\t<meta property=\"og:image:type\" content=\"image\/png\" \/>\n<meta name=\"author\" content=\"Jean Pierre BAWELA\" \/>\n<meta name=\"twitter:card\" content=\"summary_large_image\" \/>\n<meta name=\"twitter:label1\" content=\"\u00c9crit par\" \/>\n\t<meta name=\"twitter:data1\" content=\"Jean Pierre BAWELA\" \/>\n\t<meta name=\"twitter:label2\" content=\"Dur\u00e9e de lecture estim\u00e9e\" \/>\n\t<meta name=\"twitter:data2\" content=\"3 minutes\" \/>\n<script type=\"application\/ld+json\" class=\"yoast-schema-graph\">{\"@context\":\"https:\\\/\\\/schema.org\",\"@graph\":[{\"@type\":\"Article\",\"@id\":\"https:\\\/\\\/macite.tg\\\/?p=21968#article\",\"isPartOf\":{\"@id\":\"https:\\\/\\\/macite.tg\\\/?p=21968\"},\"author\":{\"name\":\"Jean Pierre BAWELA\",\"@id\":\"https:\\\/\\\/macite.tg\\\/#\\\/schema\\\/person\\\/e9f2de7e5dbbe7770a9402c7ce82f5c2\"},\"headline\":\"\u00c9NERGIE : Le Togo obtient l\u2019appui de la BAD pour la construction de la centrale solaire de Sokod\u00e9\",\"datePublished\":\"2025-05-09T17:27:23+00:00\",\"dateModified\":\"2025-05-09T17:27:33+00:00\",\"mainEntityOfPage\":{\"@id\":\"https:\\\/\\\/macite.tg\\\/?p=21968\"},\"wordCount\":357,\"commentCount\":0,\"image\":{\"@id\":\"https:\\\/\\\/macite.tg\\\/?p=21968#primaryimage\"},\"thumbnailUrl\":\"https:\\\/\\\/macite.tg\\\/wp-content\\\/uploads\\\/2025\\\/05\\\/image-25.png\",\"articleSection\":[\"ACTUALITE\",\"ENERGIE\"],\"inLanguage\":\"fr-FR\",\"potentialAction\":[{\"@type\":\"CommentAction\",\"name\":\"Comment\",\"target\":[\"https:\\\/\\\/macite.tg\\\/?p=21968#respond\"]}]},{\"@type\":\"WebPage\",\"@id\":\"https:\\\/\\\/macite.tg\\\/?p=21968\",\"url\":\"https:\\\/\\\/macite.tg\\\/?p=21968\",\"name\":\"\u00c9NERGIE : Le Togo obtient l\u2019appui de la BAD pour la construction de la centrale solaire de Sokod\u00e9 -\",\"isPartOf\":{\"@id\":\"https:\\\/\\\/macite.tg\\\/#website\"},\"primaryImageOfPage\":{\"@id\":\"https:\\\/\\\/macite.tg\\\/?p=21968#primaryimage\"},\"image\":{\"@id\":\"https:\\\/\\\/macite.tg\\\/?p=21968#primaryimage\"},\"thumbnailUrl\":\"https:\\\/\\\/macite.tg\\\/wp-content\\\/uploads\\\/2025\\\/05\\\/image-25.png\",\"datePublished\":\"2025-05-09T17:27:23+00:00\",\"dateModified\":\"2025-05-09T17:27:33+00:00\",\"author\":{\"@id\":\"https:\\\/\\\/macite.tg\\\/#\\\/schema\\\/person\\\/e9f2de7e5dbbe7770a9402c7ce82f5c2\"},\"breadcrumb\":{\"@id\":\"https:\\\/\\\/macite.tg\\\/?p=21968#breadcrumb\"},\"inLanguage\":\"fr-FR\",\"potentialAction\":[{\"@type\":\"ReadAction\",\"target\":[\"https:\\\/\\\/macite.tg\\\/?p=21968\"]}]},{\"@type\":\"ImageObject\",\"inLanguage\":\"fr-FR\",\"@id\":\"https:\\\/\\\/macite.tg\\\/?p=21968#primaryimage\",\"url\":\"https:\\\/\\\/macite.tg\\\/wp-content\\\/uploads\\\/2025\\\/05\\\/image-25.png\",\"contentUrl\":\"https:\\\/\\\/macite.tg\\\/wp-content\\\/uploads\\\/2025\\\/05\\\/image-25.png\",\"width\":385,\"height\":270,\"caption\":\"Une centrale solaire photovolta\u00efque (Photo archives)\"},{\"@type\":\"BreadcrumbList\",\"@id\":\"https:\\\/\\\/macite.tg\\\/?p=21968#breadcrumb\",\"itemListElement\":[{\"@type\":\"ListItem\",\"position\":1,\"name\":\"Accueil\",\"item\":\"https:\\\/\\\/macite.tg\\\/\"},{\"@type\":\"ListItem\",\"position\":2,\"name\":\"\u00c9NERGIE : Le Togo obtient l\u2019appui de la BAD pour la construction de la centrale solaire de Sokod\u00e9\"}]},{\"@type\":\"WebSite\",\"@id\":\"https:\\\/\\\/macite.tg\\\/#website\",\"url\":\"https:\\\/\\\/macite.tg\\\/\",\"name\":\"\",\"description\":\"L&#039;information, la bonne!!!\",\"potentialAction\":[{\"@type\":\"SearchAction\",\"target\":{\"@type\":\"EntryPoint\",\"urlTemplate\":\"https:\\\/\\\/macite.tg\\\/?s={search_term_string}\"},\"query-input\":{\"@type\":\"PropertyValueSpecification\",\"valueRequired\":true,\"valueName\":\"search_term_string\"}}],\"inLanguage\":\"fr-FR\"},{\"@type\":\"Person\",\"@id\":\"https:\\\/\\\/macite.tg\\\/#\\\/schema\\\/person\\\/e9f2de7e5dbbe7770a9402c7ce82f5c2\",\"name\":\"Jean Pierre BAWELA\",\"image\":{\"@type\":\"ImageObject\",\"inLanguage\":\"fr-FR\",\"@id\":\"https:\\\/\\\/macite.tg\\\/wp-content\\\/uploads\\\/2023\\\/09\\\/WhatsApp-Image-2023-09-19-at-14.44.41-122x122.jpeg\",\"url\":\"https:\\\/\\\/macite.tg\\\/wp-content\\\/uploads\\\/2023\\\/09\\\/WhatsApp-Image-2023-09-19-at-14.44.41-122x122.jpeg\",\"contentUrl\":\"https:\\\/\\\/macite.tg\\\/wp-content\\\/uploads\\\/2023\\\/09\\\/WhatsApp-Image-2023-09-19-at-14.44.41-122x122.jpeg\",\"caption\":\"Jean Pierre BAWELA\"},\"url\":\"https:\\\/\\\/macite.tg\\\/?author=2\"}]}<\/script>\n<!-- \/ Yoast SEO plugin. -->","yoast_head_json":{"title":"\u00c9NERGIE : Le Togo obtient l\u2019appui de la BAD pour la construction de la centrale solaire de Sokod\u00e9 -","robots":{"index":"index","follow":"follow","max-snippet":"max-snippet:-1","max-image-preview":"max-image-preview:large","max-video-preview":"max-video-preview:-1"},"canonical":"https:\/\/macite.tg\/?p=21968","og_locale":"fr_FR","og_type":"article","og_title":"\u00c9NERGIE : Le Togo obtient l\u2019appui de la BAD pour la construction de la centrale solaire de Sokod\u00e9 -","og_description":"Le projet de construction de la centrale solaire de Sokod\u00e9, dans la r\u00e9gion Centrale, entre dans sa phase de mat\u00e9rialisation. Le Groupe de la Banque africaine de d\u00e9veloppement (BAD) a approuv\u00e9, le jeudi 08 mai dernier \u00e0 Abidjan, un financement de 26,5 millions d\u2019euros (environ [&hellip;]","og_url":"https:\/\/macite.tg\/?p=21968","article_published_time":"2025-05-09T17:27:23+00:00","article_modified_time":"2025-05-09T17:27:33+00:00","og_image":[{"width":385,"height":270,"url":"https:\/\/macite.tg\/wp-content\/uploads\/2025\/05\/image-25.png","type":"image\/png"}],"author":"Jean Pierre BAWELA","twitter_card":"summary_large_image","twitter_misc":{"\u00c9crit par":"Jean Pierre BAWELA","Dur\u00e9e de lecture estim\u00e9e":"3 minutes"},"schema":{"@context":"https:\/\/schema.org","@graph":[{"@type":"Article","@id":"https:\/\/macite.tg\/?p=21968#article","isPartOf":{"@id":"https:\/\/macite.tg\/?p=21968"},"author":{"name":"Jean Pierre BAWELA","@id":"https:\/\/macite.tg\/#\/schema\/person\/e9f2de7e5dbbe7770a9402c7ce82f5c2"},"headline":"\u00c9NERGIE : Le Togo obtient l\u2019appui de la BAD pour la construction de la centrale solaire de Sokod\u00e9","datePublished":"2025-05-09T17:27:23+00:00","dateModified":"2025-05-09T17:27:33+00:00","mainEntityOfPage":{"@id":"https:\/\/macite.tg\/?p=21968"},"wordCount":357,"commentCount":0,"image":{"@id":"https:\/\/macite.tg\/?p=21968#primaryimage"},"thumbnailUrl":"https:\/\/macite.tg\/wp-content\/uploads\/2025\/05\/image-25.png","articleSection":["ACTUALITE","ENERGIE"],"inLanguage":"fr-FR","potentialAction":[{"@type":"CommentAction","name":"Comment","target":["https:\/\/macite.tg\/?p=21968#respond"]}]},{"@type":"WebPage","@id":"https:\/\/macite.tg\/?p=21968","url":"https:\/\/macite.tg\/?p=21968","name":"\u00c9NERGIE : Le Togo obtient l\u2019appui de la BAD pour la construction de la centrale solaire de Sokod\u00e9 -","isPartOf":{"@id":"https:\/\/macite.tg\/#website"},"primaryImageOfPage":{"@id":"https:\/\/macite.tg\/?p=21968#primaryimage"},"image":{"@id":"https:\/\/macite.tg\/?p=21968#primaryimage"},"thumbnailUrl":"https:\/\/macite.tg\/wp-content\/uploads\/2025\/05\/image-25.png","datePublished":"2025-05-09T17:27:23+00:00","dateModified":"2025-05-09T17:27:33+00:00","author":{"@id":"https:\/\/macite.tg\/#\/schema\/person\/e9f2de7e5dbbe7770a9402c7ce82f5c2"},"breadcrumb":{"@id":"https:\/\/macite.tg\/?p=21968#breadcrumb"},"inLanguage":"fr-FR","potentialAction":[{"@type":"ReadAction","target":["https:\/\/macite.tg\/?p=21968"]}]},{"@type":"ImageObject","inLanguage":"fr-FR","@id":"https:\/\/macite.tg\/?p=21968#primaryimage","url":"https:\/\/macite.tg\/wp-content\/uploads\/2025\/05\/image-25.png","contentUrl":"https:\/\/macite.tg\/wp-content\/uploads\/2025\/05\/image-25.png","width":385,"height":270,"caption":"Une centrale solaire photovolta\u00efque (Photo archives)"},{"@type":"BreadcrumbList","@id":"https:\/\/macite.tg\/?p=21968#breadcrumb","itemListElement":[{"@type":"ListItem","position":1,"name":"Accueil","item":"https:\/\/macite.tg\/"},{"@type":"ListItem","position":2,"name":"\u00c9NERGIE : Le Togo obtient l\u2019appui de la BAD pour la construction de la centrale solaire de Sokod\u00e9"}]},{"@type":"WebSite","@id":"https:\/\/macite.tg\/#website","url":"https:\/\/macite.tg\/","name":"","description":"L&#039;information, la bonne!!!","potentialAction":[{"@type":"SearchAction","target":{"@type":"EntryPoint","urlTemplate":"https:\/\/macite.tg\/?s={search_term_string}"},"query-input":{"@type":"PropertyValueSpecification","valueRequired":true,"valueName":"search_term_string"}}],"inLanguage":"fr-FR"},{"@type":"Person","@id":"https:\/\/macite.tg\/#\/schema\/person\/e9f2de7e5dbbe7770a9402c7ce82f5c2","name":"Jean Pierre BAWELA","image":{"@type":"ImageObject","inLanguage":"fr-FR","@id":"https:\/\/macite.tg\/wp-content\/uploads\/2023\/09\/WhatsApp-Image-2023-09-19-at-14.44.41-122x122.jpeg","url":"https:\/\/macite.tg\/wp-content\/uploads\/2023\/09\/WhatsApp-Image-2023-09-19-at-14.44.41-122x122.jpeg","contentUrl":"https:\/\/macite.tg\/wp-content\/uploads\/2023\/09\/WhatsApp-Image-2023-09-19-at-14.44.41-122x122.jpeg","caption":"Jean Pierre BAWELA"},"url":"https:\/\/macite.tg\/?author=2"}]}},"_links":{"self":[{"href":"https:\/\/macite.tg\/index.php?rest_route=\/wp\/v2\/posts\/21968","targetHints":{"allow":["GET"]}}],"collection":[{"href":"https:\/\/macite.tg\/index.php?rest_route=\/wp\/v2\/posts"}],"about":[{"href":"https:\/\/macite.tg\/index.php?rest_route=\/wp\/v2\/types\/post"}],"author":[{"embeddable":true,"href":"https:\/\/macite.tg\/index.php?rest_route=\/wp\/v2\/users\/2"}],"replies":[{"embeddable":true,"href":"https:\/\/macite.tg\/index.php?rest_route=%2Fwp%2Fv2%2Fcomments&post=21968"}],"version-history":[{"count":0,"href":"https:\/\/macite.tg\/index.php?rest_route=\/wp\/v2\/posts\/21968\/revisions"}],"wp:featuredmedia":[{"embeddable":true,"href":"https:\/\/macite.tg\/index.php?rest_route=\/wp\/v2\/media\/21970"}],"wp:attachment":[{"href":"https:\/\/macite.tg\/index.php?rest_route=%2Fwp%2Fv2%2Fmedia&parent=21968"}],"wp:term":[{"taxonomy":"category","embeddable":true,"href":"https:\/\/macite.tg\/index.php?rest_route=%2Fwp%2Fv2%2Fcategories&post=21968"},{"taxonomy":"post_tag","embeddable":true,"href":"https:\/\/macite.tg\/index.php?rest_route=%2Fwp%2Fv2%2Ftags&post=21968"}],"curies":[{"name":"wp","href":"https:\/\/api.w.org\/{rel}","templated":true}]}}