{"id":21955,"date":"2025-05-09T11:54:13","date_gmt":"2025-05-09T11:54:13","guid":{"rendered":"https:\/\/macite.tg\/?p=21955"},"modified":"2025-05-09T11:54:33","modified_gmt":"2025-05-09T11:54:33","slug":"lady-gaga-un-attentat-dejoue-lors-de-son-concert-sur-la-plage-de-copacabana-bresil","status":"publish","type":"post","link":"https:\/\/macite.tg\/?p=21955","title":{"rendered":"LADY GAGA\u00a0: Un attentat d\u00e9jou\u00e9 lors de son concert sur la plage de Copacabana (Br\u00e9sil)"},"content":{"rendered":"\n<p class=\"wp-block-paragraph\"><strong><em>La police br\u00e9silienne annonce avoir d\u00e9jou\u00e9 un attentat \u00e0 la bombe lors du concert de Lady Gaga qui r\u00e9unissait, le samedi dernier. Le concert a rassembl\u00e9 plus de deux millions de spectateurs.<\/em><\/strong><em><\/em><\/p>\n\n\n\n<p class=\"wp-block-paragraph\">Lors d\u2019une conf\u00e9rence de presse, dimanche, la police a d\u00e9clar\u00e9 que deux personnes ont \u00e9t\u00e9 arr\u00eat\u00e9es suite \u00e0 cette&nbsp;<strong>tentative d\u2019attentat<\/strong>. Ces derniers pr\u00e9voyaient de faire exploser une bombe lors d&rsquo;un concert gratuit de Lady Gaga, \u00e0 Rio de Janeiro.&nbsp;<\/p>\n\n\n<div class=\"wp-block-image\">\n<figure class=\"aligncenter size-full\"><img loading=\"lazy\" decoding=\"async\" width=\"700\" height=\"1001\" src=\"https:\/\/macite.tg\/wp-content\/uploads\/2025\/05\/OTR_Etat-GEFU.jpg\" alt=\"\" class=\"wp-image-21894\" srcset=\"https:\/\/macite.tg\/wp-content\/uploads\/2025\/05\/OTR_Etat-GEFU.jpg 700w, https:\/\/macite.tg\/wp-content\/uploads\/2025\/05\/OTR_Etat-GEFU-210x300.jpg 210w\" sizes=\"auto, (max-width: 700px) 100vw, 700px\" \/><\/figure>\n<\/div>\n\n\n<p class=\"wp-block-paragraph\">L&rsquo;\u00e9v\u00e9nement, qui s&rsquo;est d\u00e9roul\u00e9 samedi, a attir\u00e9\u00a0<strong>quelque deux millions de fans<\/strong>\u00a0sur la plage de Copacabana.\u00a0<\/p>\n\n\n\n<p class=\"wp-block-paragraph\">La police de l&rsquo;\u00c9tat de Rio de Janeiro a d\u00e9clar\u00e9 qu&rsquo;elle avait collabor\u00e9 avec le minist\u00e8re de la Justice pour d\u00e9jouer l\u2019attaque pr\u00e9tendument planifi\u00e9e par un groupe qui diffusait des&nbsp;<strong><em>propos haineux \u00e0 l&rsquo;encontre de la communaut\u00e9 LGBTQIA+<\/em><\/strong><em>.<\/em> Le groupe cherchait \u00e0 radicaliser et \u00e0 recruter des adolescents pour commettre des attentats avec des cocktails Molotov et des explosifs artisanaux.&nbsp;<\/p>\n\n\n\n<p class=\"wp-block-paragraph\">Deux personnes en rapport avec le projet d&rsquo;attentat ont \u00e9t\u00e9 arr\u00eat\u00e9es : le chef pr\u00e9sum\u00e9 du groupe, accus\u00e9 de possession ill\u00e9gale d&rsquo;armes, interpell\u00e9 dans l&rsquo;\u00c9tat du Rio Grande do Sul ; et un adolescent, \u00e0 Rio.&nbsp;<\/p>\n\n\n<div class=\"wp-block-image\">\n<figure class=\"aligncenter size-full is-resized\"><img loading=\"lazy\" decoding=\"async\" width=\"500\" height=\"304\" src=\"https:\/\/macite.tg\/wp-content\/uploads\/2025\/05\/OTR_SAM.jpg\" alt=\"\" class=\"wp-image-21823\" style=\"width:576px;height:auto\" srcset=\"https:\/\/macite.tg\/wp-content\/uploads\/2025\/05\/OTR_SAM.jpg 500w, https:\/\/macite.tg\/wp-content\/uploads\/2025\/05\/OTR_SAM-300x182.jpg 300w\" sizes=\"auto, (max-width: 500px) 100vw, 500px\" \/><\/figure>\n<\/div>\n\n\n<p class=\"wp-block-paragraph\">Les autorit\u00e9s ont indiqu\u00e9 que la police avait effectu\u00e9 des perquisitions chez&nbsp;<strong>15 suspects<\/strong>&nbsp;dans plusieurs \u00c9tats du Br\u00e9sil et confisqu\u00e9 des t\u00e9l\u00e9phones et d&rsquo;autres appareils \u00e9lectroniques.&nbsp;<\/p>\n\n\n\n<p class=\"wp-block-paragraph\">Ni&nbsp;<strong>Lady Gaga<\/strong>&nbsp;ni les promoteurs du concert ne se sont exprim\u00e9s pour l\u2019heure.<\/p>\n\n\n\n<p class=\"wp-block-paragraph\"><a href=\"https:\/\/www.bing.com\/videos\/riverview\/relatedvideo?&amp;q=concert+de+lady+gaga+au+br%c3%a9sil&amp;&amp;mid=D510B16E92F59FD54BE9D510B16E92F59FD54BE9&amp;&amp;mcid=9DD2A6614B714DB09D520BF29F9DCD9C&amp;FORM=VRDGAR\">https:\/\/www.bing.com\/videos\/riverview\/relatedvideo?&amp;q=concert+de+lady+gaga+au+br%c3%a9sil&amp;&amp;mid=D510B16E92F59FD54BE9D510B16E92F59FD54BE9&amp;&amp;mcid=9DD2A6614B714DB09D520BF29F9DCD9C&amp;FORM=VRDGAR<\/a><\/p>\n\n\n\n<p class=\"wp-block-paragraph\"><strong>MSN<\/strong><\/p>\n\n\n\n<p class=\"wp-block-paragraph\"><a><strong><em>@macite.tg&nbsp;&nbsp;&nbsp;&nbsp;&nbsp;&nbsp;&nbsp;&nbsp;<\/em><\/strong><\/a><\/p>\n\n\n\n<p class=\"wp-block-paragraph\"><strong><em>E-mail&nbsp;: <\/em><\/strong><a href=\"mailto:maciteinfo@gmail.com\"><strong><em>maciteinfo@gmail.com<\/em><\/strong><\/a><strong><em>; <\/em><\/strong><a href=\"mailto:bawela1@gmail.com\"><strong><em>bawela1@gmail.com<\/em><\/strong><\/a><strong><em><\/em><\/strong><\/p>\n\n\n\n<p class=\"wp-block-paragraph\"><strong><em>Pour vos annonces, (publi)reportages, etc., joignez-nous au (00228)91515309\/<strong>79872224 <\/strong>www.macite.tg, L\u2019information, la bonne&nbsp;!<\/em><\/strong><\/p>\n\n\n\n<p class=\"wp-block-paragraph\"><\/p>\n","protected":false},"excerpt":{"rendered":"<p class=\"text-justify mb-2\" >La police br\u00e9silienne annonce avoir d\u00e9jou\u00e9 un attentat \u00e0 la bombe lors du concert de Lady Gaga qui r\u00e9unissait, le samedi dernier. Le concert a rassembl\u00e9 plus de deux millions de spectateurs. Lors d\u2019une conf\u00e9rence de presse, dimanche, la police a d\u00e9clar\u00e9 que deux personnes [&hellip;]<\/p>\n","protected":false},"author":2,"featured_media":21957,"comment_status":"open","ping_status":"open","sticky":false,"template":"","format":"standard","meta":{"footnotes":""},"categories":[20,51,28],"tags":[],"class_list":["post-21955","post","type-post","status-publish","format-standard","has-post-thumbnail","hentry","category-actualite","category-musique","category-securite"],"yoast_head":"<!-- This site is optimized with the Yoast SEO plugin v28.4 - https:\/\/yoast.com\/product\/yoast-seo-wordpress\/ -->\n<title>LADY GAGA\u00a0: Un attentat d\u00e9jou\u00e9 lors de son concert sur la plage de Copacabana (Br\u00e9sil) -<\/title>\n<meta name=\"robots\" content=\"index, follow, max-snippet:-1, max-image-preview:large, max-video-preview:-1\" \/>\n<link rel=\"canonical\" href=\"https:\/\/macite.tg\/?p=21955\" \/>\n<meta property=\"og:locale\" content=\"fr_FR\" \/>\n<meta property=\"og:type\" content=\"article\" \/>\n<meta property=\"og:title\" content=\"LADY GAGA\u00a0: Un attentat d\u00e9jou\u00e9 lors de son concert sur la plage de Copacabana (Br\u00e9sil) -\" \/>\n<meta property=\"og:description\" content=\"La police br\u00e9silienne annonce avoir d\u00e9jou\u00e9 un attentat \u00e0 la bombe lors du concert de Lady Gaga qui r\u00e9unissait, le samedi dernier. Le concert a rassembl\u00e9 plus de deux millions de spectateurs. Lors d\u2019une conf\u00e9rence de presse, dimanche, la police a d\u00e9clar\u00e9 que deux personnes [&hellip;]\" \/>\n<meta property=\"og:url\" content=\"https:\/\/macite.tg\/?p=21955\" \/>\n<meta property=\"article:published_time\" content=\"2025-05-09T11:54:13+00:00\" \/>\n<meta property=\"article:modified_time\" content=\"2025-05-09T11:54:33+00:00\" \/>\n<meta property=\"og:image\" content=\"https:\/\/macite.tg\/wp-content\/uploads\/2025\/05\/image-23.png\" \/>\n\t<meta property=\"og:image:width\" content=\"534\" \/>\n\t<meta property=\"og:image:height\" content=\"300\" \/>\n\t<meta property=\"og:image:type\" content=\"image\/png\" \/>\n<meta name=\"author\" content=\"Jean Pierre BAWELA\" \/>\n<meta name=\"twitter:card\" content=\"summary_large_image\" \/>\n<meta name=\"twitter:label1\" content=\"\u00c9crit par\" \/>\n\t<meta name=\"twitter:data1\" content=\"Jean Pierre BAWELA\" \/>\n\t<meta name=\"twitter:label2\" content=\"Dur\u00e9e de lecture estim\u00e9e\" \/>\n\t<meta name=\"twitter:data2\" content=\"2 minutes\" \/>\n<script type=\"application\/ld+json\" class=\"yoast-schema-graph\">{\"@context\":\"https:\\\/\\\/schema.org\",\"@graph\":[{\"@type\":\"Article\",\"@id\":\"https:\\\/\\\/macite.tg\\\/?p=21955#article\",\"isPartOf\":{\"@id\":\"https:\\\/\\\/macite.tg\\\/?p=21955\"},\"author\":{\"name\":\"Jean Pierre BAWELA\",\"@id\":\"https:\\\/\\\/macite.tg\\\/#\\\/schema\\\/person\\\/e9f2de7e5dbbe7770a9402c7ce82f5c2\"},\"headline\":\"LADY GAGA\u00a0: Un attentat d\u00e9jou\u00e9 lors de son concert sur la plage de Copacabana (Br\u00e9sil)\",\"datePublished\":\"2025-05-09T11:54:13+00:00\",\"dateModified\":\"2025-05-09T11:54:33+00:00\",\"mainEntityOfPage\":{\"@id\":\"https:\\\/\\\/macite.tg\\\/?p=21955\"},\"wordCount\":364,\"commentCount\":0,\"image\":{\"@id\":\"https:\\\/\\\/macite.tg\\\/?p=21955#primaryimage\"},\"thumbnailUrl\":\"https:\\\/\\\/macite.tg\\\/wp-content\\\/uploads\\\/2025\\\/05\\\/image-23.png\",\"articleSection\":[\"ACTUALITE\",\"MUSIQUE\",\"SECURITE\"],\"inLanguage\":\"fr-FR\",\"potentialAction\":[{\"@type\":\"CommentAction\",\"name\":\"Comment\",\"target\":[\"https:\\\/\\\/macite.tg\\\/?p=21955#respond\"]}]},{\"@type\":\"WebPage\",\"@id\":\"https:\\\/\\\/macite.tg\\\/?p=21955\",\"url\":\"https:\\\/\\\/macite.tg\\\/?p=21955\",\"name\":\"LADY GAGA\u00a0: Un attentat d\u00e9jou\u00e9 lors de son concert sur la plage de Copacabana (Br\u00e9sil) -\",\"isPartOf\":{\"@id\":\"https:\\\/\\\/macite.tg\\\/#website\"},\"primaryImageOfPage\":{\"@id\":\"https:\\\/\\\/macite.tg\\\/?p=21955#primaryimage\"},\"image\":{\"@id\":\"https:\\\/\\\/macite.tg\\\/?p=21955#primaryimage\"},\"thumbnailUrl\":\"https:\\\/\\\/macite.tg\\\/wp-content\\\/uploads\\\/2025\\\/05\\\/image-23.png\",\"datePublished\":\"2025-05-09T11:54:13+00:00\",\"dateModified\":\"2025-05-09T11:54:33+00:00\",\"author\":{\"@id\":\"https:\\\/\\\/macite.tg\\\/#\\\/schema\\\/person\\\/e9f2de7e5dbbe7770a9402c7ce82f5c2\"},\"breadcrumb\":{\"@id\":\"https:\\\/\\\/macite.tg\\\/?p=21955#breadcrumb\"},\"inLanguage\":\"fr-FR\",\"potentialAction\":[{\"@type\":\"ReadAction\",\"target\":[\"https:\\\/\\\/macite.tg\\\/?p=21955\"]}]},{\"@type\":\"ImageObject\",\"inLanguage\":\"fr-FR\",\"@id\":\"https:\\\/\\\/macite.tg\\\/?p=21955#primaryimage\",\"url\":\"https:\\\/\\\/macite.tg\\\/wp-content\\\/uploads\\\/2025\\\/05\\\/image-23.png\",\"contentUrl\":\"https:\\\/\\\/macite.tg\\\/wp-content\\\/uploads\\\/2025\\\/05\\\/image-23.png\",\"width\":534,\"height\":300,\"caption\":\"Une vue de l'assistance lors du concert\"},{\"@type\":\"BreadcrumbList\",\"@id\":\"https:\\\/\\\/macite.tg\\\/?p=21955#breadcrumb\",\"itemListElement\":[{\"@type\":\"ListItem\",\"position\":1,\"name\":\"Accueil\",\"item\":\"https:\\\/\\\/macite.tg\\\/\"},{\"@type\":\"ListItem\",\"position\":2,\"name\":\"LADY GAGA\u00a0: Un attentat d\u00e9jou\u00e9 lors de son concert sur la plage de Copacabana (Br\u00e9sil)\"}]},{\"@type\":\"WebSite\",\"@id\":\"https:\\\/\\\/macite.tg\\\/#website\",\"url\":\"https:\\\/\\\/macite.tg\\\/\",\"name\":\"\",\"description\":\"L&#039;information, la bonne!!!\",\"potentialAction\":[{\"@type\":\"SearchAction\",\"target\":{\"@type\":\"EntryPoint\",\"urlTemplate\":\"https:\\\/\\\/macite.tg\\\/?s={search_term_string}\"},\"query-input\":{\"@type\":\"PropertyValueSpecification\",\"valueRequired\":true,\"valueName\":\"search_term_string\"}}],\"inLanguage\":\"fr-FR\"},{\"@type\":\"Person\",\"@id\":\"https:\\\/\\\/macite.tg\\\/#\\\/schema\\\/person\\\/e9f2de7e5dbbe7770a9402c7ce82f5c2\",\"name\":\"Jean Pierre BAWELA\",\"image\":{\"@type\":\"ImageObject\",\"inLanguage\":\"fr-FR\",\"@id\":\"https:\\\/\\\/macite.tg\\\/wp-content\\\/uploads\\\/2023\\\/09\\\/WhatsApp-Image-2023-09-19-at-14.44.41-122x122.jpeg\",\"url\":\"https:\\\/\\\/macite.tg\\\/wp-content\\\/uploads\\\/2023\\\/09\\\/WhatsApp-Image-2023-09-19-at-14.44.41-122x122.jpeg\",\"contentUrl\":\"https:\\\/\\\/macite.tg\\\/wp-content\\\/uploads\\\/2023\\\/09\\\/WhatsApp-Image-2023-09-19-at-14.44.41-122x122.jpeg\",\"caption\":\"Jean Pierre BAWELA\"},\"url\":\"https:\\\/\\\/macite.tg\\\/?author=2\"}]}<\/script>\n<!-- \/ Yoast SEO plugin. -->","yoast_head_json":{"title":"LADY GAGA\u00a0: Un attentat d\u00e9jou\u00e9 lors de son concert sur la plage de Copacabana (Br\u00e9sil) -","robots":{"index":"index","follow":"follow","max-snippet":"max-snippet:-1","max-image-preview":"max-image-preview:large","max-video-preview":"max-video-preview:-1"},"canonical":"https:\/\/macite.tg\/?p=21955","og_locale":"fr_FR","og_type":"article","og_title":"LADY GAGA\u00a0: Un attentat d\u00e9jou\u00e9 lors de son concert sur la plage de Copacabana (Br\u00e9sil) -","og_description":"La police br\u00e9silienne annonce avoir d\u00e9jou\u00e9 un attentat \u00e0 la bombe lors du concert de Lady Gaga qui r\u00e9unissait, le samedi dernier. Le concert a rassembl\u00e9 plus de deux millions de spectateurs. Lors d\u2019une conf\u00e9rence de presse, dimanche, la police a d\u00e9clar\u00e9 que deux personnes [&hellip;]","og_url":"https:\/\/macite.tg\/?p=21955","article_published_time":"2025-05-09T11:54:13+00:00","article_modified_time":"2025-05-09T11:54:33+00:00","og_image":[{"width":534,"height":300,"url":"https:\/\/macite.tg\/wp-content\/uploads\/2025\/05\/image-23.png","type":"image\/png"}],"author":"Jean Pierre BAWELA","twitter_card":"summary_large_image","twitter_misc":{"\u00c9crit par":"Jean Pierre BAWELA","Dur\u00e9e de lecture estim\u00e9e":"2 minutes"},"schema":{"@context":"https:\/\/schema.org","@graph":[{"@type":"Article","@id":"https:\/\/macite.tg\/?p=21955#article","isPartOf":{"@id":"https:\/\/macite.tg\/?p=21955"},"author":{"name":"Jean Pierre BAWELA","@id":"https:\/\/macite.tg\/#\/schema\/person\/e9f2de7e5dbbe7770a9402c7ce82f5c2"},"headline":"LADY GAGA\u00a0: Un attentat d\u00e9jou\u00e9 lors de son concert sur la plage de Copacabana (Br\u00e9sil)","datePublished":"2025-05-09T11:54:13+00:00","dateModified":"2025-05-09T11:54:33+00:00","mainEntityOfPage":{"@id":"https:\/\/macite.tg\/?p=21955"},"wordCount":364,"commentCount":0,"image":{"@id":"https:\/\/macite.tg\/?p=21955#primaryimage"},"thumbnailUrl":"https:\/\/macite.tg\/wp-content\/uploads\/2025\/05\/image-23.png","articleSection":["ACTUALITE","MUSIQUE","SECURITE"],"inLanguage":"fr-FR","potentialAction":[{"@type":"CommentAction","name":"Comment","target":["https:\/\/macite.tg\/?p=21955#respond"]}]},{"@type":"WebPage","@id":"https:\/\/macite.tg\/?p=21955","url":"https:\/\/macite.tg\/?p=21955","name":"LADY GAGA\u00a0: Un attentat d\u00e9jou\u00e9 lors de son concert sur la plage de Copacabana (Br\u00e9sil) -","isPartOf":{"@id":"https:\/\/macite.tg\/#website"},"primaryImageOfPage":{"@id":"https:\/\/macite.tg\/?p=21955#primaryimage"},"image":{"@id":"https:\/\/macite.tg\/?p=21955#primaryimage"},"thumbnailUrl":"https:\/\/macite.tg\/wp-content\/uploads\/2025\/05\/image-23.png","datePublished":"2025-05-09T11:54:13+00:00","dateModified":"2025-05-09T11:54:33+00:00","author":{"@id":"https:\/\/macite.tg\/#\/schema\/person\/e9f2de7e5dbbe7770a9402c7ce82f5c2"},"breadcrumb":{"@id":"https:\/\/macite.tg\/?p=21955#breadcrumb"},"inLanguage":"fr-FR","potentialAction":[{"@type":"ReadAction","target":["https:\/\/macite.tg\/?p=21955"]}]},{"@type":"ImageObject","inLanguage":"fr-FR","@id":"https:\/\/macite.tg\/?p=21955#primaryimage","url":"https:\/\/macite.tg\/wp-content\/uploads\/2025\/05\/image-23.png","contentUrl":"https:\/\/macite.tg\/wp-content\/uploads\/2025\/05\/image-23.png","width":534,"height":300,"caption":"Une vue de l'assistance lors du concert"},{"@type":"BreadcrumbList","@id":"https:\/\/macite.tg\/?p=21955#breadcrumb","itemListElement":[{"@type":"ListItem","position":1,"name":"Accueil","item":"https:\/\/macite.tg\/"},{"@type":"ListItem","position":2,"name":"LADY GAGA\u00a0: Un attentat d\u00e9jou\u00e9 lors de son concert sur la plage de Copacabana (Br\u00e9sil)"}]},{"@type":"WebSite","@id":"https:\/\/macite.tg\/#website","url":"https:\/\/macite.tg\/","name":"","description":"L&#039;information, la bonne!!!","potentialAction":[{"@type":"SearchAction","target":{"@type":"EntryPoint","urlTemplate":"https:\/\/macite.tg\/?s={search_term_string}"},"query-input":{"@type":"PropertyValueSpecification","valueRequired":true,"valueName":"search_term_string"}}],"inLanguage":"fr-FR"},{"@type":"Person","@id":"https:\/\/macite.tg\/#\/schema\/person\/e9f2de7e5dbbe7770a9402c7ce82f5c2","name":"Jean Pierre BAWELA","image":{"@type":"ImageObject","inLanguage":"fr-FR","@id":"https:\/\/macite.tg\/wp-content\/uploads\/2023\/09\/WhatsApp-Image-2023-09-19-at-14.44.41-122x122.jpeg","url":"https:\/\/macite.tg\/wp-content\/uploads\/2023\/09\/WhatsApp-Image-2023-09-19-at-14.44.41-122x122.jpeg","contentUrl":"https:\/\/macite.tg\/wp-content\/uploads\/2023\/09\/WhatsApp-Image-2023-09-19-at-14.44.41-122x122.jpeg","caption":"Jean Pierre BAWELA"},"url":"https:\/\/macite.tg\/?author=2"}]}},"_links":{"self":[{"href":"https:\/\/macite.tg\/index.php?rest_route=\/wp\/v2\/posts\/21955","targetHints":{"allow":["GET"]}}],"collection":[{"href":"https:\/\/macite.tg\/index.php?rest_route=\/wp\/v2\/posts"}],"about":[{"href":"https:\/\/macite.tg\/index.php?rest_route=\/wp\/v2\/types\/post"}],"author":[{"embeddable":true,"href":"https:\/\/macite.tg\/index.php?rest_route=\/wp\/v2\/users\/2"}],"replies":[{"embeddable":true,"href":"https:\/\/macite.tg\/index.php?rest_route=%2Fwp%2Fv2%2Fcomments&post=21955"}],"version-history":[{"count":0,"href":"https:\/\/macite.tg\/index.php?rest_route=\/wp\/v2\/posts\/21955\/revisions"}],"wp:featuredmedia":[{"embeddable":true,"href":"https:\/\/macite.tg\/index.php?rest_route=\/wp\/v2\/media\/21957"}],"wp:attachment":[{"href":"https:\/\/macite.tg\/index.php?rest_route=%2Fwp%2Fv2%2Fmedia&parent=21955"}],"wp:term":[{"taxonomy":"category","embeddable":true,"href":"https:\/\/macite.tg\/index.php?rest_route=%2Fwp%2Fv2%2Fcategories&post=21955"},{"taxonomy":"post_tag","embeddable":true,"href":"https:\/\/macite.tg\/index.php?rest_route=%2Fwp%2Fv2%2Ftags&post=21955"}],"curies":[{"name":"wp","href":"https:\/\/api.w.org\/{rel}","templated":true}]}}