{"id":21951,"date":"2025-05-09T11:29:59","date_gmt":"2025-05-09T11:29:59","guid":{"rendered":"https:\/\/macite.tg\/?p=21951"},"modified":"2025-05-09T11:30:02","modified_gmt":"2025-05-09T11:30:02","slug":"en-sejour-en-russie-le-capitaine-ibrahima-traore-a-accorde-une-premiere-audience-au-president-venezuelien","status":"publish","type":"post","link":"https:\/\/macite.tg\/?p=21951","title":{"rendered":"EN SEJOUR EN RUSSIE\u00a0: Le capitaine Ibrahima Traor\u00e9 a accord\u00e9 une premi\u00e8re audience au Pr\u00e9sident v\u00e9n\u00e9zuelien"},"content":{"rendered":"\n<p class=\"wp-block-paragraph\"><strong><em>Le carnet d&rsquo;audiences du Chef de l&rsquo;\u00c9tat, le Capitaine Ibrahim Traor\u00e9 s&rsquo;annonce pour le moins charg\u00e9 en terre russe. Aussit\u00f4t arriv\u00e9 \u00e0 Moscou ce jeudi, \u00e0 la faveur de la c\u00e9l\u00e9bration du 80e anniversaire de la victoire des russes sur le nazisme, il a accord\u00e9 sa premi\u00e8re audience, \u00e0 la d\u00e9l\u00e9gation v\u00e9n\u00e9zu\u00e9lienne conduite par le Pr\u00e9sident de la R\u00e9publique bolivarienne du Venezuela, Nicolas Maduro qui se dit \u00ab tr\u00e8s heureux de rencontrer le Pr\u00e9sident Traor\u00e9 \u00bb.<\/em><\/strong><\/p>\n\n\n\n<p class=\"wp-block-paragraph\">Les questions de coop\u00e9ration entre les deux \u00c9tats ainsi que des sujets de port\u00e9e internationale ont \u00e9t\u00e9 abord\u00e9s au cours de cet entretien entre les deux dirigeants.<\/p>\n\n\n<div class=\"wp-block-image\">\n<figure class=\"aligncenter size-full is-resized\"><img loading=\"lazy\" decoding=\"async\" width=\"700\" height=\"1001\" src=\"https:\/\/macite.tg\/wp-content\/uploads\/2025\/05\/OTR_Etat-GEFU.jpg\" alt=\"\" class=\"wp-image-21894\" style=\"width:562px;height:auto\" srcset=\"https:\/\/macite.tg\/wp-content\/uploads\/2025\/05\/OTR_Etat-GEFU.jpg 700w, https:\/\/macite.tg\/wp-content\/uploads\/2025\/05\/OTR_Etat-GEFU-210x300.jpg 210w\" sizes=\"auto, (max-width: 700px) 100vw, 700px\" \/><\/figure>\n<\/div>\n\n\n<p class=\"wp-block-paragraph\">Pour le Pr\u00e9sident Nicolas Maduro : <em>\u00ab au-del\u00e0 du renforcement des relations entre le Burkina Faso et le Venezuela, il s&rsquo;agit de b\u00e2tir de bonnes choses entre l&rsquo;Afrique et l&rsquo;Am\u00e9rique du Sud. Nous sommes les fr\u00e8res et s\u0153urs d&rsquo;une m\u00eame m\u00e8re qu&rsquo;est l&rsquo;Afrique et aujourd&rsquo;hui, nous avons entam\u00e9 un nouveau chemin ensemble \u00bb<\/em>, souligne-t-il.<\/p>\n\n\n\n<p class=\"wp-block-paragraph\">S&rsquo;agissant de la conduite actuelle de notre pays sous le leadership du Capitaine Ibrahim Traor\u00e9, le Pr\u00e9sident Maduro est tr\u00e8s admiratif : <em>\u00ab Nous admirons la lutte que le Burkina Faso m\u00e8ne pour la libert\u00e9, l&rsquo;ind\u00e9pendance et la justice \u00bb.<\/em><\/p>\n\n\n<div class=\"wp-block-image\">\n<figure class=\"aligncenter size-large is-resized\"><img loading=\"lazy\" decoding=\"async\" width=\"1024\" height=\"1024\" src=\"https:\/\/macite.tg\/wp-content\/uploads\/2025\/05\/OTR_e-timbre-fiscal-2-1024x1024.jpg\" alt=\"\" class=\"wp-image-21822\" style=\"width:510px;height:auto\" srcset=\"https:\/\/macite.tg\/wp-content\/uploads\/2025\/05\/OTR_e-timbre-fiscal-2-1024x1024.jpg 1024w, https:\/\/macite.tg\/wp-content\/uploads\/2025\/05\/OTR_e-timbre-fiscal-2-300x300.jpg 300w, https:\/\/macite.tg\/wp-content\/uploads\/2025\/05\/OTR_e-timbre-fiscal-2-150x150.jpg 150w, https:\/\/macite.tg\/wp-content\/uploads\/2025\/05\/OTR_e-timbre-fiscal-2-768x768.jpg 768w, https:\/\/macite.tg\/wp-content\/uploads\/2025\/05\/OTR_e-timbre-fiscal-2-1536x1536.jpg 1536w, https:\/\/macite.tg\/wp-content\/uploads\/2025\/05\/OTR_e-timbre-fiscal-2-122x122.jpg 122w, https:\/\/macite.tg\/wp-content\/uploads\/2025\/05\/OTR_e-timbre-fiscal-2.jpg 2048w\" sizes=\"auto, (max-width: 1024px) 100vw, 1024px\" \/><\/figure>\n<\/div>\n\n\n<p class=\"wp-block-paragraph\">La R\u00e9publique bolivarienne du Venezuela et le Burkina Faso, au-del\u00e0 des relations de coop\u00e9ration exemplaires dans divers domaines, ont une convergence de vue sur la coop\u00e9ration multilat\u00e9rale et la gouvernance mondiale.<\/p>\n\n\n\n<p class=\"wp-block-paragraph\">Direction de la Communication de la Pr\u00e9sidence du Faso<\/p>\n\n\n\n<p class=\"wp-block-paragraph\"><strong>SyndiGate Media<\/strong><\/p>\n\n\n\n<p class=\"wp-block-paragraph\"><a><strong><em>@macite.tg&nbsp;&nbsp;&nbsp;&nbsp;&nbsp;&nbsp;&nbsp;&nbsp;<\/em><\/strong><\/a><\/p>\n\n\n\n<p class=\"wp-block-paragraph\"><strong><em>E-mail&nbsp;: <\/em><\/strong><a href=\"mailto:maciteinfo@gmail.com\"><strong><em>maciteinfo@gmail.com<\/em><\/strong><\/a><strong><em>; <\/em><\/strong><a href=\"mailto:bawela1@gmail.com\"><strong><em>bawela1@gmail.com<\/em><\/strong><\/a><strong><em> <\/em><\/strong><strong><em><\/em><\/strong><\/p>\n\n\n\n<p class=\"wp-block-paragraph\"><strong><em>Pour vos annonces, (publi)reportages, etc., joignez-nous au (00228)91515309\/<strong>79872224 <\/strong>www.macite.tg, L\u2019information, la bonne&nbsp;!<\/em><\/strong><\/p>\n\n\n\n<p class=\"wp-block-paragraph\"><\/p>\n","protected":false},"excerpt":{"rendered":"<p class=\"text-justify mb-2\" >Le carnet d&rsquo;audiences du Chef de l&rsquo;\u00c9tat, le Capitaine Ibrahim Traor\u00e9 s&rsquo;annonce pour le moins charg\u00e9 en terre russe. Aussit\u00f4t arriv\u00e9 \u00e0 Moscou ce jeudi, \u00e0 la faveur de la c\u00e9l\u00e9bration du 80e anniversaire de la victoire des russes sur le nazisme, il a accord\u00e9 [&hellip;]<\/p>\n","protected":false},"author":2,"featured_media":21953,"comment_status":"open","ping_status":"open","sticky":false,"template":"","format":"standard","meta":{"footnotes":""},"categories":[20,8],"tags":[],"class_list":["post-21951","post","type-post","status-publish","format-standard","has-post-thumbnail","hentry","category-actualite","category-diplomatie"],"yoast_head":"<!-- This site is optimized with the Yoast SEO plugin v28.4 - https:\/\/yoast.com\/product\/yoast-seo-wordpress\/ -->\n<title>EN SEJOUR EN RUSSIE\u00a0: Le capitaine Ibrahima Traor\u00e9 a accord\u00e9 une premi\u00e8re audience au Pr\u00e9sident v\u00e9n\u00e9zuelien -<\/title>\n<meta name=\"robots\" content=\"index, follow, max-snippet:-1, max-image-preview:large, max-video-preview:-1\" \/>\n<link rel=\"canonical\" href=\"https:\/\/macite.tg\/?p=21951\" \/>\n<meta property=\"og:locale\" content=\"fr_FR\" \/>\n<meta property=\"og:type\" content=\"article\" \/>\n<meta property=\"og:title\" content=\"EN SEJOUR EN RUSSIE\u00a0: Le capitaine Ibrahima Traor\u00e9 a accord\u00e9 une premi\u00e8re audience au Pr\u00e9sident v\u00e9n\u00e9zuelien -\" \/>\n<meta property=\"og:description\" content=\"Le carnet d&rsquo;audiences du Chef de l&rsquo;\u00c9tat, le Capitaine Ibrahim Traor\u00e9 s&rsquo;annonce pour le moins charg\u00e9 en terre russe. Aussit\u00f4t arriv\u00e9 \u00e0 Moscou ce jeudi, \u00e0 la faveur de la c\u00e9l\u00e9bration du 80e anniversaire de la victoire des russes sur le nazisme, il a accord\u00e9 [&hellip;]\" \/>\n<meta property=\"og:url\" content=\"https:\/\/macite.tg\/?p=21951\" \/>\n<meta property=\"article:published_time\" content=\"2025-05-09T11:29:59+00:00\" \/>\n<meta property=\"article:modified_time\" content=\"2025-05-09T11:30:02+00:00\" \/>\n<meta property=\"og:image\" content=\"https:\/\/macite.tg\/wp-content\/uploads\/2025\/05\/image-22.png\" \/>\n\t<meta property=\"og:image:width\" content=\"534\" \/>\n\t<meta property=\"og:image:height\" content=\"381\" \/>\n\t<meta property=\"og:image:type\" content=\"image\/png\" \/>\n<meta name=\"author\" content=\"Jean Pierre BAWELA\" \/>\n<meta name=\"twitter:card\" content=\"summary_large_image\" \/>\n<meta name=\"twitter:label1\" content=\"\u00c9crit par\" \/>\n\t<meta name=\"twitter:data1\" content=\"Jean Pierre BAWELA\" \/>\n\t<meta name=\"twitter:label2\" content=\"Dur\u00e9e de lecture estim\u00e9e\" \/>\n\t<meta name=\"twitter:data2\" content=\"2 minutes\" \/>\n<script type=\"application\/ld+json\" class=\"yoast-schema-graph\">{\"@context\":\"https:\\\/\\\/schema.org\",\"@graph\":[{\"@type\":\"Article\",\"@id\":\"https:\\\/\\\/macite.tg\\\/?p=21951#article\",\"isPartOf\":{\"@id\":\"https:\\\/\\\/macite.tg\\\/?p=21951\"},\"author\":{\"name\":\"Jean Pierre BAWELA\",\"@id\":\"https:\\\/\\\/macite.tg\\\/#\\\/schema\\\/person\\\/e9f2de7e5dbbe7770a9402c7ce82f5c2\"},\"headline\":\"EN SEJOUR EN RUSSIE\u00a0: Le capitaine Ibrahima Traor\u00e9 a accord\u00e9 une premi\u00e8re audience au Pr\u00e9sident v\u00e9n\u00e9zuelien\",\"datePublished\":\"2025-05-09T11:29:59+00:00\",\"dateModified\":\"2025-05-09T11:30:02+00:00\",\"mainEntityOfPage\":{\"@id\":\"https:\\\/\\\/macite.tg\\\/?p=21951\"},\"wordCount\":326,\"commentCount\":0,\"image\":{\"@id\":\"https:\\\/\\\/macite.tg\\\/?p=21951#primaryimage\"},\"thumbnailUrl\":\"https:\\\/\\\/macite.tg\\\/wp-content\\\/uploads\\\/2025\\\/05\\\/image-22.png\",\"articleSection\":[\"ACTUALITE\",\"DIPLOMATIE\"],\"inLanguage\":\"fr-FR\",\"potentialAction\":[{\"@type\":\"CommentAction\",\"name\":\"Comment\",\"target\":[\"https:\\\/\\\/macite.tg\\\/?p=21951#respond\"]}]},{\"@type\":\"WebPage\",\"@id\":\"https:\\\/\\\/macite.tg\\\/?p=21951\",\"url\":\"https:\\\/\\\/macite.tg\\\/?p=21951\",\"name\":\"EN SEJOUR EN RUSSIE\u00a0: Le capitaine Ibrahima Traor\u00e9 a accord\u00e9 une premi\u00e8re audience au Pr\u00e9sident v\u00e9n\u00e9zuelien -\",\"isPartOf\":{\"@id\":\"https:\\\/\\\/macite.tg\\\/#website\"},\"primaryImageOfPage\":{\"@id\":\"https:\\\/\\\/macite.tg\\\/?p=21951#primaryimage\"},\"image\":{\"@id\":\"https:\\\/\\\/macite.tg\\\/?p=21951#primaryimage\"},\"thumbnailUrl\":\"https:\\\/\\\/macite.tg\\\/wp-content\\\/uploads\\\/2025\\\/05\\\/image-22.png\",\"datePublished\":\"2025-05-09T11:29:59+00:00\",\"dateModified\":\"2025-05-09T11:30:02+00:00\",\"author\":{\"@id\":\"https:\\\/\\\/macite.tg\\\/#\\\/schema\\\/person\\\/e9f2de7e5dbbe7770a9402c7ce82f5c2\"},\"breadcrumb\":{\"@id\":\"https:\\\/\\\/macite.tg\\\/?p=21951#breadcrumb\"},\"inLanguage\":\"fr-FR\",\"potentialAction\":[{\"@type\":\"ReadAction\",\"target\":[\"https:\\\/\\\/macite.tg\\\/?p=21951\"]}]},{\"@type\":\"ImageObject\",\"inLanguage\":\"fr-FR\",\"@id\":\"https:\\\/\\\/macite.tg\\\/?p=21951#primaryimage\",\"url\":\"https:\\\/\\\/macite.tg\\\/wp-content\\\/uploads\\\/2025\\\/05\\\/image-22.png\",\"contentUrl\":\"https:\\\/\\\/macite.tg\\\/wp-content\\\/uploads\\\/2025\\\/05\\\/image-22.png\",\"width\":534,\"height\":381,\"caption\":\"Poign\u00e9e de mains entre le Pr\u00e9sident v\u00e9n\u00e9zueline et le capitaine Ibrahim Traor\u00e9.\"},{\"@type\":\"BreadcrumbList\",\"@id\":\"https:\\\/\\\/macite.tg\\\/?p=21951#breadcrumb\",\"itemListElement\":[{\"@type\":\"ListItem\",\"position\":1,\"name\":\"Accueil\",\"item\":\"https:\\\/\\\/macite.tg\\\/\"},{\"@type\":\"ListItem\",\"position\":2,\"name\":\"EN SEJOUR EN RUSSIE\u00a0: Le capitaine Ibrahima Traor\u00e9 a accord\u00e9 une premi\u00e8re audience au Pr\u00e9sident v\u00e9n\u00e9zuelien\"}]},{\"@type\":\"WebSite\",\"@id\":\"https:\\\/\\\/macite.tg\\\/#website\",\"url\":\"https:\\\/\\\/macite.tg\\\/\",\"name\":\"\",\"description\":\"L&#039;information, la bonne!!!\",\"potentialAction\":[{\"@type\":\"SearchAction\",\"target\":{\"@type\":\"EntryPoint\",\"urlTemplate\":\"https:\\\/\\\/macite.tg\\\/?s={search_term_string}\"},\"query-input\":{\"@type\":\"PropertyValueSpecification\",\"valueRequired\":true,\"valueName\":\"search_term_string\"}}],\"inLanguage\":\"fr-FR\"},{\"@type\":\"Person\",\"@id\":\"https:\\\/\\\/macite.tg\\\/#\\\/schema\\\/person\\\/e9f2de7e5dbbe7770a9402c7ce82f5c2\",\"name\":\"Jean Pierre BAWELA\",\"image\":{\"@type\":\"ImageObject\",\"inLanguage\":\"fr-FR\",\"@id\":\"https:\\\/\\\/macite.tg\\\/wp-content\\\/uploads\\\/2023\\\/09\\\/WhatsApp-Image-2023-09-19-at-14.44.41-122x122.jpeg\",\"url\":\"https:\\\/\\\/macite.tg\\\/wp-content\\\/uploads\\\/2023\\\/09\\\/WhatsApp-Image-2023-09-19-at-14.44.41-122x122.jpeg\",\"contentUrl\":\"https:\\\/\\\/macite.tg\\\/wp-content\\\/uploads\\\/2023\\\/09\\\/WhatsApp-Image-2023-09-19-at-14.44.41-122x122.jpeg\",\"caption\":\"Jean Pierre BAWELA\"},\"url\":\"https:\\\/\\\/macite.tg\\\/?author=2\"}]}<\/script>\n<!-- \/ Yoast SEO plugin. -->","yoast_head_json":{"title":"EN SEJOUR EN RUSSIE\u00a0: Le capitaine Ibrahima Traor\u00e9 a accord\u00e9 une premi\u00e8re audience au Pr\u00e9sident v\u00e9n\u00e9zuelien -","robots":{"index":"index","follow":"follow","max-snippet":"max-snippet:-1","max-image-preview":"max-image-preview:large","max-video-preview":"max-video-preview:-1"},"canonical":"https:\/\/macite.tg\/?p=21951","og_locale":"fr_FR","og_type":"article","og_title":"EN SEJOUR EN RUSSIE\u00a0: Le capitaine Ibrahima Traor\u00e9 a accord\u00e9 une premi\u00e8re audience au Pr\u00e9sident v\u00e9n\u00e9zuelien -","og_description":"Le carnet d&rsquo;audiences du Chef de l&rsquo;\u00c9tat, le Capitaine Ibrahim Traor\u00e9 s&rsquo;annonce pour le moins charg\u00e9 en terre russe. Aussit\u00f4t arriv\u00e9 \u00e0 Moscou ce jeudi, \u00e0 la faveur de la c\u00e9l\u00e9bration du 80e anniversaire de la victoire des russes sur le nazisme, il a accord\u00e9 [&hellip;]","og_url":"https:\/\/macite.tg\/?p=21951","article_published_time":"2025-05-09T11:29:59+00:00","article_modified_time":"2025-05-09T11:30:02+00:00","og_image":[{"width":534,"height":381,"url":"https:\/\/macite.tg\/wp-content\/uploads\/2025\/05\/image-22.png","type":"image\/png"}],"author":"Jean Pierre BAWELA","twitter_card":"summary_large_image","twitter_misc":{"\u00c9crit par":"Jean Pierre BAWELA","Dur\u00e9e de lecture estim\u00e9e":"2 minutes"},"schema":{"@context":"https:\/\/schema.org","@graph":[{"@type":"Article","@id":"https:\/\/macite.tg\/?p=21951#article","isPartOf":{"@id":"https:\/\/macite.tg\/?p=21951"},"author":{"name":"Jean Pierre BAWELA","@id":"https:\/\/macite.tg\/#\/schema\/person\/e9f2de7e5dbbe7770a9402c7ce82f5c2"},"headline":"EN SEJOUR EN RUSSIE\u00a0: Le capitaine Ibrahima Traor\u00e9 a accord\u00e9 une premi\u00e8re audience au Pr\u00e9sident v\u00e9n\u00e9zuelien","datePublished":"2025-05-09T11:29:59+00:00","dateModified":"2025-05-09T11:30:02+00:00","mainEntityOfPage":{"@id":"https:\/\/macite.tg\/?p=21951"},"wordCount":326,"commentCount":0,"image":{"@id":"https:\/\/macite.tg\/?p=21951#primaryimage"},"thumbnailUrl":"https:\/\/macite.tg\/wp-content\/uploads\/2025\/05\/image-22.png","articleSection":["ACTUALITE","DIPLOMATIE"],"inLanguage":"fr-FR","potentialAction":[{"@type":"CommentAction","name":"Comment","target":["https:\/\/macite.tg\/?p=21951#respond"]}]},{"@type":"WebPage","@id":"https:\/\/macite.tg\/?p=21951","url":"https:\/\/macite.tg\/?p=21951","name":"EN SEJOUR EN RUSSIE\u00a0: Le capitaine Ibrahima Traor\u00e9 a accord\u00e9 une premi\u00e8re audience au Pr\u00e9sident v\u00e9n\u00e9zuelien -","isPartOf":{"@id":"https:\/\/macite.tg\/#website"},"primaryImageOfPage":{"@id":"https:\/\/macite.tg\/?p=21951#primaryimage"},"image":{"@id":"https:\/\/macite.tg\/?p=21951#primaryimage"},"thumbnailUrl":"https:\/\/macite.tg\/wp-content\/uploads\/2025\/05\/image-22.png","datePublished":"2025-05-09T11:29:59+00:00","dateModified":"2025-05-09T11:30:02+00:00","author":{"@id":"https:\/\/macite.tg\/#\/schema\/person\/e9f2de7e5dbbe7770a9402c7ce82f5c2"},"breadcrumb":{"@id":"https:\/\/macite.tg\/?p=21951#breadcrumb"},"inLanguage":"fr-FR","potentialAction":[{"@type":"ReadAction","target":["https:\/\/macite.tg\/?p=21951"]}]},{"@type":"ImageObject","inLanguage":"fr-FR","@id":"https:\/\/macite.tg\/?p=21951#primaryimage","url":"https:\/\/macite.tg\/wp-content\/uploads\/2025\/05\/image-22.png","contentUrl":"https:\/\/macite.tg\/wp-content\/uploads\/2025\/05\/image-22.png","width":534,"height":381,"caption":"Poign\u00e9e de mains entre le Pr\u00e9sident v\u00e9n\u00e9zueline et le capitaine Ibrahim Traor\u00e9."},{"@type":"BreadcrumbList","@id":"https:\/\/macite.tg\/?p=21951#breadcrumb","itemListElement":[{"@type":"ListItem","position":1,"name":"Accueil","item":"https:\/\/macite.tg\/"},{"@type":"ListItem","position":2,"name":"EN SEJOUR EN RUSSIE\u00a0: Le capitaine Ibrahima Traor\u00e9 a accord\u00e9 une premi\u00e8re audience au Pr\u00e9sident v\u00e9n\u00e9zuelien"}]},{"@type":"WebSite","@id":"https:\/\/macite.tg\/#website","url":"https:\/\/macite.tg\/","name":"","description":"L&#039;information, la bonne!!!","potentialAction":[{"@type":"SearchAction","target":{"@type":"EntryPoint","urlTemplate":"https:\/\/macite.tg\/?s={search_term_string}"},"query-input":{"@type":"PropertyValueSpecification","valueRequired":true,"valueName":"search_term_string"}}],"inLanguage":"fr-FR"},{"@type":"Person","@id":"https:\/\/macite.tg\/#\/schema\/person\/e9f2de7e5dbbe7770a9402c7ce82f5c2","name":"Jean Pierre BAWELA","image":{"@type":"ImageObject","inLanguage":"fr-FR","@id":"https:\/\/macite.tg\/wp-content\/uploads\/2023\/09\/WhatsApp-Image-2023-09-19-at-14.44.41-122x122.jpeg","url":"https:\/\/macite.tg\/wp-content\/uploads\/2023\/09\/WhatsApp-Image-2023-09-19-at-14.44.41-122x122.jpeg","contentUrl":"https:\/\/macite.tg\/wp-content\/uploads\/2023\/09\/WhatsApp-Image-2023-09-19-at-14.44.41-122x122.jpeg","caption":"Jean Pierre BAWELA"},"url":"https:\/\/macite.tg\/?author=2"}]}},"_links":{"self":[{"href":"https:\/\/macite.tg\/index.php?rest_route=\/wp\/v2\/posts\/21951","targetHints":{"allow":["GET"]}}],"collection":[{"href":"https:\/\/macite.tg\/index.php?rest_route=\/wp\/v2\/posts"}],"about":[{"href":"https:\/\/macite.tg\/index.php?rest_route=\/wp\/v2\/types\/post"}],"author":[{"embeddable":true,"href":"https:\/\/macite.tg\/index.php?rest_route=\/wp\/v2\/users\/2"}],"replies":[{"embeddable":true,"href":"https:\/\/macite.tg\/index.php?rest_route=%2Fwp%2Fv2%2Fcomments&post=21951"}],"version-history":[{"count":0,"href":"https:\/\/macite.tg\/index.php?rest_route=\/wp\/v2\/posts\/21951\/revisions"}],"wp:featuredmedia":[{"embeddable":true,"href":"https:\/\/macite.tg\/index.php?rest_route=\/wp\/v2\/media\/21953"}],"wp:attachment":[{"href":"https:\/\/macite.tg\/index.php?rest_route=%2Fwp%2Fv2%2Fmedia&parent=21951"}],"wp:term":[{"taxonomy":"category","embeddable":true,"href":"https:\/\/macite.tg\/index.php?rest_route=%2Fwp%2Fv2%2Fcategories&post=21951"},{"taxonomy":"post_tag","embeddable":true,"href":"https:\/\/macite.tg\/index.php?rest_route=%2Fwp%2Fv2%2Ftags&post=21951"}],"curies":[{"name":"wp","href":"https:\/\/api.w.org\/{rel}","templated":true}]}}