{"id":21934,"date":"2025-05-08T18:11:04","date_gmt":"2025-05-08T18:11:04","guid":{"rendered":"https:\/\/macite.tg\/?p=21934"},"modified":"2025-05-08T18:13:45","modified_gmt":"2025-05-08T18:13:45","slug":"vatican-un-premier-pape-americain-qui-est-le-nouveau-chef-de-leglise","status":"publish","type":"post","link":"https:\/\/macite.tg\/?p=21934","title":{"rendered":"VATICAN\/UN PREMIER PAPE AMERICAIN\u00a0: Qui est le nouveau Chef de l\u2019\u00e9glise\u00a0?"},"content":{"rendered":"\n<p class=\"wp-block-paragraph\"><strong><em>Plus de deux semaines apr\u00e8s la mort du pape Fran\u00e7ois, le cardinal am\u00e9ricain Robert Francis Prevost a \u00e9t\u00e9 \u00e9lu, ce 08 mai, pape lors du conclave. Ayant d\u00e9cid\u00e9 de choisir le nom de L\u00e9on XIV pour son pontificat, il devient ainsi le 267e pape.<\/em><\/strong><\/p>\n\n\n\n<p class=\"wp-block-paragraph\">Habemus papam. Plus de deux semaines apr\u00e8s la mort du pape Fran\u00e7ois le 21 avril dernier, son successeur vient d\u2019\u00eatre\u00a0<strong>\u00e9lu 267e pape<\/strong>\u00a0par les cardinaux \u00e9lecteurs.<\/p>\n\n\n\n<p class=\"wp-block-paragraph\">R\u00e9unis en conclave \u00e0 huis clos au sein de la chapelle Sixtine du Vatican, les cardinaux ont d\u00e9cid\u00e9 d\u2019\u00e9lire&nbsp;<strong>l\u2019am\u00e9ricain Robert Francis Prevost<\/strong>&nbsp;comme nouveau chef de l\u2019\u00c9glise catholique \u00e0 l\u2019issue de quatre tours de scrutin.<\/p>\n\n\n<div class=\"wp-block-image\">\n<figure class=\"aligncenter size-full\"><img loading=\"lazy\" decoding=\"async\" width=\"851\" height=\"315\" src=\"https:\/\/macite.tg\/wp-content\/uploads\/2025\/05\/OTR_Ferer-pour-batir-1.jpg\" alt=\"\" class=\"wp-image-21824\" srcset=\"https:\/\/macite.tg\/wp-content\/uploads\/2025\/05\/OTR_Ferer-pour-batir-1.jpg 851w, https:\/\/macite.tg\/wp-content\/uploads\/2025\/05\/OTR_Ferer-pour-batir-1-300x111.jpg 300w, https:\/\/macite.tg\/wp-content\/uploads\/2025\/05\/OTR_Ferer-pour-batir-1-768x284.jpg 768w\" sizes=\"auto, (max-width: 851px) 100vw, 851px\" \/><\/figure>\n<\/div>\n\n\n<p class=\"wp-block-paragraph\">Devant une foule de milliers de personnes r\u00e9unis sur la place Saint-Pierre, l\u2019annonce a \u00e9t\u00e9 faite par le cardinal fran\u00e7ais Dominique Mamberti en sa qualit\u00e9 de protodiacre. Fra\u00eechement \u00e9lu, le religieux a d\u00e9cid\u00e9 de choisir le nom de&nbsp;<strong>L\u00e9on XIV<\/strong>&nbsp;pour son pontificat.<\/p>\n\n\n\n<p class=\"wp-block-paragraph\"><strong>Plusieurs autres favoris<\/strong><\/p>\n\n\n\n<p class=\"wp-block-paragraph\">S\u2019il \u00e9tait difficile de d\u00e9terminer l\u2019identit\u00e9 du nouveau guide spirituel de pr\u00e8s d\u20191,4 milliard de catholiques, plusieurs cardinaux faisaient partie des \u00ab papabili \u00bb, le terme permettant de d\u00e9signer les cardinaux parmi les favoris.<\/p>\n\n\n\n<p class=\"wp-block-paragraph\">C\u2019est le cas de&nbsp;<strong>Pietro Parolin<\/strong>, le num\u00e9ro deux du Vatican, et bras droit du pape Fran\u00e7ois. A bient\u00f4t 70 ans, celui qui occupait les fonctions de secr\u00e9taire d\u2019\u00c9tat du Saint-Si\u00e8ge, avait \u00e9t\u00e9 ordonn\u00e9 pr\u00eatre en 1980.<\/p>\n\n\n\n<p class=\"wp-block-paragraph\">Am\u00e9ricain de naissance, Robert Prevost est issu d\u2019un p\u00e8re d\u2019origine franco-italienne et d\u2019une m\u00e8re d\u2019origine espagnole, bref, une famille modeste. Il a pass\u00e9 une bonne partie de sa vie comme missionnaire au P\u00e9rou avant d\u2019\u00eatre sup\u00e9rieur de son ordre religieux \u00e0 Rome. Robert Prevost a d\u00e9j\u00e0 particip\u00e9 \u00e0 de nombreux voyages \u00e0 travers la plan\u00e8te en compagnie de l\u2019ancien souverain pontife.<\/p>\n\n\n<div class=\"wp-block-image\">\n<figure class=\"aligncenter size-full\"><img loading=\"lazy\" decoding=\"async\" width=\"700\" height=\"1001\" src=\"https:\/\/macite.tg\/wp-content\/uploads\/2025\/05\/OTR_Etat-GEFU.jpg\" alt=\"\" class=\"wp-image-21894\" srcset=\"https:\/\/macite.tg\/wp-content\/uploads\/2025\/05\/OTR_Etat-GEFU.jpg 700w, https:\/\/macite.tg\/wp-content\/uploads\/2025\/05\/OTR_Etat-GEFU-210x300.jpg 210w\" sizes=\"auto, (max-width: 700px) 100vw, 700px\" \/><\/figure>\n<\/div>\n\n\n<p class=\"wp-block-paragraph\">Alors qu\u2019il \u00e9tait souffrant en d\u00e9cembre 2023, c\u2019est \u00e0 lui qu\u2019avait \u00e9t\u00e9 confi\u00e9e la t\u00e2che de livrer le discours du Saint-P\u00e8re \u00e0 la tribune de la COP 28.<\/p>\n\n\n\n<p class=\"wp-block-paragraph\">Et comme un effet annonciateur, le pr\u00e9sident Donald Trump dans une de ses tours de magie, avait rendu public, il y a quelques jours, son envie de se faire \u00e9lire pape. Ce post avait \u00e9t\u00e9 associ\u00e9 \u00e0 son image de \u2018\u2019papale\u2019\u2019.<\/p>\n\n\n\n<p class=\"wp-block-paragraph\"><strong>(La R\u00e9daction avec La Croix &amp; MSN)<\/strong><\/p>\n\n\n\n<p class=\"wp-block-paragraph\"><strong><em>@macite.tg&nbsp;&nbsp;&nbsp;&nbsp;&nbsp;&nbsp;&nbsp;&nbsp;<\/em><\/strong><\/p>\n\n\n\n<p class=\"wp-block-paragraph\"><strong><em>E-mail&nbsp;: <\/em><\/strong><a href=\"mailto:maciteinfo@gmail.com\"><strong><em>maciteinfo@gmail.com<\/em><\/strong><\/a><strong><em>; <\/em><\/strong><a href=\"mailto:bawela1@gmail.com\"><strong><em>bawela1@gmail.com<\/em><\/strong><\/a><strong><em><\/em><\/strong><\/p>\n\n\n\n<p class=\"wp-block-paragraph\"><strong><em>Pour vos annonces, (publi)reportages, etc., joignez-nous au (00228)91515309\/<strong>79872224 <\/strong>www.macite.tg, L\u2019information, la bonne&nbsp;!<\/em><\/strong><\/p>\n\n\n\n<p class=\"wp-block-paragraph\"><\/p>\n","protected":false},"excerpt":{"rendered":"<p class=\"text-justify mb-2\" >Plus de deux semaines apr\u00e8s la mort du pape Fran\u00e7ois, le cardinal am\u00e9ricain Robert Francis Prevost a \u00e9t\u00e9 \u00e9lu, ce 08 mai, pape lors du conclave. Ayant d\u00e9cid\u00e9 de choisir le nom de L\u00e9on XIV pour son pontificat, il devient ainsi le 267e pape. Habemus [&hellip;]<\/p>\n","protected":false},"author":2,"featured_media":21942,"comment_status":"open","ping_status":"open","sticky":false,"template":"","format":"standard","meta":{"footnotes":""},"categories":[20,49,40],"tags":[],"class_list":["post-21934","post","type-post","status-publish","format-standard","has-post-thumbnail","hentry","category-actualite","category-portrait","category-religion"],"yoast_head":"<!-- This site is optimized with the Yoast SEO plugin v28.4 - https:\/\/yoast.com\/product\/yoast-seo-wordpress\/ -->\n<title>VATICAN\/UN PREMIER PAPE AMERICAIN\u00a0: Qui est le nouveau Chef de l\u2019\u00e9glise\u00a0? -<\/title>\n<meta name=\"robots\" content=\"index, follow, max-snippet:-1, max-image-preview:large, max-video-preview:-1\" \/>\n<link rel=\"canonical\" href=\"https:\/\/macite.tg\/?p=21934\" \/>\n<meta property=\"og:locale\" content=\"fr_FR\" \/>\n<meta property=\"og:type\" content=\"article\" \/>\n<meta property=\"og:title\" content=\"VATICAN\/UN PREMIER PAPE AMERICAIN\u00a0: Qui est le nouveau Chef de l\u2019\u00e9glise\u00a0? -\" \/>\n<meta property=\"og:description\" content=\"Plus de deux semaines apr\u00e8s la mort du pape Fran\u00e7ois, le cardinal am\u00e9ricain Robert Francis Prevost a \u00e9t\u00e9 \u00e9lu, ce 08 mai, pape lors du conclave. Ayant d\u00e9cid\u00e9 de choisir le nom de L\u00e9on XIV pour son pontificat, il devient ainsi le 267e pape. Habemus [&hellip;]\" \/>\n<meta property=\"og:url\" content=\"https:\/\/macite.tg\/?p=21934\" \/>\n<meta property=\"article:published_time\" content=\"2025-05-08T18:11:04+00:00\" \/>\n<meta property=\"article:modified_time\" content=\"2025-05-08T18:13:45+00:00\" \/>\n<meta property=\"og:image\" content=\"https:\/\/macite.tg\/wp-content\/uploads\/2025\/05\/image-20.png\" \/>\n\t<meta property=\"og:image:width\" content=\"409\" \/>\n\t<meta property=\"og:image:height\" content=\"266\" \/>\n\t<meta property=\"og:image:type\" content=\"image\/png\" \/>\n<meta name=\"author\" content=\"Jean Pierre BAWELA\" \/>\n<meta name=\"twitter:card\" content=\"summary_large_image\" \/>\n<meta name=\"twitter:label1\" content=\"\u00c9crit par\" \/>\n\t<meta name=\"twitter:data1\" content=\"Jean Pierre BAWELA\" \/>\n\t<meta name=\"twitter:label2\" content=\"Dur\u00e9e de lecture estim\u00e9e\" \/>\n\t<meta name=\"twitter:data2\" content=\"3 minutes\" \/>\n<script type=\"application\/ld+json\" class=\"yoast-schema-graph\">{\"@context\":\"https:\\\/\\\/schema.org\",\"@graph\":[{\"@type\":\"Article\",\"@id\":\"https:\\\/\\\/macite.tg\\\/?p=21934#article\",\"isPartOf\":{\"@id\":\"https:\\\/\\\/macite.tg\\\/?p=21934\"},\"author\":{\"name\":\"Jean Pierre BAWELA\",\"@id\":\"https:\\\/\\\/macite.tg\\\/#\\\/schema\\\/person\\\/e9f2de7e5dbbe7770a9402c7ce82f5c2\"},\"headline\":\"VATICAN\\\/UN PREMIER PAPE AMERICAIN\u00a0: Qui est le nouveau Chef de l\u2019\u00e9glise\u00a0?\",\"datePublished\":\"2025-05-08T18:11:04+00:00\",\"dateModified\":\"2025-05-08T18:13:45+00:00\",\"mainEntityOfPage\":{\"@id\":\"https:\\\/\\\/macite.tg\\\/?p=21934\"},\"wordCount\":453,\"commentCount\":0,\"image\":{\"@id\":\"https:\\\/\\\/macite.tg\\\/?p=21934#primaryimage\"},\"thumbnailUrl\":\"https:\\\/\\\/macite.tg\\\/wp-content\\\/uploads\\\/2025\\\/05\\\/image-20.png\",\"articleSection\":[\"ACTUALITE\",\"PORTRAIT\",\"RELIGION\"],\"inLanguage\":\"fr-FR\",\"potentialAction\":[{\"@type\":\"CommentAction\",\"name\":\"Comment\",\"target\":[\"https:\\\/\\\/macite.tg\\\/?p=21934#respond\"]}]},{\"@type\":\"WebPage\",\"@id\":\"https:\\\/\\\/macite.tg\\\/?p=21934\",\"url\":\"https:\\\/\\\/macite.tg\\\/?p=21934\",\"name\":\"VATICAN\\\/UN PREMIER PAPE AMERICAIN\u00a0: Qui est le nouveau Chef de l\u2019\u00e9glise\u00a0? -\",\"isPartOf\":{\"@id\":\"https:\\\/\\\/macite.tg\\\/#website\"},\"primaryImageOfPage\":{\"@id\":\"https:\\\/\\\/macite.tg\\\/?p=21934#primaryimage\"},\"image\":{\"@id\":\"https:\\\/\\\/macite.tg\\\/?p=21934#primaryimage\"},\"thumbnailUrl\":\"https:\\\/\\\/macite.tg\\\/wp-content\\\/uploads\\\/2025\\\/05\\\/image-20.png\",\"datePublished\":\"2025-05-08T18:11:04+00:00\",\"dateModified\":\"2025-05-08T18:13:45+00:00\",\"author\":{\"@id\":\"https:\\\/\\\/macite.tg\\\/#\\\/schema\\\/person\\\/e9f2de7e5dbbe7770a9402c7ce82f5c2\"},\"breadcrumb\":{\"@id\":\"https:\\\/\\\/macite.tg\\\/?p=21934#breadcrumb\"},\"inLanguage\":\"fr-FR\",\"potentialAction\":[{\"@type\":\"ReadAction\",\"target\":[\"https:\\\/\\\/macite.tg\\\/?p=21934\"]}]},{\"@type\":\"ImageObject\",\"inLanguage\":\"fr-FR\",\"@id\":\"https:\\\/\\\/macite.tg\\\/?p=21934#primaryimage\",\"url\":\"https:\\\/\\\/macite.tg\\\/wp-content\\\/uploads\\\/2025\\\/05\\\/image-20.png\",\"contentUrl\":\"https:\\\/\\\/macite.tg\\\/wp-content\\\/uploads\\\/2025\\\/05\\\/image-20.png\",\"width\":409,\"height\":266,\"caption\":\"Feu Pape Fran\u00e7\u00e0is et son successeur L\u00e9on XIV (en noir)\"},{\"@type\":\"BreadcrumbList\",\"@id\":\"https:\\\/\\\/macite.tg\\\/?p=21934#breadcrumb\",\"itemListElement\":[{\"@type\":\"ListItem\",\"position\":1,\"name\":\"Accueil\",\"item\":\"https:\\\/\\\/macite.tg\\\/\"},{\"@type\":\"ListItem\",\"position\":2,\"name\":\"VATICAN\\\/UN PREMIER PAPE AMERICAIN\u00a0: Qui est le nouveau Chef de l\u2019\u00e9glise\u00a0?\"}]},{\"@type\":\"WebSite\",\"@id\":\"https:\\\/\\\/macite.tg\\\/#website\",\"url\":\"https:\\\/\\\/macite.tg\\\/\",\"name\":\"\",\"description\":\"L&#039;information, la bonne!!!\",\"potentialAction\":[{\"@type\":\"SearchAction\",\"target\":{\"@type\":\"EntryPoint\",\"urlTemplate\":\"https:\\\/\\\/macite.tg\\\/?s={search_term_string}\"},\"query-input\":{\"@type\":\"PropertyValueSpecification\",\"valueRequired\":true,\"valueName\":\"search_term_string\"}}],\"inLanguage\":\"fr-FR\"},{\"@type\":\"Person\",\"@id\":\"https:\\\/\\\/macite.tg\\\/#\\\/schema\\\/person\\\/e9f2de7e5dbbe7770a9402c7ce82f5c2\",\"name\":\"Jean Pierre BAWELA\",\"image\":{\"@type\":\"ImageObject\",\"inLanguage\":\"fr-FR\",\"@id\":\"https:\\\/\\\/macite.tg\\\/wp-content\\\/uploads\\\/2023\\\/09\\\/WhatsApp-Image-2023-09-19-at-14.44.41-122x122.jpeg\",\"url\":\"https:\\\/\\\/macite.tg\\\/wp-content\\\/uploads\\\/2023\\\/09\\\/WhatsApp-Image-2023-09-19-at-14.44.41-122x122.jpeg\",\"contentUrl\":\"https:\\\/\\\/macite.tg\\\/wp-content\\\/uploads\\\/2023\\\/09\\\/WhatsApp-Image-2023-09-19-at-14.44.41-122x122.jpeg\",\"caption\":\"Jean Pierre BAWELA\"},\"url\":\"https:\\\/\\\/macite.tg\\\/?author=2\"}]}<\/script>\n<!-- \/ Yoast SEO plugin. -->","yoast_head_json":{"title":"VATICAN\/UN PREMIER PAPE AMERICAIN\u00a0: Qui est le nouveau Chef de l\u2019\u00e9glise\u00a0? -","robots":{"index":"index","follow":"follow","max-snippet":"max-snippet:-1","max-image-preview":"max-image-preview:large","max-video-preview":"max-video-preview:-1"},"canonical":"https:\/\/macite.tg\/?p=21934","og_locale":"fr_FR","og_type":"article","og_title":"VATICAN\/UN PREMIER PAPE AMERICAIN\u00a0: Qui est le nouveau Chef de l\u2019\u00e9glise\u00a0? -","og_description":"Plus de deux semaines apr\u00e8s la mort du pape Fran\u00e7ois, le cardinal am\u00e9ricain Robert Francis Prevost a \u00e9t\u00e9 \u00e9lu, ce 08 mai, pape lors du conclave. Ayant d\u00e9cid\u00e9 de choisir le nom de L\u00e9on XIV pour son pontificat, il devient ainsi le 267e pape. Habemus [&hellip;]","og_url":"https:\/\/macite.tg\/?p=21934","article_published_time":"2025-05-08T18:11:04+00:00","article_modified_time":"2025-05-08T18:13:45+00:00","og_image":[{"width":409,"height":266,"url":"https:\/\/macite.tg\/wp-content\/uploads\/2025\/05\/image-20.png","type":"image\/png"}],"author":"Jean Pierre BAWELA","twitter_card":"summary_large_image","twitter_misc":{"\u00c9crit par":"Jean Pierre BAWELA","Dur\u00e9e de lecture estim\u00e9e":"3 minutes"},"schema":{"@context":"https:\/\/schema.org","@graph":[{"@type":"Article","@id":"https:\/\/macite.tg\/?p=21934#article","isPartOf":{"@id":"https:\/\/macite.tg\/?p=21934"},"author":{"name":"Jean Pierre BAWELA","@id":"https:\/\/macite.tg\/#\/schema\/person\/e9f2de7e5dbbe7770a9402c7ce82f5c2"},"headline":"VATICAN\/UN PREMIER PAPE AMERICAIN\u00a0: Qui est le nouveau Chef de l\u2019\u00e9glise\u00a0?","datePublished":"2025-05-08T18:11:04+00:00","dateModified":"2025-05-08T18:13:45+00:00","mainEntityOfPage":{"@id":"https:\/\/macite.tg\/?p=21934"},"wordCount":453,"commentCount":0,"image":{"@id":"https:\/\/macite.tg\/?p=21934#primaryimage"},"thumbnailUrl":"https:\/\/macite.tg\/wp-content\/uploads\/2025\/05\/image-20.png","articleSection":["ACTUALITE","PORTRAIT","RELIGION"],"inLanguage":"fr-FR","potentialAction":[{"@type":"CommentAction","name":"Comment","target":["https:\/\/macite.tg\/?p=21934#respond"]}]},{"@type":"WebPage","@id":"https:\/\/macite.tg\/?p=21934","url":"https:\/\/macite.tg\/?p=21934","name":"VATICAN\/UN PREMIER PAPE AMERICAIN\u00a0: Qui est le nouveau Chef de l\u2019\u00e9glise\u00a0? -","isPartOf":{"@id":"https:\/\/macite.tg\/#website"},"primaryImageOfPage":{"@id":"https:\/\/macite.tg\/?p=21934#primaryimage"},"image":{"@id":"https:\/\/macite.tg\/?p=21934#primaryimage"},"thumbnailUrl":"https:\/\/macite.tg\/wp-content\/uploads\/2025\/05\/image-20.png","datePublished":"2025-05-08T18:11:04+00:00","dateModified":"2025-05-08T18:13:45+00:00","author":{"@id":"https:\/\/macite.tg\/#\/schema\/person\/e9f2de7e5dbbe7770a9402c7ce82f5c2"},"breadcrumb":{"@id":"https:\/\/macite.tg\/?p=21934#breadcrumb"},"inLanguage":"fr-FR","potentialAction":[{"@type":"ReadAction","target":["https:\/\/macite.tg\/?p=21934"]}]},{"@type":"ImageObject","inLanguage":"fr-FR","@id":"https:\/\/macite.tg\/?p=21934#primaryimage","url":"https:\/\/macite.tg\/wp-content\/uploads\/2025\/05\/image-20.png","contentUrl":"https:\/\/macite.tg\/wp-content\/uploads\/2025\/05\/image-20.png","width":409,"height":266,"caption":"Feu Pape Fran\u00e7\u00e0is et son successeur L\u00e9on XIV (en noir)"},{"@type":"BreadcrumbList","@id":"https:\/\/macite.tg\/?p=21934#breadcrumb","itemListElement":[{"@type":"ListItem","position":1,"name":"Accueil","item":"https:\/\/macite.tg\/"},{"@type":"ListItem","position":2,"name":"VATICAN\/UN PREMIER PAPE AMERICAIN\u00a0: Qui est le nouveau Chef de l\u2019\u00e9glise\u00a0?"}]},{"@type":"WebSite","@id":"https:\/\/macite.tg\/#website","url":"https:\/\/macite.tg\/","name":"","description":"L&#039;information, la bonne!!!","potentialAction":[{"@type":"SearchAction","target":{"@type":"EntryPoint","urlTemplate":"https:\/\/macite.tg\/?s={search_term_string}"},"query-input":{"@type":"PropertyValueSpecification","valueRequired":true,"valueName":"search_term_string"}}],"inLanguage":"fr-FR"},{"@type":"Person","@id":"https:\/\/macite.tg\/#\/schema\/person\/e9f2de7e5dbbe7770a9402c7ce82f5c2","name":"Jean Pierre BAWELA","image":{"@type":"ImageObject","inLanguage":"fr-FR","@id":"https:\/\/macite.tg\/wp-content\/uploads\/2023\/09\/WhatsApp-Image-2023-09-19-at-14.44.41-122x122.jpeg","url":"https:\/\/macite.tg\/wp-content\/uploads\/2023\/09\/WhatsApp-Image-2023-09-19-at-14.44.41-122x122.jpeg","contentUrl":"https:\/\/macite.tg\/wp-content\/uploads\/2023\/09\/WhatsApp-Image-2023-09-19-at-14.44.41-122x122.jpeg","caption":"Jean Pierre BAWELA"},"url":"https:\/\/macite.tg\/?author=2"}]}},"_links":{"self":[{"href":"https:\/\/macite.tg\/index.php?rest_route=\/wp\/v2\/posts\/21934","targetHints":{"allow":["GET"]}}],"collection":[{"href":"https:\/\/macite.tg\/index.php?rest_route=\/wp\/v2\/posts"}],"about":[{"href":"https:\/\/macite.tg\/index.php?rest_route=\/wp\/v2\/types\/post"}],"author":[{"embeddable":true,"href":"https:\/\/macite.tg\/index.php?rest_route=\/wp\/v2\/users\/2"}],"replies":[{"embeddable":true,"href":"https:\/\/macite.tg\/index.php?rest_route=%2Fwp%2Fv2%2Fcomments&post=21934"}],"version-history":[{"count":0,"href":"https:\/\/macite.tg\/index.php?rest_route=\/wp\/v2\/posts\/21934\/revisions"}],"wp:featuredmedia":[{"embeddable":true,"href":"https:\/\/macite.tg\/index.php?rest_route=\/wp\/v2\/media\/21942"}],"wp:attachment":[{"href":"https:\/\/macite.tg\/index.php?rest_route=%2Fwp%2Fv2%2Fmedia&parent=21934"}],"wp:term":[{"taxonomy":"category","embeddable":true,"href":"https:\/\/macite.tg\/index.php?rest_route=%2Fwp%2Fv2%2Fcategories&post=21934"},{"taxonomy":"post_tag","embeddable":true,"href":"https:\/\/macite.tg\/index.php?rest_route=%2Fwp%2Fv2%2Ftags&post=21934"}],"curies":[{"name":"wp","href":"https:\/\/api.w.org\/{rel}","templated":true}]}}