{"id":21930,"date":"2025-05-08T17:20:13","date_gmt":"2025-05-08T17:20:13","guid":{"rendered":"https:\/\/macite.tg\/?p=21930"},"modified":"2025-05-08T17:44:48","modified_gmt":"2025-05-08T17:44:48","slug":"fin-du-conclave-au-vatican-enfin-un-successeur-au-defunt-pape-francois-son-nom","status":"publish","type":"post","link":"https:\/\/macite.tg\/?p=21930","title":{"rendered":"FIN DU CONCLAVE AU VATICAN\u00a0: Enfin un successeur au d\u00e9funt pape Fran\u00e7ois, son nom\u2026"},"content":{"rendered":"\n<p class=\"wp-block-paragraph\"><strong><em>Ce jeudi 8\u00a0mai, de la fum\u00e9e blanche est sortie de la chapelle Sixtine, annon\u00e7ant l\u2019\u00e9lection du nouveau souverain pontife. Il succ\u00e8de ainsi au pape Fran\u00e7ois, d\u00e9c\u00e9d\u00e9 le 21 avril, le lendemain de P\u00e2ques, et devient le 267e chef de l\u2019\u00c9glise catholique.<\/em><\/strong> <strong><em>Il s&rsquo;agit du pr\u00e9fet du dicast\u00e8re pour les Ev\u00eaques, Robert Francis Prevost, un Am\u00e9ricain de 69 ans.<\/em><\/strong> <strong><em>Le 267\u00e8me pape de l&rsquo;\u00e9glise catholique endossera le nom de L\u00e9on XIV.<\/em><\/strong><\/p>\n\n\n\n<p class=\"wp-block-paragraph\">La fum\u00e9e blanche a \u00e9t\u00e9 accueillie par les vives acclamations et les applaudissements des milliers de fid\u00e8les mass\u00e9s sur la place Saint-Pierre tandis que les cloches de la basilique Saint-Pierre sonnaient \u00e0 toutes vol\u00e9es. <em>\u00ab Viva il Papa ! \u00bb,<\/em> ont cri\u00e9 les fid\u00e8les, dont beaucoup photographiaient la sc\u00e8ne avec leur t\u00e9l\u00e9phone portable.<\/p>\n\n\n<div class=\"wp-block-image\">\n<figure class=\"aligncenter size-full\"><img loading=\"lazy\" decoding=\"async\" width=\"851\" height=\"315\" src=\"https:\/\/macite.tg\/wp-content\/uploads\/2025\/05\/OTR_Ferer-pour-batir-1.jpg\" alt=\"\" class=\"wp-image-21824\" srcset=\"https:\/\/macite.tg\/wp-content\/uploads\/2025\/05\/OTR_Ferer-pour-batir-1.jpg 851w, https:\/\/macite.tg\/wp-content\/uploads\/2025\/05\/OTR_Ferer-pour-batir-1-300x111.jpg 300w, https:\/\/macite.tg\/wp-content\/uploads\/2025\/05\/OTR_Ferer-pour-batir-1-768x284.jpg 768w\" sizes=\"auto, (max-width: 851px) 100vw, 851px\" \/><\/figure>\n<\/div>\n\n\n<p class=\"wp-block-paragraph\">Les 133&nbsp;cardinaux en mesure de voter se sont mis d\u2019accord apr\u00e8s deux de Conclave. Au total, les pr\u00e9lats ont vot\u00e9 quatre fois, dans le huis clos de la Chapelle Sixtine. Pour \u00eatre \u00e9lu, le nouveau pape devait recueillir au moins 89&nbsp;voix, soit les deux tiers des suffrages.<\/p>\n\n\n\n<p class=\"wp-block-paragraph\">\u00c0 titre de comparaison, les conclaves ayant abouti \u00e0 l\u2019\u00e9lection de Beno\u00eet XVI (2005) et de Fran\u00e7ois (2013) avaient dur\u00e9 deux jours, pour respectivement 4&nbsp;et 5&nbsp;votes.<\/p>\n\n\n\n<p class=\"wp-block-paragraph\"><strong>Apparition au balcon de la basilique Saint-Pierre<\/strong><\/p>\n\n\n\n<p class=\"wp-block-paragraph\">Une fois \u00e9lu, le nouveau pape a d\u00fb r\u00e9pondre \u00e0 deux questions&nbsp;:<em>&nbsp;\u00ab&nbsp;Acceptez-vous votre \u00e9lection canonique comme souverain pontife&nbsp;?&nbsp;\u00bb<\/em>&nbsp;et&nbsp;<em>\u00ab&nbsp;De quel nom voulez-vous \u00eatre appel\u00e9&nbsp;?&nbsp;\u00bb.<\/em><\/p>\n\n\n\n<p class=\"wp-block-paragraph\">L\u2019identit\u00e9 du pape sera prochainement rendue publique.\u00a0Le cardinal fran\u00e7ais Monberti prononcera, depuis le balcon de la basilique Saint-Pierre, la formule latine\u00a0<em>\u00ab\u00a0Annuntio vobis gaudium magnum. Habemus Papam\u00a0\u00bb<\/em>\u00a0(Je vous annonce une grande joie. Nous avons un pape). Mais d\u00e9j\u00e0, le nom du cardinal am\u00e9ricain de 69 ans est sur toutes les l\u00e8vres. Il s&rsquo;agit de Robert Francis Prevost, qui va endosser le nom de pape Leon XIV.<\/p>\n\n\n\n<p class=\"wp-block-paragraph\">Le souverain pontife fera ensuite \u00e0 son tour une apparition au balcon de la basilique Saint-Pierre et proc\u00e9dera \u00e0 sa b\u00e9n\u00e9diction apostolique, comme le veut le protocole.<\/p>\n\n\n<div class=\"wp-block-image\">\n<figure class=\"aligncenter size-full is-resized\"><img loading=\"lazy\" decoding=\"async\" width=\"500\" height=\"304\" src=\"https:\/\/macite.tg\/wp-content\/uploads\/2025\/05\/OTR_SAM.jpg\" alt=\"\" class=\"wp-image-21823\" style=\"width:784px;height:auto\" srcset=\"https:\/\/macite.tg\/wp-content\/uploads\/2025\/05\/OTR_SAM.jpg 500w, https:\/\/macite.tg\/wp-content\/uploads\/2025\/05\/OTR_SAM-300x182.jpg 300w\" sizes=\"auto, (max-width: 500px) 100vw, 500px\" \/><\/figure>\n<\/div>\n\n\n<p class=\"wp-block-paragraph\"><strong>Comment sera habill\u00e9 le nouveau pape lors de son apparition<\/strong>&nbsp;<strong>?&nbsp;<\/strong><\/p>\n\n\n\n<p class=\"wp-block-paragraph\">Habituellement, la soutane blanche pour le pape \u00e9lu est pr\u00e9par\u00e9e \u00e0 l\u2019avance en trois tailles diff\u00e9rentes&nbsp;: S, M et L pour correspondre \u00e0 toutes les morphologies. Cette fois-ci, le fournisseur ancestral des soutanes \u2013 la maison Gamarelli \u00e0 Rome \u2013 n\u2019a pas \u00e9t\u00e9 sollicit\u00e9.&nbsp;<em>\u00abLes c\u00e9r\u00e9moniaires choisissent la plus appropri\u00e9e puis proposent au pape la lourde \u00e9tole rouge aux broderies dor\u00e9es repr\u00e9sentant les ap\u00f4tres Pierre et Paul, que Fran\u00e7ois avait refus\u00e9 de porter\u00bb<\/em>, pr\u00e9cise&nbsp;<em>La Croix.<\/em><\/p>\n\n\n\n<p class=\"wp-block-paragraph\"><a><strong><em>@macite.tg&nbsp;&nbsp;&nbsp;&nbsp;&nbsp;&nbsp;&nbsp;&nbsp;<\/em><\/strong><\/a><\/p>\n\n\n\n<p class=\"wp-block-paragraph\"><strong><em>E-mail&nbsp;: <\/em><\/strong><a href=\"mailto:maciteinfo@gmail.com\"><strong><em>maciteinfo@gmail.com<\/em><\/strong><\/a><strong><em>; <\/em><\/strong><a href=\"mailto:bawela1@gmail.com\"><strong><em>bawela1@gmail.com<\/em><\/strong><\/a><strong><em><\/em><\/strong><\/p>\n\n\n\n<p class=\"wp-block-paragraph\"><strong><em>Pour vos annonces, (publi)reportages, etc., joignez-nous au (00228)91515309\/<strong>79872224 <\/strong>www.macite.tg, L\u2019information, la bonne&nbsp;!<\/em><\/strong><\/p>\n\n\n\n<p class=\"wp-block-paragraph\"><\/p>\n","protected":false},"excerpt":{"rendered":"<p class=\"text-justify mb-2\" >Ce jeudi 8\u00a0mai, de la fum\u00e9e blanche est sortie de la chapelle Sixtine, annon\u00e7ant l\u2019\u00e9lection du nouveau souverain pontife. Il succ\u00e8de ainsi au pape Fran\u00e7ois, d\u00e9c\u00e9d\u00e9 le 21 avril, le lendemain de P\u00e2ques, et devient le 267e chef de l\u2019\u00c9glise catholique. Il s&rsquo;agit du pr\u00e9fet [&hellip;]<\/p>\n","protected":false},"author":2,"featured_media":21931,"comment_status":"open","ping_status":"open","sticky":false,"template":"","format":"standard","meta":{"footnotes":""},"categories":[20,40],"tags":[],"class_list":["post-21930","post","type-post","status-publish","format-standard","has-post-thumbnail","hentry","category-actualite","category-religion"],"yoast_head":"<!-- This site is optimized with the Yoast SEO plugin v28.4 - https:\/\/yoast.com\/product\/yoast-seo-wordpress\/ -->\n<title>FIN DU CONCLAVE AU VATICAN\u00a0: Enfin un successeur au d\u00e9funt pape Fran\u00e7ois, son nom\u2026 -<\/title>\n<meta name=\"robots\" content=\"index, follow, max-snippet:-1, max-image-preview:large, max-video-preview:-1\" \/>\n<link rel=\"canonical\" href=\"https:\/\/macite.tg\/?p=21930\" \/>\n<meta property=\"og:locale\" content=\"fr_FR\" \/>\n<meta property=\"og:type\" content=\"article\" \/>\n<meta property=\"og:title\" content=\"FIN DU CONCLAVE AU VATICAN\u00a0: Enfin un successeur au d\u00e9funt pape Fran\u00e7ois, son nom\u2026 -\" \/>\n<meta property=\"og:description\" content=\"Ce jeudi 8\u00a0mai, de la fum\u00e9e blanche est sortie de la chapelle Sixtine, annon\u00e7ant l\u2019\u00e9lection du nouveau souverain pontife. Il succ\u00e8de ainsi au pape Fran\u00e7ois, d\u00e9c\u00e9d\u00e9 le 21 avril, le lendemain de P\u00e2ques, et devient le 267e chef de l\u2019\u00c9glise catholique. Il s&rsquo;agit du pr\u00e9fet [&hellip;]\" \/>\n<meta property=\"og:url\" content=\"https:\/\/macite.tg\/?p=21930\" \/>\n<meta property=\"article:published_time\" content=\"2025-05-08T17:20:13+00:00\" \/>\n<meta property=\"article:modified_time\" content=\"2025-05-08T17:44:48+00:00\" \/>\n<meta property=\"og:image\" content=\"https:\/\/macite.tg\/wp-content\/uploads\/2025\/05\/image-18.png\" \/>\n\t<meta property=\"og:image:width\" content=\"534\" \/>\n\t<meta property=\"og:image:height\" content=\"301\" \/>\n\t<meta property=\"og:image:type\" content=\"image\/png\" \/>\n<meta name=\"author\" content=\"Jean Pierre BAWELA\" \/>\n<meta name=\"twitter:card\" content=\"summary_large_image\" \/>\n<meta name=\"twitter:label1\" content=\"\u00c9crit par\" \/>\n\t<meta name=\"twitter:data1\" content=\"Jean Pierre BAWELA\" \/>\n\t<meta name=\"twitter:label2\" content=\"Dur\u00e9e de lecture estim\u00e9e\" \/>\n\t<meta name=\"twitter:data2\" content=\"3 minutes\" \/>\n<script type=\"application\/ld+json\" class=\"yoast-schema-graph\">{\"@context\":\"https:\\\/\\\/schema.org\",\"@graph\":[{\"@type\":\"Article\",\"@id\":\"https:\\\/\\\/macite.tg\\\/?p=21930#article\",\"isPartOf\":{\"@id\":\"https:\\\/\\\/macite.tg\\\/?p=21930\"},\"author\":{\"name\":\"Jean Pierre BAWELA\",\"@id\":\"https:\\\/\\\/macite.tg\\\/#\\\/schema\\\/person\\\/e9f2de7e5dbbe7770a9402c7ce82f5c2\"},\"headline\":\"FIN DU CONCLAVE AU VATICAN\u00a0: Enfin un successeur au d\u00e9funt pape Fran\u00e7ois, son nom\u2026\",\"datePublished\":\"2025-05-08T17:20:13+00:00\",\"dateModified\":\"2025-05-08T17:44:48+00:00\",\"mainEntityOfPage\":{\"@id\":\"https:\\\/\\\/macite.tg\\\/?p=21930\"},\"wordCount\":513,\"commentCount\":0,\"image\":{\"@id\":\"https:\\\/\\\/macite.tg\\\/?p=21930#primaryimage\"},\"thumbnailUrl\":\"https:\\\/\\\/macite.tg\\\/wp-content\\\/uploads\\\/2025\\\/05\\\/image-18.png\",\"articleSection\":[\"ACTUALITE\",\"RELIGION\"],\"inLanguage\":\"fr-FR\",\"potentialAction\":[{\"@type\":\"CommentAction\",\"name\":\"Comment\",\"target\":[\"https:\\\/\\\/macite.tg\\\/?p=21930#respond\"]}]},{\"@type\":\"WebPage\",\"@id\":\"https:\\\/\\\/macite.tg\\\/?p=21930\",\"url\":\"https:\\\/\\\/macite.tg\\\/?p=21930\",\"name\":\"FIN DU CONCLAVE AU VATICAN\u00a0: Enfin un successeur au d\u00e9funt pape Fran\u00e7ois, son nom\u2026 -\",\"isPartOf\":{\"@id\":\"https:\\\/\\\/macite.tg\\\/#website\"},\"primaryImageOfPage\":{\"@id\":\"https:\\\/\\\/macite.tg\\\/?p=21930#primaryimage\"},\"image\":{\"@id\":\"https:\\\/\\\/macite.tg\\\/?p=21930#primaryimage\"},\"thumbnailUrl\":\"https:\\\/\\\/macite.tg\\\/wp-content\\\/uploads\\\/2025\\\/05\\\/image-18.png\",\"datePublished\":\"2025-05-08T17:20:13+00:00\",\"dateModified\":\"2025-05-08T17:44:48+00:00\",\"author\":{\"@id\":\"https:\\\/\\\/macite.tg\\\/#\\\/schema\\\/person\\\/e9f2de7e5dbbe7770a9402c7ce82f5c2\"},\"breadcrumb\":{\"@id\":\"https:\\\/\\\/macite.tg\\\/?p=21930#breadcrumb\"},\"inLanguage\":\"fr-FR\",\"potentialAction\":[{\"@type\":\"ReadAction\",\"target\":[\"https:\\\/\\\/macite.tg\\\/?p=21930\"]}]},{\"@type\":\"ImageObject\",\"inLanguage\":\"fr-FR\",\"@id\":\"https:\\\/\\\/macite.tg\\\/?p=21930#primaryimage\",\"url\":\"https:\\\/\\\/macite.tg\\\/wp-content\\\/uploads\\\/2025\\\/05\\\/image-18.png\",\"contentUrl\":\"https:\\\/\\\/macite.tg\\\/wp-content\\\/uploads\\\/2025\\\/05\\\/image-18.png\",\"width\":534,\"height\":301},{\"@type\":\"BreadcrumbList\",\"@id\":\"https:\\\/\\\/macite.tg\\\/?p=21930#breadcrumb\",\"itemListElement\":[{\"@type\":\"ListItem\",\"position\":1,\"name\":\"Accueil\",\"item\":\"https:\\\/\\\/macite.tg\\\/\"},{\"@type\":\"ListItem\",\"position\":2,\"name\":\"FIN DU CONCLAVE AU VATICAN\u00a0: Enfin un successeur au d\u00e9funt pape Fran\u00e7ois, son nom\u2026\"}]},{\"@type\":\"WebSite\",\"@id\":\"https:\\\/\\\/macite.tg\\\/#website\",\"url\":\"https:\\\/\\\/macite.tg\\\/\",\"name\":\"\",\"description\":\"L&#039;information, la bonne!!!\",\"potentialAction\":[{\"@type\":\"SearchAction\",\"target\":{\"@type\":\"EntryPoint\",\"urlTemplate\":\"https:\\\/\\\/macite.tg\\\/?s={search_term_string}\"},\"query-input\":{\"@type\":\"PropertyValueSpecification\",\"valueRequired\":true,\"valueName\":\"search_term_string\"}}],\"inLanguage\":\"fr-FR\"},{\"@type\":\"Person\",\"@id\":\"https:\\\/\\\/macite.tg\\\/#\\\/schema\\\/person\\\/e9f2de7e5dbbe7770a9402c7ce82f5c2\",\"name\":\"Jean Pierre BAWELA\",\"image\":{\"@type\":\"ImageObject\",\"inLanguage\":\"fr-FR\",\"@id\":\"https:\\\/\\\/macite.tg\\\/wp-content\\\/uploads\\\/2023\\\/09\\\/WhatsApp-Image-2023-09-19-at-14.44.41-122x122.jpeg\",\"url\":\"https:\\\/\\\/macite.tg\\\/wp-content\\\/uploads\\\/2023\\\/09\\\/WhatsApp-Image-2023-09-19-at-14.44.41-122x122.jpeg\",\"contentUrl\":\"https:\\\/\\\/macite.tg\\\/wp-content\\\/uploads\\\/2023\\\/09\\\/WhatsApp-Image-2023-09-19-at-14.44.41-122x122.jpeg\",\"caption\":\"Jean Pierre BAWELA\"},\"url\":\"https:\\\/\\\/macite.tg\\\/?author=2\"}]}<\/script>\n<!-- \/ Yoast SEO plugin. -->","yoast_head_json":{"title":"FIN DU CONCLAVE AU VATICAN\u00a0: Enfin un successeur au d\u00e9funt pape Fran\u00e7ois, son nom\u2026 -","robots":{"index":"index","follow":"follow","max-snippet":"max-snippet:-1","max-image-preview":"max-image-preview:large","max-video-preview":"max-video-preview:-1"},"canonical":"https:\/\/macite.tg\/?p=21930","og_locale":"fr_FR","og_type":"article","og_title":"FIN DU CONCLAVE AU VATICAN\u00a0: Enfin un successeur au d\u00e9funt pape Fran\u00e7ois, son nom\u2026 -","og_description":"Ce jeudi 8\u00a0mai, de la fum\u00e9e blanche est sortie de la chapelle Sixtine, annon\u00e7ant l\u2019\u00e9lection du nouveau souverain pontife. Il succ\u00e8de ainsi au pape Fran\u00e7ois, d\u00e9c\u00e9d\u00e9 le 21 avril, le lendemain de P\u00e2ques, et devient le 267e chef de l\u2019\u00c9glise catholique. Il s&rsquo;agit du pr\u00e9fet [&hellip;]","og_url":"https:\/\/macite.tg\/?p=21930","article_published_time":"2025-05-08T17:20:13+00:00","article_modified_time":"2025-05-08T17:44:48+00:00","og_image":[{"width":534,"height":301,"url":"https:\/\/macite.tg\/wp-content\/uploads\/2025\/05\/image-18.png","type":"image\/png"}],"author":"Jean Pierre BAWELA","twitter_card":"summary_large_image","twitter_misc":{"\u00c9crit par":"Jean Pierre BAWELA","Dur\u00e9e de lecture estim\u00e9e":"3 minutes"},"schema":{"@context":"https:\/\/schema.org","@graph":[{"@type":"Article","@id":"https:\/\/macite.tg\/?p=21930#article","isPartOf":{"@id":"https:\/\/macite.tg\/?p=21930"},"author":{"name":"Jean Pierre BAWELA","@id":"https:\/\/macite.tg\/#\/schema\/person\/e9f2de7e5dbbe7770a9402c7ce82f5c2"},"headline":"FIN DU CONCLAVE AU VATICAN\u00a0: Enfin un successeur au d\u00e9funt pape Fran\u00e7ois, son nom\u2026","datePublished":"2025-05-08T17:20:13+00:00","dateModified":"2025-05-08T17:44:48+00:00","mainEntityOfPage":{"@id":"https:\/\/macite.tg\/?p=21930"},"wordCount":513,"commentCount":0,"image":{"@id":"https:\/\/macite.tg\/?p=21930#primaryimage"},"thumbnailUrl":"https:\/\/macite.tg\/wp-content\/uploads\/2025\/05\/image-18.png","articleSection":["ACTUALITE","RELIGION"],"inLanguage":"fr-FR","potentialAction":[{"@type":"CommentAction","name":"Comment","target":["https:\/\/macite.tg\/?p=21930#respond"]}]},{"@type":"WebPage","@id":"https:\/\/macite.tg\/?p=21930","url":"https:\/\/macite.tg\/?p=21930","name":"FIN DU CONCLAVE AU VATICAN\u00a0: Enfin un successeur au d\u00e9funt pape Fran\u00e7ois, son nom\u2026 -","isPartOf":{"@id":"https:\/\/macite.tg\/#website"},"primaryImageOfPage":{"@id":"https:\/\/macite.tg\/?p=21930#primaryimage"},"image":{"@id":"https:\/\/macite.tg\/?p=21930#primaryimage"},"thumbnailUrl":"https:\/\/macite.tg\/wp-content\/uploads\/2025\/05\/image-18.png","datePublished":"2025-05-08T17:20:13+00:00","dateModified":"2025-05-08T17:44:48+00:00","author":{"@id":"https:\/\/macite.tg\/#\/schema\/person\/e9f2de7e5dbbe7770a9402c7ce82f5c2"},"breadcrumb":{"@id":"https:\/\/macite.tg\/?p=21930#breadcrumb"},"inLanguage":"fr-FR","potentialAction":[{"@type":"ReadAction","target":["https:\/\/macite.tg\/?p=21930"]}]},{"@type":"ImageObject","inLanguage":"fr-FR","@id":"https:\/\/macite.tg\/?p=21930#primaryimage","url":"https:\/\/macite.tg\/wp-content\/uploads\/2025\/05\/image-18.png","contentUrl":"https:\/\/macite.tg\/wp-content\/uploads\/2025\/05\/image-18.png","width":534,"height":301},{"@type":"BreadcrumbList","@id":"https:\/\/macite.tg\/?p=21930#breadcrumb","itemListElement":[{"@type":"ListItem","position":1,"name":"Accueil","item":"https:\/\/macite.tg\/"},{"@type":"ListItem","position":2,"name":"FIN DU CONCLAVE AU VATICAN\u00a0: Enfin un successeur au d\u00e9funt pape Fran\u00e7ois, son nom\u2026"}]},{"@type":"WebSite","@id":"https:\/\/macite.tg\/#website","url":"https:\/\/macite.tg\/","name":"","description":"L&#039;information, la bonne!!!","potentialAction":[{"@type":"SearchAction","target":{"@type":"EntryPoint","urlTemplate":"https:\/\/macite.tg\/?s={search_term_string}"},"query-input":{"@type":"PropertyValueSpecification","valueRequired":true,"valueName":"search_term_string"}}],"inLanguage":"fr-FR"},{"@type":"Person","@id":"https:\/\/macite.tg\/#\/schema\/person\/e9f2de7e5dbbe7770a9402c7ce82f5c2","name":"Jean Pierre BAWELA","image":{"@type":"ImageObject","inLanguage":"fr-FR","@id":"https:\/\/macite.tg\/wp-content\/uploads\/2023\/09\/WhatsApp-Image-2023-09-19-at-14.44.41-122x122.jpeg","url":"https:\/\/macite.tg\/wp-content\/uploads\/2023\/09\/WhatsApp-Image-2023-09-19-at-14.44.41-122x122.jpeg","contentUrl":"https:\/\/macite.tg\/wp-content\/uploads\/2023\/09\/WhatsApp-Image-2023-09-19-at-14.44.41-122x122.jpeg","caption":"Jean Pierre BAWELA"},"url":"https:\/\/macite.tg\/?author=2"}]}},"_links":{"self":[{"href":"https:\/\/macite.tg\/index.php?rest_route=\/wp\/v2\/posts\/21930","targetHints":{"allow":["GET"]}}],"collection":[{"href":"https:\/\/macite.tg\/index.php?rest_route=\/wp\/v2\/posts"}],"about":[{"href":"https:\/\/macite.tg\/index.php?rest_route=\/wp\/v2\/types\/post"}],"author":[{"embeddable":true,"href":"https:\/\/macite.tg\/index.php?rest_route=\/wp\/v2\/users\/2"}],"replies":[{"embeddable":true,"href":"https:\/\/macite.tg\/index.php?rest_route=%2Fwp%2Fv2%2Fcomments&post=21930"}],"version-history":[{"count":0,"href":"https:\/\/macite.tg\/index.php?rest_route=\/wp\/v2\/posts\/21930\/revisions"}],"wp:featuredmedia":[{"embeddable":true,"href":"https:\/\/macite.tg\/index.php?rest_route=\/wp\/v2\/media\/21931"}],"wp:attachment":[{"href":"https:\/\/macite.tg\/index.php?rest_route=%2Fwp%2Fv2%2Fmedia&parent=21930"}],"wp:term":[{"taxonomy":"category","embeddable":true,"href":"https:\/\/macite.tg\/index.php?rest_route=%2Fwp%2Fv2%2Fcategories&post=21930"},{"taxonomy":"post_tag","embeddable":true,"href":"https:\/\/macite.tg\/index.php?rest_route=%2Fwp%2Fv2%2Ftags&post=21930"}],"curies":[{"name":"wp","href":"https:\/\/api.w.org\/{rel}","templated":true}]}}