{"id":21800,"date":"2025-05-05T12:30:33","date_gmt":"2025-05-05T12:30:33","guid":{"rendered":"https:\/\/macite.tg\/?p=21800"},"modified":"2025-05-05T12:30:38","modified_gmt":"2025-05-05T12:30:38","slug":"mise-en-oeuvre-des-reformes-ministerielles-et-institutionnelle-un-taux-dexecution-de-738-enregistre-en-2024","status":"publish","type":"post","link":"https:\/\/macite.tg\/?p=21800","title":{"rendered":"MISE EN \u0152UVRE DES REFORMES MINISTERIELLES ET INSTITUTIONNELLE : Un taux d\u2019ex\u00e9cution de 73,8% enregistr\u00e9 en 2024"},"content":{"rendered":"\n<p class=\"wp-block-paragraph\"><strong><em>Un atelier de revue nationale de la mise en \u0153uvre des r\u00e9formes au sein des minist\u00e8res et institutions de l\u2019\u00c9tat a eu lieu le 18 avril dernier. Selon les premi\u00e8res conclusions, la mise en \u0153uvre engag\u00e9e par les structures publiques, a enregistr\u00e9 un taux d\u2019ex\u00e9cution physique de 73,8&nbsp;% et un taux d\u2019ex\u00e9cution financi\u00e8re de 65,5&nbsp;%.<\/em><\/strong><\/p>\n\n\n\n<p class=\"wp-block-paragraph\">Les travaux organis\u00e9s par visioconf\u00e9rence, ont \u00e9t\u00e9 pr\u00e9sid\u00e9s par Kpowbi\u00e9 Tchasso Akaya, Secr\u00e9taire g\u00e9n\u00e9ral du minist\u00e8re de l\u2019Economie et des finances, repr\u00e9sentant le ministre de tutelle, Essow\u00e8 Georges Barcola. Plus d\u2019une centaine de participants, issus de plusieurs d\u00e9partements minist\u00e9riels et des institutions de l\u2019Etat, du secteur priv\u00e9, des organisations de la soci\u00e9t\u00e9 civile, mais aussi des partenaires techniques et financiers, ont pris part \u00e0 cette rencontre, dont les discussions ont port\u00e9, notamment sur les six r\u00e9formes phares de la Feuille de route gouvernementale (FDR) Togo 2020-2025, et sur les r\u00e9formes op\u00e9rationnelles men\u00e9es par les minist\u00e8res et institutions de l\u2019\u00c9tat.<\/p>\n\n\n<div class=\"wp-block-image\">\n<figure class=\"aligncenter size-full is-resized\"><img loading=\"lazy\" decoding=\"async\" width=\"690\" height=\"170\" src=\"https:\/\/macite.tg\/wp-content\/uploads\/2025\/04\/IMG-20240313-WA0013.jpg\" alt=\"\" class=\"wp-image-21559\" style=\"width:840px;height:auto\" srcset=\"https:\/\/macite.tg\/wp-content\/uploads\/2025\/04\/IMG-20240313-WA0013.jpg 690w, https:\/\/macite.tg\/wp-content\/uploads\/2025\/04\/IMG-20240313-WA0013-300x74.jpg 300w\" sizes=\"auto, (max-width: 690px) 100vw, 690px\" \/><\/figure>\n<\/div>\n\n\n<p class=\"wp-block-paragraph\">Il \u00e9tait question, entre autres, d\u2019\u00e9valuer la r\u00e9alisation des plans de travail et du budget annuel (PTBA 2024), de recenser les contraintes ayant frein\u00e9 certains projets, et de proposer des solutions concr\u00e8tes pour relancer ou acc\u00e9l\u00e9rer les actions pr\u00e9vues.<\/p>\n\n\n\n<p class=\"wp-block-paragraph\">Et dans ce sens, la pr\u00e9sentation du repr\u00e9sentant du ministre de l\u2019Economie et des finances a ainsi permis d\u2019\u00e9lucider les zones d\u2019ombres portant sur l\u2019\u00e9tat d\u2019avancement de ces initiatives, tout en mettant en lumi\u00e8re les \u00e9carts observ\u00e9s par rapport aux objectifs fix\u00e9s.<\/p>\n\n\n<div class=\"wp-block-image\">\n<figure class=\"aligncenter size-full\"><img loading=\"lazy\" decoding=\"async\" width=\"945\" height=\"575\" src=\"https:\/\/macite.tg\/wp-content\/uploads\/2025\/04\/image-85.png\" alt=\"\" class=\"wp-image-21607\" srcset=\"https:\/\/macite.tg\/wp-content\/uploads\/2025\/04\/image-85.png 945w, https:\/\/macite.tg\/wp-content\/uploads\/2025\/04\/image-85-300x183.png 300w, https:\/\/macite.tg\/wp-content\/uploads\/2025\/04\/image-85-768x467.png 768w\" sizes=\"auto, (max-width: 945px) 100vw, 945px\" \/><\/figure>\n<\/div>\n\n\n<p class=\"wp-block-paragraph\">Notons que ce r\u00e9sultat de 2024 laisse entrevoir une l\u00e9g\u00e8re progression par rapport \u00e0 l\u2019exercice \u00e9coul\u00e9 (2023) o\u00f9 le taux d\u2019ex\u00e9cution physique \u00e9tait de 73,6% et celui d&rsquo;ex\u00e9cution financi\u00e8re de 61,9&nbsp;%.<\/p>\n\n\n\n<p class=\"wp-block-paragraph\"><strong>Mab\u00e9 B.<\/strong><\/p>\n\n\n\n<p class=\"wp-block-paragraph\"><a><strong><em>@macite.tg&nbsp;&nbsp;&nbsp;&nbsp;&nbsp;&nbsp;&nbsp;&nbsp;<\/em><\/strong><\/a><\/p>\n\n\n\n<p class=\"wp-block-paragraph\"><strong><em>E-mail&nbsp;: <\/em><\/strong><a href=\"mailto:maciteinfo@gmail.com\"><strong><em>maciteinfo@gmail.com<\/em><\/strong><\/a><strong><em>; <\/em><\/strong><a href=\"mailto:bawela1@gmail.com\"><strong><em>bawela1@gmail.com<\/em><\/strong><\/a><strong><em><\/em><\/strong><\/p>\n\n\n\n<p class=\"wp-block-paragraph\"><strong><em>Pour vos annonces, (publi)reportages, etc., joignez-nous au (00228)91515309\/<strong>79872224 <\/strong>www.macite.tg, L\u2019information, la bonne&nbsp;!<\/em><\/strong><\/p>\n\n\n\n<p class=\"wp-block-paragraph\"><\/p>\n","protected":false},"excerpt":{"rendered":"<p class=\"text-justify mb-2\" >Un atelier de revue nationale de la mise en \u0153uvre des r\u00e9formes au sein des minist\u00e8res et institutions de l\u2019\u00c9tat a eu lieu le 18 avril dernier. Selon les premi\u00e8res conclusions, la mise en \u0153uvre engag\u00e9e par les structures publiques, a enregistr\u00e9 un taux d\u2019ex\u00e9cution [&hellip;]<\/p>\n","protected":false},"author":2,"featured_media":21803,"comment_status":"open","ping_status":"open","sticky":false,"template":"","format":"standard","meta":{"footnotes":""},"categories":[20,3],"tags":[],"class_list":["post-21800","post","type-post","status-publish","format-standard","has-post-thumbnail","hentry","category-actualite","category-economie"],"yoast_head":"<!-- This site is optimized with the Yoast SEO plugin v28.4 - https:\/\/yoast.com\/product\/yoast-seo-wordpress\/ -->\n<title>MISE EN \u0152UVRE DES REFORMES MINISTERIELLES ET INSTITUTIONNELLE : Un taux d\u2019ex\u00e9cution de 73,8% enregistr\u00e9 en 2024 -<\/title>\n<meta name=\"robots\" content=\"index, follow, max-snippet:-1, max-image-preview:large, max-video-preview:-1\" \/>\n<link rel=\"canonical\" href=\"https:\/\/macite.tg\/?p=21800\" \/>\n<meta property=\"og:locale\" content=\"fr_FR\" \/>\n<meta property=\"og:type\" content=\"article\" \/>\n<meta property=\"og:title\" content=\"MISE EN \u0152UVRE DES REFORMES MINISTERIELLES ET INSTITUTIONNELLE : Un taux d\u2019ex\u00e9cution de 73,8% enregistr\u00e9 en 2024 -\" \/>\n<meta property=\"og:description\" content=\"Un atelier de revue nationale de la mise en \u0153uvre des r\u00e9formes au sein des minist\u00e8res et institutions de l\u2019\u00c9tat a eu lieu le 18 avril dernier. Selon les premi\u00e8res conclusions, la mise en \u0153uvre engag\u00e9e par les structures publiques, a enregistr\u00e9 un taux d\u2019ex\u00e9cution [&hellip;]\" \/>\n<meta property=\"og:url\" content=\"https:\/\/macite.tg\/?p=21800\" \/>\n<meta property=\"article:published_time\" content=\"2025-05-05T12:30:33+00:00\" \/>\n<meta property=\"article:modified_time\" content=\"2025-05-05T12:30:38+00:00\" \/>\n<meta property=\"og:image\" content=\"https:\/\/macite.tg\/wp-content\/uploads\/2025\/05\/CASEF.jpg\" \/>\n\t<meta property=\"og:image:width\" content=\"500\" \/>\n\t<meta property=\"og:image:height\" content=\"333\" \/>\n\t<meta property=\"og:image:type\" content=\"image\/jpeg\" \/>\n<meta name=\"author\" content=\"Jean Pierre BAWELA\" \/>\n<meta name=\"twitter:card\" content=\"summary_large_image\" \/>\n<meta name=\"twitter:label1\" content=\"\u00c9crit par\" \/>\n\t<meta name=\"twitter:data1\" content=\"Jean Pierre BAWELA\" \/>\n\t<meta name=\"twitter:label2\" content=\"Dur\u00e9e de lecture estim\u00e9e\" \/>\n\t<meta name=\"twitter:data2\" content=\"3 minutes\" \/>\n<script type=\"application\/ld+json\" class=\"yoast-schema-graph\">{\"@context\":\"https:\\\/\\\/schema.org\",\"@graph\":[{\"@type\":\"Article\",\"@id\":\"https:\\\/\\\/macite.tg\\\/?p=21800#article\",\"isPartOf\":{\"@id\":\"https:\\\/\\\/macite.tg\\\/?p=21800\"},\"author\":{\"name\":\"Jean Pierre BAWELA\",\"@id\":\"https:\\\/\\\/macite.tg\\\/#\\\/schema\\\/person\\\/e9f2de7e5dbbe7770a9402c7ce82f5c2\"},\"headline\":\"MISE EN \u0152UVRE DES REFORMES MINISTERIELLES ET INSTITUTIONNELLE : Un taux d\u2019ex\u00e9cution de 73,8% enregistr\u00e9 en 2024\",\"datePublished\":\"2025-05-05T12:30:33+00:00\",\"dateModified\":\"2025-05-05T12:30:38+00:00\",\"mainEntityOfPage\":{\"@id\":\"https:\\\/\\\/macite.tg\\\/?p=21800\"},\"wordCount\":367,\"commentCount\":0,\"image\":{\"@id\":\"https:\\\/\\\/macite.tg\\\/?p=21800#primaryimage\"},\"thumbnailUrl\":\"https:\\\/\\\/macite.tg\\\/wp-content\\\/uploads\\\/2025\\\/05\\\/CASEF.jpg\",\"articleSection\":[\"ACTUALITE\",\"ECONOMIE\"],\"inLanguage\":\"fr-FR\",\"potentialAction\":[{\"@type\":\"CommentAction\",\"name\":\"Comment\",\"target\":[\"https:\\\/\\\/macite.tg\\\/?p=21800#respond\"]}]},{\"@type\":\"WebPage\",\"@id\":\"https:\\\/\\\/macite.tg\\\/?p=21800\",\"url\":\"https:\\\/\\\/macite.tg\\\/?p=21800\",\"name\":\"MISE EN \u0152UVRE DES REFORMES MINISTERIELLES ET INSTITUTIONNELLE : Un taux d\u2019ex\u00e9cution de 73,8% enregistr\u00e9 en 2024 -\",\"isPartOf\":{\"@id\":\"https:\\\/\\\/macite.tg\\\/#website\"},\"primaryImageOfPage\":{\"@id\":\"https:\\\/\\\/macite.tg\\\/?p=21800#primaryimage\"},\"image\":{\"@id\":\"https:\\\/\\\/macite.tg\\\/?p=21800#primaryimage\"},\"thumbnailUrl\":\"https:\\\/\\\/macite.tg\\\/wp-content\\\/uploads\\\/2025\\\/05\\\/CASEF.jpg\",\"datePublished\":\"2025-05-05T12:30:33+00:00\",\"dateModified\":\"2025-05-05T12:30:38+00:00\",\"author\":{\"@id\":\"https:\\\/\\\/macite.tg\\\/#\\\/schema\\\/person\\\/e9f2de7e5dbbe7770a9402c7ce82f5c2\"},\"breadcrumb\":{\"@id\":\"https:\\\/\\\/macite.tg\\\/?p=21800#breadcrumb\"},\"inLanguage\":\"fr-FR\",\"potentialAction\":[{\"@type\":\"ReadAction\",\"target\":[\"https:\\\/\\\/macite.tg\\\/?p=21800\"]}]},{\"@type\":\"ImageObject\",\"inLanguage\":\"fr-FR\",\"@id\":\"https:\\\/\\\/macite.tg\\\/?p=21800#primaryimage\",\"url\":\"https:\\\/\\\/macite.tg\\\/wp-content\\\/uploads\\\/2025\\\/05\\\/CASEF.jpg\",\"contentUrl\":\"https:\\\/\\\/macite.tg\\\/wp-content\\\/uploads\\\/2025\\\/05\\\/CASEF.jpg\",\"width\":500,\"height\":333,\"caption\":\"Le Casef \u00e0 Lom\u00e9\"},{\"@type\":\"BreadcrumbList\",\"@id\":\"https:\\\/\\\/macite.tg\\\/?p=21800#breadcrumb\",\"itemListElement\":[{\"@type\":\"ListItem\",\"position\":1,\"name\":\"Accueil\",\"item\":\"https:\\\/\\\/macite.tg\\\/\"},{\"@type\":\"ListItem\",\"position\":2,\"name\":\"MISE EN \u0152UVRE DES REFORMES MINISTERIELLES ET INSTITUTIONNELLE : Un taux d\u2019ex\u00e9cution de 73,8% enregistr\u00e9 en 2024\"}]},{\"@type\":\"WebSite\",\"@id\":\"https:\\\/\\\/macite.tg\\\/#website\",\"url\":\"https:\\\/\\\/macite.tg\\\/\",\"name\":\"\",\"description\":\"L&#039;information, la bonne!!!\",\"potentialAction\":[{\"@type\":\"SearchAction\",\"target\":{\"@type\":\"EntryPoint\",\"urlTemplate\":\"https:\\\/\\\/macite.tg\\\/?s={search_term_string}\"},\"query-input\":{\"@type\":\"PropertyValueSpecification\",\"valueRequired\":true,\"valueName\":\"search_term_string\"}}],\"inLanguage\":\"fr-FR\"},{\"@type\":\"Person\",\"@id\":\"https:\\\/\\\/macite.tg\\\/#\\\/schema\\\/person\\\/e9f2de7e5dbbe7770a9402c7ce82f5c2\",\"name\":\"Jean Pierre BAWELA\",\"image\":{\"@type\":\"ImageObject\",\"inLanguage\":\"fr-FR\",\"@id\":\"https:\\\/\\\/macite.tg\\\/wp-content\\\/uploads\\\/2023\\\/09\\\/WhatsApp-Image-2023-09-19-at-14.44.41-122x122.jpeg\",\"url\":\"https:\\\/\\\/macite.tg\\\/wp-content\\\/uploads\\\/2023\\\/09\\\/WhatsApp-Image-2023-09-19-at-14.44.41-122x122.jpeg\",\"contentUrl\":\"https:\\\/\\\/macite.tg\\\/wp-content\\\/uploads\\\/2023\\\/09\\\/WhatsApp-Image-2023-09-19-at-14.44.41-122x122.jpeg\",\"caption\":\"Jean Pierre BAWELA\"},\"url\":\"https:\\\/\\\/macite.tg\\\/?author=2\"}]}<\/script>\n<!-- \/ Yoast SEO plugin. -->","yoast_head_json":{"title":"MISE EN \u0152UVRE DES REFORMES MINISTERIELLES ET INSTITUTIONNELLE : Un taux d\u2019ex\u00e9cution de 73,8% enregistr\u00e9 en 2024 -","robots":{"index":"index","follow":"follow","max-snippet":"max-snippet:-1","max-image-preview":"max-image-preview:large","max-video-preview":"max-video-preview:-1"},"canonical":"https:\/\/macite.tg\/?p=21800","og_locale":"fr_FR","og_type":"article","og_title":"MISE EN \u0152UVRE DES REFORMES MINISTERIELLES ET INSTITUTIONNELLE : Un taux d\u2019ex\u00e9cution de 73,8% enregistr\u00e9 en 2024 -","og_description":"Un atelier de revue nationale de la mise en \u0153uvre des r\u00e9formes au sein des minist\u00e8res et institutions de l\u2019\u00c9tat a eu lieu le 18 avril dernier. Selon les premi\u00e8res conclusions, la mise en \u0153uvre engag\u00e9e par les structures publiques, a enregistr\u00e9 un taux d\u2019ex\u00e9cution [&hellip;]","og_url":"https:\/\/macite.tg\/?p=21800","article_published_time":"2025-05-05T12:30:33+00:00","article_modified_time":"2025-05-05T12:30:38+00:00","og_image":[{"width":500,"height":333,"url":"https:\/\/macite.tg\/wp-content\/uploads\/2025\/05\/CASEF.jpg","type":"image\/jpeg"}],"author":"Jean Pierre BAWELA","twitter_card":"summary_large_image","twitter_misc":{"\u00c9crit par":"Jean Pierre BAWELA","Dur\u00e9e de lecture estim\u00e9e":"3 minutes"},"schema":{"@context":"https:\/\/schema.org","@graph":[{"@type":"Article","@id":"https:\/\/macite.tg\/?p=21800#article","isPartOf":{"@id":"https:\/\/macite.tg\/?p=21800"},"author":{"name":"Jean Pierre BAWELA","@id":"https:\/\/macite.tg\/#\/schema\/person\/e9f2de7e5dbbe7770a9402c7ce82f5c2"},"headline":"MISE EN \u0152UVRE DES REFORMES MINISTERIELLES ET INSTITUTIONNELLE : Un taux d\u2019ex\u00e9cution de 73,8% enregistr\u00e9 en 2024","datePublished":"2025-05-05T12:30:33+00:00","dateModified":"2025-05-05T12:30:38+00:00","mainEntityOfPage":{"@id":"https:\/\/macite.tg\/?p=21800"},"wordCount":367,"commentCount":0,"image":{"@id":"https:\/\/macite.tg\/?p=21800#primaryimage"},"thumbnailUrl":"https:\/\/macite.tg\/wp-content\/uploads\/2025\/05\/CASEF.jpg","articleSection":["ACTUALITE","ECONOMIE"],"inLanguage":"fr-FR","potentialAction":[{"@type":"CommentAction","name":"Comment","target":["https:\/\/macite.tg\/?p=21800#respond"]}]},{"@type":"WebPage","@id":"https:\/\/macite.tg\/?p=21800","url":"https:\/\/macite.tg\/?p=21800","name":"MISE EN \u0152UVRE DES REFORMES MINISTERIELLES ET INSTITUTIONNELLE : Un taux d\u2019ex\u00e9cution de 73,8% enregistr\u00e9 en 2024 -","isPartOf":{"@id":"https:\/\/macite.tg\/#website"},"primaryImageOfPage":{"@id":"https:\/\/macite.tg\/?p=21800#primaryimage"},"image":{"@id":"https:\/\/macite.tg\/?p=21800#primaryimage"},"thumbnailUrl":"https:\/\/macite.tg\/wp-content\/uploads\/2025\/05\/CASEF.jpg","datePublished":"2025-05-05T12:30:33+00:00","dateModified":"2025-05-05T12:30:38+00:00","author":{"@id":"https:\/\/macite.tg\/#\/schema\/person\/e9f2de7e5dbbe7770a9402c7ce82f5c2"},"breadcrumb":{"@id":"https:\/\/macite.tg\/?p=21800#breadcrumb"},"inLanguage":"fr-FR","potentialAction":[{"@type":"ReadAction","target":["https:\/\/macite.tg\/?p=21800"]}]},{"@type":"ImageObject","inLanguage":"fr-FR","@id":"https:\/\/macite.tg\/?p=21800#primaryimage","url":"https:\/\/macite.tg\/wp-content\/uploads\/2025\/05\/CASEF.jpg","contentUrl":"https:\/\/macite.tg\/wp-content\/uploads\/2025\/05\/CASEF.jpg","width":500,"height":333,"caption":"Le Casef \u00e0 Lom\u00e9"},{"@type":"BreadcrumbList","@id":"https:\/\/macite.tg\/?p=21800#breadcrumb","itemListElement":[{"@type":"ListItem","position":1,"name":"Accueil","item":"https:\/\/macite.tg\/"},{"@type":"ListItem","position":2,"name":"MISE EN \u0152UVRE DES REFORMES MINISTERIELLES ET INSTITUTIONNELLE : Un taux d\u2019ex\u00e9cution de 73,8% enregistr\u00e9 en 2024"}]},{"@type":"WebSite","@id":"https:\/\/macite.tg\/#website","url":"https:\/\/macite.tg\/","name":"","description":"L&#039;information, la bonne!!!","potentialAction":[{"@type":"SearchAction","target":{"@type":"EntryPoint","urlTemplate":"https:\/\/macite.tg\/?s={search_term_string}"},"query-input":{"@type":"PropertyValueSpecification","valueRequired":true,"valueName":"search_term_string"}}],"inLanguage":"fr-FR"},{"@type":"Person","@id":"https:\/\/macite.tg\/#\/schema\/person\/e9f2de7e5dbbe7770a9402c7ce82f5c2","name":"Jean Pierre BAWELA","image":{"@type":"ImageObject","inLanguage":"fr-FR","@id":"https:\/\/macite.tg\/wp-content\/uploads\/2023\/09\/WhatsApp-Image-2023-09-19-at-14.44.41-122x122.jpeg","url":"https:\/\/macite.tg\/wp-content\/uploads\/2023\/09\/WhatsApp-Image-2023-09-19-at-14.44.41-122x122.jpeg","contentUrl":"https:\/\/macite.tg\/wp-content\/uploads\/2023\/09\/WhatsApp-Image-2023-09-19-at-14.44.41-122x122.jpeg","caption":"Jean Pierre BAWELA"},"url":"https:\/\/macite.tg\/?author=2"}]}},"_links":{"self":[{"href":"https:\/\/macite.tg\/index.php?rest_route=\/wp\/v2\/posts\/21800","targetHints":{"allow":["GET"]}}],"collection":[{"href":"https:\/\/macite.tg\/index.php?rest_route=\/wp\/v2\/posts"}],"about":[{"href":"https:\/\/macite.tg\/index.php?rest_route=\/wp\/v2\/types\/post"}],"author":[{"embeddable":true,"href":"https:\/\/macite.tg\/index.php?rest_route=\/wp\/v2\/users\/2"}],"replies":[{"embeddable":true,"href":"https:\/\/macite.tg\/index.php?rest_route=%2Fwp%2Fv2%2Fcomments&post=21800"}],"version-history":[{"count":0,"href":"https:\/\/macite.tg\/index.php?rest_route=\/wp\/v2\/posts\/21800\/revisions"}],"wp:featuredmedia":[{"embeddable":true,"href":"https:\/\/macite.tg\/index.php?rest_route=\/wp\/v2\/media\/21803"}],"wp:attachment":[{"href":"https:\/\/macite.tg\/index.php?rest_route=%2Fwp%2Fv2%2Fmedia&parent=21800"}],"wp:term":[{"taxonomy":"category","embeddable":true,"href":"https:\/\/macite.tg\/index.php?rest_route=%2Fwp%2Fv2%2Fcategories&post=21800"},{"taxonomy":"post_tag","embeddable":true,"href":"https:\/\/macite.tg\/index.php?rest_route=%2Fwp%2Fv2%2Ftags&post=21800"}],"curies":[{"name":"wp","href":"https:\/\/api.w.org\/{rel}","templated":true}]}}