{"id":21776,"date":"2025-05-04T17:38:31","date_gmt":"2025-05-04T17:38:31","guid":{"rendered":"https:\/\/macite.tg\/?p=21776"},"modified":"2025-05-04T17:41:21","modified_gmt":"2025-05-04T17:41:21","slug":"dr-jean-lucien-savi-de-tove-nouveau-president-de-la-republique-bienvenue-dans-la-veme-republiquelexpression-de-la-maturite-democratique","status":"publish","type":"post","link":"https:\/\/macite.tg\/?p=21776","title":{"rendered":"JEAN-LUCIEN SAVI DE TOVE, NOUVEAU PRESIDENT DE LA REPUBLIQUE\u00a0: Bienvenue dans la V\u00e8me R\u00e9publique\u2026l\u2019expression de la maturit\u00e9 d\u00e9mocratique"},"content":{"rendered":"\n<p class=\"wp-block-paragraph\"><strong><em>Hier samedi 03 mai, r\u00e9unis lors de la premi\u00e8re s\u00e9ance pl\u00e9ni\u00e8re du congr\u00e8s, les d\u00e9put\u00e9s et les s\u00e9nateurs ont \u00e9lu le Pr\u00e9sident de la R\u00e9publique togolaise. Jean-Lucien Savi de Tov\u00e9, seul candidat en lice, pr\u00e9sent\u00e9 par Union pour la R\u00e9publique (UNIR), a \u00e9t\u00e9 pl\u00e9biscit\u00e9, puis a \u00e9t\u00e9 investi dans ses fonctions par le Pr\u00e9sident du Congr\u00e8s, ceci conform\u00e9ment aux dispositions de la Constitution du 6 mai 2024. Cette c\u00e9r\u00e9monie consacre ainsi l\u2019entr\u00e9e d\u00e9finitive du Togo dans un r\u00e9gime parlementaire, avec un Pr\u00e9sident de la R\u00e9publique, d\u00e9sormais honorifique, garant de l\u2019unit\u00e9 nationale.<\/em><\/strong><\/p>\n\n\n\n<p class=\"wp-block-paragraph\">La derni\u00e8re marche du processus consacrant l\u2019entr\u00e9e en vigueur de la V\u00e8me R\u00e9publique, a \u00e9t\u00e9 atteinte, hier samedi 03 mai avec l\u2019\u00e9lection puis l\u2019installation dans ses nouvelles fonctions du nouveau Pr\u00e9sident de la R\u00e9publique, Jean-Lucien Savi de Tov\u00e9. C\u2019\u00e9tait lors de la toute premi\u00e8re s\u00e9ance du Congr\u00e8s, pr\u00e9sid\u00e9e par le Pr\u00e9sident de l\u2019Assembl\u00e9e nationale, conform\u00e9ment \u00e0 l\u2019article 13 alin\u00e9a 2 de la Constitution.<\/p>\n\n\n<div class=\"wp-block-image\">\n<figure class=\"aligncenter size-full is-resized\"><img loading=\"lazy\" decoding=\"async\" width=\"500\" height=\"111\" src=\"https:\/\/macite.tg\/wp-content\/uploads\/2025\/05\/Election-PR.jpg\" alt=\"\" class=\"wp-image-21787\" style=\"width:840px;height:auto\" srcset=\"https:\/\/macite.tg\/wp-content\/uploads\/2025\/05\/Election-PR.jpg 500w, https:\/\/macite.tg\/wp-content\/uploads\/2025\/05\/Election-PR-300x67.jpg 300w\" sizes=\"auto, (max-width: 500px) 100vw, 500px\" \/><figcaption class=\"wp-element-caption\"><strong><em>L&rsquo;\u00e9lection du Pr\u00e9sident de la R\u00e9publique&#8230;<\/em><\/strong><\/figcaption><\/figure>\n<\/div>\n\n\n<p class=\"wp-block-paragraph\"><strong>\u2026L\u2019\u00e9lection<\/strong><\/p>\n\n\n\n<p class=\"wp-block-paragraph\">Apr\u00e8s v\u00e9rification du quorum, les op\u00e9rations de vote se sont d\u00e9roul\u00e9es conform\u00e9ment \u00e0 la Constitution et au r\u00e8glement int\u00e9rieur qui pr\u00e9voit le bulletin secret.<\/p>\n\n\n\n<p class=\"wp-block-paragraph\">Ainsi, \u00e0 l\u2019issue du scrutin, le candidat propos\u00e9 par la Majorit\u00e9 Parlementaire (UNIR) a \u00e9t\u00e9 \u00e9lu avec 100% des voix, soit 150 sur 150.<\/p>\n\n\n\n<p class=\"wp-block-paragraph\">Selon le Pr\u00e9sident du Congr\u00e8s, le candidat Jean-Lucien Savi de Tov\u00e9 a coch\u00e9 toutes les cases requises par la nouvelle Constitution pour pr\u00e9tendre au poste de Pr\u00e9sident de la R\u00e9publique.<em> \u00abIl est exclusivement de nationalit\u00e9 togolaise de naissance, \u00e2g\u00e9 de plus de 86 ans, en possession de ses droits civils et politiques, et en bonne sant\u00e9 physique et mentale selon les expertises m\u00e9dicales. Il r\u00e9side sur le territoire national depuis plus de 12 mois \u00bb,<\/em> a-t-il indiqu\u00e9.<\/p>\n\n\n<div class=\"wp-block-image\">\n<figure class=\"aligncenter size-full is-resized\"><img loading=\"lazy\" decoding=\"async\" width=\"690\" height=\"170\" src=\"https:\/\/macite.tg\/wp-content\/uploads\/2025\/04\/IMG-20240313-WA0013.jpg\" alt=\"\" class=\"wp-image-21559\" style=\"width:840px;height:auto\" srcset=\"https:\/\/macite.tg\/wp-content\/uploads\/2025\/04\/IMG-20240313-WA0013.jpg 690w, https:\/\/macite.tg\/wp-content\/uploads\/2025\/04\/IMG-20240313-WA0013-300x74.jpg 300w\" sizes=\"auto, (max-width: 690px) 100vw, 690px\" \/><\/figure>\n<\/div>\n\n\n<p class=\"wp-block-paragraph\"><strong>Ensuite la prestation de serment<\/strong><\/p>\n\n\n\n<p class=\"wp-block-paragraph\">Conform\u00e9ment \u00e0 l\u2019article 35 de la Constitution, le Pr\u00e9sident de la R\u00e9publique \u00e9lu, a pr\u00eat\u00e9 serment devant le Congr\u00e8s.<\/p>\n\n\n\n<p class=\"wp-block-paragraph\"><em>\u00ab Devant Dieu et devant le peuple togolais, seul d\u00e9tenteur de la souverainet\u00e9 nationale, Nous, Jean-Lucien Savi de Tov\u00e9, Pr\u00e9sident de la R\u00e9publique \u00e9lu, conform\u00e9ment aux lois de la R\u00e9publique, jurons solennellement fid\u00e9lit\u00e9 \u00e0 la Constitution de la R\u00e9publique et nous engageons \u00e0 consacrer nos efforts au bien-\u00eatre du peuple togolais et de travailler \u00e0 la consolidation de l\u2019unit\u00e9 nationale \u00bb, <\/em>a d\u00e9clar\u00e9 le nouveau Pr\u00e9sident de la R\u00e9publique.<\/p>\n\n\n<div class=\"wp-block-image\">\n<figure class=\"aligncenter size-large is-resized\"><img loading=\"lazy\" decoding=\"async\" width=\"1024\" height=\"682\" src=\"https:\/\/macite.tg\/wp-content\/uploads\/2025\/05\/image-4-1024x682.png\" alt=\"\" class=\"wp-image-21786\" style=\"width:630px;height:auto\" srcset=\"https:\/\/macite.tg\/wp-content\/uploads\/2025\/05\/image-4-1024x682.png 1024w, https:\/\/macite.tg\/wp-content\/uploads\/2025\/05\/image-4-300x200.png 300w, https:\/\/macite.tg\/wp-content\/uploads\/2025\/05\/image-4-768x512.png 768w, https:\/\/macite.tg\/wp-content\/uploads\/2025\/05\/image-4-1536x1023.png 1536w, https:\/\/macite.tg\/wp-content\/uploads\/2025\/05\/image-4-650x434.png 650w, https:\/\/macite.tg\/wp-content\/uploads\/2025\/05\/image-4-730x487.png 730w, https:\/\/macite.tg\/wp-content\/uploads\/2025\/05\/image-4-112x75.png 112w, https:\/\/macite.tg\/wp-content\/uploads\/2025\/05\/image-4-425x283.png 425w, https:\/\/macite.tg\/wp-content\/uploads\/2025\/05\/image-4-430x287.png 430w, https:\/\/macite.tg\/wp-content\/uploads\/2025\/05\/image-4.png 1600w\" sizes=\"auto, (max-width: 1024px) 100vw, 1024px\" \/><figcaption class=\"wp-element-caption\"><strong><em>Le Pr\u00e9sident de la R\u00e9publique \u00e9lu, pre\u00eatant serment<\/em><\/strong><\/figcaption><\/figure>\n<\/div>\n\n\n<p class=\"wp-block-paragraph\">Ce n\u2019est qu\u2019\u00e0 la suite de cela que Jean-Lucien Savi de Tov\u00e9 a \u00e9t\u00e9 investi dans ses fonctions par le Pr\u00e9sident du Congr\u00e8s.<\/p>\n\n\n\n<p class=\"wp-block-paragraph\"><em>\u00ab Acte est donn\u00e9 de votre serment, Excellence Monsieur le Pr\u00e9sident de la R\u00e9publique. Au nom du Congr\u00e8s, nous vous d\u00e9clarons officiellement investi dans vos fonctions de Pr\u00e9sident de la R\u00e9publique togolaise. Cette prestation de serment sera consign\u00e9e dans le proc\u00e8s-verbal de la pr\u00e9sente s\u00e9ance solennelle et publi\u00e9e au Journal Officiel de la R\u00e9publique togolaise \u00bb,<\/em> a-t-il indiqu\u00e9.<\/p>\n\n\n<div class=\"wp-block-image\">\n<figure class=\"aligncenter size-full is-resized\"><img loading=\"lazy\" decoding=\"async\" width=\"945\" height=\"575\" src=\"https:\/\/macite.tg\/wp-content\/uploads\/2025\/04\/image-85.png\" alt=\"\" class=\"wp-image-21607\" style=\"width:706px;height:auto\" srcset=\"https:\/\/macite.tg\/wp-content\/uploads\/2025\/04\/image-85.png 945w, https:\/\/macite.tg\/wp-content\/uploads\/2025\/04\/image-85-300x183.png 300w, https:\/\/macite.tg\/wp-content\/uploads\/2025\/04\/image-85-768x467.png 768w\" sizes=\"auto, (max-width: 945px) 100vw, 945px\" \/><\/figure>\n<\/div>\n\n\n<p class=\"wp-block-paragraph\">Notons que ladite c\u00e9r\u00e9monie empreinte de solennit\u00e9, marque ainsi une \u00e9tape d\u00e9cisive de l\u2019histoire institutionnelle du Togo. Elle illustre la maturit\u00e9 de la d\u00e9mocratie togolaise, et l\u2019attachement du pays aux standards d\u2019un \u00c9tat de droit moderne.<\/p>\n\n\n\n<p class=\"wp-block-paragraph\"><strong>JPB<\/strong><\/p>\n\n\n\n<p class=\"wp-block-paragraph\"><a><strong><em>@macite.tg&nbsp;&nbsp;&nbsp;&nbsp;&nbsp;&nbsp;&nbsp;&nbsp;<\/em><\/strong><\/a><\/p>\n\n\n\n<p class=\"wp-block-paragraph\"><strong><em>E-mail&nbsp;: <\/em><\/strong><a href=\"mailto:maciteinfo@gmail.com\"><strong><em>maciteinfo@gmail.com<\/em><\/strong><\/a><strong><em>; <\/em><\/strong><a href=\"mailto:bawela1@gmail.com\"><strong><em>bawela1@gmail.com<\/em><\/strong><\/a><strong><em><\/em><\/strong><\/p>\n\n\n\n<p class=\"wp-block-paragraph\"><strong><em>Pour vos annonces, (publi)reportages, etc., joignez-nous au (00228)91515309\/<strong>79872224 <\/strong>www.macite.tg, L\u2019information, la bonne&nbsp;!<\/em><\/strong><\/p>\n\n\n\n<p class=\"wp-block-paragraph\"><\/p>\n","protected":false},"excerpt":{"rendered":"<p class=\"text-justify mb-2\" >Hier samedi 03 mai, r\u00e9unis lors de la premi\u00e8re s\u00e9ance pl\u00e9ni\u00e8re du congr\u00e8s, les d\u00e9put\u00e9s et les s\u00e9nateurs ont \u00e9lu le Pr\u00e9sident de la R\u00e9publique togolaise. Jean-Lucien Savi de Tov\u00e9, seul candidat en lice, pr\u00e9sent\u00e9 par Union pour la R\u00e9publique (UNIR), a \u00e9t\u00e9 pl\u00e9biscit\u00e9, puis [&hellip;]<\/p>\n","protected":false},"author":2,"featured_media":21788,"comment_status":"open","ping_status":"open","sticky":false,"template":"","format":"standard","meta":{"footnotes":""},"categories":[20,1],"tags":[],"class_list":["post-21776","post","type-post","status-publish","format-standard","has-post-thumbnail","hentry","category-actualite","category-politique"],"yoast_head":"<!-- This site is optimized with the Yoast SEO plugin v28.4 - https:\/\/yoast.com\/product\/yoast-seo-wordpress\/ -->\n<title>JEAN-LUCIEN SAVI DE TOVE, NOUVEAU PRESIDENT DE LA REPUBLIQUE\u00a0: Bienvenue dans la V\u00e8me R\u00e9publique\u2026l\u2019expression de la maturit\u00e9 d\u00e9mocratique -<\/title>\n<meta name=\"robots\" content=\"index, follow, max-snippet:-1, max-image-preview:large, max-video-preview:-1\" \/>\n<link rel=\"canonical\" href=\"https:\/\/macite.tg\/?p=21776\" \/>\n<meta property=\"og:locale\" content=\"fr_FR\" \/>\n<meta property=\"og:type\" content=\"article\" \/>\n<meta property=\"og:title\" content=\"JEAN-LUCIEN SAVI DE TOVE, NOUVEAU PRESIDENT DE LA REPUBLIQUE\u00a0: Bienvenue dans la V\u00e8me R\u00e9publique\u2026l\u2019expression de la maturit\u00e9 d\u00e9mocratique -\" \/>\n<meta property=\"og:description\" content=\"Hier samedi 03 mai, r\u00e9unis lors de la premi\u00e8re s\u00e9ance pl\u00e9ni\u00e8re du congr\u00e8s, les d\u00e9put\u00e9s et les s\u00e9nateurs ont \u00e9lu le Pr\u00e9sident de la R\u00e9publique togolaise. Jean-Lucien Savi de Tov\u00e9, seul candidat en lice, pr\u00e9sent\u00e9 par Union pour la R\u00e9publique (UNIR), a \u00e9t\u00e9 pl\u00e9biscit\u00e9, puis [&hellip;]\" \/>\n<meta property=\"og:url\" content=\"https:\/\/macite.tg\/?p=21776\" \/>\n<meta property=\"article:published_time\" content=\"2025-05-04T17:38:31+00:00\" \/>\n<meta property=\"article:modified_time\" content=\"2025-05-04T17:41:21+00:00\" \/>\n<meta property=\"og:image\" content=\"https:\/\/macite.tg\/wp-content\/uploads\/2025\/05\/PR-savi-de-tove.jpg\" \/>\n\t<meta property=\"og:image:width\" content=\"500\" \/>\n\t<meta property=\"og:image:height\" content=\"333\" \/>\n\t<meta property=\"og:image:type\" content=\"image\/jpeg\" \/>\n<meta name=\"author\" content=\"Jean Pierre BAWELA\" \/>\n<meta name=\"twitter:card\" content=\"summary_large_image\" \/>\n<meta name=\"twitter:label1\" content=\"\u00c9crit par\" \/>\n\t<meta name=\"twitter:data1\" content=\"Jean Pierre BAWELA\" \/>\n\t<meta name=\"twitter:label2\" content=\"Dur\u00e9e de lecture estim\u00e9e\" \/>\n\t<meta name=\"twitter:data2\" content=\"4 minutes\" \/>\n<script type=\"application\/ld+json\" class=\"yoast-schema-graph\">{\"@context\":\"https:\\\/\\\/schema.org\",\"@graph\":[{\"@type\":\"Article\",\"@id\":\"https:\\\/\\\/macite.tg\\\/?p=21776#article\",\"isPartOf\":{\"@id\":\"https:\\\/\\\/macite.tg\\\/?p=21776\"},\"author\":{\"name\":\"Jean Pierre BAWELA\",\"@id\":\"https:\\\/\\\/macite.tg\\\/#\\\/schema\\\/person\\\/e9f2de7e5dbbe7770a9402c7ce82f5c2\"},\"headline\":\"JEAN-LUCIEN SAVI DE TOVE, NOUVEAU PRESIDENT DE LA REPUBLIQUE\u00a0: Bienvenue dans la V\u00e8me R\u00e9publique\u2026l\u2019expression de la maturit\u00e9 d\u00e9mocratique\",\"datePublished\":\"2025-05-04T17:38:31+00:00\",\"dateModified\":\"2025-05-04T17:41:21+00:00\",\"mainEntityOfPage\":{\"@id\":\"https:\\\/\\\/macite.tg\\\/?p=21776\"},\"wordCount\":650,\"commentCount\":0,\"image\":{\"@id\":\"https:\\\/\\\/macite.tg\\\/?p=21776#primaryimage\"},\"thumbnailUrl\":\"https:\\\/\\\/macite.tg\\\/wp-content\\\/uploads\\\/2025\\\/05\\\/PR-savi-de-tove.jpg\",\"articleSection\":[\"ACTUALITE\",\"POLITIQUE\"],\"inLanguage\":\"fr-FR\",\"potentialAction\":[{\"@type\":\"CommentAction\",\"name\":\"Comment\",\"target\":[\"https:\\\/\\\/macite.tg\\\/?p=21776#respond\"]}]},{\"@type\":\"WebPage\",\"@id\":\"https:\\\/\\\/macite.tg\\\/?p=21776\",\"url\":\"https:\\\/\\\/macite.tg\\\/?p=21776\",\"name\":\"JEAN-LUCIEN SAVI DE TOVE, NOUVEAU PRESIDENT DE LA REPUBLIQUE\u00a0: Bienvenue dans la V\u00e8me R\u00e9publique\u2026l\u2019expression de la maturit\u00e9 d\u00e9mocratique -\",\"isPartOf\":{\"@id\":\"https:\\\/\\\/macite.tg\\\/#website\"},\"primaryImageOfPage\":{\"@id\":\"https:\\\/\\\/macite.tg\\\/?p=21776#primaryimage\"},\"image\":{\"@id\":\"https:\\\/\\\/macite.tg\\\/?p=21776#primaryimage\"},\"thumbnailUrl\":\"https:\\\/\\\/macite.tg\\\/wp-content\\\/uploads\\\/2025\\\/05\\\/PR-savi-de-tove.jpg\",\"datePublished\":\"2025-05-04T17:38:31+00:00\",\"dateModified\":\"2025-05-04T17:41:21+00:00\",\"author\":{\"@id\":\"https:\\\/\\\/macite.tg\\\/#\\\/schema\\\/person\\\/e9f2de7e5dbbe7770a9402c7ce82f5c2\"},\"breadcrumb\":{\"@id\":\"https:\\\/\\\/macite.tg\\\/?p=21776#breadcrumb\"},\"inLanguage\":\"fr-FR\",\"potentialAction\":[{\"@type\":\"ReadAction\",\"target\":[\"https:\\\/\\\/macite.tg\\\/?p=21776\"]}]},{\"@type\":\"ImageObject\",\"inLanguage\":\"fr-FR\",\"@id\":\"https:\\\/\\\/macite.tg\\\/?p=21776#primaryimage\",\"url\":\"https:\\\/\\\/macite.tg\\\/wp-content\\\/uploads\\\/2025\\\/05\\\/PR-savi-de-tove.jpg\",\"contentUrl\":\"https:\\\/\\\/macite.tg\\\/wp-content\\\/uploads\\\/2025\\\/05\\\/PR-savi-de-tove.jpg\",\"width\":500,\"height\":333,\"caption\":\"Dr Savi de Tov\u00e9\"},{\"@type\":\"BreadcrumbList\",\"@id\":\"https:\\\/\\\/macite.tg\\\/?p=21776#breadcrumb\",\"itemListElement\":[{\"@type\":\"ListItem\",\"position\":1,\"name\":\"Accueil\",\"item\":\"https:\\\/\\\/macite.tg\\\/\"},{\"@type\":\"ListItem\",\"position\":2,\"name\":\"JEAN-LUCIEN SAVI DE TOVE, NOUVEAU PRESIDENT DE LA REPUBLIQUE\u00a0: Bienvenue dans la V\u00e8me R\u00e9publique\u2026l\u2019expression de la maturit\u00e9 d\u00e9mocratique\"}]},{\"@type\":\"WebSite\",\"@id\":\"https:\\\/\\\/macite.tg\\\/#website\",\"url\":\"https:\\\/\\\/macite.tg\\\/\",\"name\":\"\",\"description\":\"L&#039;information, la bonne!!!\",\"potentialAction\":[{\"@type\":\"SearchAction\",\"target\":{\"@type\":\"EntryPoint\",\"urlTemplate\":\"https:\\\/\\\/macite.tg\\\/?s={search_term_string}\"},\"query-input\":{\"@type\":\"PropertyValueSpecification\",\"valueRequired\":true,\"valueName\":\"search_term_string\"}}],\"inLanguage\":\"fr-FR\"},{\"@type\":\"Person\",\"@id\":\"https:\\\/\\\/macite.tg\\\/#\\\/schema\\\/person\\\/e9f2de7e5dbbe7770a9402c7ce82f5c2\",\"name\":\"Jean Pierre BAWELA\",\"image\":{\"@type\":\"ImageObject\",\"inLanguage\":\"fr-FR\",\"@id\":\"https:\\\/\\\/macite.tg\\\/wp-content\\\/uploads\\\/2023\\\/09\\\/WhatsApp-Image-2023-09-19-at-14.44.41-122x122.jpeg\",\"url\":\"https:\\\/\\\/macite.tg\\\/wp-content\\\/uploads\\\/2023\\\/09\\\/WhatsApp-Image-2023-09-19-at-14.44.41-122x122.jpeg\",\"contentUrl\":\"https:\\\/\\\/macite.tg\\\/wp-content\\\/uploads\\\/2023\\\/09\\\/WhatsApp-Image-2023-09-19-at-14.44.41-122x122.jpeg\",\"caption\":\"Jean Pierre BAWELA\"},\"url\":\"https:\\\/\\\/macite.tg\\\/?author=2\"}]}<\/script>\n<!-- \/ Yoast SEO plugin. -->","yoast_head_json":{"title":"JEAN-LUCIEN SAVI DE TOVE, NOUVEAU PRESIDENT DE LA REPUBLIQUE\u00a0: Bienvenue dans la V\u00e8me R\u00e9publique\u2026l\u2019expression de la maturit\u00e9 d\u00e9mocratique -","robots":{"index":"index","follow":"follow","max-snippet":"max-snippet:-1","max-image-preview":"max-image-preview:large","max-video-preview":"max-video-preview:-1"},"canonical":"https:\/\/macite.tg\/?p=21776","og_locale":"fr_FR","og_type":"article","og_title":"JEAN-LUCIEN SAVI DE TOVE, NOUVEAU PRESIDENT DE LA REPUBLIQUE\u00a0: Bienvenue dans la V\u00e8me R\u00e9publique\u2026l\u2019expression de la maturit\u00e9 d\u00e9mocratique -","og_description":"Hier samedi 03 mai, r\u00e9unis lors de la premi\u00e8re s\u00e9ance pl\u00e9ni\u00e8re du congr\u00e8s, les d\u00e9put\u00e9s et les s\u00e9nateurs ont \u00e9lu le Pr\u00e9sident de la R\u00e9publique togolaise. Jean-Lucien Savi de Tov\u00e9, seul candidat en lice, pr\u00e9sent\u00e9 par Union pour la R\u00e9publique (UNIR), a \u00e9t\u00e9 pl\u00e9biscit\u00e9, puis [&hellip;]","og_url":"https:\/\/macite.tg\/?p=21776","article_published_time":"2025-05-04T17:38:31+00:00","article_modified_time":"2025-05-04T17:41:21+00:00","og_image":[{"width":500,"height":333,"url":"https:\/\/macite.tg\/wp-content\/uploads\/2025\/05\/PR-savi-de-tove.jpg","type":"image\/jpeg"}],"author":"Jean Pierre BAWELA","twitter_card":"summary_large_image","twitter_misc":{"\u00c9crit par":"Jean Pierre BAWELA","Dur\u00e9e de lecture estim\u00e9e":"4 minutes"},"schema":{"@context":"https:\/\/schema.org","@graph":[{"@type":"Article","@id":"https:\/\/macite.tg\/?p=21776#article","isPartOf":{"@id":"https:\/\/macite.tg\/?p=21776"},"author":{"name":"Jean Pierre BAWELA","@id":"https:\/\/macite.tg\/#\/schema\/person\/e9f2de7e5dbbe7770a9402c7ce82f5c2"},"headline":"JEAN-LUCIEN SAVI DE TOVE, NOUVEAU PRESIDENT DE LA REPUBLIQUE\u00a0: Bienvenue dans la V\u00e8me R\u00e9publique\u2026l\u2019expression de la maturit\u00e9 d\u00e9mocratique","datePublished":"2025-05-04T17:38:31+00:00","dateModified":"2025-05-04T17:41:21+00:00","mainEntityOfPage":{"@id":"https:\/\/macite.tg\/?p=21776"},"wordCount":650,"commentCount":0,"image":{"@id":"https:\/\/macite.tg\/?p=21776#primaryimage"},"thumbnailUrl":"https:\/\/macite.tg\/wp-content\/uploads\/2025\/05\/PR-savi-de-tove.jpg","articleSection":["ACTUALITE","POLITIQUE"],"inLanguage":"fr-FR","potentialAction":[{"@type":"CommentAction","name":"Comment","target":["https:\/\/macite.tg\/?p=21776#respond"]}]},{"@type":"WebPage","@id":"https:\/\/macite.tg\/?p=21776","url":"https:\/\/macite.tg\/?p=21776","name":"JEAN-LUCIEN SAVI DE TOVE, NOUVEAU PRESIDENT DE LA REPUBLIQUE\u00a0: Bienvenue dans la V\u00e8me R\u00e9publique\u2026l\u2019expression de la maturit\u00e9 d\u00e9mocratique -","isPartOf":{"@id":"https:\/\/macite.tg\/#website"},"primaryImageOfPage":{"@id":"https:\/\/macite.tg\/?p=21776#primaryimage"},"image":{"@id":"https:\/\/macite.tg\/?p=21776#primaryimage"},"thumbnailUrl":"https:\/\/macite.tg\/wp-content\/uploads\/2025\/05\/PR-savi-de-tove.jpg","datePublished":"2025-05-04T17:38:31+00:00","dateModified":"2025-05-04T17:41:21+00:00","author":{"@id":"https:\/\/macite.tg\/#\/schema\/person\/e9f2de7e5dbbe7770a9402c7ce82f5c2"},"breadcrumb":{"@id":"https:\/\/macite.tg\/?p=21776#breadcrumb"},"inLanguage":"fr-FR","potentialAction":[{"@type":"ReadAction","target":["https:\/\/macite.tg\/?p=21776"]}]},{"@type":"ImageObject","inLanguage":"fr-FR","@id":"https:\/\/macite.tg\/?p=21776#primaryimage","url":"https:\/\/macite.tg\/wp-content\/uploads\/2025\/05\/PR-savi-de-tove.jpg","contentUrl":"https:\/\/macite.tg\/wp-content\/uploads\/2025\/05\/PR-savi-de-tove.jpg","width":500,"height":333,"caption":"Dr Savi de Tov\u00e9"},{"@type":"BreadcrumbList","@id":"https:\/\/macite.tg\/?p=21776#breadcrumb","itemListElement":[{"@type":"ListItem","position":1,"name":"Accueil","item":"https:\/\/macite.tg\/"},{"@type":"ListItem","position":2,"name":"JEAN-LUCIEN SAVI DE TOVE, NOUVEAU PRESIDENT DE LA REPUBLIQUE\u00a0: Bienvenue dans la V\u00e8me R\u00e9publique\u2026l\u2019expression de la maturit\u00e9 d\u00e9mocratique"}]},{"@type":"WebSite","@id":"https:\/\/macite.tg\/#website","url":"https:\/\/macite.tg\/","name":"","description":"L&#039;information, la bonne!!!","potentialAction":[{"@type":"SearchAction","target":{"@type":"EntryPoint","urlTemplate":"https:\/\/macite.tg\/?s={search_term_string}"},"query-input":{"@type":"PropertyValueSpecification","valueRequired":true,"valueName":"search_term_string"}}],"inLanguage":"fr-FR"},{"@type":"Person","@id":"https:\/\/macite.tg\/#\/schema\/person\/e9f2de7e5dbbe7770a9402c7ce82f5c2","name":"Jean Pierre BAWELA","image":{"@type":"ImageObject","inLanguage":"fr-FR","@id":"https:\/\/macite.tg\/wp-content\/uploads\/2023\/09\/WhatsApp-Image-2023-09-19-at-14.44.41-122x122.jpeg","url":"https:\/\/macite.tg\/wp-content\/uploads\/2023\/09\/WhatsApp-Image-2023-09-19-at-14.44.41-122x122.jpeg","contentUrl":"https:\/\/macite.tg\/wp-content\/uploads\/2023\/09\/WhatsApp-Image-2023-09-19-at-14.44.41-122x122.jpeg","caption":"Jean Pierre BAWELA"},"url":"https:\/\/macite.tg\/?author=2"}]}},"_links":{"self":[{"href":"https:\/\/macite.tg\/index.php?rest_route=\/wp\/v2\/posts\/21776","targetHints":{"allow":["GET"]}}],"collection":[{"href":"https:\/\/macite.tg\/index.php?rest_route=\/wp\/v2\/posts"}],"about":[{"href":"https:\/\/macite.tg\/index.php?rest_route=\/wp\/v2\/types\/post"}],"author":[{"embeddable":true,"href":"https:\/\/macite.tg\/index.php?rest_route=\/wp\/v2\/users\/2"}],"replies":[{"embeddable":true,"href":"https:\/\/macite.tg\/index.php?rest_route=%2Fwp%2Fv2%2Fcomments&post=21776"}],"version-history":[{"count":0,"href":"https:\/\/macite.tg\/index.php?rest_route=\/wp\/v2\/posts\/21776\/revisions"}],"wp:featuredmedia":[{"embeddable":true,"href":"https:\/\/macite.tg\/index.php?rest_route=\/wp\/v2\/media\/21788"}],"wp:attachment":[{"href":"https:\/\/macite.tg\/index.php?rest_route=%2Fwp%2Fv2%2Fmedia&parent=21776"}],"wp:term":[{"taxonomy":"category","embeddable":true,"href":"https:\/\/macite.tg\/index.php?rest_route=%2Fwp%2Fv2%2Fcategories&post=21776"},{"taxonomy":"post_tag","embeddable":true,"href":"https:\/\/macite.tg\/index.php?rest_route=%2Fwp%2Fv2%2Ftags&post=21776"}],"curies":[{"name":"wp","href":"https:\/\/api.w.org\/{rel}","templated":true}]}}