{"id":21770,"date":"2025-05-04T16:22:42","date_gmt":"2025-05-04T16:22:42","guid":{"rendered":"https:\/\/macite.tg\/?p=21770"},"modified":"2025-05-04T16:51:10","modified_gmt":"2025-05-04T16:51:10","slug":"faure-gnassingbe-designe-president-du-conseil-la-volonte-de-la-majorite-parlementaire-exprimee","status":"publish","type":"post","link":"https:\/\/macite.tg\/?p=21770","title":{"rendered":"FAURE GNASSINGBE DESIGNE PRESIDENT DU CONSEIL\u00a0: La volont\u00e9 exprim\u00e9e de la Majorit\u00e9 Parlementaire\u2026"},"content":{"rendered":"\n<p class=\"wp-block-paragraph\"><strong><em>Le nouveau chef de l\u2019ex\u00e9cutif togolais est d\u00e9sormais connu. Il s\u2019agit de Faure Essozimna Gnassingb\u00e9, chef du parti majoritaire \u00e0 l\u2019Assembl\u00e9e nationale. Cette d\u00e9signation est l\u2019expression de la volont\u00e9 manifeste de la majorit\u00e9 parlementaire. Elle a \u00e9t\u00e9 signifi\u00e9e au pr\u00e9sident de l\u2019Assembl\u00e9e nationale, le samedi 03 mai 2025.<\/em><\/strong><\/p>\n\n\n\n<p class=\"wp-block-paragraph\">R\u00e9uni en s\u00e9ance pl\u00e9ni\u00e8re le samedi 3 mai 2025, dans le cadre de sa 1\u00e8re session ordinaire de l\u2019ann\u00e9e, consacr\u00e9e \u00e0 l\u2019officialisation de la d\u00e9signation du Pr\u00e9sident du Conseil, les d\u00e9put\u00e9s ont \u00e9t\u00e9 inform\u00e9s par le Pr\u00e9sident de l\u2019institution, de la volont\u00e9 de la Majorit\u00e9 Parlementaire. Il s\u2019agit, en effet, de la d\u00e9signation de Faure Essozimna Gnassingb\u00e9 comme Pr\u00e9sident du Conseil.<\/p>\n\n\n\n<figure class=\"wp-block-image size-full\"><img loading=\"lazy\" decoding=\"async\" width=\"990\" height=\"660\" src=\"https:\/\/macite.tg\/wp-content\/uploads\/2025\/05\/image-2.png\" alt=\"\" class=\"wp-image-21778\" srcset=\"https:\/\/macite.tg\/wp-content\/uploads\/2025\/05\/image-2.png 990w, https:\/\/macite.tg\/wp-content\/uploads\/2025\/05\/image-2-300x200.png 300w, https:\/\/macite.tg\/wp-content\/uploads\/2025\/05\/image-2-768x512.png 768w, https:\/\/macite.tg\/wp-content\/uploads\/2025\/05\/image-2-650x434.png 650w, https:\/\/macite.tg\/wp-content\/uploads\/2025\/05\/image-2-730x487.png 730w, https:\/\/macite.tg\/wp-content\/uploads\/2025\/05\/image-2-112x75.png 112w, https:\/\/macite.tg\/wp-content\/uploads\/2025\/05\/image-2-425x283.png 425w, https:\/\/macite.tg\/wp-content\/uploads\/2025\/05\/image-2-430x287.png 430w\" sizes=\"auto, (max-width: 990px) 100vw, 990px\" \/><figcaption class=\"wp-element-caption\"><strong><em>Standing ovation des d\u00e9put\u00e9s apr\u00e8s la d\u00e9signation de Faure Gnassingb\u00e9 comme Pr\u00e9sident du Conseil<\/em><\/strong><\/figcaption><\/figure>\n\n\n\n<p class=\"wp-block-paragraph\">\u00ab&nbsp;<em>Le chef du parti majoritaire ou le chef du premier parti de la coalition jouissant d\u2019une majorit\u00e9 \u00e0 l\u2019Assembl\u00e9e nationale \u00e0 l\u2019issue des \u00e9lections l\u00e9gislatives, et apr\u00e8s la proclamation des r\u00e9sultats d\u00e9finitifs par la Cour Constitutionnelle, devient Pr\u00e9sident du Conseil&nbsp;\u00bb<\/em>, stipule l\u2019article 47 de la Loi Fondamentale du 06 mai 2025. C\u2019est donc en respect \u00e0 cette disposition constitutionnelle que le chef du parti majoritaire \u00e0 l\u2019Assembl\u00e9e nationale a \u00e9t\u00e9 d\u00e9sign\u00e9 Pr\u00e9sident du Conseil.<\/p>\n\n\n\n<p class=\"wp-block-paragraph\">D\u00e9j\u00e0 le 30 avril dernier, cette volont\u00e9 a \u00e9t\u00e9 transmise par courrier au bureau de la Repr\u00e9sentation nationale, qui a pris acte et a enclench\u00e9 le processus d\u2019information des \u00e9lus du peuples, et de saisie de la Cour constitutionnelle.<\/p>\n\n\n\n<p class=\"wp-block-paragraph\">Ainsi, hier samedi, \u00e0 l\u2019issue de cette annonce, le Pr\u00e9sident de la Repr\u00e9sentation nationale a soulign\u00e9 que cette d\u00e9signation \u00ab&nbsp;<em>repr\u00e9sente non seulement un jalon important dans la mise en \u0153uvre de notre Constitution mais \u00e9galement une avanc\u00e9e significative dans notre histoire politique collective, mieux encore, le d\u00e9but d\u2019une nouvelle \u00e8re pour notre pays&nbsp;\u00bb.<\/em><\/p>\n\n\n\n<p class=\"wp-block-paragraph\">Notons que cette annonce a \u00e9t\u00e9 salu\u00e9e par une standing ovation des d\u00e9put\u00e9s, t\u00e9moignant de l\u2019adh\u00e9sion unanime des d\u00e9put\u00e9s face au choix du parti Majoritaire \u00e0 l\u2019Assembl\u00e9e.<\/p>\n\n\n<div class=\"wp-block-image\">\n<figure class=\"aligncenter size-full\"><img loading=\"lazy\" decoding=\"async\" width=\"945\" height=\"575\" src=\"https:\/\/macite.tg\/wp-content\/uploads\/2025\/04\/image-85.png\" alt=\"\" class=\"wp-image-21607\" srcset=\"https:\/\/macite.tg\/wp-content\/uploads\/2025\/04\/image-85.png 945w, https:\/\/macite.tg\/wp-content\/uploads\/2025\/04\/image-85-300x183.png 300w, https:\/\/macite.tg\/wp-content\/uploads\/2025\/04\/image-85-768x467.png 768w\" sizes=\"auto, (max-width: 945px) 100vw, 945px\" \/><\/figure>\n<\/div>\n\n\n<p class=\"wp-block-paragraph\">La d\u00e9signation du Pr\u00e9sident du Conseil constitue une \u00e9tape charni\u00e8re dans la mise en \u0153uvre de la Ve R\u00e9publique, traduisant la volont\u00e9 des pouvoirs publics d\u2019instaurer un nouveau r\u00e9gime institutionnel fond\u00e9 sur la stabilit\u00e9, la modernit\u00e9 et l\u2019efficacit\u00e9 des institutions. Elle refl\u00e8te \u00e9galement la maturit\u00e9 d\u00e9mocratique du Togo.<\/p>\n\n\n\n<p class=\"wp-block-paragraph\">Rappelons que le parti Union pour la R\u00e9publique (UNIR), grand vainqueur des l\u00e9gislatives du 29 avril 2024, dispose de 108 si\u00e8ges sur 113.<\/p>\n\n\n\n<p class=\"wp-block-paragraph\"><strong>JPB<\/strong><\/p>\n\n\n\n<p class=\"wp-block-paragraph\"><a><strong><em>@macite.tg&nbsp;&nbsp;&nbsp;&nbsp;&nbsp;&nbsp;&nbsp;&nbsp;<\/em><\/strong><\/a><\/p>\n\n\n\n<p class=\"wp-block-paragraph\"><strong><em>E-mail&nbsp;: <\/em><\/strong><a href=\"mailto:maciteinfo@gmail.com\"><strong><em>maciteinfo@gmail.com<\/em><\/strong><\/a><strong><em>; <\/em><\/strong><a href=\"mailto:bawela1@gmail.com\"><strong><em>bawela1@gmail.com<\/em><\/strong><\/a><strong><em><\/em><\/strong><\/p>\n\n\n\n<p class=\"wp-block-paragraph\"><strong><em>Pour vos annonces, (publi)reportages, etc., joignez-nous au (00228)91515309\/<strong>79872224 <\/strong>www.macite.tg, L\u2019information, la bonne&nbsp;!<\/em><\/strong><\/p>\n\n\n\n<p class=\"wp-block-paragraph\"><\/p>\n","protected":false},"excerpt":{"rendered":"<p class=\"text-justify mb-2\" >Le nouveau chef de l\u2019ex\u00e9cutif togolais est d\u00e9sormais connu. Il s\u2019agit de Faure Essozimna Gnassingb\u00e9, chef du parti majoritaire \u00e0 l\u2019Assembl\u00e9e nationale. Cette d\u00e9signation est l\u2019expression de la volont\u00e9 manifeste de la majorit\u00e9 parlementaire. Elle a \u00e9t\u00e9 signifi\u00e9e au pr\u00e9sident de l\u2019Assembl\u00e9e nationale, le samedi [&hellip;]<\/p>\n","protected":false},"author":2,"featured_media":21777,"comment_status":"open","ping_status":"open","sticky":false,"template":"","format":"standard","meta":{"footnotes":""},"categories":[20,1],"tags":[],"class_list":["post-21770","post","type-post","status-publish","format-standard","has-post-thumbnail","hentry","category-actualite","category-politique"],"yoast_head":"<!-- This site is optimized with the Yoast SEO plugin v28.4 - https:\/\/yoast.com\/product\/yoast-seo-wordpress\/ -->\n<title>FAURE GNASSINGBE DESIGNE PRESIDENT DU CONSEIL\u00a0: La volont\u00e9 exprim\u00e9e de la Majorit\u00e9 Parlementaire\u2026 -<\/title>\n<meta name=\"robots\" content=\"index, follow, max-snippet:-1, max-image-preview:large, max-video-preview:-1\" \/>\n<link rel=\"canonical\" href=\"https:\/\/macite.tg\/?p=21770\" \/>\n<meta property=\"og:locale\" content=\"fr_FR\" \/>\n<meta property=\"og:type\" content=\"article\" \/>\n<meta property=\"og:title\" content=\"FAURE GNASSINGBE DESIGNE PRESIDENT DU CONSEIL\u00a0: La volont\u00e9 exprim\u00e9e de la Majorit\u00e9 Parlementaire\u2026 -\" \/>\n<meta property=\"og:description\" content=\"Le nouveau chef de l\u2019ex\u00e9cutif togolais est d\u00e9sormais connu. Il s\u2019agit de Faure Essozimna Gnassingb\u00e9, chef du parti majoritaire \u00e0 l\u2019Assembl\u00e9e nationale. Cette d\u00e9signation est l\u2019expression de la volont\u00e9 manifeste de la majorit\u00e9 parlementaire. Elle a \u00e9t\u00e9 signifi\u00e9e au pr\u00e9sident de l\u2019Assembl\u00e9e nationale, le samedi [&hellip;]\" \/>\n<meta property=\"og:url\" content=\"https:\/\/macite.tg\/?p=21770\" \/>\n<meta property=\"article:published_time\" content=\"2025-05-04T16:22:42+00:00\" \/>\n<meta property=\"article:modified_time\" content=\"2025-05-04T16:51:10+00:00\" \/>\n<meta property=\"og:image\" content=\"https:\/\/macite.tg\/wp-content\/uploads\/2025\/05\/FEG-instale.jpg\" \/>\n\t<meta property=\"og:image:width\" content=\"500\" \/>\n\t<meta property=\"og:image:height\" content=\"333\" \/>\n\t<meta property=\"og:image:type\" content=\"image\/jpeg\" \/>\n<meta name=\"author\" content=\"Jean Pierre BAWELA\" \/>\n<meta name=\"twitter:card\" content=\"summary_large_image\" \/>\n<meta name=\"twitter:label1\" content=\"\u00c9crit par\" \/>\n\t<meta name=\"twitter:data1\" content=\"Jean Pierre BAWELA\" \/>\n\t<meta name=\"twitter:label2\" content=\"Dur\u00e9e de lecture estim\u00e9e\" \/>\n\t<meta name=\"twitter:data2\" content=\"3 minutes\" \/>\n<script type=\"application\/ld+json\" class=\"yoast-schema-graph\">{\"@context\":\"https:\\\/\\\/schema.org\",\"@graph\":[{\"@type\":\"Article\",\"@id\":\"https:\\\/\\\/macite.tg\\\/?p=21770#article\",\"isPartOf\":{\"@id\":\"https:\\\/\\\/macite.tg\\\/?p=21770\"},\"author\":{\"name\":\"Jean Pierre BAWELA\",\"@id\":\"https:\\\/\\\/macite.tg\\\/#\\\/schema\\\/person\\\/e9f2de7e5dbbe7770a9402c7ce82f5c2\"},\"headline\":\"FAURE GNASSINGBE DESIGNE PRESIDENT DU CONSEIL\u00a0: La volont\u00e9 exprim\u00e9e de la Majorit\u00e9 Parlementaire\u2026\",\"datePublished\":\"2025-05-04T16:22:42+00:00\",\"dateModified\":\"2025-05-04T16:51:10+00:00\",\"mainEntityOfPage\":{\"@id\":\"https:\\\/\\\/macite.tg\\\/?p=21770\"},\"wordCount\":503,\"commentCount\":0,\"image\":{\"@id\":\"https:\\\/\\\/macite.tg\\\/?p=21770#primaryimage\"},\"thumbnailUrl\":\"https:\\\/\\\/macite.tg\\\/wp-content\\\/uploads\\\/2025\\\/05\\\/FEG-instale.jpg\",\"articleSection\":[\"ACTUALITE\",\"POLITIQUE\"],\"inLanguage\":\"fr-FR\",\"potentialAction\":[{\"@type\":\"CommentAction\",\"name\":\"Comment\",\"target\":[\"https:\\\/\\\/macite.tg\\\/?p=21770#respond\"]}]},{\"@type\":\"WebPage\",\"@id\":\"https:\\\/\\\/macite.tg\\\/?p=21770\",\"url\":\"https:\\\/\\\/macite.tg\\\/?p=21770\",\"name\":\"FAURE GNASSINGBE DESIGNE PRESIDENT DU CONSEIL\u00a0: La volont\u00e9 exprim\u00e9e de la Majorit\u00e9 Parlementaire\u2026 -\",\"isPartOf\":{\"@id\":\"https:\\\/\\\/macite.tg\\\/#website\"},\"primaryImageOfPage\":{\"@id\":\"https:\\\/\\\/macite.tg\\\/?p=21770#primaryimage\"},\"image\":{\"@id\":\"https:\\\/\\\/macite.tg\\\/?p=21770#primaryimage\"},\"thumbnailUrl\":\"https:\\\/\\\/macite.tg\\\/wp-content\\\/uploads\\\/2025\\\/05\\\/FEG-instale.jpg\",\"datePublished\":\"2025-05-04T16:22:42+00:00\",\"dateModified\":\"2025-05-04T16:51:10+00:00\",\"author\":{\"@id\":\"https:\\\/\\\/macite.tg\\\/#\\\/schema\\\/person\\\/e9f2de7e5dbbe7770a9402c7ce82f5c2\"},\"breadcrumb\":{\"@id\":\"https:\\\/\\\/macite.tg\\\/?p=21770#breadcrumb\"},\"inLanguage\":\"fr-FR\",\"potentialAction\":[{\"@type\":\"ReadAction\",\"target\":[\"https:\\\/\\\/macite.tg\\\/?p=21770\"]}]},{\"@type\":\"ImageObject\",\"inLanguage\":\"fr-FR\",\"@id\":\"https:\\\/\\\/macite.tg\\\/?p=21770#primaryimage\",\"url\":\"https:\\\/\\\/macite.tg\\\/wp-content\\\/uploads\\\/2025\\\/05\\\/FEG-instale.jpg\",\"contentUrl\":\"https:\\\/\\\/macite.tg\\\/wp-content\\\/uploads\\\/2025\\\/05\\\/FEG-instale.jpg\",\"width\":500,\"height\":333,\"caption\":\"Faure Gnasisngb\u00e9, nouveau chef de l'ex\u00e9cutif togolais\"},{\"@type\":\"BreadcrumbList\",\"@id\":\"https:\\\/\\\/macite.tg\\\/?p=21770#breadcrumb\",\"itemListElement\":[{\"@type\":\"ListItem\",\"position\":1,\"name\":\"Accueil\",\"item\":\"https:\\\/\\\/macite.tg\\\/\"},{\"@type\":\"ListItem\",\"position\":2,\"name\":\"FAURE GNASSINGBE DESIGNE PRESIDENT DU CONSEIL\u00a0: La volont\u00e9 exprim\u00e9e de la Majorit\u00e9 Parlementaire\u2026\"}]},{\"@type\":\"WebSite\",\"@id\":\"https:\\\/\\\/macite.tg\\\/#website\",\"url\":\"https:\\\/\\\/macite.tg\\\/\",\"name\":\"\",\"description\":\"L&#039;information, la bonne!!!\",\"potentialAction\":[{\"@type\":\"SearchAction\",\"target\":{\"@type\":\"EntryPoint\",\"urlTemplate\":\"https:\\\/\\\/macite.tg\\\/?s={search_term_string}\"},\"query-input\":{\"@type\":\"PropertyValueSpecification\",\"valueRequired\":true,\"valueName\":\"search_term_string\"}}],\"inLanguage\":\"fr-FR\"},{\"@type\":\"Person\",\"@id\":\"https:\\\/\\\/macite.tg\\\/#\\\/schema\\\/person\\\/e9f2de7e5dbbe7770a9402c7ce82f5c2\",\"name\":\"Jean Pierre BAWELA\",\"image\":{\"@type\":\"ImageObject\",\"inLanguage\":\"fr-FR\",\"@id\":\"https:\\\/\\\/macite.tg\\\/wp-content\\\/uploads\\\/2023\\\/09\\\/WhatsApp-Image-2023-09-19-at-14.44.41-122x122.jpeg\",\"url\":\"https:\\\/\\\/macite.tg\\\/wp-content\\\/uploads\\\/2023\\\/09\\\/WhatsApp-Image-2023-09-19-at-14.44.41-122x122.jpeg\",\"contentUrl\":\"https:\\\/\\\/macite.tg\\\/wp-content\\\/uploads\\\/2023\\\/09\\\/WhatsApp-Image-2023-09-19-at-14.44.41-122x122.jpeg\",\"caption\":\"Jean Pierre BAWELA\"},\"url\":\"https:\\\/\\\/macite.tg\\\/?author=2\"}]}<\/script>\n<!-- \/ Yoast SEO plugin. -->","yoast_head_json":{"title":"FAURE GNASSINGBE DESIGNE PRESIDENT DU CONSEIL\u00a0: La volont\u00e9 exprim\u00e9e de la Majorit\u00e9 Parlementaire\u2026 -","robots":{"index":"index","follow":"follow","max-snippet":"max-snippet:-1","max-image-preview":"max-image-preview:large","max-video-preview":"max-video-preview:-1"},"canonical":"https:\/\/macite.tg\/?p=21770","og_locale":"fr_FR","og_type":"article","og_title":"FAURE GNASSINGBE DESIGNE PRESIDENT DU CONSEIL\u00a0: La volont\u00e9 exprim\u00e9e de la Majorit\u00e9 Parlementaire\u2026 -","og_description":"Le nouveau chef de l\u2019ex\u00e9cutif togolais est d\u00e9sormais connu. Il s\u2019agit de Faure Essozimna Gnassingb\u00e9, chef du parti majoritaire \u00e0 l\u2019Assembl\u00e9e nationale. Cette d\u00e9signation est l\u2019expression de la volont\u00e9 manifeste de la majorit\u00e9 parlementaire. Elle a \u00e9t\u00e9 signifi\u00e9e au pr\u00e9sident de l\u2019Assembl\u00e9e nationale, le samedi [&hellip;]","og_url":"https:\/\/macite.tg\/?p=21770","article_published_time":"2025-05-04T16:22:42+00:00","article_modified_time":"2025-05-04T16:51:10+00:00","og_image":[{"width":500,"height":333,"url":"https:\/\/macite.tg\/wp-content\/uploads\/2025\/05\/FEG-instale.jpg","type":"image\/jpeg"}],"author":"Jean Pierre BAWELA","twitter_card":"summary_large_image","twitter_misc":{"\u00c9crit par":"Jean Pierre BAWELA","Dur\u00e9e de lecture estim\u00e9e":"3 minutes"},"schema":{"@context":"https:\/\/schema.org","@graph":[{"@type":"Article","@id":"https:\/\/macite.tg\/?p=21770#article","isPartOf":{"@id":"https:\/\/macite.tg\/?p=21770"},"author":{"name":"Jean Pierre BAWELA","@id":"https:\/\/macite.tg\/#\/schema\/person\/e9f2de7e5dbbe7770a9402c7ce82f5c2"},"headline":"FAURE GNASSINGBE DESIGNE PRESIDENT DU CONSEIL\u00a0: La volont\u00e9 exprim\u00e9e de la Majorit\u00e9 Parlementaire\u2026","datePublished":"2025-05-04T16:22:42+00:00","dateModified":"2025-05-04T16:51:10+00:00","mainEntityOfPage":{"@id":"https:\/\/macite.tg\/?p=21770"},"wordCount":503,"commentCount":0,"image":{"@id":"https:\/\/macite.tg\/?p=21770#primaryimage"},"thumbnailUrl":"https:\/\/macite.tg\/wp-content\/uploads\/2025\/05\/FEG-instale.jpg","articleSection":["ACTUALITE","POLITIQUE"],"inLanguage":"fr-FR","potentialAction":[{"@type":"CommentAction","name":"Comment","target":["https:\/\/macite.tg\/?p=21770#respond"]}]},{"@type":"WebPage","@id":"https:\/\/macite.tg\/?p=21770","url":"https:\/\/macite.tg\/?p=21770","name":"FAURE GNASSINGBE DESIGNE PRESIDENT DU CONSEIL\u00a0: La volont\u00e9 exprim\u00e9e de la Majorit\u00e9 Parlementaire\u2026 -","isPartOf":{"@id":"https:\/\/macite.tg\/#website"},"primaryImageOfPage":{"@id":"https:\/\/macite.tg\/?p=21770#primaryimage"},"image":{"@id":"https:\/\/macite.tg\/?p=21770#primaryimage"},"thumbnailUrl":"https:\/\/macite.tg\/wp-content\/uploads\/2025\/05\/FEG-instale.jpg","datePublished":"2025-05-04T16:22:42+00:00","dateModified":"2025-05-04T16:51:10+00:00","author":{"@id":"https:\/\/macite.tg\/#\/schema\/person\/e9f2de7e5dbbe7770a9402c7ce82f5c2"},"breadcrumb":{"@id":"https:\/\/macite.tg\/?p=21770#breadcrumb"},"inLanguage":"fr-FR","potentialAction":[{"@type":"ReadAction","target":["https:\/\/macite.tg\/?p=21770"]}]},{"@type":"ImageObject","inLanguage":"fr-FR","@id":"https:\/\/macite.tg\/?p=21770#primaryimage","url":"https:\/\/macite.tg\/wp-content\/uploads\/2025\/05\/FEG-instale.jpg","contentUrl":"https:\/\/macite.tg\/wp-content\/uploads\/2025\/05\/FEG-instale.jpg","width":500,"height":333,"caption":"Faure Gnasisngb\u00e9, nouveau chef de l'ex\u00e9cutif togolais"},{"@type":"BreadcrumbList","@id":"https:\/\/macite.tg\/?p=21770#breadcrumb","itemListElement":[{"@type":"ListItem","position":1,"name":"Accueil","item":"https:\/\/macite.tg\/"},{"@type":"ListItem","position":2,"name":"FAURE GNASSINGBE DESIGNE PRESIDENT DU CONSEIL\u00a0: La volont\u00e9 exprim\u00e9e de la Majorit\u00e9 Parlementaire\u2026"}]},{"@type":"WebSite","@id":"https:\/\/macite.tg\/#website","url":"https:\/\/macite.tg\/","name":"","description":"L&#039;information, la bonne!!!","potentialAction":[{"@type":"SearchAction","target":{"@type":"EntryPoint","urlTemplate":"https:\/\/macite.tg\/?s={search_term_string}"},"query-input":{"@type":"PropertyValueSpecification","valueRequired":true,"valueName":"search_term_string"}}],"inLanguage":"fr-FR"},{"@type":"Person","@id":"https:\/\/macite.tg\/#\/schema\/person\/e9f2de7e5dbbe7770a9402c7ce82f5c2","name":"Jean Pierre BAWELA","image":{"@type":"ImageObject","inLanguage":"fr-FR","@id":"https:\/\/macite.tg\/wp-content\/uploads\/2023\/09\/WhatsApp-Image-2023-09-19-at-14.44.41-122x122.jpeg","url":"https:\/\/macite.tg\/wp-content\/uploads\/2023\/09\/WhatsApp-Image-2023-09-19-at-14.44.41-122x122.jpeg","contentUrl":"https:\/\/macite.tg\/wp-content\/uploads\/2023\/09\/WhatsApp-Image-2023-09-19-at-14.44.41-122x122.jpeg","caption":"Jean Pierre BAWELA"},"url":"https:\/\/macite.tg\/?author=2"}]}},"_links":{"self":[{"href":"https:\/\/macite.tg\/index.php?rest_route=\/wp\/v2\/posts\/21770","targetHints":{"allow":["GET"]}}],"collection":[{"href":"https:\/\/macite.tg\/index.php?rest_route=\/wp\/v2\/posts"}],"about":[{"href":"https:\/\/macite.tg\/index.php?rest_route=\/wp\/v2\/types\/post"}],"author":[{"embeddable":true,"href":"https:\/\/macite.tg\/index.php?rest_route=\/wp\/v2\/users\/2"}],"replies":[{"embeddable":true,"href":"https:\/\/macite.tg\/index.php?rest_route=%2Fwp%2Fv2%2Fcomments&post=21770"}],"version-history":[{"count":0,"href":"https:\/\/macite.tg\/index.php?rest_route=\/wp\/v2\/posts\/21770\/revisions"}],"wp:featuredmedia":[{"embeddable":true,"href":"https:\/\/macite.tg\/index.php?rest_route=\/wp\/v2\/media\/21777"}],"wp:attachment":[{"href":"https:\/\/macite.tg\/index.php?rest_route=%2Fwp%2Fv2%2Fmedia&parent=21770"}],"wp:term":[{"taxonomy":"category","embeddable":true,"href":"https:\/\/macite.tg\/index.php?rest_route=%2Fwp%2Fv2%2Fcategories&post=21770"},{"taxonomy":"post_tag","embeddable":true,"href":"https:\/\/macite.tg\/index.php?rest_route=%2Fwp%2Fv2%2Ftags&post=21770"}],"curies":[{"name":"wp","href":"https:\/\/api.w.org\/{rel}","templated":true}]}}