{"id":21766,"date":"2025-05-02T10:05:22","date_gmt":"2025-05-02T10:05:22","guid":{"rendered":"https:\/\/macite.tg\/?p=21766"},"modified":"2025-05-02T10:06:36","modified_gmt":"2025-05-02T10:06:36","slug":"fin-de-la-transition-la-nuit-de-toutes-attentes","status":"publish","type":"post","link":"https:\/\/macite.tg\/?p=21766","title":{"rendered":"FIN DE LA TRANSITION : La nuit de toutes les attentes\u2026"},"content":{"rendered":"\n<p class=\"wp-block-paragraph\"><strong><em>Plus que quelques heures encore et le Togo va tourner d\u00e9finitivement le dos \u00e0 la IV\u00e8 R\u00e9publique, entrant de plein pied dans la V\u00e8 R\u00e9publique avec en toile de fonds l\u2019instauration d\u2019un r\u00e9gime parlementaire et l\u2019existence de deux chambres (le Parlement et le S\u00e9nat) toutes fonctionnelles. Le cha\u00eenon manquant reste la d\u00e9signation d\u2019un Pr\u00e9sident du Conseil des ministres et du Pr\u00e9sident de la R\u00e9publique qui, d\u2019ailleurs, ne saurait tarder.<\/em><\/strong><\/p>\n\n\n\n<p class=\"wp-block-paragraph\">Dans un communiqu\u00e9 en date du 30 avril dernier, le Pr\u00e9sident de l\u2019Assembl\u00e9e, Kodzo Sevon- T\u00e9p\u00e9 Adede, invite les d\u00e9put\u00e9s \u00e0 l\u2019Assembl\u00e9e nationale \u00e0 une s\u00e9ance pl\u00e9ni\u00e8re demain samedi 03 mai \u00e0 07 heures. Cette s\u00e9ance, souligne-t-il, sera consacr\u00e9e \u00e0 la d\u00e9signation du Pr\u00e9sident du Conseil.<\/p>\n\n\n\n<p class=\"wp-block-paragraph\">En effet, conform\u00e9ment l\u2019article 47 de la Loi Fondamentale, ce poste de Pr\u00e9sident du Conseil revient logiquement au chef du parti majoritaire, ou le premier parti de la coalition jouissant d\u2019une majorit\u00e9 \u00e0 l\u2019Assembl\u00e9e nationale.<\/p>\n\n\n<div class=\"wp-block-image\">\n<figure class=\"aligncenter size-large\"><img loading=\"lazy\" decoding=\"async\" width=\"714\" height=\"1024\" src=\"https:\/\/macite.tg\/wp-content\/uploads\/2025\/04\/OTR_avis-aux-OE_29avril-714x1024.jpg\" alt=\"\" class=\"wp-image-21702\" srcset=\"https:\/\/macite.tg\/wp-content\/uploads\/2025\/04\/OTR_avis-aux-OE_29avril-714x1024.jpg 714w, https:\/\/macite.tg\/wp-content\/uploads\/2025\/04\/OTR_avis-aux-OE_29avril-209x300.jpg 209w, https:\/\/macite.tg\/wp-content\/uploads\/2025\/04\/OTR_avis-aux-OE_29avril-768x1101.jpg 768w, https:\/\/macite.tg\/wp-content\/uploads\/2025\/04\/OTR_avis-aux-OE_29avril-1071x1536.jpg 1071w, https:\/\/macite.tg\/wp-content\/uploads\/2025\/04\/OTR_avis-aux-OE_29avril.jpg 1129w\" sizes=\"auto, (max-width: 714px) 100vw, 714px\" \/><\/figure>\n<\/div>\n\n\n<p class=\"wp-block-paragraph\">C\u2019est dire sans risque de se tromper que le poste de Pr\u00e9sident du Conseil reviendra, sauf revirement de derni\u00e8re minute, \u00e0 Faure Essozimna Gnassingb\u00e9, pr\u00e9sident du parti UNIR. Il faut, dans ce sens, rappeler que le parti UNIR est sorti haut les mains des derni\u00e8res l\u00e9gislatives, avec 109 d\u00e9put\u00e9s sur 113.<\/p>\n\n\n\n<p class=\"wp-block-paragraph\">Apr\u00e8s cette \u00e9tape cruciale de d\u00e9signation du Pr\u00e9sident du Conseil, ce sera le tour de cette du Pr\u00e9sident de la R\u00e9publique pour ainsi rassembler toutes les pi\u00e8ces du puzzle. <\/p>\n\n\n\n<p class=\"wp-block-paragraph\">Les autres visages d\u00e9j\u00e0 connus de la V\u00e8 R\u00e9publique ne sont autre que le Pr\u00e9sident de l\u2019Assembl\u00e9e nationale, Kodjo S\u00e9von-T\u00e9p\u00e9 Adedze, et le Pr\u00e9sident du S\u00e9nat, Barry Moussa Barqu\u00e9.<\/p>\n\n\n<div class=\"wp-block-image\">\n<figure class=\"aligncenter size-full\"><img loading=\"lazy\" decoding=\"async\" width=\"945\" height=\"575\" src=\"https:\/\/macite.tg\/wp-content\/uploads\/2025\/04\/image-85.png\" alt=\"\" class=\"wp-image-21607\" srcset=\"https:\/\/macite.tg\/wp-content\/uploads\/2025\/04\/image-85.png 945w, https:\/\/macite.tg\/wp-content\/uploads\/2025\/04\/image-85-300x183.png 300w, https:\/\/macite.tg\/wp-content\/uploads\/2025\/04\/image-85-768x467.png 768w\" sizes=\"auto, (max-width: 945px) 100vw, 945px\" \/><\/figure>\n<\/div>\n\n\n<p class=\"wp-block-paragraph\">Notons qu\u2019avant d\u2019entamer ces derni\u00e8res \u00e9tapes, le gouvernement que dirige depuis ao\u00fbt 2024, Mme Victoire Tom\u00e9gah-Dogb\u00e9, devra rendre son tablier. Puisqu\u2019il est arriv\u00e9 au terme de sa mission qui n\u2019\u00e9tait autre que de mettre en place les institutions de la V\u00e8 R\u00e9publique. Cette d\u00e9mission sera ainsi suivie de la mise en orbite des nouvelles institutions.<\/p>\n\n\n\n<p class=\"wp-block-paragraph\"><strong>JPB<\/strong><\/p>\n\n\n\n<p class=\"wp-block-paragraph\"><a><strong><em>@macite.tg&nbsp;&nbsp;&nbsp;&nbsp;&nbsp;&nbsp;&nbsp;&nbsp;<\/em><\/strong><\/a><\/p>\n\n\n\n<p class=\"wp-block-paragraph\"><strong><em>E-mail&nbsp;: <\/em><\/strong><a href=\"mailto:maciteinfo@gmail.com\"><strong><em>maciteinfo@gmail.com<\/em><\/strong><\/a><strong><em>; <\/em><\/strong><a href=\"mailto:bawela1@gmail.com\"><strong><em>bawela1@gmail.com<\/em><\/strong><\/a><strong><em><\/em><\/strong><\/p>\n\n\n\n<p class=\"wp-block-paragraph\"><strong><em>Pour vos annonces, (publi)reportages, etc., joignez-nous au (00228)91515309\/<strong>79872224 <\/strong>www.macite.tg, L\u2019information, la bonne&nbsp;!<\/em><\/strong><\/p>\n\n\n\n<p class=\"wp-block-paragraph\"><\/p>\n","protected":false},"excerpt":{"rendered":"<p class=\"text-justify mb-2\" >Plus que quelques heures encore et le Togo va tourner d\u00e9finitivement le dos \u00e0 la IV\u00e8 R\u00e9publique, entrant de plein pied dans la V\u00e8 R\u00e9publique avec en toile de fonds l\u2019instauration d\u2019un r\u00e9gime parlementaire et l\u2019existence de deux chambres (le Parlement et le S\u00e9nat) toutes [&hellip;]<\/p>\n","protected":false},"author":2,"featured_media":21767,"comment_status":"open","ping_status":"open","sticky":false,"template":"","format":"standard","meta":{"footnotes":""},"categories":[20,1],"tags":[],"class_list":["post-21766","post","type-post","status-publish","format-standard","has-post-thumbnail","hentry","category-actualite","category-politique"],"yoast_head":"<!-- This site is optimized with the Yoast SEO plugin v28.4 - https:\/\/yoast.com\/product\/yoast-seo-wordpress\/ -->\n<title>FIN DE LA TRANSITION : La nuit de toutes les attentes\u2026 -<\/title>\n<meta name=\"robots\" content=\"index, follow, max-snippet:-1, max-image-preview:large, max-video-preview:-1\" \/>\n<link rel=\"canonical\" href=\"https:\/\/macite.tg\/?p=21766\" \/>\n<meta property=\"og:locale\" content=\"fr_FR\" \/>\n<meta property=\"og:type\" content=\"article\" \/>\n<meta property=\"og:title\" content=\"FIN DE LA TRANSITION : La nuit de toutes les attentes\u2026 -\" \/>\n<meta property=\"og:description\" content=\"Plus que quelques heures encore et le Togo va tourner d\u00e9finitivement le dos \u00e0 la IV\u00e8 R\u00e9publique, entrant de plein pied dans la V\u00e8 R\u00e9publique avec en toile de fonds l\u2019instauration d\u2019un r\u00e9gime parlementaire et l\u2019existence de deux chambres (le Parlement et le S\u00e9nat) toutes [&hellip;]\" \/>\n<meta property=\"og:url\" content=\"https:\/\/macite.tg\/?p=21766\" \/>\n<meta property=\"article:published_time\" content=\"2025-05-02T10:05:22+00:00\" \/>\n<meta property=\"article:modified_time\" content=\"2025-05-02T10:06:36+00:00\" \/>\n<meta property=\"og:image\" content=\"https:\/\/macite.tg\/wp-content\/uploads\/2025\/05\/image-1.png\" \/>\n\t<meta property=\"og:image:width\" content=\"474\" \/>\n\t<meta property=\"og:image:height\" content=\"199\" \/>\n\t<meta property=\"og:image:type\" content=\"image\/png\" \/>\n<meta name=\"author\" content=\"Jean Pierre BAWELA\" \/>\n<meta name=\"twitter:card\" content=\"summary_large_image\" \/>\n<meta name=\"twitter:label1\" content=\"\u00c9crit par\" \/>\n\t<meta name=\"twitter:data1\" content=\"Jean Pierre BAWELA\" \/>\n\t<meta name=\"twitter:label2\" content=\"Dur\u00e9e de lecture estim\u00e9e\" \/>\n\t<meta name=\"twitter:data2\" content=\"3 minutes\" \/>\n<script type=\"application\/ld+json\" class=\"yoast-schema-graph\">{\"@context\":\"https:\\\/\\\/schema.org\",\"@graph\":[{\"@type\":\"Article\",\"@id\":\"https:\\\/\\\/macite.tg\\\/?p=21766#article\",\"isPartOf\":{\"@id\":\"https:\\\/\\\/macite.tg\\\/?p=21766\"},\"author\":{\"name\":\"Jean Pierre BAWELA\",\"@id\":\"https:\\\/\\\/macite.tg\\\/#\\\/schema\\\/person\\\/e9f2de7e5dbbe7770a9402c7ce82f5c2\"},\"headline\":\"FIN DE LA TRANSITION : La nuit de toutes les attentes\u2026\",\"datePublished\":\"2025-05-02T10:05:22+00:00\",\"dateModified\":\"2025-05-02T10:06:36+00:00\",\"mainEntityOfPage\":{\"@id\":\"https:\\\/\\\/macite.tg\\\/?p=21766\"},\"wordCount\":413,\"commentCount\":0,\"image\":{\"@id\":\"https:\\\/\\\/macite.tg\\\/?p=21766#primaryimage\"},\"thumbnailUrl\":\"https:\\\/\\\/macite.tg\\\/wp-content\\\/uploads\\\/2025\\\/05\\\/image-1.png\",\"articleSection\":[\"ACTUALITE\",\"POLITIQUE\"],\"inLanguage\":\"fr-FR\",\"potentialAction\":[{\"@type\":\"CommentAction\",\"name\":\"Comment\",\"target\":[\"https:\\\/\\\/macite.tg\\\/?p=21766#respond\"]}]},{\"@type\":\"WebPage\",\"@id\":\"https:\\\/\\\/macite.tg\\\/?p=21766\",\"url\":\"https:\\\/\\\/macite.tg\\\/?p=21766\",\"name\":\"FIN DE LA TRANSITION : La nuit de toutes les attentes\u2026 -\",\"isPartOf\":{\"@id\":\"https:\\\/\\\/macite.tg\\\/#website\"},\"primaryImageOfPage\":{\"@id\":\"https:\\\/\\\/macite.tg\\\/?p=21766#primaryimage\"},\"image\":{\"@id\":\"https:\\\/\\\/macite.tg\\\/?p=21766#primaryimage\"},\"thumbnailUrl\":\"https:\\\/\\\/macite.tg\\\/wp-content\\\/uploads\\\/2025\\\/05\\\/image-1.png\",\"datePublished\":\"2025-05-02T10:05:22+00:00\",\"dateModified\":\"2025-05-02T10:06:36+00:00\",\"author\":{\"@id\":\"https:\\\/\\\/macite.tg\\\/#\\\/schema\\\/person\\\/e9f2de7e5dbbe7770a9402c7ce82f5c2\"},\"breadcrumb\":{\"@id\":\"https:\\\/\\\/macite.tg\\\/?p=21766#breadcrumb\"},\"inLanguage\":\"fr-FR\",\"potentialAction\":[{\"@type\":\"ReadAction\",\"target\":[\"https:\\\/\\\/macite.tg\\\/?p=21766\"]}]},{\"@type\":\"ImageObject\",\"inLanguage\":\"fr-FR\",\"@id\":\"https:\\\/\\\/macite.tg\\\/?p=21766#primaryimage\",\"url\":\"https:\\\/\\\/macite.tg\\\/wp-content\\\/uploads\\\/2025\\\/05\\\/image-1.png\",\"contentUrl\":\"https:\\\/\\\/macite.tg\\\/wp-content\\\/uploads\\\/2025\\\/05\\\/image-1.png\",\"width\":474,\"height\":199},{\"@type\":\"BreadcrumbList\",\"@id\":\"https:\\\/\\\/macite.tg\\\/?p=21766#breadcrumb\",\"itemListElement\":[{\"@type\":\"ListItem\",\"position\":1,\"name\":\"Accueil\",\"item\":\"https:\\\/\\\/macite.tg\\\/\"},{\"@type\":\"ListItem\",\"position\":2,\"name\":\"FIN DE LA TRANSITION : La nuit de toutes les attentes\u2026\"}]},{\"@type\":\"WebSite\",\"@id\":\"https:\\\/\\\/macite.tg\\\/#website\",\"url\":\"https:\\\/\\\/macite.tg\\\/\",\"name\":\"\",\"description\":\"L&#039;information, la bonne!!!\",\"potentialAction\":[{\"@type\":\"SearchAction\",\"target\":{\"@type\":\"EntryPoint\",\"urlTemplate\":\"https:\\\/\\\/macite.tg\\\/?s={search_term_string}\"},\"query-input\":{\"@type\":\"PropertyValueSpecification\",\"valueRequired\":true,\"valueName\":\"search_term_string\"}}],\"inLanguage\":\"fr-FR\"},{\"@type\":\"Person\",\"@id\":\"https:\\\/\\\/macite.tg\\\/#\\\/schema\\\/person\\\/e9f2de7e5dbbe7770a9402c7ce82f5c2\",\"name\":\"Jean Pierre BAWELA\",\"image\":{\"@type\":\"ImageObject\",\"inLanguage\":\"fr-FR\",\"@id\":\"https:\\\/\\\/macite.tg\\\/wp-content\\\/uploads\\\/2023\\\/09\\\/WhatsApp-Image-2023-09-19-at-14.44.41-122x122.jpeg\",\"url\":\"https:\\\/\\\/macite.tg\\\/wp-content\\\/uploads\\\/2023\\\/09\\\/WhatsApp-Image-2023-09-19-at-14.44.41-122x122.jpeg\",\"contentUrl\":\"https:\\\/\\\/macite.tg\\\/wp-content\\\/uploads\\\/2023\\\/09\\\/WhatsApp-Image-2023-09-19-at-14.44.41-122x122.jpeg\",\"caption\":\"Jean Pierre BAWELA\"},\"url\":\"https:\\\/\\\/macite.tg\\\/?author=2\"}]}<\/script>\n<!-- \/ Yoast SEO plugin. -->","yoast_head_json":{"title":"FIN DE LA TRANSITION : La nuit de toutes les attentes\u2026 -","robots":{"index":"index","follow":"follow","max-snippet":"max-snippet:-1","max-image-preview":"max-image-preview:large","max-video-preview":"max-video-preview:-1"},"canonical":"https:\/\/macite.tg\/?p=21766","og_locale":"fr_FR","og_type":"article","og_title":"FIN DE LA TRANSITION : La nuit de toutes les attentes\u2026 -","og_description":"Plus que quelques heures encore et le Togo va tourner d\u00e9finitivement le dos \u00e0 la IV\u00e8 R\u00e9publique, entrant de plein pied dans la V\u00e8 R\u00e9publique avec en toile de fonds l\u2019instauration d\u2019un r\u00e9gime parlementaire et l\u2019existence de deux chambres (le Parlement et le S\u00e9nat) toutes [&hellip;]","og_url":"https:\/\/macite.tg\/?p=21766","article_published_time":"2025-05-02T10:05:22+00:00","article_modified_time":"2025-05-02T10:06:36+00:00","og_image":[{"width":474,"height":199,"url":"https:\/\/macite.tg\/wp-content\/uploads\/2025\/05\/image-1.png","type":"image\/png"}],"author":"Jean Pierre BAWELA","twitter_card":"summary_large_image","twitter_misc":{"\u00c9crit par":"Jean Pierre BAWELA","Dur\u00e9e de lecture estim\u00e9e":"3 minutes"},"schema":{"@context":"https:\/\/schema.org","@graph":[{"@type":"Article","@id":"https:\/\/macite.tg\/?p=21766#article","isPartOf":{"@id":"https:\/\/macite.tg\/?p=21766"},"author":{"name":"Jean Pierre BAWELA","@id":"https:\/\/macite.tg\/#\/schema\/person\/e9f2de7e5dbbe7770a9402c7ce82f5c2"},"headline":"FIN DE LA TRANSITION : La nuit de toutes les attentes\u2026","datePublished":"2025-05-02T10:05:22+00:00","dateModified":"2025-05-02T10:06:36+00:00","mainEntityOfPage":{"@id":"https:\/\/macite.tg\/?p=21766"},"wordCount":413,"commentCount":0,"image":{"@id":"https:\/\/macite.tg\/?p=21766#primaryimage"},"thumbnailUrl":"https:\/\/macite.tg\/wp-content\/uploads\/2025\/05\/image-1.png","articleSection":["ACTUALITE","POLITIQUE"],"inLanguage":"fr-FR","potentialAction":[{"@type":"CommentAction","name":"Comment","target":["https:\/\/macite.tg\/?p=21766#respond"]}]},{"@type":"WebPage","@id":"https:\/\/macite.tg\/?p=21766","url":"https:\/\/macite.tg\/?p=21766","name":"FIN DE LA TRANSITION : La nuit de toutes les attentes\u2026 -","isPartOf":{"@id":"https:\/\/macite.tg\/#website"},"primaryImageOfPage":{"@id":"https:\/\/macite.tg\/?p=21766#primaryimage"},"image":{"@id":"https:\/\/macite.tg\/?p=21766#primaryimage"},"thumbnailUrl":"https:\/\/macite.tg\/wp-content\/uploads\/2025\/05\/image-1.png","datePublished":"2025-05-02T10:05:22+00:00","dateModified":"2025-05-02T10:06:36+00:00","author":{"@id":"https:\/\/macite.tg\/#\/schema\/person\/e9f2de7e5dbbe7770a9402c7ce82f5c2"},"breadcrumb":{"@id":"https:\/\/macite.tg\/?p=21766#breadcrumb"},"inLanguage":"fr-FR","potentialAction":[{"@type":"ReadAction","target":["https:\/\/macite.tg\/?p=21766"]}]},{"@type":"ImageObject","inLanguage":"fr-FR","@id":"https:\/\/macite.tg\/?p=21766#primaryimage","url":"https:\/\/macite.tg\/wp-content\/uploads\/2025\/05\/image-1.png","contentUrl":"https:\/\/macite.tg\/wp-content\/uploads\/2025\/05\/image-1.png","width":474,"height":199},{"@type":"BreadcrumbList","@id":"https:\/\/macite.tg\/?p=21766#breadcrumb","itemListElement":[{"@type":"ListItem","position":1,"name":"Accueil","item":"https:\/\/macite.tg\/"},{"@type":"ListItem","position":2,"name":"FIN DE LA TRANSITION : La nuit de toutes les attentes\u2026"}]},{"@type":"WebSite","@id":"https:\/\/macite.tg\/#website","url":"https:\/\/macite.tg\/","name":"","description":"L&#039;information, la bonne!!!","potentialAction":[{"@type":"SearchAction","target":{"@type":"EntryPoint","urlTemplate":"https:\/\/macite.tg\/?s={search_term_string}"},"query-input":{"@type":"PropertyValueSpecification","valueRequired":true,"valueName":"search_term_string"}}],"inLanguage":"fr-FR"},{"@type":"Person","@id":"https:\/\/macite.tg\/#\/schema\/person\/e9f2de7e5dbbe7770a9402c7ce82f5c2","name":"Jean Pierre BAWELA","image":{"@type":"ImageObject","inLanguage":"fr-FR","@id":"https:\/\/macite.tg\/wp-content\/uploads\/2023\/09\/WhatsApp-Image-2023-09-19-at-14.44.41-122x122.jpeg","url":"https:\/\/macite.tg\/wp-content\/uploads\/2023\/09\/WhatsApp-Image-2023-09-19-at-14.44.41-122x122.jpeg","contentUrl":"https:\/\/macite.tg\/wp-content\/uploads\/2023\/09\/WhatsApp-Image-2023-09-19-at-14.44.41-122x122.jpeg","caption":"Jean Pierre BAWELA"},"url":"https:\/\/macite.tg\/?author=2"}]}},"_links":{"self":[{"href":"https:\/\/macite.tg\/index.php?rest_route=\/wp\/v2\/posts\/21766","targetHints":{"allow":["GET"]}}],"collection":[{"href":"https:\/\/macite.tg\/index.php?rest_route=\/wp\/v2\/posts"}],"about":[{"href":"https:\/\/macite.tg\/index.php?rest_route=\/wp\/v2\/types\/post"}],"author":[{"embeddable":true,"href":"https:\/\/macite.tg\/index.php?rest_route=\/wp\/v2\/users\/2"}],"replies":[{"embeddable":true,"href":"https:\/\/macite.tg\/index.php?rest_route=%2Fwp%2Fv2%2Fcomments&post=21766"}],"version-history":[{"count":0,"href":"https:\/\/macite.tg\/index.php?rest_route=\/wp\/v2\/posts\/21766\/revisions"}],"wp:featuredmedia":[{"embeddable":true,"href":"https:\/\/macite.tg\/index.php?rest_route=\/wp\/v2\/media\/21767"}],"wp:attachment":[{"href":"https:\/\/macite.tg\/index.php?rest_route=%2Fwp%2Fv2%2Fmedia&parent=21766"}],"wp:term":[{"taxonomy":"category","embeddable":true,"href":"https:\/\/macite.tg\/index.php?rest_route=%2Fwp%2Fv2%2Fcategories&post=21766"},{"taxonomy":"post_tag","embeddable":true,"href":"https:\/\/macite.tg\/index.php?rest_route=%2Fwp%2Fv2%2Ftags&post=21766"}],"curies":[{"name":"wp","href":"https:\/\/api.w.org\/{rel}","templated":true}]}}