{"id":21763,"date":"2025-05-02T09:17:37","date_gmt":"2025-05-02T09:17:37","guid":{"rendered":"https:\/\/macite.tg\/?p=21763"},"modified":"2025-05-02T09:17:43","modified_gmt":"2025-05-02T09:17:43","slug":"jit-2025-les-travailleurs-de-la-presidence-rendent-un-vibrant-hommage-au-chef-de-letat","status":"publish","type":"post","link":"https:\/\/macite.tg\/?p=21763","title":{"rendered":"JIT 2025\u00a0: Les travailleurs de la Pr\u00e9sidence rendent un vibrant hommage au Chef de l\u2019Etat"},"content":{"rendered":"\n<p class=\"wp-block-paragraph\"><strong><em>Fid\u00e8le \u00e0 une tradition bien ancr\u00e9e, le personnel de la Pr\u00e9sidence de la R\u00e9publique du Togo a c\u00e9l\u00e9br\u00e9 avec \u00e9clat la f\u00eate du travail, hier 1er mai 2025, autour de Madame Sandra Ablamba Johnson, ministre, Secr\u00e9taire g\u00e9n\u00e9ral, repr\u00e9sentant le Chef de l\u2019Etat.<\/em><\/strong><\/p>\n\n\n\n<p class=\"wp-block-paragraph\">Le ministre, Secr\u00e9taire G\u00e9n\u00e9ral de la Pr\u00e9sidence de la R\u00e9publique avait \u00e0 ses c\u00f4t\u00e9s ses coll\u00e8gues ministres \u00e0 la Pr\u00e9sidence Pascal Bodjona, Edem Kokou Tengu\u00e9 et Agn\u00e8s Eho-Johnsosn.<\/p>\n\n\n\n<p class=\"wp-block-paragraph\">Cette journ\u00e9e symbolique a \u00e9t\u00e9 une occasion de retrouvailles et de communion entre coll\u00e8gues sous le signe de la fraternit\u00e9, de la reconnaissance et de r\u00e9flexion en pr\u00e9sence des collaborateurs directs du Pr\u00e9sident de la R\u00e9publique. Elle a \u00e9t\u00e9 marqu\u00e9e par une c\u00e9r\u00e9monie de remise de distinction aux agents admis \u00e0 la retraite, le message du Porte-parole du personnel et l\u2019intervention de Madame le ministre, Secr\u00e9taire g\u00e9n\u00e9ral de la Pr\u00e9sidence de la R\u00e9publique.<\/p>\n\n\n<div class=\"wp-block-image\">\n<figure class=\"aligncenter size-large is-resized\"><img loading=\"lazy\" decoding=\"async\" width=\"714\" height=\"1024\" src=\"https:\/\/macite.tg\/wp-content\/uploads\/2025\/04\/OTR_avis-aux-OE_29avril-714x1024.jpg\" alt=\"\" class=\"wp-image-21702\" style=\"width:614px;height:auto\" srcset=\"https:\/\/macite.tg\/wp-content\/uploads\/2025\/04\/OTR_avis-aux-OE_29avril-714x1024.jpg 714w, https:\/\/macite.tg\/wp-content\/uploads\/2025\/04\/OTR_avis-aux-OE_29avril-209x300.jpg 209w, https:\/\/macite.tg\/wp-content\/uploads\/2025\/04\/OTR_avis-aux-OE_29avril-768x1101.jpg 768w, https:\/\/macite.tg\/wp-content\/uploads\/2025\/04\/OTR_avis-aux-OE_29avril-1071x1536.jpg 1071w, https:\/\/macite.tg\/wp-content\/uploads\/2025\/04\/OTR_avis-aux-OE_29avril.jpg 1129w\" sizes=\"auto, (max-width: 714px) 100vw, 714px\" \/><\/figure>\n<\/div>\n\n\n<p class=\"wp-block-paragraph\"><strong><em>La Ministre, Secr\u00e9taire g\u00e9n\u00e9ral salue l\u2019engagement constant du Pr\u00e9sident de la R\u00e9publique en faveur des travailleurs<\/em><\/strong>.<\/p>\n\n\n\n<p class=\"wp-block-paragraph\">Dans une atmosph\u00e8re chaleureuse, Madame Sandra Ablamba Johnson, ministre, Secr\u00e9taire g\u00e9n\u00e9ral a tout d\u2019abord adress\u00e9 ses v\u0153ux les plus sinc\u00e8res de bienvenue au personnel, au nom du Pr\u00e9sident de la R\u00e9publique, Faure Essozimna Gnassingb\u00e9.<\/p>\n\n\n\n<p class=\"wp-block-paragraph\">Elle a soulign\u00e9 l\u2019importance de cette c\u00e9l\u00e9bration qui, au-del\u00e0 de son caract\u00e8re festif, traduit la reconnaissance du r\u00f4le essentiel des travailleurs dans l\u2019architecture sociale et \u00e9conomique du pays.<\/p>\n\n\n\n<p class=\"wp-block-paragraph\"><em>\u00ab Je tiens \u00e0 vous exprimer toute mon admiration et ma reconnaissance pour les efforts consentis \u00e0 la construction et au d\u00e9veloppement de notre pays \u00bb,<\/em> a-t-elle d\u00e9clar\u00e9.<\/p>\n\n\n\n<p class=\"wp-block-paragraph\">Elle a invit\u00e9 chaque fonctionnaire de la Pr\u00e9sidence de la R\u00e9publique \u00e0 consid\u00e9rer cette journ\u00e9e comme un rappel du r\u00f4le d\u00e9terminant des travailleurs dans la construction de la nation.<\/p>\n\n\n\n<p class=\"wp-block-paragraph\">Madame le ministre, Secr\u00e9taire g\u00e9n\u00e9ral de la Pr\u00e9science de la R\u00e9publique a rendu un hommage appuy\u00e9 au chef de l\u2019\u00c9tat pour sa politique sociale, soulignant plusieurs actions majeures entreprises en faveur des travailleurs togolais au cours des douze derniers mois.<\/p>\n\n\n\n<p class=\"wp-block-paragraph\">Parmi ces actions figurent notamment le recrutement de plus de 3 000 jeunes dipl\u00f4m\u00e9s dans la fonction publique, la mise en \u0153uvre de l\u2019assurance maladie universelle et la digitalisation progressive de l\u2019administration publique, autant de mesures qui traduisent une volont\u00e9 ferme du chef de l\u2019Etat de b\u00e2tir une soci\u00e9t\u00e9 plus \u00e9quitable.<\/p>\n\n\n<div class=\"wp-block-image\">\n<figure class=\"aligncenter size-full\"><img loading=\"lazy\" decoding=\"async\" width=\"851\" height=\"315\" src=\"https:\/\/macite.tg\/wp-content\/uploads\/2025\/04\/OTR_Ferer-pour-batir.jpg\" alt=\"\" class=\"wp-image-21535\" srcset=\"https:\/\/macite.tg\/wp-content\/uploads\/2025\/04\/OTR_Ferer-pour-batir.jpg 851w, https:\/\/macite.tg\/wp-content\/uploads\/2025\/04\/OTR_Ferer-pour-batir-300x111.jpg 300w, https:\/\/macite.tg\/wp-content\/uploads\/2025\/04\/OTR_Ferer-pour-batir-768x284.jpg 768w\" sizes=\"auto, (max-width: 851px) 100vw, 851px\" \/><\/figure>\n<\/div>\n\n\n<p class=\"wp-block-paragraph\"><em>\u00ab Je voudrais ici saluer la politique sociale du Pr\u00e9sident de la R\u00e9publique, Son Excellence Faure Essozimna Gnassingb\u00e9, gr\u00e2ce \u00e0 laquelle le bien-\u00eatre des populations togolaises en g\u00e9n\u00e9ral et celui des agents et fonctionnaires de l\u2019Etat est constamment assur\u00e9 et am\u00e9lior\u00e9 \u00bb.<\/em><\/p>\n\n\n\n<p class=\"wp-block-paragraph\"><strong><em>Hommage m\u00e9rit\u00e9 aux retrait\u00e9s<\/em><\/strong><\/p>\n\n\n\n<p class=\"wp-block-paragraph\">L\u2019un des temps forts de cette c\u00e9l\u00e9bration a \u00e9t\u00e9 la reconnaissance accord\u00e9e aux retrait\u00e9s, invit\u00e9s d\u2019honneur de la journ\u00e9e.<\/p>\n\n\n\n<p class=\"wp-block-paragraph\">En leur rendant hommage, au nom du chef de l\u2019Etat, Madame le ministre, Secr\u00e9taire g\u00e9n\u00e9ral de la Pr\u00e9sidence de la R\u00e9publique a rappel\u00e9 que la retraite ne marque pas une fin, mais plut\u00f4t une nouvelle \u00e9tape de la vie. Elle leur a souhait\u00e9 une retraite paisible, remplie de s\u00e9r\u00e9nit\u00e9 et d\u2019activit\u00e9s personnelles \u00e9panouissantes.<\/p>\n\n\n\n<p class=\"wp-block-paragraph\"><em>\u00ab Je t\u00e9moigne ma profonde gratitude au Pr\u00e9sident de la R\u00e9publique qui a bien voulu associer et honorer nos ain\u00e9s retrait\u00e9s \u00e0 cette festivit\u00e9 \u00e0 qui je souhaite une heureuse retraite. Chers a\u00een\u00e9s, sachez que la retraite n\u2019est pas une fin en soi et cette c\u00e9r\u00e9monie de distinction n\u2019est non plus un au revoir \u00bb,<\/em> a-t-elle pr\u00e9cis\u00e9.<\/p>\n\n\n\n<p class=\"wp-block-paragraph\">Les agents admis \u00e0 la retraite ont re\u00e7u un troph\u00e9e, symbole de la reconnaissance de leur engagement, de leur assiduit\u00e9 et de leur loyaut\u00e9 tout au long de leur parcours \u00e0 la Pr\u00e9sidence de la R\u00e9publique. Ce geste marque l\u2019attachement du chef de l\u2019\u00c9tat \u00e0 la valorisation des efforts fournis par les fonctionnaires tout au long de leur carri\u00e8re.<\/p>\n\n\n\n<p class=\"wp-block-paragraph\">En cette occasion solennelle, des t\u00e9moignages \u00e9mouvants ont rappel\u00e9 le professionnalisme, la rigueur et l\u2019esprit de service public de ces agents qui ont contribu\u00e9, chacun \u00e0 son niveau, au bon fonctionnement de l\u2019institution pr\u00e9sidentielle.<\/p>\n\n\n\n<p class=\"wp-block-paragraph\">Les changements institutionnels qui s\u2019op\u00e8rent actuellement dans notre pays, exigent l\u2019efficacit\u00e9 de l\u2019administration publique. Pour relever ce d\u00e9fi et accompagner la politique de modernisation des services publiques, Madame le Ministre, Secr\u00e9taire g\u00e9n\u00e9ral de la Pr\u00e9sidence de la R\u00e9publique a insist\u00e9 sur la n\u00e9cessit\u00e9 de faire \u00e9voluer la conception du travail.<\/p>\n\n\n<div class=\"wp-block-image\">\n<figure class=\"aligncenter size-full\"><img loading=\"lazy\" decoding=\"async\" width=\"945\" height=\"575\" src=\"https:\/\/macite.tg\/wp-content\/uploads\/2025\/04\/image-85.png\" alt=\"\" class=\"wp-image-21607\" srcset=\"https:\/\/macite.tg\/wp-content\/uploads\/2025\/04\/image-85.png 945w, https:\/\/macite.tg\/wp-content\/uploads\/2025\/04\/image-85-300x183.png 300w, https:\/\/macite.tg\/wp-content\/uploads\/2025\/04\/image-85-768x467.png 768w\" sizes=\"auto, (max-width: 945px) 100vw, 945px\" \/><\/figure>\n<\/div>\n\n\n<p class=\"wp-block-paragraph\"><em>\u00ab Il ne s\u2019agit pas seulement de produire, mais d\u2019apporter des innovations et de cr\u00e9er plus de valeur ajout\u00e9e. Que votre engagement patriotique soit ax\u00e9 sur l\u2019amour du travail bien fait par lequel nous serons b\u00e2tisseurs d\u2019un avenir rempli d\u2019esp\u00e9rance et de justice \u00bb<\/em> a-t-elle martel\u00e9, encourageant ainsi l\u2019ensemble des agents \u00e0 cultiver l\u2019excellence et la pers\u00e9v\u00e9rance.<\/p>\n\n\n\n<p class=\"wp-block-paragraph\"><strong><em>Gratitude du personnel au chef de l\u2019Etat<\/em><\/strong><\/p>\n\n\n\n<p class=\"wp-block-paragraph\">Le porte-parole du personnel a exprim\u00e9 sa gratitude au chef de l\u2019Etat, Faure Essozimna Gnassingb\u00e9 pour sa vision humaniste et son leadership \u00e9clair\u00e9 qui placent le capital humain au c\u0153ur de sa politique de d\u00e9veloppement et pour les investissements consacr\u00e9s \u00e0 l\u2019am\u00e9lioration des conditions de vie et de travail et \u00e0 la consolidation de la paix, la stabilit\u00e9 et la coh\u00e9sion sociale au Togo.<\/p>\n\n\n\n<p class=\"wp-block-paragraph\">Il a r\u00e9affirm\u00e9 l\u2019engagement du personnel \u00e0 contribuer \u00e0 l\u2019\u00e9dification d\u2019un Togo uni, pacifique et prosp\u00e8re par le patriotisme, la loyaut\u00e9, le professionnalisme, l\u2019excellence, des valeurs ch\u00e8res au chef de l\u2019Etat.<\/p>\n\n\n\n<p class=\"wp-block-paragraph\">La c\u00e9r\u00e9monie s\u2019est achev\u00e9e sur une note de c\u00e9l\u00e9bration collective, empreinte de fiert\u00e9 nationale et d\u2019un engagement renouvel\u00e9 envers la vision du chef de l\u2019\u00c9tat pour un Togo juste, prosp\u00e8re et solidaire.<\/p>\n\n\n\n<p class=\"wp-block-paragraph\"><strong><em>Une c\u00e9l\u00e9bration aux accents r\u00e9publicains au minist\u00e8re de la Planification<\/em><\/strong><br>Apr\u00e8s la Pr\u00e9sidence de la R\u00e9publique, le ministre Sandra Ablamba Johnson, s\u2019est rendue au Minist\u00e8re de la Planification du d\u00e9veloppement et de la coop\u00e9ration o\u00f9 elle a communi\u00e9 au nom du Chef de l\u2019Etat avec le personnel.<\/p>\n\n\n\n<p class=\"wp-block-paragraph\">Madame le Ministre, ministre, Secr\u00e9taire g\u00e9n\u00e9ral de la Pr\u00e9sidence de la R\u00e9publique a adress\u00e9 aux travailleuses et travailleurs du minist\u00e8re les chaleureuses f\u00e9licitations ainsi qu\u2019un message de reconnaissance et d\u2019encouragement du chef de l\u2019Etat Faure Essozimna Gnassingb\u00e9 pour leur d\u00e9vouement, professionnalisme et contribution essentielle au d\u00e9veloppement du pays.<\/p>\n\n\n\n<p class=\"wp-block-paragraph\">A l\u2019occasion, elle a invit\u00e9 le personnel \u00e0 redoubler d\u2019ardeur, \u00e0 faire preuve de rigueur et de diligence, en vue d\u2019une mise en \u0153uvre optimale des projets de d\u00e9veloppement \u00e9conomique et social.<\/p>\n\n\n<div class=\"wp-block-image\">\n<figure class=\"aligncenter size-large is-resized\"><img loading=\"lazy\" decoding=\"async\" width=\"1024\" height=\"1024\" src=\"https:\/\/macite.tg\/wp-content\/uploads\/2025\/04\/OTR_TVM2-1024x1024.jpg\" alt=\"\" class=\"wp-image-21537\" style=\"width:588px;height:auto\" srcset=\"https:\/\/macite.tg\/wp-content\/uploads\/2025\/04\/OTR_TVM2-1024x1024.jpg 1024w, https:\/\/macite.tg\/wp-content\/uploads\/2025\/04\/OTR_TVM2-300x300.jpg 300w, https:\/\/macite.tg\/wp-content\/uploads\/2025\/04\/OTR_TVM2-150x150.jpg 150w, https:\/\/macite.tg\/wp-content\/uploads\/2025\/04\/OTR_TVM2-768x768.jpg 768w, https:\/\/macite.tg\/wp-content\/uploads\/2025\/04\/OTR_TVM2-1536x1536.jpg 1536w, https:\/\/macite.tg\/wp-content\/uploads\/2025\/04\/OTR_TVM2-122x122.jpg 122w, https:\/\/macite.tg\/wp-content\/uploads\/2025\/04\/OTR_TVM2.jpg 1600w\" sizes=\"auto, (max-width: 1024px) 100vw, 1024px\" \/><\/figure>\n<\/div>\n\n\n<p class=\"wp-block-paragraph\"><em>\u00ab Nous avons l\u2019imp\u00e9rieux devoir de retrousser nos manches afin de r\u00e9pondre aux besoins croissants des populations. Nous devons faire preuve de professionnalisme, d\u2019efficacit\u00e9, d\u2019efficience, de diligence dans la mise en \u0153uvre des actions. Je compte sur chacun de vous pour traduire ce souhait en r\u00e9alit\u00e9 \u00bb.<\/em><\/p>\n\n\n\n<p class=\"wp-block-paragraph\">Que ce soit dans les jardins de la Pr\u00e9sidence de la R\u00e9publique ou au minist\u00e8re de la Planification, la c\u00e9r\u00e9monie s\u2019est achev\u00e9e sur une note de c\u00e9l\u00e9bration collective, empreinte de fiert\u00e9 nationale et d\u2019un engagement renouvel\u00e9 envers la vision du chef de l\u2019\u00c9tat pour un Togo juste, prosp\u00e8re et solidaire.<\/p>\n\n\n\n<p class=\"wp-block-paragraph\"><strong><u>Source<\/u><\/strong><strong>&nbsp;: Presidence.gouv<\/strong><\/p>\n\n\n\n<p class=\"wp-block-paragraph\"><a><strong><em>@macite.tg&nbsp;&nbsp;&nbsp;&nbsp;&nbsp;&nbsp;&nbsp;&nbsp;<\/em><\/strong><\/a><\/p>\n\n\n\n<p class=\"wp-block-paragraph\"><strong><em>E-mail&nbsp;: <\/em><\/strong><a href=\"mailto:maciteinfo@gmail.com\"><strong><em>maciteinfo@gmail.com<\/em><\/strong><\/a><strong><em>; <\/em><\/strong><a href=\"mailto:bawela1@gmail.com\"><strong><em>bawela1@gmail.com<\/em><\/strong><\/a><strong><em><\/em><\/strong><\/p>\n\n\n\n<p class=\"wp-block-paragraph\"><strong><em>Pour vos annonces, (publi)reportages, etc., joignez-nous au (00228)91515309\/<strong>79872224 <\/strong>www.macite.tg, L\u2019information, la bonne&nbsp;!<\/em><\/strong><\/p>\n\n\n\n<p class=\"wp-block-paragraph\"><\/p>\n","protected":false},"excerpt":{"rendered":"<p class=\"text-justify mb-2\" >Fid\u00e8le \u00e0 une tradition bien ancr\u00e9e, le personnel de la Pr\u00e9sidence de la R\u00e9publique du Togo a c\u00e9l\u00e9br\u00e9 avec \u00e9clat la f\u00eate du travail, hier 1er mai 2025, autour de Madame Sandra Ablamba Johnson, ministre, Secr\u00e9taire g\u00e9n\u00e9ral, repr\u00e9sentant le Chef de l\u2019Etat. Le ministre, Secr\u00e9taire [&hellip;]<\/p>\n","protected":false},"author":2,"featured_media":21764,"comment_status":"open","ping_status":"open","sticky":false,"template":"","format":"standard","meta":{"footnotes":""},"categories":[20,6],"tags":[],"class_list":["post-21763","post","type-post","status-publish","format-standard","has-post-thumbnail","hentry","category-actualite","category-societe"],"yoast_head":"<!-- This site is optimized with the Yoast SEO plugin v28.4 - https:\/\/yoast.com\/product\/yoast-seo-wordpress\/ -->\n<title>JIT 2025\u00a0: Les travailleurs de la Pr\u00e9sidence rendent un vibrant hommage au Chef de l\u2019Etat -<\/title>\n<meta name=\"robots\" content=\"index, follow, max-snippet:-1, max-image-preview:large, max-video-preview:-1\" \/>\n<link rel=\"canonical\" href=\"https:\/\/macite.tg\/?p=21763\" \/>\n<meta property=\"og:locale\" content=\"fr_FR\" \/>\n<meta property=\"og:type\" content=\"article\" \/>\n<meta property=\"og:title\" content=\"JIT 2025\u00a0: Les travailleurs de la Pr\u00e9sidence rendent un vibrant hommage au Chef de l\u2019Etat -\" \/>\n<meta property=\"og:description\" content=\"Fid\u00e8le \u00e0 une tradition bien ancr\u00e9e, le personnel de la Pr\u00e9sidence de la R\u00e9publique du Togo a c\u00e9l\u00e9br\u00e9 avec \u00e9clat la f\u00eate du travail, hier 1er mai 2025, autour de Madame Sandra Ablamba Johnson, ministre, Secr\u00e9taire g\u00e9n\u00e9ral, repr\u00e9sentant le Chef de l\u2019Etat. Le ministre, Secr\u00e9taire [&hellip;]\" \/>\n<meta property=\"og:url\" content=\"https:\/\/macite.tg\/?p=21763\" \/>\n<meta property=\"article:published_time\" content=\"2025-05-02T09:17:37+00:00\" \/>\n<meta property=\"article:modified_time\" content=\"2025-05-02T09:17:43+00:00\" \/>\n<meta property=\"og:image\" content=\"https:\/\/macite.tg\/wp-content\/uploads\/2025\/05\/1er-mai-Presidence.jpg\" \/>\n\t<meta property=\"og:image:width\" content=\"500\" \/>\n\t<meta property=\"og:image:height\" content=\"428\" \/>\n\t<meta property=\"og:image:type\" content=\"image\/jpeg\" \/>\n<meta name=\"author\" content=\"Jean Pierre BAWELA\" \/>\n<meta name=\"twitter:card\" content=\"summary_large_image\" \/>\n<meta name=\"twitter:label1\" content=\"\u00c9crit par\" \/>\n\t<meta name=\"twitter:data1\" content=\"Jean Pierre BAWELA\" \/>\n\t<meta name=\"twitter:label2\" content=\"Dur\u00e9e de lecture estim\u00e9e\" \/>\n\t<meta name=\"twitter:data2\" content=\"7 minutes\" \/>\n<script type=\"application\/ld+json\" class=\"yoast-schema-graph\">{\"@context\":\"https:\\\/\\\/schema.org\",\"@graph\":[{\"@type\":\"Article\",\"@id\":\"https:\\\/\\\/macite.tg\\\/?p=21763#article\",\"isPartOf\":{\"@id\":\"https:\\\/\\\/macite.tg\\\/?p=21763\"},\"author\":{\"name\":\"Jean Pierre BAWELA\",\"@id\":\"https:\\\/\\\/macite.tg\\\/#\\\/schema\\\/person\\\/e9f2de7e5dbbe7770a9402c7ce82f5c2\"},\"headline\":\"JIT 2025\u00a0: Les travailleurs de la Pr\u00e9sidence rendent un vibrant hommage au Chef de l\u2019Etat\",\"datePublished\":\"2025-05-02T09:17:37+00:00\",\"dateModified\":\"2025-05-02T09:17:43+00:00\",\"mainEntityOfPage\":{\"@id\":\"https:\\\/\\\/macite.tg\\\/?p=21763\"},\"wordCount\":1348,\"commentCount\":0,\"image\":{\"@id\":\"https:\\\/\\\/macite.tg\\\/?p=21763#primaryimage\"},\"thumbnailUrl\":\"https:\\\/\\\/macite.tg\\\/wp-content\\\/uploads\\\/2025\\\/05\\\/1er-mai-Presidence.jpg\",\"articleSection\":[\"ACTUALITE\",\"SOCIETE\"],\"inLanguage\":\"fr-FR\",\"potentialAction\":[{\"@type\":\"CommentAction\",\"name\":\"Comment\",\"target\":[\"https:\\\/\\\/macite.tg\\\/?p=21763#respond\"]}]},{\"@type\":\"WebPage\",\"@id\":\"https:\\\/\\\/macite.tg\\\/?p=21763\",\"url\":\"https:\\\/\\\/macite.tg\\\/?p=21763\",\"name\":\"JIT 2025\u00a0: Les travailleurs de la Pr\u00e9sidence rendent un vibrant hommage au Chef de l\u2019Etat -\",\"isPartOf\":{\"@id\":\"https:\\\/\\\/macite.tg\\\/#website\"},\"primaryImageOfPage\":{\"@id\":\"https:\\\/\\\/macite.tg\\\/?p=21763#primaryimage\"},\"image\":{\"@id\":\"https:\\\/\\\/macite.tg\\\/?p=21763#primaryimage\"},\"thumbnailUrl\":\"https:\\\/\\\/macite.tg\\\/wp-content\\\/uploads\\\/2025\\\/05\\\/1er-mai-Presidence.jpg\",\"datePublished\":\"2025-05-02T09:17:37+00:00\",\"dateModified\":\"2025-05-02T09:17:43+00:00\",\"author\":{\"@id\":\"https:\\\/\\\/macite.tg\\\/#\\\/schema\\\/person\\\/e9f2de7e5dbbe7770a9402c7ce82f5c2\"},\"breadcrumb\":{\"@id\":\"https:\\\/\\\/macite.tg\\\/?p=21763#breadcrumb\"},\"inLanguage\":\"fr-FR\",\"potentialAction\":[{\"@type\":\"ReadAction\",\"target\":[\"https:\\\/\\\/macite.tg\\\/?p=21763\"]}]},{\"@type\":\"ImageObject\",\"inLanguage\":\"fr-FR\",\"@id\":\"https:\\\/\\\/macite.tg\\\/?p=21763#primaryimage\",\"url\":\"https:\\\/\\\/macite.tg\\\/wp-content\\\/uploads\\\/2025\\\/05\\\/1er-mai-Presidence.jpg\",\"contentUrl\":\"https:\\\/\\\/macite.tg\\\/wp-content\\\/uploads\\\/2025\\\/05\\\/1er-mai-Presidence.jpg\",\"width\":500,\"height\":428},{\"@type\":\"BreadcrumbList\",\"@id\":\"https:\\\/\\\/macite.tg\\\/?p=21763#breadcrumb\",\"itemListElement\":[{\"@type\":\"ListItem\",\"position\":1,\"name\":\"Accueil\",\"item\":\"https:\\\/\\\/macite.tg\\\/\"},{\"@type\":\"ListItem\",\"position\":2,\"name\":\"JIT 2025\u00a0: Les travailleurs de la Pr\u00e9sidence rendent un vibrant hommage au Chef de l\u2019Etat\"}]},{\"@type\":\"WebSite\",\"@id\":\"https:\\\/\\\/macite.tg\\\/#website\",\"url\":\"https:\\\/\\\/macite.tg\\\/\",\"name\":\"\",\"description\":\"L&#039;information, la bonne!!!\",\"potentialAction\":[{\"@type\":\"SearchAction\",\"target\":{\"@type\":\"EntryPoint\",\"urlTemplate\":\"https:\\\/\\\/macite.tg\\\/?s={search_term_string}\"},\"query-input\":{\"@type\":\"PropertyValueSpecification\",\"valueRequired\":true,\"valueName\":\"search_term_string\"}}],\"inLanguage\":\"fr-FR\"},{\"@type\":\"Person\",\"@id\":\"https:\\\/\\\/macite.tg\\\/#\\\/schema\\\/person\\\/e9f2de7e5dbbe7770a9402c7ce82f5c2\",\"name\":\"Jean Pierre BAWELA\",\"image\":{\"@type\":\"ImageObject\",\"inLanguage\":\"fr-FR\",\"@id\":\"https:\\\/\\\/macite.tg\\\/wp-content\\\/uploads\\\/2023\\\/09\\\/WhatsApp-Image-2023-09-19-at-14.44.41-122x122.jpeg\",\"url\":\"https:\\\/\\\/macite.tg\\\/wp-content\\\/uploads\\\/2023\\\/09\\\/WhatsApp-Image-2023-09-19-at-14.44.41-122x122.jpeg\",\"contentUrl\":\"https:\\\/\\\/macite.tg\\\/wp-content\\\/uploads\\\/2023\\\/09\\\/WhatsApp-Image-2023-09-19-at-14.44.41-122x122.jpeg\",\"caption\":\"Jean Pierre BAWELA\"},\"url\":\"https:\\\/\\\/macite.tg\\\/?author=2\"}]}<\/script>\n<!-- \/ Yoast SEO plugin. -->","yoast_head_json":{"title":"JIT 2025\u00a0: Les travailleurs de la Pr\u00e9sidence rendent un vibrant hommage au Chef de l\u2019Etat -","robots":{"index":"index","follow":"follow","max-snippet":"max-snippet:-1","max-image-preview":"max-image-preview:large","max-video-preview":"max-video-preview:-1"},"canonical":"https:\/\/macite.tg\/?p=21763","og_locale":"fr_FR","og_type":"article","og_title":"JIT 2025\u00a0: Les travailleurs de la Pr\u00e9sidence rendent un vibrant hommage au Chef de l\u2019Etat -","og_description":"Fid\u00e8le \u00e0 une tradition bien ancr\u00e9e, le personnel de la Pr\u00e9sidence de la R\u00e9publique du Togo a c\u00e9l\u00e9br\u00e9 avec \u00e9clat la f\u00eate du travail, hier 1er mai 2025, autour de Madame Sandra Ablamba Johnson, ministre, Secr\u00e9taire g\u00e9n\u00e9ral, repr\u00e9sentant le Chef de l\u2019Etat. Le ministre, Secr\u00e9taire [&hellip;]","og_url":"https:\/\/macite.tg\/?p=21763","article_published_time":"2025-05-02T09:17:37+00:00","article_modified_time":"2025-05-02T09:17:43+00:00","og_image":[{"width":500,"height":428,"url":"https:\/\/macite.tg\/wp-content\/uploads\/2025\/05\/1er-mai-Presidence.jpg","type":"image\/jpeg"}],"author":"Jean Pierre BAWELA","twitter_card":"summary_large_image","twitter_misc":{"\u00c9crit par":"Jean Pierre BAWELA","Dur\u00e9e de lecture estim\u00e9e":"7 minutes"},"schema":{"@context":"https:\/\/schema.org","@graph":[{"@type":"Article","@id":"https:\/\/macite.tg\/?p=21763#article","isPartOf":{"@id":"https:\/\/macite.tg\/?p=21763"},"author":{"name":"Jean Pierre BAWELA","@id":"https:\/\/macite.tg\/#\/schema\/person\/e9f2de7e5dbbe7770a9402c7ce82f5c2"},"headline":"JIT 2025\u00a0: Les travailleurs de la Pr\u00e9sidence rendent un vibrant hommage au Chef de l\u2019Etat","datePublished":"2025-05-02T09:17:37+00:00","dateModified":"2025-05-02T09:17:43+00:00","mainEntityOfPage":{"@id":"https:\/\/macite.tg\/?p=21763"},"wordCount":1348,"commentCount":0,"image":{"@id":"https:\/\/macite.tg\/?p=21763#primaryimage"},"thumbnailUrl":"https:\/\/macite.tg\/wp-content\/uploads\/2025\/05\/1er-mai-Presidence.jpg","articleSection":["ACTUALITE","SOCIETE"],"inLanguage":"fr-FR","potentialAction":[{"@type":"CommentAction","name":"Comment","target":["https:\/\/macite.tg\/?p=21763#respond"]}]},{"@type":"WebPage","@id":"https:\/\/macite.tg\/?p=21763","url":"https:\/\/macite.tg\/?p=21763","name":"JIT 2025\u00a0: Les travailleurs de la Pr\u00e9sidence rendent un vibrant hommage au Chef de l\u2019Etat -","isPartOf":{"@id":"https:\/\/macite.tg\/#website"},"primaryImageOfPage":{"@id":"https:\/\/macite.tg\/?p=21763#primaryimage"},"image":{"@id":"https:\/\/macite.tg\/?p=21763#primaryimage"},"thumbnailUrl":"https:\/\/macite.tg\/wp-content\/uploads\/2025\/05\/1er-mai-Presidence.jpg","datePublished":"2025-05-02T09:17:37+00:00","dateModified":"2025-05-02T09:17:43+00:00","author":{"@id":"https:\/\/macite.tg\/#\/schema\/person\/e9f2de7e5dbbe7770a9402c7ce82f5c2"},"breadcrumb":{"@id":"https:\/\/macite.tg\/?p=21763#breadcrumb"},"inLanguage":"fr-FR","potentialAction":[{"@type":"ReadAction","target":["https:\/\/macite.tg\/?p=21763"]}]},{"@type":"ImageObject","inLanguage":"fr-FR","@id":"https:\/\/macite.tg\/?p=21763#primaryimage","url":"https:\/\/macite.tg\/wp-content\/uploads\/2025\/05\/1er-mai-Presidence.jpg","contentUrl":"https:\/\/macite.tg\/wp-content\/uploads\/2025\/05\/1er-mai-Presidence.jpg","width":500,"height":428},{"@type":"BreadcrumbList","@id":"https:\/\/macite.tg\/?p=21763#breadcrumb","itemListElement":[{"@type":"ListItem","position":1,"name":"Accueil","item":"https:\/\/macite.tg\/"},{"@type":"ListItem","position":2,"name":"JIT 2025\u00a0: Les travailleurs de la Pr\u00e9sidence rendent un vibrant hommage au Chef de l\u2019Etat"}]},{"@type":"WebSite","@id":"https:\/\/macite.tg\/#website","url":"https:\/\/macite.tg\/","name":"","description":"L&#039;information, la bonne!!!","potentialAction":[{"@type":"SearchAction","target":{"@type":"EntryPoint","urlTemplate":"https:\/\/macite.tg\/?s={search_term_string}"},"query-input":{"@type":"PropertyValueSpecification","valueRequired":true,"valueName":"search_term_string"}}],"inLanguage":"fr-FR"},{"@type":"Person","@id":"https:\/\/macite.tg\/#\/schema\/person\/e9f2de7e5dbbe7770a9402c7ce82f5c2","name":"Jean Pierre BAWELA","image":{"@type":"ImageObject","inLanguage":"fr-FR","@id":"https:\/\/macite.tg\/wp-content\/uploads\/2023\/09\/WhatsApp-Image-2023-09-19-at-14.44.41-122x122.jpeg","url":"https:\/\/macite.tg\/wp-content\/uploads\/2023\/09\/WhatsApp-Image-2023-09-19-at-14.44.41-122x122.jpeg","contentUrl":"https:\/\/macite.tg\/wp-content\/uploads\/2023\/09\/WhatsApp-Image-2023-09-19-at-14.44.41-122x122.jpeg","caption":"Jean Pierre BAWELA"},"url":"https:\/\/macite.tg\/?author=2"}]}},"_links":{"self":[{"href":"https:\/\/macite.tg\/index.php?rest_route=\/wp\/v2\/posts\/21763","targetHints":{"allow":["GET"]}}],"collection":[{"href":"https:\/\/macite.tg\/index.php?rest_route=\/wp\/v2\/posts"}],"about":[{"href":"https:\/\/macite.tg\/index.php?rest_route=\/wp\/v2\/types\/post"}],"author":[{"embeddable":true,"href":"https:\/\/macite.tg\/index.php?rest_route=\/wp\/v2\/users\/2"}],"replies":[{"embeddable":true,"href":"https:\/\/macite.tg\/index.php?rest_route=%2Fwp%2Fv2%2Fcomments&post=21763"}],"version-history":[{"count":0,"href":"https:\/\/macite.tg\/index.php?rest_route=\/wp\/v2\/posts\/21763\/revisions"}],"wp:featuredmedia":[{"embeddable":true,"href":"https:\/\/macite.tg\/index.php?rest_route=\/wp\/v2\/media\/21764"}],"wp:attachment":[{"href":"https:\/\/macite.tg\/index.php?rest_route=%2Fwp%2Fv2%2Fmedia&parent=21763"}],"wp:term":[{"taxonomy":"category","embeddable":true,"href":"https:\/\/macite.tg\/index.php?rest_route=%2Fwp%2Fv2%2Fcategories&post=21763"},{"taxonomy":"post_tag","embeddable":true,"href":"https:\/\/macite.tg\/index.php?rest_route=%2Fwp%2Fv2%2Ftags&post=21763"}],"curies":[{"name":"wp","href":"https:\/\/api.w.org\/{rel}","templated":true}]}}