{"id":21759,"date":"2025-05-02T09:04:04","date_gmt":"2025-05-02T09:04:04","guid":{"rendered":"https:\/\/macite.tg\/?p=21759"},"modified":"2025-05-02T09:07:04","modified_gmt":"2025-05-02T09:07:04","slug":"ralentissement-economique-aux-etats-unis-donald-trump-accuse-son-predecesseur-biden","status":"publish","type":"post","link":"https:\/\/macite.tg\/?p=21759","title":{"rendered":"RALENTISSEMENT ECONOMIQUE AUX \u00c9TATS-UNIS : Donald Trump accuse son pr\u00e9d\u00e9cesseur\u2026"},"content":{"rendered":"\n<p class=\"wp-block-paragraph\"><strong><em>Le pr\u00e9sident am\u00e9ricain, Donald Trump, a affirm\u00e9 mercredi dernier que les mauvais chiffres publi\u00e9s sur l\u2019\u00e9conomie des \u00c9tats-Unis, dont un recul du produit int\u00e9rieur brut (PIB) au premier trimestre, \u00e9taient le \u00ab reliquat \u00bb de son pr\u00e9d\u00e9cesseur Joe Biden et que les droits de douane qu\u2019il a mis en place n\u2019y \u00e9taient pour rien.<\/em><\/strong><\/p>\n\n\n\n<p class=\"wp-block-paragraph\">Le milliardaire r\u00e9publicain, qui a jur\u00e9 de rendre les \u00c9tats-Unis plus riches, est confront\u00e9 mercredi \u00e0 des chiffres montrant un recul du PIB du pays au premier trimestre, alors que l\u2019\u00e9conomie am\u00e9ricaine \u00e9tait encore florissante fin 2024.<\/p>\n\n\n<div class=\"wp-block-image\">\n<figure class=\"aligncenter size-large\"><img loading=\"lazy\" decoding=\"async\" width=\"714\" height=\"1024\" src=\"https:\/\/macite.tg\/wp-content\/uploads\/2025\/04\/OTR_avis-aux-OE_29avril-714x1024.jpg\" alt=\"\" class=\"wp-image-21702\" srcset=\"https:\/\/macite.tg\/wp-content\/uploads\/2025\/04\/OTR_avis-aux-OE_29avril-714x1024.jpg 714w, https:\/\/macite.tg\/wp-content\/uploads\/2025\/04\/OTR_avis-aux-OE_29avril-209x300.jpg 209w, https:\/\/macite.tg\/wp-content\/uploads\/2025\/04\/OTR_avis-aux-OE_29avril-768x1101.jpg 768w, https:\/\/macite.tg\/wp-content\/uploads\/2025\/04\/OTR_avis-aux-OE_29avril-1071x1536.jpg 1071w, https:\/\/macite.tg\/wp-content\/uploads\/2025\/04\/OTR_avis-aux-OE_29avril.jpg 1129w\" sizes=\"auto, (max-width: 714px) 100vw, 714px\" \/><\/figure>\n<\/div>\n\n\n<p class=\"wp-block-paragraph\">Le PIB, qui mesure la cr\u00e9ation de richesse nationale, a diminu\u00e9 lors des trois premiers mois de l\u2019ann\u00e9e couvrant le d\u00e9but du second mandat de Donald Trump, dont la politique douani\u00e8re a suscit\u00e9 une onde de choc dans le monde et au sein m\u00eame de son pays.<\/p>\n\n\n\n<p class=\"wp-block-paragraph\">En rythme annualis\u00e9, mesure privil\u00e9gi\u00e9e par les \u00c9tats-Unis, le PIB s\u2019est contract\u00e9 de 0,3%, selon les donn\u00e9es publi\u00e9es mercredi par le minist\u00e8re du Commerce.<\/p>\n\n\n\n<p class=\"wp-block-paragraph\">Cela repr\u00e9sente un recul de 0,1% par rapport au trimestre pr\u00e9c\u00e9dent.<\/p>\n\n\n<div class=\"wp-block-image\">\n<figure class=\"aligncenter size-full is-resized\"><img loading=\"lazy\" decoding=\"async\" width=\"690\" height=\"170\" src=\"https:\/\/macite.tg\/wp-content\/uploads\/2025\/04\/IMG-20240313-WA0013.jpg\" alt=\"\" class=\"wp-image-21559\" style=\"width:840px;height:auto\" srcset=\"https:\/\/macite.tg\/wp-content\/uploads\/2025\/04\/IMG-20240313-WA0013.jpg 690w, https:\/\/macite.tg\/wp-content\/uploads\/2025\/04\/IMG-20240313-WA0013-300x74.jpg 300w\" sizes=\"auto, (max-width: 690px) 100vw, 690px\" \/><\/figure>\n<\/div>\n\n\n<p class=\"wp-block-paragraph\">Ce r\u00e9sultat est nettement inf\u00e9rieur aux attentes de la majorit\u00e9 des analystes qui anticipaient toutefois un s\u00e9rieux coup de frein (+0,4%) pour la premi\u00e8re \u00e9conomie mondiale.<\/p>\n\n\n\n<p class=\"wp-block-paragraph\"><em>\u00ab&nbsp;Notre pays va d\u00e9coller \u00e9conomiquement, mais d\u2019abord nous devons nous d\u00e9barrasser du reliquat de Joe Biden \u00bb,<\/em> a r\u00e9agi le pr\u00e9sident Donald Trump sur sa plateforme Truth Social.<\/p>\n\n\n\n<p class=\"wp-block-paragraph\"><em>\u00ab Cela va prendre un moment, \u00e7a n\u2019a rien \u00e0 voir avec les droits de douane, c\u2019est seulement qu\u2019il nous a laiss\u00e9 avec de mauvaises statistiques \u00bb,<\/em> a ajout\u00e9 le chef de l\u2019\u00c9tat, en enjoignant ses concitoyens \u00e0 <em>\u00ab\u00caTRE PATIENTS!!!\u00bb<\/em><\/p>\n\n\n<div class=\"wp-block-image\">\n<figure class=\"aligncenter size-large is-resized\"><img loading=\"lazy\" decoding=\"async\" width=\"1024\" height=\"1024\" src=\"https:\/\/macite.tg\/wp-content\/uploads\/2025\/04\/OTR_TVM2-1024x1024.jpg\" alt=\"\" class=\"wp-image-21537\" style=\"width:592px;height:auto\" srcset=\"https:\/\/macite.tg\/wp-content\/uploads\/2025\/04\/OTR_TVM2-1024x1024.jpg 1024w, https:\/\/macite.tg\/wp-content\/uploads\/2025\/04\/OTR_TVM2-300x300.jpg 300w, https:\/\/macite.tg\/wp-content\/uploads\/2025\/04\/OTR_TVM2-150x150.jpg 150w, https:\/\/macite.tg\/wp-content\/uploads\/2025\/04\/OTR_TVM2-768x768.jpg 768w, https:\/\/macite.tg\/wp-content\/uploads\/2025\/04\/OTR_TVM2-1536x1536.jpg 1536w, https:\/\/macite.tg\/wp-content\/uploads\/2025\/04\/OTR_TVM2-122x122.jpg 122w, https:\/\/macite.tg\/wp-content\/uploads\/2025\/04\/OTR_TVM2.jpg 1600w\" sizes=\"auto, (max-width: 1024px) 100vw, 1024px\" \/><\/figure>\n<\/div>\n\n\n<p class=\"wp-block-paragraph\">Les march\u00e9s financiers ont accus\u00e9 le coup. Les Bourses europ\u00e9ennes ont bascul\u00e9 dans le rouge apr\u00e8s la publication du PIB am\u00e9ricain. Et Wall Street a ouvert en nette baisse.<\/p>\n\n\n\n<p class=\"wp-block-paragraph\"><strong>SyndiGate Media<\/strong><\/p>\n\n\n\n<p class=\"wp-block-paragraph\"><a><strong><em>@macite.tg&nbsp;&nbsp;&nbsp;&nbsp;&nbsp;&nbsp;&nbsp;&nbsp;<\/em><\/strong><\/a><\/p>\n\n\n\n<p class=\"wp-block-paragraph\"><strong><em>E-mail&nbsp;: <\/em><\/strong><a href=\"mailto:maciteinfo@gmail.com\"><strong><em>maciteinfo@gmail.com<\/em><\/strong><\/a><strong><em>; <\/em><\/strong><a href=\"mailto:bawela1@gmail.com\"><strong><em>bawela1@gmail.com<\/em><\/strong><\/a><strong><em><\/em><\/strong><\/p>\n\n\n\n<p class=\"wp-block-paragraph\"><strong><em>Pour vos annonces, (publi)reportages, etc., joignez-nous au (00228)91515309\/<strong>79872224 <\/strong>www.macite.tg, L\u2019information, la bonne&nbsp;!<\/em><\/strong><\/p>\n\n\n\n<p class=\"wp-block-paragraph\"><\/p>\n","protected":false},"excerpt":{"rendered":"<p class=\"text-justify mb-2\" >Le pr\u00e9sident am\u00e9ricain, Donald Trump, a affirm\u00e9 mercredi dernier que les mauvais chiffres publi\u00e9s sur l\u2019\u00e9conomie des \u00c9tats-Unis, dont un recul du produit int\u00e9rieur brut (PIB) au premier trimestre, \u00e9taient le \u00ab reliquat \u00bb de son pr\u00e9d\u00e9cesseur Joe Biden et que les droits de douane [&hellip;]<\/p>\n","protected":false},"author":2,"featured_media":21760,"comment_status":"open","ping_status":"open","sticky":false,"template":"","format":"standard","meta":{"footnotes":""},"categories":[20,1],"tags":[],"class_list":["post-21759","post","type-post","status-publish","format-standard","has-post-thumbnail","hentry","category-actualite","category-politique"],"yoast_head":"<!-- This site is optimized with the Yoast SEO plugin v28.4 - https:\/\/yoast.com\/product\/yoast-seo-wordpress\/ -->\n<title>RALENTISSEMENT ECONOMIQUE AUX \u00c9TATS-UNIS : Donald Trump accuse son pr\u00e9d\u00e9cesseur\u2026 -<\/title>\n<meta name=\"robots\" content=\"index, follow, max-snippet:-1, max-image-preview:large, max-video-preview:-1\" \/>\n<link rel=\"canonical\" href=\"https:\/\/macite.tg\/?p=21759\" \/>\n<meta property=\"og:locale\" content=\"fr_FR\" \/>\n<meta property=\"og:type\" content=\"article\" \/>\n<meta property=\"og:title\" content=\"RALENTISSEMENT ECONOMIQUE AUX \u00c9TATS-UNIS : Donald Trump accuse son pr\u00e9d\u00e9cesseur\u2026 -\" \/>\n<meta property=\"og:description\" content=\"Le pr\u00e9sident am\u00e9ricain, Donald Trump, a affirm\u00e9 mercredi dernier que les mauvais chiffres publi\u00e9s sur l\u2019\u00e9conomie des \u00c9tats-Unis, dont un recul du produit int\u00e9rieur brut (PIB) au premier trimestre, \u00e9taient le \u00ab reliquat \u00bb de son pr\u00e9d\u00e9cesseur Joe Biden et que les droits de douane [&hellip;]\" \/>\n<meta property=\"og:url\" content=\"https:\/\/macite.tg\/?p=21759\" \/>\n<meta property=\"article:published_time\" content=\"2025-05-02T09:04:04+00:00\" \/>\n<meta property=\"article:modified_time\" content=\"2025-05-02T09:07:04+00:00\" \/>\n<meta property=\"og:image\" content=\"https:\/\/macite.tg\/wp-content\/uploads\/2025\/05\/image.png\" \/>\n\t<meta property=\"og:image:width\" content=\"451\" \/>\n\t<meta property=\"og:image:height\" content=\"266\" \/>\n\t<meta property=\"og:image:type\" content=\"image\/png\" \/>\n<meta name=\"author\" content=\"Jean Pierre BAWELA\" \/>\n<meta name=\"twitter:card\" content=\"summary_large_image\" \/>\n<meta name=\"twitter:label1\" content=\"\u00c9crit par\" \/>\n\t<meta name=\"twitter:data1\" content=\"Jean Pierre BAWELA\" \/>\n\t<meta name=\"twitter:label2\" content=\"Dur\u00e9e de lecture estim\u00e9e\" \/>\n\t<meta name=\"twitter:data2\" content=\"3 minutes\" \/>\n<script type=\"application\/ld+json\" class=\"yoast-schema-graph\">{\"@context\":\"https:\\\/\\\/schema.org\",\"@graph\":[{\"@type\":\"Article\",\"@id\":\"https:\\\/\\\/macite.tg\\\/?p=21759#article\",\"isPartOf\":{\"@id\":\"https:\\\/\\\/macite.tg\\\/?p=21759\"},\"author\":{\"name\":\"Jean Pierre BAWELA\",\"@id\":\"https:\\\/\\\/macite.tg\\\/#\\\/schema\\\/person\\\/e9f2de7e5dbbe7770a9402c7ce82f5c2\"},\"headline\":\"RALENTISSEMENT ECONOMIQUE AUX \u00c9TATS-UNIS : Donald Trump accuse son pr\u00e9d\u00e9cesseur\u2026\",\"datePublished\":\"2025-05-02T09:04:04+00:00\",\"dateModified\":\"2025-05-02T09:07:04+00:00\",\"mainEntityOfPage\":{\"@id\":\"https:\\\/\\\/macite.tg\\\/?p=21759\"},\"wordCount\":376,\"commentCount\":0,\"image\":{\"@id\":\"https:\\\/\\\/macite.tg\\\/?p=21759#primaryimage\"},\"thumbnailUrl\":\"https:\\\/\\\/macite.tg\\\/wp-content\\\/uploads\\\/2025\\\/05\\\/image.png\",\"articleSection\":[\"ACTUALITE\",\"POLITIQUE\"],\"inLanguage\":\"fr-FR\",\"potentialAction\":[{\"@type\":\"CommentAction\",\"name\":\"Comment\",\"target\":[\"https:\\\/\\\/macite.tg\\\/?p=21759#respond\"]}]},{\"@type\":\"WebPage\",\"@id\":\"https:\\\/\\\/macite.tg\\\/?p=21759\",\"url\":\"https:\\\/\\\/macite.tg\\\/?p=21759\",\"name\":\"RALENTISSEMENT ECONOMIQUE AUX \u00c9TATS-UNIS : Donald Trump accuse son pr\u00e9d\u00e9cesseur\u2026 -\",\"isPartOf\":{\"@id\":\"https:\\\/\\\/macite.tg\\\/#website\"},\"primaryImageOfPage\":{\"@id\":\"https:\\\/\\\/macite.tg\\\/?p=21759#primaryimage\"},\"image\":{\"@id\":\"https:\\\/\\\/macite.tg\\\/?p=21759#primaryimage\"},\"thumbnailUrl\":\"https:\\\/\\\/macite.tg\\\/wp-content\\\/uploads\\\/2025\\\/05\\\/image.png\",\"datePublished\":\"2025-05-02T09:04:04+00:00\",\"dateModified\":\"2025-05-02T09:07:04+00:00\",\"author\":{\"@id\":\"https:\\\/\\\/macite.tg\\\/#\\\/schema\\\/person\\\/e9f2de7e5dbbe7770a9402c7ce82f5c2\"},\"breadcrumb\":{\"@id\":\"https:\\\/\\\/macite.tg\\\/?p=21759#breadcrumb\"},\"inLanguage\":\"fr-FR\",\"potentialAction\":[{\"@type\":\"ReadAction\",\"target\":[\"https:\\\/\\\/macite.tg\\\/?p=21759\"]}]},{\"@type\":\"ImageObject\",\"inLanguage\":\"fr-FR\",\"@id\":\"https:\\\/\\\/macite.tg\\\/?p=21759#primaryimage\",\"url\":\"https:\\\/\\\/macite.tg\\\/wp-content\\\/uploads\\\/2025\\\/05\\\/image.png\",\"contentUrl\":\"https:\\\/\\\/macite.tg\\\/wp-content\\\/uploads\\\/2025\\\/05\\\/image.png\",\"width\":451,\"height\":266,\"caption\":\"Le pr\u00e9sident am\u00e9rcain Donald Trump\"},{\"@type\":\"BreadcrumbList\",\"@id\":\"https:\\\/\\\/macite.tg\\\/?p=21759#breadcrumb\",\"itemListElement\":[{\"@type\":\"ListItem\",\"position\":1,\"name\":\"Accueil\",\"item\":\"https:\\\/\\\/macite.tg\\\/\"},{\"@type\":\"ListItem\",\"position\":2,\"name\":\"RALENTISSEMENT ECONOMIQUE AUX \u00c9TATS-UNIS : Donald Trump accuse son pr\u00e9d\u00e9cesseur\u2026\"}]},{\"@type\":\"WebSite\",\"@id\":\"https:\\\/\\\/macite.tg\\\/#website\",\"url\":\"https:\\\/\\\/macite.tg\\\/\",\"name\":\"\",\"description\":\"L&#039;information, la bonne!!!\",\"potentialAction\":[{\"@type\":\"SearchAction\",\"target\":{\"@type\":\"EntryPoint\",\"urlTemplate\":\"https:\\\/\\\/macite.tg\\\/?s={search_term_string}\"},\"query-input\":{\"@type\":\"PropertyValueSpecification\",\"valueRequired\":true,\"valueName\":\"search_term_string\"}}],\"inLanguage\":\"fr-FR\"},{\"@type\":\"Person\",\"@id\":\"https:\\\/\\\/macite.tg\\\/#\\\/schema\\\/person\\\/e9f2de7e5dbbe7770a9402c7ce82f5c2\",\"name\":\"Jean Pierre BAWELA\",\"image\":{\"@type\":\"ImageObject\",\"inLanguage\":\"fr-FR\",\"@id\":\"https:\\\/\\\/macite.tg\\\/wp-content\\\/uploads\\\/2023\\\/09\\\/WhatsApp-Image-2023-09-19-at-14.44.41-122x122.jpeg\",\"url\":\"https:\\\/\\\/macite.tg\\\/wp-content\\\/uploads\\\/2023\\\/09\\\/WhatsApp-Image-2023-09-19-at-14.44.41-122x122.jpeg\",\"contentUrl\":\"https:\\\/\\\/macite.tg\\\/wp-content\\\/uploads\\\/2023\\\/09\\\/WhatsApp-Image-2023-09-19-at-14.44.41-122x122.jpeg\",\"caption\":\"Jean Pierre BAWELA\"},\"url\":\"https:\\\/\\\/macite.tg\\\/?author=2\"}]}<\/script>\n<!-- \/ Yoast SEO plugin. -->","yoast_head_json":{"title":"RALENTISSEMENT ECONOMIQUE AUX \u00c9TATS-UNIS : Donald Trump accuse son pr\u00e9d\u00e9cesseur\u2026 -","robots":{"index":"index","follow":"follow","max-snippet":"max-snippet:-1","max-image-preview":"max-image-preview:large","max-video-preview":"max-video-preview:-1"},"canonical":"https:\/\/macite.tg\/?p=21759","og_locale":"fr_FR","og_type":"article","og_title":"RALENTISSEMENT ECONOMIQUE AUX \u00c9TATS-UNIS : Donald Trump accuse son pr\u00e9d\u00e9cesseur\u2026 -","og_description":"Le pr\u00e9sident am\u00e9ricain, Donald Trump, a affirm\u00e9 mercredi dernier que les mauvais chiffres publi\u00e9s sur l\u2019\u00e9conomie des \u00c9tats-Unis, dont un recul du produit int\u00e9rieur brut (PIB) au premier trimestre, \u00e9taient le \u00ab reliquat \u00bb de son pr\u00e9d\u00e9cesseur Joe Biden et que les droits de douane [&hellip;]","og_url":"https:\/\/macite.tg\/?p=21759","article_published_time":"2025-05-02T09:04:04+00:00","article_modified_time":"2025-05-02T09:07:04+00:00","og_image":[{"width":451,"height":266,"url":"https:\/\/macite.tg\/wp-content\/uploads\/2025\/05\/image.png","type":"image\/png"}],"author":"Jean Pierre BAWELA","twitter_card":"summary_large_image","twitter_misc":{"\u00c9crit par":"Jean Pierre BAWELA","Dur\u00e9e de lecture estim\u00e9e":"3 minutes"},"schema":{"@context":"https:\/\/schema.org","@graph":[{"@type":"Article","@id":"https:\/\/macite.tg\/?p=21759#article","isPartOf":{"@id":"https:\/\/macite.tg\/?p=21759"},"author":{"name":"Jean Pierre BAWELA","@id":"https:\/\/macite.tg\/#\/schema\/person\/e9f2de7e5dbbe7770a9402c7ce82f5c2"},"headline":"RALENTISSEMENT ECONOMIQUE AUX \u00c9TATS-UNIS : Donald Trump accuse son pr\u00e9d\u00e9cesseur\u2026","datePublished":"2025-05-02T09:04:04+00:00","dateModified":"2025-05-02T09:07:04+00:00","mainEntityOfPage":{"@id":"https:\/\/macite.tg\/?p=21759"},"wordCount":376,"commentCount":0,"image":{"@id":"https:\/\/macite.tg\/?p=21759#primaryimage"},"thumbnailUrl":"https:\/\/macite.tg\/wp-content\/uploads\/2025\/05\/image.png","articleSection":["ACTUALITE","POLITIQUE"],"inLanguage":"fr-FR","potentialAction":[{"@type":"CommentAction","name":"Comment","target":["https:\/\/macite.tg\/?p=21759#respond"]}]},{"@type":"WebPage","@id":"https:\/\/macite.tg\/?p=21759","url":"https:\/\/macite.tg\/?p=21759","name":"RALENTISSEMENT ECONOMIQUE AUX \u00c9TATS-UNIS : Donald Trump accuse son pr\u00e9d\u00e9cesseur\u2026 -","isPartOf":{"@id":"https:\/\/macite.tg\/#website"},"primaryImageOfPage":{"@id":"https:\/\/macite.tg\/?p=21759#primaryimage"},"image":{"@id":"https:\/\/macite.tg\/?p=21759#primaryimage"},"thumbnailUrl":"https:\/\/macite.tg\/wp-content\/uploads\/2025\/05\/image.png","datePublished":"2025-05-02T09:04:04+00:00","dateModified":"2025-05-02T09:07:04+00:00","author":{"@id":"https:\/\/macite.tg\/#\/schema\/person\/e9f2de7e5dbbe7770a9402c7ce82f5c2"},"breadcrumb":{"@id":"https:\/\/macite.tg\/?p=21759#breadcrumb"},"inLanguage":"fr-FR","potentialAction":[{"@type":"ReadAction","target":["https:\/\/macite.tg\/?p=21759"]}]},{"@type":"ImageObject","inLanguage":"fr-FR","@id":"https:\/\/macite.tg\/?p=21759#primaryimage","url":"https:\/\/macite.tg\/wp-content\/uploads\/2025\/05\/image.png","contentUrl":"https:\/\/macite.tg\/wp-content\/uploads\/2025\/05\/image.png","width":451,"height":266,"caption":"Le pr\u00e9sident am\u00e9rcain Donald Trump"},{"@type":"BreadcrumbList","@id":"https:\/\/macite.tg\/?p=21759#breadcrumb","itemListElement":[{"@type":"ListItem","position":1,"name":"Accueil","item":"https:\/\/macite.tg\/"},{"@type":"ListItem","position":2,"name":"RALENTISSEMENT ECONOMIQUE AUX \u00c9TATS-UNIS : Donald Trump accuse son pr\u00e9d\u00e9cesseur\u2026"}]},{"@type":"WebSite","@id":"https:\/\/macite.tg\/#website","url":"https:\/\/macite.tg\/","name":"","description":"L&#039;information, la bonne!!!","potentialAction":[{"@type":"SearchAction","target":{"@type":"EntryPoint","urlTemplate":"https:\/\/macite.tg\/?s={search_term_string}"},"query-input":{"@type":"PropertyValueSpecification","valueRequired":true,"valueName":"search_term_string"}}],"inLanguage":"fr-FR"},{"@type":"Person","@id":"https:\/\/macite.tg\/#\/schema\/person\/e9f2de7e5dbbe7770a9402c7ce82f5c2","name":"Jean Pierre BAWELA","image":{"@type":"ImageObject","inLanguage":"fr-FR","@id":"https:\/\/macite.tg\/wp-content\/uploads\/2023\/09\/WhatsApp-Image-2023-09-19-at-14.44.41-122x122.jpeg","url":"https:\/\/macite.tg\/wp-content\/uploads\/2023\/09\/WhatsApp-Image-2023-09-19-at-14.44.41-122x122.jpeg","contentUrl":"https:\/\/macite.tg\/wp-content\/uploads\/2023\/09\/WhatsApp-Image-2023-09-19-at-14.44.41-122x122.jpeg","caption":"Jean Pierre BAWELA"},"url":"https:\/\/macite.tg\/?author=2"}]}},"_links":{"self":[{"href":"https:\/\/macite.tg\/index.php?rest_route=\/wp\/v2\/posts\/21759","targetHints":{"allow":["GET"]}}],"collection":[{"href":"https:\/\/macite.tg\/index.php?rest_route=\/wp\/v2\/posts"}],"about":[{"href":"https:\/\/macite.tg\/index.php?rest_route=\/wp\/v2\/types\/post"}],"author":[{"embeddable":true,"href":"https:\/\/macite.tg\/index.php?rest_route=\/wp\/v2\/users\/2"}],"replies":[{"embeddable":true,"href":"https:\/\/macite.tg\/index.php?rest_route=%2Fwp%2Fv2%2Fcomments&post=21759"}],"version-history":[{"count":0,"href":"https:\/\/macite.tg\/index.php?rest_route=\/wp\/v2\/posts\/21759\/revisions"}],"wp:featuredmedia":[{"embeddable":true,"href":"https:\/\/macite.tg\/index.php?rest_route=\/wp\/v2\/media\/21760"}],"wp:attachment":[{"href":"https:\/\/macite.tg\/index.php?rest_route=%2Fwp%2Fv2%2Fmedia&parent=21759"}],"wp:term":[{"taxonomy":"category","embeddable":true,"href":"https:\/\/macite.tg\/index.php?rest_route=%2Fwp%2Fv2%2Fcategories&post=21759"},{"taxonomy":"post_tag","embeddable":true,"href":"https:\/\/macite.tg\/index.php?rest_route=%2Fwp%2Fv2%2Ftags&post=21759"}],"curies":[{"name":"wp","href":"https:\/\/api.w.org\/{rel}","templated":true}]}}