{"id":21713,"date":"2025-04-29T09:36:14","date_gmt":"2025-04-29T09:36:14","guid":{"rendered":"https:\/\/macite.tg\/?p=21713"},"modified":"2025-04-30T11:15:20","modified_gmt":"2025-04-30T11:15:20","slug":"cooperation-sud-sud-le-souverain-marocain-ouvre-les-portes-du-palais-aux-chefs-de-la-diplomatie-des-trois-pays-de-laes","status":"publish","type":"post","link":"https:\/\/macite.tg\/?p=21713","title":{"rendered":"COOPERATION SUD-SUD\u00a0: Le Souverain marocain ouvre les portes du Palais aux ministres des Affaires \u00e9trang\u00e8res des trois pays de l\u2019AES"},"content":{"rendered":"\n<p class=\"wp-block-paragraph\"><strong><em>Dans le cadre des relations fortes et anciennes entre le Royaume du Maroc et les pays fr\u00e8res de l&rsquo;Alliance des \u00c9tats du Sahel (AES), notamment le Burkina Faso, le Niger et le Mali, Sa Majest\u00e9 le Roi a re\u00e7u en audience, le lundi 28 avril dernier, les chefs de la diplomatie des trois pays. Ils \u00e9taient porteurs de message de gratitude de leurs Chefs d\u2019Etat \u00e0 l\u2019endroit du Souverain marocain, pour l&rsquo;int\u00e9r\u00eat constant accord\u00e9<\/em><\/strong><strong><em> <\/em><\/strong><strong><em>\u00e0 la r\u00e9gion du Sahel, ainsi que pour les actions et initiatives Royales en faveur du d\u00e9veloppement<\/em><\/strong><strong><em> <\/em><\/strong><strong><em>\u00e9conomique et social des pays de la r\u00e9gion et de leurs populations.<\/em><\/strong><\/p>\n\n\n\n<p class=\"wp-block-paragraph\">Le lundi 29 avril dernier, Sa Majest\u00e9 le Roi Mohammed VI, que Dieu Le glorifie, a re\u00e7u en audience au Palais Royal de Rabat, les ministres des Affaires \u00e9trang\u00e8res des pays de l\u2019AES, M. Karamoko Jean Marie Traore, ministre burkinab\u00e8 des Affaires \u00e9trang\u00e8res, de la Coop\u00e9ration r\u00e9gionale et des Burkinab\u00e8 de l&rsquo;Ext\u00e9rieur, M. Abdoulaye Diop, ministre malien des Affaires \u00e9trang\u00e8res et de la Coop\u00e9ration internationale, et M. Bakary Yaou Sangare, ministre des Affaires \u00e9trang\u00e8res, de la Coop\u00e9ration et des Nig\u00e9riens \u00e0 l&rsquo;Ext\u00e9rieur du Gouvernement de Transition de la R\u00e9publique du Niger.<\/p>\n\n\n<div class=\"wp-block-image\">\n<figure class=\"aligncenter size-large is-resized\"><img loading=\"lazy\" decoding=\"async\" width=\"714\" height=\"1024\" src=\"https:\/\/macite.tg\/wp-content\/uploads\/2025\/04\/OTR_avis-aux-OE_29avril-714x1024.jpg\" alt=\"\" class=\"wp-image-21702\" style=\"width:636px;height:auto\" srcset=\"https:\/\/macite.tg\/wp-content\/uploads\/2025\/04\/OTR_avis-aux-OE_29avril-714x1024.jpg 714w, https:\/\/macite.tg\/wp-content\/uploads\/2025\/04\/OTR_avis-aux-OE_29avril-209x300.jpg 209w, https:\/\/macite.tg\/wp-content\/uploads\/2025\/04\/OTR_avis-aux-OE_29avril-768x1101.jpg 768w, https:\/\/macite.tg\/wp-content\/uploads\/2025\/04\/OTR_avis-aux-OE_29avril-1071x1536.jpg 1071w, https:\/\/macite.tg\/wp-content\/uploads\/2025\/04\/OTR_avis-aux-OE_29avril.jpg 1129w\" sizes=\"auto, (max-width: 714px) 100vw, 714px\" \/><\/figure>\n<\/div>\n\n\n<p class=\"wp-block-paragraph\">Lors de cette audience, les diplomates des trois pays de l\u2019AES ont transmis \u00e0 Sa Majest\u00e9 le Roi Mohammed VI, que Dieu Le glorifie, la gratitude de leurs Chefs d&rsquo;Etat <em>\u00ab&nbsp;pour l&rsquo;int\u00e9r\u00eat constant accord\u00e9<\/em><em> <\/em><em>\u00e0 la r\u00e9gion du Sahel&nbsp;\u00bb,<\/em> et <em>\u00ab&nbsp;pour les actions et initiatives Royales en faveur du d\u00e9veloppement<\/em><em> <\/em><em>\u00e9conomique et social des pays de la r\u00e9gion et de leurs populations&nbsp;\u00bb.<\/em><\/p>\n\n\n\n<p class=\"wp-block-paragraph\">Tout en saluant l&rsquo;Initiative marocaine pour favoriser l&rsquo;acc\u00e8s des pays du Sahel \u00e0 l&rsquo;Atlantique, les trois ministres ont r\u00e9it\u00e9r\u00e9 leur adh\u00e9sion totale et leur engagement pour acc\u00e9l\u00e9rer la mise en \u0153uvre de ce projet initi\u00e9 sous les Hautes Instructions de Sa Majest\u00e9 le Roi Mohammed VI, que Dieu L&rsquo;assiste.<\/p>\n\n\n\n<p class=\"wp-block-paragraph\">Les ministres des Affaires \u00e9trang\u00e8res des trois pays ont \u00e9galement saisi l\u2019occasion pour pr\u00e9senter au Souverain, l&rsquo;\u00e9tat d&rsquo;avancement institutionnel et op\u00e9rationnel de l&rsquo;Alliance des \u00c9tats du Sahel, cr\u00e9\u00e9e comme cadre d&rsquo;int\u00e9gration et de coordination entre ses trois pays membres.<\/p>\n\n\n<div class=\"wp-block-image\">\n<figure class=\"aligncenter size-full is-resized\"><img loading=\"lazy\" decoding=\"async\" width=\"945\" height=\"575\" src=\"https:\/\/macite.tg\/wp-content\/uploads\/2025\/04\/image-85.png\" alt=\"\" class=\"wp-image-21607\" style=\"width:716px;height:auto\" srcset=\"https:\/\/macite.tg\/wp-content\/uploads\/2025\/04\/image-85.png 945w, https:\/\/macite.tg\/wp-content\/uploads\/2025\/04\/image-85-300x183.png 300w, https:\/\/macite.tg\/wp-content\/uploads\/2025\/04\/image-85-768x467.png 768w\" sizes=\"auto, (max-width: 945px) 100vw, 945px\" \/><\/figure>\n<\/div>\n\n\n<p class=\"wp-block-paragraph\">Notons que cette audience accord\u00e9e aux chefs de la diplomatie des trois pays de l\u2019AES s\u2019inscrit dans le cadre des relations fortes et ancienne entre le Maroc et les trois pays de l\u2019Alliance des Etats du Sahel (Burkina Faso, le Mali et le Niger), qui ont <em>\u00ab&nbsp;toujours \u00e9t\u00e9 frapp\u00e9es du sceau de l&rsquo;amiti\u00e9<\/em><em> <\/em><em>sinc\u00e8re, du respect mutuel, de la solidarit\u00e9 agissante et de la coop\u00e9ration fructueuse&nbsp;\u00bb.<\/em><\/p>\n\n\n\n<p class=\"wp-block-paragraph\"><strong>MC<\/strong><\/p>\n\n\n\n<p class=\"wp-block-paragraph\"><a><strong><em>@macite.tg&nbsp;&nbsp;&nbsp;&nbsp;&nbsp;&nbsp;&nbsp;&nbsp;<\/em><\/strong><\/a><\/p>\n\n\n\n<p class=\"wp-block-paragraph\"><strong><em>E-mail&nbsp;: <\/em><\/strong><a href=\"mailto:maciteinfo@gmail.com\"><strong><em>maciteinfo@gmail.com<\/em><\/strong><\/a><strong><em>; <\/em><\/strong><a href=\"mailto:bawela1@gmail.com\"><strong><em>bawela1@gmail.com<\/em><\/strong><\/a><strong><em><\/em><\/strong><\/p>\n\n\n\n<p class=\"wp-block-paragraph\"><strong><em>Pour vos annonces, (publi)reportages, etc., joignez-nous au (00228)91515309\/<strong>79872224 <\/strong>www.macite.tg, L\u2019information, la bonne&nbsp;!<\/em><\/strong><\/p>\n\n\n\n<p class=\"wp-block-paragraph\"><\/p>\n","protected":false},"excerpt":{"rendered":"<p class=\"text-justify mb-2\" >Dans le cadre des relations fortes et anciennes entre le Royaume du Maroc et les pays fr\u00e8res de l&rsquo;Alliance des \u00c9tats du Sahel (AES), notamment le Burkina Faso, le Niger et le Mali, Sa Majest\u00e9 le Roi a re\u00e7u en audience, le lundi 28 avril [&hellip;]<\/p>\n","protected":false},"author":2,"featured_media":21714,"comment_status":"open","ping_status":"open","sticky":false,"template":"","format":"standard","meta":{"footnotes":""},"categories":[20,16],"tags":[],"class_list":["post-21713","post","type-post","status-publish","format-standard","has-post-thumbnail","hentry","category-actualite","category-cooperation"],"yoast_head":"<!-- This site is optimized with the Yoast SEO plugin v28.4 - https:\/\/yoast.com\/product\/yoast-seo-wordpress\/ -->\n<title>COOPERATION SUD-SUD\u00a0: Le Souverain marocain ouvre les portes du Palais aux ministres des Affaires \u00e9trang\u00e8res des trois pays de l\u2019AES -<\/title>\n<meta name=\"robots\" content=\"index, follow, max-snippet:-1, max-image-preview:large, max-video-preview:-1\" \/>\n<link rel=\"canonical\" href=\"https:\/\/macite.tg\/?p=21713\" \/>\n<meta property=\"og:locale\" content=\"fr_FR\" \/>\n<meta property=\"og:type\" content=\"article\" \/>\n<meta property=\"og:title\" content=\"COOPERATION SUD-SUD\u00a0: Le Souverain marocain ouvre les portes du Palais aux ministres des Affaires \u00e9trang\u00e8res des trois pays de l\u2019AES -\" \/>\n<meta property=\"og:description\" content=\"Dans le cadre des relations fortes et anciennes entre le Royaume du Maroc et les pays fr\u00e8res de l&rsquo;Alliance des \u00c9tats du Sahel (AES), notamment le Burkina Faso, le Niger et le Mali, Sa Majest\u00e9 le Roi a re\u00e7u en audience, le lundi 28 avril [&hellip;]\" \/>\n<meta property=\"og:url\" content=\"https:\/\/macite.tg\/?p=21713\" \/>\n<meta property=\"article:published_time\" content=\"2025-04-29T09:36:14+00:00\" \/>\n<meta property=\"article:modified_time\" content=\"2025-04-30T11:15:20+00:00\" \/>\n<meta property=\"og:image\" content=\"https:\/\/macite.tg\/wp-content\/uploads\/2025\/04\/RABAT.jpg\" \/>\n\t<meta property=\"og:image:width\" content=\"500\" \/>\n\t<meta property=\"og:image:height\" content=\"277\" \/>\n\t<meta property=\"og:image:type\" content=\"image\/jpeg\" \/>\n<meta name=\"author\" content=\"Jean Pierre BAWELA\" \/>\n<meta name=\"twitter:card\" content=\"summary_large_image\" \/>\n<meta name=\"twitter:label1\" content=\"\u00c9crit par\" \/>\n\t<meta name=\"twitter:data1\" content=\"Jean Pierre BAWELA\" \/>\n\t<meta name=\"twitter:label2\" content=\"Dur\u00e9e de lecture estim\u00e9e\" \/>\n\t<meta name=\"twitter:data2\" content=\"3 minutes\" \/>\n<script type=\"application\/ld+json\" class=\"yoast-schema-graph\">{\"@context\":\"https:\\\/\\\/schema.org\",\"@graph\":[{\"@type\":\"Article\",\"@id\":\"https:\\\/\\\/macite.tg\\\/?p=21713#article\",\"isPartOf\":{\"@id\":\"https:\\\/\\\/macite.tg\\\/?p=21713\"},\"author\":{\"name\":\"Jean Pierre BAWELA\",\"@id\":\"https:\\\/\\\/macite.tg\\\/#\\\/schema\\\/person\\\/e9f2de7e5dbbe7770a9402c7ce82f5c2\"},\"headline\":\"COOPERATION SUD-SUD\u00a0: Le Souverain marocain ouvre les portes du Palais aux ministres des Affaires \u00e9trang\u00e8res des trois pays de l\u2019AES\",\"datePublished\":\"2025-04-29T09:36:14+00:00\",\"dateModified\":\"2025-04-30T11:15:20+00:00\",\"mainEntityOfPage\":{\"@id\":\"https:\\\/\\\/macite.tg\\\/?p=21713\"},\"wordCount\":528,\"commentCount\":0,\"image\":{\"@id\":\"https:\\\/\\\/macite.tg\\\/?p=21713#primaryimage\"},\"thumbnailUrl\":\"https:\\\/\\\/macite.tg\\\/wp-content\\\/uploads\\\/2025\\\/04\\\/RABAT.jpg\",\"articleSection\":[\"ACTUALITE\",\"COOPERATION\"],\"inLanguage\":\"fr-FR\",\"potentialAction\":[{\"@type\":\"CommentAction\",\"name\":\"Comment\",\"target\":[\"https:\\\/\\\/macite.tg\\\/?p=21713#respond\"]}]},{\"@type\":\"WebPage\",\"@id\":\"https:\\\/\\\/macite.tg\\\/?p=21713\",\"url\":\"https:\\\/\\\/macite.tg\\\/?p=21713\",\"name\":\"COOPERATION SUD-SUD\u00a0: Le Souverain marocain ouvre les portes du Palais aux ministres des Affaires \u00e9trang\u00e8res des trois pays de l\u2019AES -\",\"isPartOf\":{\"@id\":\"https:\\\/\\\/macite.tg\\\/#website\"},\"primaryImageOfPage\":{\"@id\":\"https:\\\/\\\/macite.tg\\\/?p=21713#primaryimage\"},\"image\":{\"@id\":\"https:\\\/\\\/macite.tg\\\/?p=21713#primaryimage\"},\"thumbnailUrl\":\"https:\\\/\\\/macite.tg\\\/wp-content\\\/uploads\\\/2025\\\/04\\\/RABAT.jpg\",\"datePublished\":\"2025-04-29T09:36:14+00:00\",\"dateModified\":\"2025-04-30T11:15:20+00:00\",\"author\":{\"@id\":\"https:\\\/\\\/macite.tg\\\/#\\\/schema\\\/person\\\/e9f2de7e5dbbe7770a9402c7ce82f5c2\"},\"breadcrumb\":{\"@id\":\"https:\\\/\\\/macite.tg\\\/?p=21713#breadcrumb\"},\"inLanguage\":\"fr-FR\",\"potentialAction\":[{\"@type\":\"ReadAction\",\"target\":[\"https:\\\/\\\/macite.tg\\\/?p=21713\"]}]},{\"@type\":\"ImageObject\",\"inLanguage\":\"fr-FR\",\"@id\":\"https:\\\/\\\/macite.tg\\\/?p=21713#primaryimage\",\"url\":\"https:\\\/\\\/macite.tg\\\/wp-content\\\/uploads\\\/2025\\\/04\\\/RABAT.jpg\",\"contentUrl\":\"https:\\\/\\\/macite.tg\\\/wp-content\\\/uploads\\\/2025\\\/04\\\/RABAT.jpg\",\"width\":500,\"height\":277,\"caption\":\"Une vue de l'audience accord\u00e9e par SM le Roi aux Chefs de la diplomatie des trois pays de l'AES, au Palais Royal \u00e0 Rabat, hier lundi 28 avril 2025.\"},{\"@type\":\"BreadcrumbList\",\"@id\":\"https:\\\/\\\/macite.tg\\\/?p=21713#breadcrumb\",\"itemListElement\":[{\"@type\":\"ListItem\",\"position\":1,\"name\":\"Accueil\",\"item\":\"https:\\\/\\\/macite.tg\\\/\"},{\"@type\":\"ListItem\",\"position\":2,\"name\":\"COOPERATION SUD-SUD\u00a0: Le Souverain marocain ouvre les portes du Palais aux ministres des Affaires \u00e9trang\u00e8res des trois pays de l\u2019AES\"}]},{\"@type\":\"WebSite\",\"@id\":\"https:\\\/\\\/macite.tg\\\/#website\",\"url\":\"https:\\\/\\\/macite.tg\\\/\",\"name\":\"\",\"description\":\"L&#039;information, la bonne!!!\",\"potentialAction\":[{\"@type\":\"SearchAction\",\"target\":{\"@type\":\"EntryPoint\",\"urlTemplate\":\"https:\\\/\\\/macite.tg\\\/?s={search_term_string}\"},\"query-input\":{\"@type\":\"PropertyValueSpecification\",\"valueRequired\":true,\"valueName\":\"search_term_string\"}}],\"inLanguage\":\"fr-FR\"},{\"@type\":\"Person\",\"@id\":\"https:\\\/\\\/macite.tg\\\/#\\\/schema\\\/person\\\/e9f2de7e5dbbe7770a9402c7ce82f5c2\",\"name\":\"Jean Pierre BAWELA\",\"image\":{\"@type\":\"ImageObject\",\"inLanguage\":\"fr-FR\",\"@id\":\"https:\\\/\\\/macite.tg\\\/wp-content\\\/uploads\\\/2023\\\/09\\\/WhatsApp-Image-2023-09-19-at-14.44.41-122x122.jpeg\",\"url\":\"https:\\\/\\\/macite.tg\\\/wp-content\\\/uploads\\\/2023\\\/09\\\/WhatsApp-Image-2023-09-19-at-14.44.41-122x122.jpeg\",\"contentUrl\":\"https:\\\/\\\/macite.tg\\\/wp-content\\\/uploads\\\/2023\\\/09\\\/WhatsApp-Image-2023-09-19-at-14.44.41-122x122.jpeg\",\"caption\":\"Jean Pierre BAWELA\"},\"url\":\"https:\\\/\\\/macite.tg\\\/?author=2\"}]}<\/script>\n<!-- \/ Yoast SEO plugin. -->","yoast_head_json":{"title":"COOPERATION SUD-SUD\u00a0: Le Souverain marocain ouvre les portes du Palais aux ministres des Affaires \u00e9trang\u00e8res des trois pays de l\u2019AES -","robots":{"index":"index","follow":"follow","max-snippet":"max-snippet:-1","max-image-preview":"max-image-preview:large","max-video-preview":"max-video-preview:-1"},"canonical":"https:\/\/macite.tg\/?p=21713","og_locale":"fr_FR","og_type":"article","og_title":"COOPERATION SUD-SUD\u00a0: Le Souverain marocain ouvre les portes du Palais aux ministres des Affaires \u00e9trang\u00e8res des trois pays de l\u2019AES -","og_description":"Dans le cadre des relations fortes et anciennes entre le Royaume du Maroc et les pays fr\u00e8res de l&rsquo;Alliance des \u00c9tats du Sahel (AES), notamment le Burkina Faso, le Niger et le Mali, Sa Majest\u00e9 le Roi a re\u00e7u en audience, le lundi 28 avril [&hellip;]","og_url":"https:\/\/macite.tg\/?p=21713","article_published_time":"2025-04-29T09:36:14+00:00","article_modified_time":"2025-04-30T11:15:20+00:00","og_image":[{"width":500,"height":277,"url":"https:\/\/macite.tg\/wp-content\/uploads\/2025\/04\/RABAT.jpg","type":"image\/jpeg"}],"author":"Jean Pierre BAWELA","twitter_card":"summary_large_image","twitter_misc":{"\u00c9crit par":"Jean Pierre BAWELA","Dur\u00e9e de lecture estim\u00e9e":"3 minutes"},"schema":{"@context":"https:\/\/schema.org","@graph":[{"@type":"Article","@id":"https:\/\/macite.tg\/?p=21713#article","isPartOf":{"@id":"https:\/\/macite.tg\/?p=21713"},"author":{"name":"Jean Pierre BAWELA","@id":"https:\/\/macite.tg\/#\/schema\/person\/e9f2de7e5dbbe7770a9402c7ce82f5c2"},"headline":"COOPERATION SUD-SUD\u00a0: Le Souverain marocain ouvre les portes du Palais aux ministres des Affaires \u00e9trang\u00e8res des trois pays de l\u2019AES","datePublished":"2025-04-29T09:36:14+00:00","dateModified":"2025-04-30T11:15:20+00:00","mainEntityOfPage":{"@id":"https:\/\/macite.tg\/?p=21713"},"wordCount":528,"commentCount":0,"image":{"@id":"https:\/\/macite.tg\/?p=21713#primaryimage"},"thumbnailUrl":"https:\/\/macite.tg\/wp-content\/uploads\/2025\/04\/RABAT.jpg","articleSection":["ACTUALITE","COOPERATION"],"inLanguage":"fr-FR","potentialAction":[{"@type":"CommentAction","name":"Comment","target":["https:\/\/macite.tg\/?p=21713#respond"]}]},{"@type":"WebPage","@id":"https:\/\/macite.tg\/?p=21713","url":"https:\/\/macite.tg\/?p=21713","name":"COOPERATION SUD-SUD\u00a0: Le Souverain marocain ouvre les portes du Palais aux ministres des Affaires \u00e9trang\u00e8res des trois pays de l\u2019AES -","isPartOf":{"@id":"https:\/\/macite.tg\/#website"},"primaryImageOfPage":{"@id":"https:\/\/macite.tg\/?p=21713#primaryimage"},"image":{"@id":"https:\/\/macite.tg\/?p=21713#primaryimage"},"thumbnailUrl":"https:\/\/macite.tg\/wp-content\/uploads\/2025\/04\/RABAT.jpg","datePublished":"2025-04-29T09:36:14+00:00","dateModified":"2025-04-30T11:15:20+00:00","author":{"@id":"https:\/\/macite.tg\/#\/schema\/person\/e9f2de7e5dbbe7770a9402c7ce82f5c2"},"breadcrumb":{"@id":"https:\/\/macite.tg\/?p=21713#breadcrumb"},"inLanguage":"fr-FR","potentialAction":[{"@type":"ReadAction","target":["https:\/\/macite.tg\/?p=21713"]}]},{"@type":"ImageObject","inLanguage":"fr-FR","@id":"https:\/\/macite.tg\/?p=21713#primaryimage","url":"https:\/\/macite.tg\/wp-content\/uploads\/2025\/04\/RABAT.jpg","contentUrl":"https:\/\/macite.tg\/wp-content\/uploads\/2025\/04\/RABAT.jpg","width":500,"height":277,"caption":"Une vue de l'audience accord\u00e9e par SM le Roi aux Chefs de la diplomatie des trois pays de l'AES, au Palais Royal \u00e0 Rabat, hier lundi 28 avril 2025."},{"@type":"BreadcrumbList","@id":"https:\/\/macite.tg\/?p=21713#breadcrumb","itemListElement":[{"@type":"ListItem","position":1,"name":"Accueil","item":"https:\/\/macite.tg\/"},{"@type":"ListItem","position":2,"name":"COOPERATION SUD-SUD\u00a0: Le Souverain marocain ouvre les portes du Palais aux ministres des Affaires \u00e9trang\u00e8res des trois pays de l\u2019AES"}]},{"@type":"WebSite","@id":"https:\/\/macite.tg\/#website","url":"https:\/\/macite.tg\/","name":"","description":"L&#039;information, la bonne!!!","potentialAction":[{"@type":"SearchAction","target":{"@type":"EntryPoint","urlTemplate":"https:\/\/macite.tg\/?s={search_term_string}"},"query-input":{"@type":"PropertyValueSpecification","valueRequired":true,"valueName":"search_term_string"}}],"inLanguage":"fr-FR"},{"@type":"Person","@id":"https:\/\/macite.tg\/#\/schema\/person\/e9f2de7e5dbbe7770a9402c7ce82f5c2","name":"Jean Pierre BAWELA","image":{"@type":"ImageObject","inLanguage":"fr-FR","@id":"https:\/\/macite.tg\/wp-content\/uploads\/2023\/09\/WhatsApp-Image-2023-09-19-at-14.44.41-122x122.jpeg","url":"https:\/\/macite.tg\/wp-content\/uploads\/2023\/09\/WhatsApp-Image-2023-09-19-at-14.44.41-122x122.jpeg","contentUrl":"https:\/\/macite.tg\/wp-content\/uploads\/2023\/09\/WhatsApp-Image-2023-09-19-at-14.44.41-122x122.jpeg","caption":"Jean Pierre BAWELA"},"url":"https:\/\/macite.tg\/?author=2"}]}},"_links":{"self":[{"href":"https:\/\/macite.tg\/index.php?rest_route=\/wp\/v2\/posts\/21713","targetHints":{"allow":["GET"]}}],"collection":[{"href":"https:\/\/macite.tg\/index.php?rest_route=\/wp\/v2\/posts"}],"about":[{"href":"https:\/\/macite.tg\/index.php?rest_route=\/wp\/v2\/types\/post"}],"author":[{"embeddable":true,"href":"https:\/\/macite.tg\/index.php?rest_route=\/wp\/v2\/users\/2"}],"replies":[{"embeddable":true,"href":"https:\/\/macite.tg\/index.php?rest_route=%2Fwp%2Fv2%2Fcomments&post=21713"}],"version-history":[{"count":0,"href":"https:\/\/macite.tg\/index.php?rest_route=\/wp\/v2\/posts\/21713\/revisions"}],"wp:featuredmedia":[{"embeddable":true,"href":"https:\/\/macite.tg\/index.php?rest_route=\/wp\/v2\/media\/21714"}],"wp:attachment":[{"href":"https:\/\/macite.tg\/index.php?rest_route=%2Fwp%2Fv2%2Fmedia&parent=21713"}],"wp:term":[{"taxonomy":"category","embeddable":true,"href":"https:\/\/macite.tg\/index.php?rest_route=%2Fwp%2Fv2%2Fcategories&post=21713"},{"taxonomy":"post_tag","embeddable":true,"href":"https:\/\/macite.tg\/index.php?rest_route=%2Fwp%2Fv2%2Ftags&post=21713"}],"curies":[{"name":"wp","href":"https:\/\/api.w.org\/{rel}","templated":true}]}}