{"id":21712,"date":"2025-04-29T09:52:49","date_gmt":"2025-04-29T09:52:49","guid":{"rendered":"https:\/\/macite.tg\/?p=21712"},"modified":"2025-04-29T09:52:53","modified_gmt":"2025-04-29T09:52:53","slug":"premiers-100-jours-de-trump-a-la-maison-blanche-et-les-americains-nen-peuvent-plus","status":"publish","type":"post","link":"https:\/\/macite.tg\/?p=21712","title":{"rendered":"PREMIERS 100 JOURS DE TRUMP A LA MAISON BLANCHE\u00a0: Et les Am\u00e9ricains n\u2019en peuvent plus\u2026"},"content":{"rendered":"\n<p class=\"wp-block-paragraph\"><strong><em>Alors que Donald Trump approche des 100 jours de pr\u00e9sidence, un nouveau sondage r\u00e9v\u00e8le que sa cote de popularit\u00e9 a chut\u00e9 \u00e0 des niveaux historiquement bas.<\/em><\/strong> <\/p>\n\n\n\n<p class=\"wp-block-paragraph\">Selon un sondage r\u00e9alis\u00e9 par&nbsp;<em>SSRS<\/em>&nbsp;pour&nbsp;<em>CNN<\/em>, seulement 41% des Am\u00e9ricains approuvent les performances du pr\u00e9sident, \u00e9galant les faibles cotes jadis enregistr\u00e9es par&nbsp;<strong>Dwight Eisenhower<\/strong>.<\/p>\n\n\n\n<p class=\"wp-block-paragraph\">Seulement 22% des personnes interrog\u00e9es estiment que<strong>&nbsp;Trump<\/strong>&nbsp;fait du bon travail, tandis que 45% jugent ses premiers 100 jours insuffisants.<\/p>\n\n\n<div class=\"wp-block-image\">\n<figure class=\"aligncenter size-large is-resized\"><img loading=\"lazy\" decoding=\"async\" width=\"714\" height=\"1024\" src=\"https:\/\/macite.tg\/wp-content\/uploads\/2025\/04\/OTR_avis-aux-OE_29avril-714x1024.jpg\" alt=\"\" class=\"wp-image-21702\" style=\"width:624px;height:auto\" srcset=\"https:\/\/macite.tg\/wp-content\/uploads\/2025\/04\/OTR_avis-aux-OE_29avril-714x1024.jpg 714w, https:\/\/macite.tg\/wp-content\/uploads\/2025\/04\/OTR_avis-aux-OE_29avril-209x300.jpg 209w, https:\/\/macite.tg\/wp-content\/uploads\/2025\/04\/OTR_avis-aux-OE_29avril-768x1101.jpg 768w, https:\/\/macite.tg\/wp-content\/uploads\/2025\/04\/OTR_avis-aux-OE_29avril-1071x1536.jpg 1071w, https:\/\/macite.tg\/wp-content\/uploads\/2025\/04\/OTR_avis-aux-OE_29avril.jpg 1129w\" sizes=\"auto, (max-width: 714px) 100vw, 714px\" \/><\/figure>\n<\/div>\n\n\n<p class=\"wp-block-paragraph\">En mars, sa cote de popularit\u00e9 avait d\u00e9j\u00e0 pris un coup apr\u00e8s l&rsquo;introduction de tarifs douaniers mondiaux, qui ont gravement perturb\u00e9 les march\u00e9s financiers.<\/p>\n\n\n\n<p class=\"wp-block-paragraph\"><strong>Une baisse au niveau international<\/strong><\/p>\n\n\n\n<p class=\"wp-block-paragraph\">Apr\u00e8s avoir fait des efforts significatifs pour remodeler le gouvernement f\u00e9d\u00e9ral, le pr\u00e9sident am\u00e9ricain commence \u00e9galement \u00e0 perdre la confiance du public concernant sa gestion des op\u00e9rations du gouvernement \u2013 seulement 42% approuvent sa gestion, soit une baisse de 6 points depuis mars.<\/p>\n\n\n\n<p class=\"wp-block-paragraph\">De plus, seuls 46% lui font confiance pour nommer les meilleures personnes \u00e0 des postes cl\u00e9s, une baisse de 8 points depuis d\u00e9cembre.<\/p>\n\n\n<div class=\"wp-block-image\">\n<figure class=\"aligncenter size-full is-resized\"><img loading=\"lazy\" decoding=\"async\" width=\"945\" height=\"575\" src=\"https:\/\/macite.tg\/wp-content\/uploads\/2025\/04\/image-85.png\" alt=\"\" class=\"wp-image-21607\" style=\"width:732px;height:auto\" srcset=\"https:\/\/macite.tg\/wp-content\/uploads\/2025\/04\/image-85.png 945w, https:\/\/macite.tg\/wp-content\/uploads\/2025\/04\/image-85-300x183.png 300w, https:\/\/macite.tg\/wp-content\/uploads\/2025\/04\/image-85-768x467.png 768w\" sizes=\"auto, (max-width: 945px) 100vw, 945px\" \/><\/figure>\n<\/div>\n\n\n<p class=\"wp-block-paragraph\">\u00c0 l&rsquo;international, la cote d&rsquo;approbation du pr\u00e9sident est \u00e9galement en baisse, avec moins de r\u00e9pondants exprimant leur confiance dans son leadership mondial.<\/p>\n\n\n\n<p class=\"wp-block-paragraph\"><strong><u>Source <\/u><\/strong><strong>: CNN&nbsp;<\/strong><\/p>\n\n\n\n<p class=\"wp-block-paragraph\"><a><strong><em>@macite.tg&nbsp;&nbsp;&nbsp;&nbsp;&nbsp;&nbsp;&nbsp;&nbsp;<\/em><\/strong><\/a><\/p>\n\n\n\n<p class=\"wp-block-paragraph\"><strong><em>E-mail&nbsp;: <\/em><\/strong><a href=\"mailto:maciteinfo@gmail.com\"><strong><em>maciteinfo@gmail.com<\/em><\/strong><\/a><strong><em>; <\/em><\/strong><a href=\"mailto:bawela1@gmail.com\"><strong><em>bawela1@gmail.com<\/em><\/strong><\/a><strong><em><\/em><\/strong><\/p>\n\n\n\n<p class=\"wp-block-paragraph\"><strong><em>Pour vos annonces, (publi)reportages, etc., joignez-nous au (00228)91515309\/<strong>79872224 <\/strong>www.macite.tg, L\u2019information, la bonne&nbsp;!<\/em><\/strong><\/p>\n\n\n\n<p class=\"wp-block-paragraph\"><\/p>\n","protected":false},"excerpt":{"rendered":"<p class=\"text-justify mb-2\" >Alors que Donald Trump approche des 100 jours de pr\u00e9sidence, un nouveau sondage r\u00e9v\u00e8le que sa cote de popularit\u00e9 a chut\u00e9 \u00e0 des niveaux historiquement bas. Selon un sondage r\u00e9alis\u00e9 par&nbsp;SSRS&nbsp;pour&nbsp;CNN, seulement 41% des Am\u00e9ricains approuvent les performances du pr\u00e9sident, \u00e9galant les faibles cotes jadis [&hellip;]<\/p>\n","protected":false},"author":2,"featured_media":21717,"comment_status":"open","ping_status":"open","sticky":false,"template":"","format":"standard","meta":{"footnotes":""},"categories":[20,1],"tags":[],"class_list":["post-21712","post","type-post","status-publish","format-standard","has-post-thumbnail","hentry","category-actualite","category-politique"],"yoast_head":"<!-- This site is optimized with the Yoast SEO plugin v28.4 - https:\/\/yoast.com\/product\/yoast-seo-wordpress\/ -->\n<title>PREMIERS 100 JOURS DE TRUMP A LA MAISON BLANCHE\u00a0: Et les Am\u00e9ricains n\u2019en peuvent plus\u2026 -<\/title>\n<meta name=\"robots\" content=\"index, follow, max-snippet:-1, max-image-preview:large, max-video-preview:-1\" \/>\n<link rel=\"canonical\" href=\"https:\/\/macite.tg\/?p=21712\" \/>\n<meta property=\"og:locale\" content=\"fr_FR\" \/>\n<meta property=\"og:type\" content=\"article\" \/>\n<meta property=\"og:title\" content=\"PREMIERS 100 JOURS DE TRUMP A LA MAISON BLANCHE\u00a0: Et les Am\u00e9ricains n\u2019en peuvent plus\u2026 -\" \/>\n<meta property=\"og:description\" content=\"Alors que Donald Trump approche des 100 jours de pr\u00e9sidence, un nouveau sondage r\u00e9v\u00e8le que sa cote de popularit\u00e9 a chut\u00e9 \u00e0 des niveaux historiquement bas. Selon un sondage r\u00e9alis\u00e9 par&nbsp;SSRS&nbsp;pour&nbsp;CNN, seulement 41% des Am\u00e9ricains approuvent les performances du pr\u00e9sident, \u00e9galant les faibles cotes jadis [&hellip;]\" \/>\n<meta property=\"og:url\" content=\"https:\/\/macite.tg\/?p=21712\" \/>\n<meta property=\"article:published_time\" content=\"2025-04-29T09:52:49+00:00\" \/>\n<meta property=\"article:modified_time\" content=\"2025-04-29T09:52:53+00:00\" \/>\n<meta property=\"og:image\" content=\"https:\/\/macite.tg\/wp-content\/uploads\/2025\/04\/image-100.png\" \/>\n\t<meta property=\"og:image:width\" content=\"534\" \/>\n\t<meta property=\"og:image:height\" content=\"331\" \/>\n\t<meta property=\"og:image:type\" content=\"image\/png\" \/>\n<meta name=\"author\" content=\"Jean Pierre BAWELA\" \/>\n<meta name=\"twitter:card\" content=\"summary_large_image\" \/>\n<meta name=\"twitter:label1\" content=\"\u00c9crit par\" \/>\n\t<meta name=\"twitter:data1\" content=\"Jean Pierre BAWELA\" \/>\n\t<meta name=\"twitter:label2\" content=\"Dur\u00e9e de lecture estim\u00e9e\" \/>\n\t<meta name=\"twitter:data2\" content=\"2 minutes\" \/>\n<script type=\"application\/ld+json\" class=\"yoast-schema-graph\">{\"@context\":\"https:\\\/\\\/schema.org\",\"@graph\":[{\"@type\":\"Article\",\"@id\":\"https:\\\/\\\/macite.tg\\\/?p=21712#article\",\"isPartOf\":{\"@id\":\"https:\\\/\\\/macite.tg\\\/?p=21712\"},\"author\":{\"name\":\"Jean Pierre BAWELA\",\"@id\":\"https:\\\/\\\/macite.tg\\\/#\\\/schema\\\/person\\\/e9f2de7e5dbbe7770a9402c7ce82f5c2\"},\"headline\":\"PREMIERS 100 JOURS DE TRUMP A LA MAISON BLANCHE\u00a0: Et les Am\u00e9ricains n\u2019en peuvent plus\u2026\",\"datePublished\":\"2025-04-29T09:52:49+00:00\",\"dateModified\":\"2025-04-29T09:52:53+00:00\",\"mainEntityOfPage\":{\"@id\":\"https:\\\/\\\/macite.tg\\\/?p=21712\"},\"wordCount\":259,\"commentCount\":0,\"image\":{\"@id\":\"https:\\\/\\\/macite.tg\\\/?p=21712#primaryimage\"},\"thumbnailUrl\":\"https:\\\/\\\/macite.tg\\\/wp-content\\\/uploads\\\/2025\\\/04\\\/image-100.png\",\"articleSection\":[\"ACTUALITE\",\"POLITIQUE\"],\"inLanguage\":\"fr-FR\",\"potentialAction\":[{\"@type\":\"CommentAction\",\"name\":\"Comment\",\"target\":[\"https:\\\/\\\/macite.tg\\\/?p=21712#respond\"]}]},{\"@type\":\"WebPage\",\"@id\":\"https:\\\/\\\/macite.tg\\\/?p=21712\",\"url\":\"https:\\\/\\\/macite.tg\\\/?p=21712\",\"name\":\"PREMIERS 100 JOURS DE TRUMP A LA MAISON BLANCHE\u00a0: Et les Am\u00e9ricains n\u2019en peuvent plus\u2026 -\",\"isPartOf\":{\"@id\":\"https:\\\/\\\/macite.tg\\\/#website\"},\"primaryImageOfPage\":{\"@id\":\"https:\\\/\\\/macite.tg\\\/?p=21712#primaryimage\"},\"image\":{\"@id\":\"https:\\\/\\\/macite.tg\\\/?p=21712#primaryimage\"},\"thumbnailUrl\":\"https:\\\/\\\/macite.tg\\\/wp-content\\\/uploads\\\/2025\\\/04\\\/image-100.png\",\"datePublished\":\"2025-04-29T09:52:49+00:00\",\"dateModified\":\"2025-04-29T09:52:53+00:00\",\"author\":{\"@id\":\"https:\\\/\\\/macite.tg\\\/#\\\/schema\\\/person\\\/e9f2de7e5dbbe7770a9402c7ce82f5c2\"},\"breadcrumb\":{\"@id\":\"https:\\\/\\\/macite.tg\\\/?p=21712#breadcrumb\"},\"inLanguage\":\"fr-FR\",\"potentialAction\":[{\"@type\":\"ReadAction\",\"target\":[\"https:\\\/\\\/macite.tg\\\/?p=21712\"]}]},{\"@type\":\"ImageObject\",\"inLanguage\":\"fr-FR\",\"@id\":\"https:\\\/\\\/macite.tg\\\/?p=21712#primaryimage\",\"url\":\"https:\\\/\\\/macite.tg\\\/wp-content\\\/uploads\\\/2025\\\/04\\\/image-100.png\",\"contentUrl\":\"https:\\\/\\\/macite.tg\\\/wp-content\\\/uploads\\\/2025\\\/04\\\/image-100.png\",\"width\":534,\"height\":331,\"caption\":\"Donald Trump\"},{\"@type\":\"BreadcrumbList\",\"@id\":\"https:\\\/\\\/macite.tg\\\/?p=21712#breadcrumb\",\"itemListElement\":[{\"@type\":\"ListItem\",\"position\":1,\"name\":\"Accueil\",\"item\":\"https:\\\/\\\/macite.tg\\\/\"},{\"@type\":\"ListItem\",\"position\":2,\"name\":\"PREMIERS 100 JOURS DE TRUMP A LA MAISON BLANCHE\u00a0: Et les Am\u00e9ricains n\u2019en peuvent plus\u2026\"}]},{\"@type\":\"WebSite\",\"@id\":\"https:\\\/\\\/macite.tg\\\/#website\",\"url\":\"https:\\\/\\\/macite.tg\\\/\",\"name\":\"\",\"description\":\"L&#039;information, la bonne!!!\",\"potentialAction\":[{\"@type\":\"SearchAction\",\"target\":{\"@type\":\"EntryPoint\",\"urlTemplate\":\"https:\\\/\\\/macite.tg\\\/?s={search_term_string}\"},\"query-input\":{\"@type\":\"PropertyValueSpecification\",\"valueRequired\":true,\"valueName\":\"search_term_string\"}}],\"inLanguage\":\"fr-FR\"},{\"@type\":\"Person\",\"@id\":\"https:\\\/\\\/macite.tg\\\/#\\\/schema\\\/person\\\/e9f2de7e5dbbe7770a9402c7ce82f5c2\",\"name\":\"Jean Pierre BAWELA\",\"image\":{\"@type\":\"ImageObject\",\"inLanguage\":\"fr-FR\",\"@id\":\"https:\\\/\\\/macite.tg\\\/wp-content\\\/uploads\\\/2023\\\/09\\\/WhatsApp-Image-2023-09-19-at-14.44.41-122x122.jpeg\",\"url\":\"https:\\\/\\\/macite.tg\\\/wp-content\\\/uploads\\\/2023\\\/09\\\/WhatsApp-Image-2023-09-19-at-14.44.41-122x122.jpeg\",\"contentUrl\":\"https:\\\/\\\/macite.tg\\\/wp-content\\\/uploads\\\/2023\\\/09\\\/WhatsApp-Image-2023-09-19-at-14.44.41-122x122.jpeg\",\"caption\":\"Jean Pierre BAWELA\"},\"url\":\"https:\\\/\\\/macite.tg\\\/?author=2\"}]}<\/script>\n<!-- \/ Yoast SEO plugin. -->","yoast_head_json":{"title":"PREMIERS 100 JOURS DE TRUMP A LA MAISON BLANCHE\u00a0: Et les Am\u00e9ricains n\u2019en peuvent plus\u2026 -","robots":{"index":"index","follow":"follow","max-snippet":"max-snippet:-1","max-image-preview":"max-image-preview:large","max-video-preview":"max-video-preview:-1"},"canonical":"https:\/\/macite.tg\/?p=21712","og_locale":"fr_FR","og_type":"article","og_title":"PREMIERS 100 JOURS DE TRUMP A LA MAISON BLANCHE\u00a0: Et les Am\u00e9ricains n\u2019en peuvent plus\u2026 -","og_description":"Alors que Donald Trump approche des 100 jours de pr\u00e9sidence, un nouveau sondage r\u00e9v\u00e8le que sa cote de popularit\u00e9 a chut\u00e9 \u00e0 des niveaux historiquement bas. Selon un sondage r\u00e9alis\u00e9 par&nbsp;SSRS&nbsp;pour&nbsp;CNN, seulement 41% des Am\u00e9ricains approuvent les performances du pr\u00e9sident, \u00e9galant les faibles cotes jadis [&hellip;]","og_url":"https:\/\/macite.tg\/?p=21712","article_published_time":"2025-04-29T09:52:49+00:00","article_modified_time":"2025-04-29T09:52:53+00:00","og_image":[{"width":534,"height":331,"url":"https:\/\/macite.tg\/wp-content\/uploads\/2025\/04\/image-100.png","type":"image\/png"}],"author":"Jean Pierre BAWELA","twitter_card":"summary_large_image","twitter_misc":{"\u00c9crit par":"Jean Pierre BAWELA","Dur\u00e9e de lecture estim\u00e9e":"2 minutes"},"schema":{"@context":"https:\/\/schema.org","@graph":[{"@type":"Article","@id":"https:\/\/macite.tg\/?p=21712#article","isPartOf":{"@id":"https:\/\/macite.tg\/?p=21712"},"author":{"name":"Jean Pierre BAWELA","@id":"https:\/\/macite.tg\/#\/schema\/person\/e9f2de7e5dbbe7770a9402c7ce82f5c2"},"headline":"PREMIERS 100 JOURS DE TRUMP A LA MAISON BLANCHE\u00a0: Et les Am\u00e9ricains n\u2019en peuvent plus\u2026","datePublished":"2025-04-29T09:52:49+00:00","dateModified":"2025-04-29T09:52:53+00:00","mainEntityOfPage":{"@id":"https:\/\/macite.tg\/?p=21712"},"wordCount":259,"commentCount":0,"image":{"@id":"https:\/\/macite.tg\/?p=21712#primaryimage"},"thumbnailUrl":"https:\/\/macite.tg\/wp-content\/uploads\/2025\/04\/image-100.png","articleSection":["ACTUALITE","POLITIQUE"],"inLanguage":"fr-FR","potentialAction":[{"@type":"CommentAction","name":"Comment","target":["https:\/\/macite.tg\/?p=21712#respond"]}]},{"@type":"WebPage","@id":"https:\/\/macite.tg\/?p=21712","url":"https:\/\/macite.tg\/?p=21712","name":"PREMIERS 100 JOURS DE TRUMP A LA MAISON BLANCHE\u00a0: Et les Am\u00e9ricains n\u2019en peuvent plus\u2026 -","isPartOf":{"@id":"https:\/\/macite.tg\/#website"},"primaryImageOfPage":{"@id":"https:\/\/macite.tg\/?p=21712#primaryimage"},"image":{"@id":"https:\/\/macite.tg\/?p=21712#primaryimage"},"thumbnailUrl":"https:\/\/macite.tg\/wp-content\/uploads\/2025\/04\/image-100.png","datePublished":"2025-04-29T09:52:49+00:00","dateModified":"2025-04-29T09:52:53+00:00","author":{"@id":"https:\/\/macite.tg\/#\/schema\/person\/e9f2de7e5dbbe7770a9402c7ce82f5c2"},"breadcrumb":{"@id":"https:\/\/macite.tg\/?p=21712#breadcrumb"},"inLanguage":"fr-FR","potentialAction":[{"@type":"ReadAction","target":["https:\/\/macite.tg\/?p=21712"]}]},{"@type":"ImageObject","inLanguage":"fr-FR","@id":"https:\/\/macite.tg\/?p=21712#primaryimage","url":"https:\/\/macite.tg\/wp-content\/uploads\/2025\/04\/image-100.png","contentUrl":"https:\/\/macite.tg\/wp-content\/uploads\/2025\/04\/image-100.png","width":534,"height":331,"caption":"Donald Trump"},{"@type":"BreadcrumbList","@id":"https:\/\/macite.tg\/?p=21712#breadcrumb","itemListElement":[{"@type":"ListItem","position":1,"name":"Accueil","item":"https:\/\/macite.tg\/"},{"@type":"ListItem","position":2,"name":"PREMIERS 100 JOURS DE TRUMP A LA MAISON BLANCHE\u00a0: Et les Am\u00e9ricains n\u2019en peuvent plus\u2026"}]},{"@type":"WebSite","@id":"https:\/\/macite.tg\/#website","url":"https:\/\/macite.tg\/","name":"","description":"L&#039;information, la bonne!!!","potentialAction":[{"@type":"SearchAction","target":{"@type":"EntryPoint","urlTemplate":"https:\/\/macite.tg\/?s={search_term_string}"},"query-input":{"@type":"PropertyValueSpecification","valueRequired":true,"valueName":"search_term_string"}}],"inLanguage":"fr-FR"},{"@type":"Person","@id":"https:\/\/macite.tg\/#\/schema\/person\/e9f2de7e5dbbe7770a9402c7ce82f5c2","name":"Jean Pierre BAWELA","image":{"@type":"ImageObject","inLanguage":"fr-FR","@id":"https:\/\/macite.tg\/wp-content\/uploads\/2023\/09\/WhatsApp-Image-2023-09-19-at-14.44.41-122x122.jpeg","url":"https:\/\/macite.tg\/wp-content\/uploads\/2023\/09\/WhatsApp-Image-2023-09-19-at-14.44.41-122x122.jpeg","contentUrl":"https:\/\/macite.tg\/wp-content\/uploads\/2023\/09\/WhatsApp-Image-2023-09-19-at-14.44.41-122x122.jpeg","caption":"Jean Pierre BAWELA"},"url":"https:\/\/macite.tg\/?author=2"}]}},"_links":{"self":[{"href":"https:\/\/macite.tg\/index.php?rest_route=\/wp\/v2\/posts\/21712","targetHints":{"allow":["GET"]}}],"collection":[{"href":"https:\/\/macite.tg\/index.php?rest_route=\/wp\/v2\/posts"}],"about":[{"href":"https:\/\/macite.tg\/index.php?rest_route=\/wp\/v2\/types\/post"}],"author":[{"embeddable":true,"href":"https:\/\/macite.tg\/index.php?rest_route=\/wp\/v2\/users\/2"}],"replies":[{"embeddable":true,"href":"https:\/\/macite.tg\/index.php?rest_route=%2Fwp%2Fv2%2Fcomments&post=21712"}],"version-history":[{"count":0,"href":"https:\/\/macite.tg\/index.php?rest_route=\/wp\/v2\/posts\/21712\/revisions"}],"wp:featuredmedia":[{"embeddable":true,"href":"https:\/\/macite.tg\/index.php?rest_route=\/wp\/v2\/media\/21717"}],"wp:attachment":[{"href":"https:\/\/macite.tg\/index.php?rest_route=%2Fwp%2Fv2%2Fmedia&parent=21712"}],"wp:term":[{"taxonomy":"category","embeddable":true,"href":"https:\/\/macite.tg\/index.php?rest_route=%2Fwp%2Fv2%2Fcategories&post=21712"},{"taxonomy":"post_tag","embeddable":true,"href":"https:\/\/macite.tg\/index.php?rest_route=%2Fwp%2Fv2%2Ftags&post=21712"}],"curies":[{"name":"wp","href":"https:\/\/api.w.org\/{rel}","templated":true}]}}