{"id":21709,"date":"2025-04-29T08:32:18","date_gmt":"2025-04-29T08:32:18","guid":{"rendered":"https:\/\/macite.tg\/?p=21709"},"modified":"2025-04-29T08:32:25","modified_gmt":"2025-04-29T08:32:25","slug":"prince-endormi-darabie-saoudite-fete-ses-36-ans-dans-le-coma-depuis-20-ans-le-pere-espere-toujours-un-miracle","status":"publish","type":"post","link":"https:\/\/macite.tg\/?p=21709","title":{"rendered":"\u00ab PRINCE ENDORMI \u00bb D\u2019ARABIE SAOUDITE FETE SES 36 ANS\u00a0: Dans le coma depuis 20 ans, le p\u00e8re esp\u00e8re toujours un miracle"},"content":{"rendered":"\n<p class=\"wp-block-paragraph\"><strong><em>Le prince saoudien Al-Walid ben Khaled ben Talal, surnomm\u00e9 le \u00ab Prince endormi \u00bb, a r\u00e9cemment c\u00e9l\u00e9br\u00e9 ses 36 ans, un anniversaire marqu\u00e9 par une vie fig\u00e9e dans un coma qui dure depuis pr\u00e8s de deux d\u00e9cennies.<\/em><\/strong><\/p>\n\n\n\n<p class=\"wp-block-paragraph\">Fils du milliardaire et prince Khaled ben Talal, Al-Walid est tomb\u00e9 dans l\u2019inconscience en 2005 \u00e0 la suite d\u2019un accident de voiture alors qu\u2019il \u00e9tait \u00e9tudiant dans une \u00e9cole militaire au Royaume-Uni. Depuis cet incident tragique, il a \u00e9t\u00e9 plac\u00e9 sous assistance respiratoire \u00e0 la Cit\u00e9 m\u00e9dicale Roi Abdulaziz de Riyad et est nourri par sonde, sans aucune v\u00e9ritable am\u00e9lioration de son \u00e9tat.<\/p>\n\n\n<div class=\"wp-block-image\">\n<figure class=\"aligncenter size-large is-resized\"><img loading=\"lazy\" decoding=\"async\" width=\"714\" height=\"1024\" src=\"https:\/\/macite.tg\/wp-content\/uploads\/2025\/04\/OTR_avis-aux-OE_29avril-714x1024.jpg\" alt=\"\" class=\"wp-image-21702\" style=\"width:668px;height:auto\" srcset=\"https:\/\/macite.tg\/wp-content\/uploads\/2025\/04\/OTR_avis-aux-OE_29avril-714x1024.jpg 714w, https:\/\/macite.tg\/wp-content\/uploads\/2025\/04\/OTR_avis-aux-OE_29avril-209x300.jpg 209w, https:\/\/macite.tg\/wp-content\/uploads\/2025\/04\/OTR_avis-aux-OE_29avril-768x1101.jpg 768w, https:\/\/macite.tg\/wp-content\/uploads\/2025\/04\/OTR_avis-aux-OE_29avril-1071x1536.jpg 1071w, https:\/\/macite.tg\/wp-content\/uploads\/2025\/04\/OTR_avis-aux-OE_29avril.jpg 1129w\" sizes=\"auto, (max-width: 714px) 100vw, 714px\" \/><\/figure>\n<\/div>\n\n\n<p class=\"wp-block-paragraph\">Malgr\u00e9 les ann\u00e9es qui passent, l\u2019espoir demeure intact du c\u00f4t\u00e9 de la famille royale saoudienne. En 2015, les m\u00e9decins ont recommand\u00e9 de d\u00e9brancher l\u2019assistance respiratoire, mais le p\u00e8re du prince, toujours convaincu qu\u2019un miracle pourrait se produire, a fermement refus\u00e9.<\/p>\n\n\n\n<p class=\"wp-block-paragraph\"><em>\u00ab Si Dieu avait voulu qu\u2019il meure dans l\u2019accident, il serait dans sa tombe aujourd\u2019hui \u00bb,<\/em> avait d\u00e9clar\u00e9 le prince Khaled ben Talal, soulignant ainsi son attachement \u00e0 la vie de son fils.<\/p>\n\n\n<div class=\"wp-block-image\">\n<figure class=\"aligncenter size-full is-resized\"><img loading=\"lazy\" decoding=\"async\" width=\"690\" height=\"170\" src=\"https:\/\/macite.tg\/wp-content\/uploads\/2025\/04\/IMG-20240313-WA0013.jpg\" alt=\"\" class=\"wp-image-21559\" style=\"width:840px;height:auto\" srcset=\"https:\/\/macite.tg\/wp-content\/uploads\/2025\/04\/IMG-20240313-WA0013.jpg 690w, https:\/\/macite.tg\/wp-content\/uploads\/2025\/04\/IMG-20240313-WA0013-300x74.jpg 300w\" sizes=\"auto, (max-width: 690px) 100vw, 690px\" \/><\/figure>\n<\/div>\n\n\n<p class=\"wp-block-paragraph\">En 2019, un l\u00e9ger signe de vie avait \u00e9merg\u00e9 : le prince avait r\u00e9agi par de simples gestes comme lever un doigt ou tourner la t\u00eate. Cependant, depuis, aucun progr\u00e8s notable n\u2019a \u00e9t\u00e9 observ\u00e9. Malgr\u00e9 cette stagnation, l\u2019espoir de sa famille et de ses proches n\u2019a pas faibli.<\/p>\n\n\n\n<p class=\"wp-block-paragraph\">\u00c0 l\u2019occasion de son anniversaire cette ann\u00e9e, les utilisateurs de la plateforme sociale X (anciennement Twitter) ont exprim\u00e9 leur solidarit\u00e9, priant pour le r\u00e9tablissement du prince. Une vieille vid\u00e9o de 2019, montrant Al-Walid bougeant la t\u00eate pour la premi\u00e8re fois apr\u00e8s des ann\u00e9es d\u2019immobilit\u00e9, a refait surface et est rapidement devenue virale, ravivant les espoirs d\u2019une gu\u00e9rison miraculeuse.<\/p>\n\n\n<div class=\"wp-block-image\">\n<figure class=\"aligncenter size-large is-resized\"><img loading=\"lazy\" decoding=\"async\" width=\"1024\" height=\"878\" src=\"https:\/\/macite.tg\/wp-content\/uploads\/2025\/04\/OTR_TPU-ok-1024x878.jpg\" alt=\"\" class=\"wp-image-21635\" style=\"width:734px;height:auto\" srcset=\"https:\/\/macite.tg\/wp-content\/uploads\/2025\/04\/OTR_TPU-ok-1024x878.jpg 1024w, https:\/\/macite.tg\/wp-content\/uploads\/2025\/04\/OTR_TPU-ok-300x257.jpg 300w, https:\/\/macite.tg\/wp-content\/uploads\/2025\/04\/OTR_TPU-ok-768x659.jpg 768w, https:\/\/macite.tg\/wp-content\/uploads\/2025\/04\/OTR_TPU-ok.jpg 1131w\" sizes=\"auto, (max-width: 1024px) 100vw, 1024px\" \/><\/figure>\n<\/div>\n\n\n<p class=\"wp-block-paragraph\">Le prince Al-Walid ben Khaled ben Talal appartient \u00e0 la famille royale saoudienne, mais il n\u2019est ni le fils ni le fr\u00e8re direct du roi actuel, Salmane. Il est l\u2019arri\u00e8re-petit-fils du roi Abdulaziz Al Saoud, le fondateur de l\u2019Arabie saoudite moderne, et fait partie de l\u2019une des branches royales les plus influentes du pays. Le roi Salmane, en tant que fils du roi Abdulaziz, est le grand-oncle du prince Al-Walid.<\/p>\n\n\n\n<p class=\"wp-block-paragraph\">Le prince Al-Walid continue de lutter dans l\u2019ombre du coma.<\/p>\n\n\n\n<p class=\"wp-block-paragraph\"><strong>MSN<\/strong><\/p>\n\n\n\n<p class=\"wp-block-paragraph\"><a><strong><em>@macite.tg&nbsp;&nbsp;&nbsp;&nbsp;&nbsp;&nbsp;&nbsp;&nbsp;<\/em><\/strong><\/a><\/p>\n\n\n\n<p class=\"wp-block-paragraph\"><strong><em>E-mail&nbsp;: <\/em><\/strong><a href=\"mailto:maciteinfo@gmail.com\"><strong><em>maciteinfo@gmail.com<\/em><\/strong><\/a><strong><em>; <\/em><\/strong><a href=\"mailto:bawela1@gmail.com\"><strong><em>bawela1@gmail.com<\/em><\/strong><\/a><strong><em><\/em><\/strong><\/p>\n\n\n\n<p class=\"wp-block-paragraph\"><strong><em>Pour vos annonces, (publi)reportages, etc., joignez-nous au (00228)91515309\/<strong>79872224 <\/strong>www.macite.tg, L\u2019information, la bonne&nbsp;!<\/em><\/strong><\/p>\n\n\n\n<p class=\"wp-block-paragraph\"><\/p>\n","protected":false},"excerpt":{"rendered":"<p class=\"text-justify mb-2\" >Le prince saoudien Al-Walid ben Khaled ben Talal, surnomm\u00e9 le \u00ab Prince endormi \u00bb, a r\u00e9cemment c\u00e9l\u00e9br\u00e9 ses 36 ans, un anniversaire marqu\u00e9 par une vie fig\u00e9e dans un coma qui dure depuis pr\u00e8s de deux d\u00e9cennies. Fils du milliardaire et prince Khaled ben Talal, [&hellip;]<\/p>\n","protected":false},"author":2,"featured_media":21710,"comment_status":"open","ping_status":"open","sticky":false,"template":"","format":"standard","meta":{"footnotes":""},"categories":[20,6],"tags":[],"class_list":["post-21709","post","type-post","status-publish","format-standard","has-post-thumbnail","hentry","category-actualite","category-societe"],"yoast_head":"<!-- This site is optimized with the Yoast SEO plugin v28.4 - https:\/\/yoast.com\/product\/yoast-seo-wordpress\/ -->\n<title>\u00ab PRINCE ENDORMI \u00bb D\u2019ARABIE SAOUDITE FETE SES 36 ANS\u00a0: Dans le coma depuis 20 ans, le p\u00e8re esp\u00e8re toujours un miracle -<\/title>\n<meta name=\"robots\" content=\"index, follow, max-snippet:-1, max-image-preview:large, max-video-preview:-1\" \/>\n<link rel=\"canonical\" href=\"https:\/\/macite.tg\/?p=21709\" \/>\n<meta property=\"og:locale\" content=\"fr_FR\" \/>\n<meta property=\"og:type\" content=\"article\" \/>\n<meta property=\"og:title\" content=\"\u00ab PRINCE ENDORMI \u00bb D\u2019ARABIE SAOUDITE FETE SES 36 ANS\u00a0: Dans le coma depuis 20 ans, le p\u00e8re esp\u00e8re toujours un miracle -\" \/>\n<meta property=\"og:description\" content=\"Le prince saoudien Al-Walid ben Khaled ben Talal, surnomm\u00e9 le \u00ab Prince endormi \u00bb, a r\u00e9cemment c\u00e9l\u00e9br\u00e9 ses 36 ans, un anniversaire marqu\u00e9 par une vie fig\u00e9e dans un coma qui dure depuis pr\u00e8s de deux d\u00e9cennies. Fils du milliardaire et prince Khaled ben Talal, [&hellip;]\" \/>\n<meta property=\"og:url\" content=\"https:\/\/macite.tg\/?p=21709\" \/>\n<meta property=\"article:published_time\" content=\"2025-04-29T08:32:18+00:00\" \/>\n<meta property=\"article:modified_time\" content=\"2025-04-29T08:32:25+00:00\" \/>\n<meta property=\"og:image\" content=\"https:\/\/macite.tg\/wp-content\/uploads\/2025\/04\/image-99.png\" \/>\n\t<meta property=\"og:image:width\" content=\"300\" \/>\n\t<meta property=\"og:image:height\" content=\"150\" \/>\n\t<meta property=\"og:image:type\" content=\"image\/png\" \/>\n<meta name=\"author\" content=\"Jean Pierre BAWELA\" \/>\n<meta name=\"twitter:card\" content=\"summary_large_image\" \/>\n<meta name=\"twitter:label1\" content=\"\u00c9crit par\" \/>\n\t<meta name=\"twitter:data1\" content=\"Jean Pierre BAWELA\" \/>\n\t<meta name=\"twitter:label2\" content=\"Dur\u00e9e de lecture estim\u00e9e\" \/>\n\t<meta name=\"twitter:data2\" content=\"3 minutes\" \/>\n<script type=\"application\/ld+json\" class=\"yoast-schema-graph\">{\"@context\":\"https:\\\/\\\/schema.org\",\"@graph\":[{\"@type\":\"Article\",\"@id\":\"https:\\\/\\\/macite.tg\\\/?p=21709#article\",\"isPartOf\":{\"@id\":\"https:\\\/\\\/macite.tg\\\/?p=21709\"},\"author\":{\"name\":\"Jean Pierre BAWELA\",\"@id\":\"https:\\\/\\\/macite.tg\\\/#\\\/schema\\\/person\\\/e9f2de7e5dbbe7770a9402c7ce82f5c2\"},\"headline\":\"\u00ab PRINCE ENDORMI \u00bb D\u2019ARABIE SAOUDITE FETE SES 36 ANS\u00a0: Dans le coma depuis 20 ans, le p\u00e8re esp\u00e8re toujours un miracle\",\"datePublished\":\"2025-04-29T08:32:18+00:00\",\"dateModified\":\"2025-04-29T08:32:25+00:00\",\"mainEntityOfPage\":{\"@id\":\"https:\\\/\\\/macite.tg\\\/?p=21709\"},\"wordCount\":449,\"commentCount\":0,\"image\":{\"@id\":\"https:\\\/\\\/macite.tg\\\/?p=21709#primaryimage\"},\"thumbnailUrl\":\"https:\\\/\\\/macite.tg\\\/wp-content\\\/uploads\\\/2025\\\/04\\\/image-99.png\",\"articleSection\":[\"ACTUALITE\",\"SOCIETE\"],\"inLanguage\":\"fr-FR\",\"potentialAction\":[{\"@type\":\"CommentAction\",\"name\":\"Comment\",\"target\":[\"https:\\\/\\\/macite.tg\\\/?p=21709#respond\"]}]},{\"@type\":\"WebPage\",\"@id\":\"https:\\\/\\\/macite.tg\\\/?p=21709\",\"url\":\"https:\\\/\\\/macite.tg\\\/?p=21709\",\"name\":\"\u00ab PRINCE ENDORMI \u00bb D\u2019ARABIE SAOUDITE FETE SES 36 ANS\u00a0: Dans le coma depuis 20 ans, le p\u00e8re esp\u00e8re toujours un miracle -\",\"isPartOf\":{\"@id\":\"https:\\\/\\\/macite.tg\\\/#website\"},\"primaryImageOfPage\":{\"@id\":\"https:\\\/\\\/macite.tg\\\/?p=21709#primaryimage\"},\"image\":{\"@id\":\"https:\\\/\\\/macite.tg\\\/?p=21709#primaryimage\"},\"thumbnailUrl\":\"https:\\\/\\\/macite.tg\\\/wp-content\\\/uploads\\\/2025\\\/04\\\/image-99.png\",\"datePublished\":\"2025-04-29T08:32:18+00:00\",\"dateModified\":\"2025-04-29T08:32:25+00:00\",\"author\":{\"@id\":\"https:\\\/\\\/macite.tg\\\/#\\\/schema\\\/person\\\/e9f2de7e5dbbe7770a9402c7ce82f5c2\"},\"breadcrumb\":{\"@id\":\"https:\\\/\\\/macite.tg\\\/?p=21709#breadcrumb\"},\"inLanguage\":\"fr-FR\",\"potentialAction\":[{\"@type\":\"ReadAction\",\"target\":[\"https:\\\/\\\/macite.tg\\\/?p=21709\"]}]},{\"@type\":\"ImageObject\",\"inLanguage\":\"fr-FR\",\"@id\":\"https:\\\/\\\/macite.tg\\\/?p=21709#primaryimage\",\"url\":\"https:\\\/\\\/macite.tg\\\/wp-content\\\/uploads\\\/2025\\\/04\\\/image-99.png\",\"contentUrl\":\"https:\\\/\\\/macite.tg\\\/wp-content\\\/uploads\\\/2025\\\/04\\\/image-99.png\",\"width\":300,\"height\":150,\"caption\":\"Le prince saoudien Al-Walid ben Khaled ben Talal, surnomm\u00e9 le \u00ab Prince endormi \u00bb.\"},{\"@type\":\"BreadcrumbList\",\"@id\":\"https:\\\/\\\/macite.tg\\\/?p=21709#breadcrumb\",\"itemListElement\":[{\"@type\":\"ListItem\",\"position\":1,\"name\":\"Accueil\",\"item\":\"https:\\\/\\\/macite.tg\\\/\"},{\"@type\":\"ListItem\",\"position\":2,\"name\":\"\u00ab PRINCE ENDORMI \u00bb D\u2019ARABIE SAOUDITE FETE SES 36 ANS\u00a0: Dans le coma depuis 20 ans, le p\u00e8re esp\u00e8re toujours un miracle\"}]},{\"@type\":\"WebSite\",\"@id\":\"https:\\\/\\\/macite.tg\\\/#website\",\"url\":\"https:\\\/\\\/macite.tg\\\/\",\"name\":\"\",\"description\":\"L&#039;information, la bonne!!!\",\"potentialAction\":[{\"@type\":\"SearchAction\",\"target\":{\"@type\":\"EntryPoint\",\"urlTemplate\":\"https:\\\/\\\/macite.tg\\\/?s={search_term_string}\"},\"query-input\":{\"@type\":\"PropertyValueSpecification\",\"valueRequired\":true,\"valueName\":\"search_term_string\"}}],\"inLanguage\":\"fr-FR\"},{\"@type\":\"Person\",\"@id\":\"https:\\\/\\\/macite.tg\\\/#\\\/schema\\\/person\\\/e9f2de7e5dbbe7770a9402c7ce82f5c2\",\"name\":\"Jean Pierre BAWELA\",\"image\":{\"@type\":\"ImageObject\",\"inLanguage\":\"fr-FR\",\"@id\":\"https:\\\/\\\/macite.tg\\\/wp-content\\\/uploads\\\/2023\\\/09\\\/WhatsApp-Image-2023-09-19-at-14.44.41-122x122.jpeg\",\"url\":\"https:\\\/\\\/macite.tg\\\/wp-content\\\/uploads\\\/2023\\\/09\\\/WhatsApp-Image-2023-09-19-at-14.44.41-122x122.jpeg\",\"contentUrl\":\"https:\\\/\\\/macite.tg\\\/wp-content\\\/uploads\\\/2023\\\/09\\\/WhatsApp-Image-2023-09-19-at-14.44.41-122x122.jpeg\",\"caption\":\"Jean Pierre BAWELA\"},\"url\":\"https:\\\/\\\/macite.tg\\\/?author=2\"}]}<\/script>\n<!-- \/ Yoast SEO plugin. -->","yoast_head_json":{"title":"\u00ab PRINCE ENDORMI \u00bb D\u2019ARABIE SAOUDITE FETE SES 36 ANS\u00a0: Dans le coma depuis 20 ans, le p\u00e8re esp\u00e8re toujours un miracle -","robots":{"index":"index","follow":"follow","max-snippet":"max-snippet:-1","max-image-preview":"max-image-preview:large","max-video-preview":"max-video-preview:-1"},"canonical":"https:\/\/macite.tg\/?p=21709","og_locale":"fr_FR","og_type":"article","og_title":"\u00ab PRINCE ENDORMI \u00bb D\u2019ARABIE SAOUDITE FETE SES 36 ANS\u00a0: Dans le coma depuis 20 ans, le p\u00e8re esp\u00e8re toujours un miracle -","og_description":"Le prince saoudien Al-Walid ben Khaled ben Talal, surnomm\u00e9 le \u00ab Prince endormi \u00bb, a r\u00e9cemment c\u00e9l\u00e9br\u00e9 ses 36 ans, un anniversaire marqu\u00e9 par une vie fig\u00e9e dans un coma qui dure depuis pr\u00e8s de deux d\u00e9cennies. Fils du milliardaire et prince Khaled ben Talal, [&hellip;]","og_url":"https:\/\/macite.tg\/?p=21709","article_published_time":"2025-04-29T08:32:18+00:00","article_modified_time":"2025-04-29T08:32:25+00:00","og_image":[{"width":300,"height":150,"url":"https:\/\/macite.tg\/wp-content\/uploads\/2025\/04\/image-99.png","type":"image\/png"}],"author":"Jean Pierre BAWELA","twitter_card":"summary_large_image","twitter_misc":{"\u00c9crit par":"Jean Pierre BAWELA","Dur\u00e9e de lecture estim\u00e9e":"3 minutes"},"schema":{"@context":"https:\/\/schema.org","@graph":[{"@type":"Article","@id":"https:\/\/macite.tg\/?p=21709#article","isPartOf":{"@id":"https:\/\/macite.tg\/?p=21709"},"author":{"name":"Jean Pierre BAWELA","@id":"https:\/\/macite.tg\/#\/schema\/person\/e9f2de7e5dbbe7770a9402c7ce82f5c2"},"headline":"\u00ab PRINCE ENDORMI \u00bb D\u2019ARABIE SAOUDITE FETE SES 36 ANS\u00a0: Dans le coma depuis 20 ans, le p\u00e8re esp\u00e8re toujours un miracle","datePublished":"2025-04-29T08:32:18+00:00","dateModified":"2025-04-29T08:32:25+00:00","mainEntityOfPage":{"@id":"https:\/\/macite.tg\/?p=21709"},"wordCount":449,"commentCount":0,"image":{"@id":"https:\/\/macite.tg\/?p=21709#primaryimage"},"thumbnailUrl":"https:\/\/macite.tg\/wp-content\/uploads\/2025\/04\/image-99.png","articleSection":["ACTUALITE","SOCIETE"],"inLanguage":"fr-FR","potentialAction":[{"@type":"CommentAction","name":"Comment","target":["https:\/\/macite.tg\/?p=21709#respond"]}]},{"@type":"WebPage","@id":"https:\/\/macite.tg\/?p=21709","url":"https:\/\/macite.tg\/?p=21709","name":"\u00ab PRINCE ENDORMI \u00bb D\u2019ARABIE SAOUDITE FETE SES 36 ANS\u00a0: Dans le coma depuis 20 ans, le p\u00e8re esp\u00e8re toujours un miracle -","isPartOf":{"@id":"https:\/\/macite.tg\/#website"},"primaryImageOfPage":{"@id":"https:\/\/macite.tg\/?p=21709#primaryimage"},"image":{"@id":"https:\/\/macite.tg\/?p=21709#primaryimage"},"thumbnailUrl":"https:\/\/macite.tg\/wp-content\/uploads\/2025\/04\/image-99.png","datePublished":"2025-04-29T08:32:18+00:00","dateModified":"2025-04-29T08:32:25+00:00","author":{"@id":"https:\/\/macite.tg\/#\/schema\/person\/e9f2de7e5dbbe7770a9402c7ce82f5c2"},"breadcrumb":{"@id":"https:\/\/macite.tg\/?p=21709#breadcrumb"},"inLanguage":"fr-FR","potentialAction":[{"@type":"ReadAction","target":["https:\/\/macite.tg\/?p=21709"]}]},{"@type":"ImageObject","inLanguage":"fr-FR","@id":"https:\/\/macite.tg\/?p=21709#primaryimage","url":"https:\/\/macite.tg\/wp-content\/uploads\/2025\/04\/image-99.png","contentUrl":"https:\/\/macite.tg\/wp-content\/uploads\/2025\/04\/image-99.png","width":300,"height":150,"caption":"Le prince saoudien Al-Walid ben Khaled ben Talal, surnomm\u00e9 le \u00ab Prince endormi \u00bb."},{"@type":"BreadcrumbList","@id":"https:\/\/macite.tg\/?p=21709#breadcrumb","itemListElement":[{"@type":"ListItem","position":1,"name":"Accueil","item":"https:\/\/macite.tg\/"},{"@type":"ListItem","position":2,"name":"\u00ab PRINCE ENDORMI \u00bb D\u2019ARABIE SAOUDITE FETE SES 36 ANS\u00a0: Dans le coma depuis 20 ans, le p\u00e8re esp\u00e8re toujours un miracle"}]},{"@type":"WebSite","@id":"https:\/\/macite.tg\/#website","url":"https:\/\/macite.tg\/","name":"","description":"L&#039;information, la bonne!!!","potentialAction":[{"@type":"SearchAction","target":{"@type":"EntryPoint","urlTemplate":"https:\/\/macite.tg\/?s={search_term_string}"},"query-input":{"@type":"PropertyValueSpecification","valueRequired":true,"valueName":"search_term_string"}}],"inLanguage":"fr-FR"},{"@type":"Person","@id":"https:\/\/macite.tg\/#\/schema\/person\/e9f2de7e5dbbe7770a9402c7ce82f5c2","name":"Jean Pierre BAWELA","image":{"@type":"ImageObject","inLanguage":"fr-FR","@id":"https:\/\/macite.tg\/wp-content\/uploads\/2023\/09\/WhatsApp-Image-2023-09-19-at-14.44.41-122x122.jpeg","url":"https:\/\/macite.tg\/wp-content\/uploads\/2023\/09\/WhatsApp-Image-2023-09-19-at-14.44.41-122x122.jpeg","contentUrl":"https:\/\/macite.tg\/wp-content\/uploads\/2023\/09\/WhatsApp-Image-2023-09-19-at-14.44.41-122x122.jpeg","caption":"Jean Pierre BAWELA"},"url":"https:\/\/macite.tg\/?author=2"}]}},"_links":{"self":[{"href":"https:\/\/macite.tg\/index.php?rest_route=\/wp\/v2\/posts\/21709","targetHints":{"allow":["GET"]}}],"collection":[{"href":"https:\/\/macite.tg\/index.php?rest_route=\/wp\/v2\/posts"}],"about":[{"href":"https:\/\/macite.tg\/index.php?rest_route=\/wp\/v2\/types\/post"}],"author":[{"embeddable":true,"href":"https:\/\/macite.tg\/index.php?rest_route=\/wp\/v2\/users\/2"}],"replies":[{"embeddable":true,"href":"https:\/\/macite.tg\/index.php?rest_route=%2Fwp%2Fv2%2Fcomments&post=21709"}],"version-history":[{"count":0,"href":"https:\/\/macite.tg\/index.php?rest_route=\/wp\/v2\/posts\/21709\/revisions"}],"wp:featuredmedia":[{"embeddable":true,"href":"https:\/\/macite.tg\/index.php?rest_route=\/wp\/v2\/media\/21710"}],"wp:attachment":[{"href":"https:\/\/macite.tg\/index.php?rest_route=%2Fwp%2Fv2%2Fmedia&parent=21709"}],"wp:term":[{"taxonomy":"category","embeddable":true,"href":"https:\/\/macite.tg\/index.php?rest_route=%2Fwp%2Fv2%2Fcategories&post=21709"},{"taxonomy":"post_tag","embeddable":true,"href":"https:\/\/macite.tg\/index.php?rest_route=%2Fwp%2Fv2%2Ftags&post=21709"}],"curies":[{"name":"wp","href":"https:\/\/api.w.org\/{rel}","templated":true}]}}