{"id":21700,"date":"2025-04-28T18:30:11","date_gmt":"2025-04-28T18:30:11","guid":{"rendered":"https:\/\/macite.tg\/?p=21700"},"modified":"2025-04-28T18:32:43","modified_gmt":"2025-04-28T18:32:43","slug":"celebration-des-65-ans-dindependance-du-togo-lattachement-du-peuple-togolais-dans-sa-diversite-aux-valeurs-republicaines-et-patriotiques-reaffirme-lors-dun-imposant","status":"publish","type":"post","link":"https:\/\/macite.tg\/?p=21700","title":{"rendered":"CELEBRATION DES 65 ANS D\u2019INDEPENDANCE DU TOGO\u00a0: Le peuple togolais, dans sa diversit\u00e9, a r\u00e9affirm\u00e9 son attachement aux valeurs r\u00e9publicaines et patriotiques"},"content":{"rendered":"\n<p class=\"wp-block-paragraph\"><strong><em>27 avril 1960 &#8211; 27 avril 2025. Il y a 65 ans, jour pour jour, que le Togo a acc\u00e9d\u00e9 \u00e0 la souverainet\u00e9 internationale, au prix de mille sacrifices<\/em><\/strong><strong><em>. Pour marquer cette comm\u00e9moration, comme tous les ans, une imposante parade militaire et civile a \u00e9t\u00e9 pr\u00e9sid\u00e9e \u00e0 la Place des f\u00eates \u00e0 Lom\u00e9 par le Chef de l\u2019Etat, Faure Essozimna Gnassingb\u00e9, chef des arm\u00e9es, a \u00e9t\u00e9 le clou de cette c\u00e9l\u00e9bration qui a d\u00e9marr\u00e9 il y a plusieurs jours d\u00e9j\u00e0.<\/em><\/strong><\/p>\n\n\n\n<p class=\"wp-block-paragraph\">Le 65<sup>\u00e8me<\/sup> anniversaire de l\u2019accession du Togo \u00e0 la souverainet\u00e9 internationale a \u00e9t\u00e9 c\u00e9l\u00e9br\u00e9e avec faste \u00e0 Lom\u00e9, et tout comme \u00e0 l\u2019int\u00e9rieur du pays, notamment dans les chefs-lieux des r\u00e9gions et pr\u00e9fectures.<\/p>\n\n\n\n<p class=\"wp-block-paragraph\">A Lom\u00e9, pendant plus de deux heures d\u2019horloge, ceci sous le regard du Chef de l\u2019Etat, plusieurs milliers de personnes, des membres des diff\u00e9rents corps des Forces arm\u00e9es togolaises (FAT) et de s\u00e9curit\u00e9 (terre, air, mer, gendarmerie, sapeurs-pompiers, police, douanes, eaux et for\u00eat, \u00e9coles de formation militaire), sans oublier les forces vives de la Nation (groupes organis\u00e9s, universit\u00e9s, \u00e9tablissements scolaires, groupes folkloriques\u2026), ont donn\u00e9 un cachet sp\u00e9cial \u00e0 l\u2019\u00e9dition 2025 de ce d\u00e9fil\u00e9.&nbsp;Ils ont montr\u00e9 leur attachement aux valeurs r\u00e9publicaines et au patriotisme.<\/p>\n\n\n<div class=\"wp-block-image\">\n<figure class=\"aligncenter size-large\"><img loading=\"lazy\" decoding=\"async\" width=\"714\" height=\"1024\" src=\"https:\/\/macite.tg\/wp-content\/uploads\/2025\/04\/OTR_avis-aux-OE_29avril-714x1024.jpg\" alt=\"\" class=\"wp-image-21702\" srcset=\"https:\/\/macite.tg\/wp-content\/uploads\/2025\/04\/OTR_avis-aux-OE_29avril-714x1024.jpg 714w, https:\/\/macite.tg\/wp-content\/uploads\/2025\/04\/OTR_avis-aux-OE_29avril-209x300.jpg 209w, https:\/\/macite.tg\/wp-content\/uploads\/2025\/04\/OTR_avis-aux-OE_29avril-768x1101.jpg 768w, https:\/\/macite.tg\/wp-content\/uploads\/2025\/04\/OTR_avis-aux-OE_29avril-1071x1536.jpg 1071w, https:\/\/macite.tg\/wp-content\/uploads\/2025\/04\/OTR_avis-aux-OE_29avril.jpg 1129w\" sizes=\"auto, (max-width: 714px) 100vw, 714px\" \/><\/figure>\n<\/div>\n\n\n<p class=\"wp-block-paragraph\">Cette d\u00e9monstration populaire refl\u00e8te l\u2019adh\u00e9sion des institutions et des forces vives de la nation aux initiatives de d\u00e9veloppement \u00e9conomique, social et de consolidation de la paix et la stabilit\u00e9 au Togo, conform\u00e9ment \u00e0 la vision du Pr\u00e9sident de la R\u00e9publique.<\/p>\n\n\n\n<p class=\"wp-block-paragraph\">Au cours de ce d\u00e9fil\u00e9, l\u2019on a assist\u00e9 au passage des groupes organis\u00e9s, repr\u00e9sentant toutes les r\u00e9gions du pays, qui ont saisi \u2018occasion pour r\u00e9affirmer la coh\u00e9sion nationale. Outre ces diff\u00e9rents groupes, les universit\u00e9s publiques et priv\u00e9es, l\u2019Ecole nationale d\u2019administration (ENA), les \u00e9tablissements d\u2019enseignement primaire et secondaire ont fait la particularit\u00e9 de l\u2019\u00e9dition 2025 du d\u00e9fil\u00e9.<\/p>\n\n\n<div class=\"wp-block-image\">\n<figure class=\"aligncenter size-full\"><img loading=\"lazy\" decoding=\"async\" width=\"945\" height=\"575\" src=\"https:\/\/macite.tg\/wp-content\/uploads\/2025\/04\/image-85.png\" alt=\"\" class=\"wp-image-21607\" srcset=\"https:\/\/macite.tg\/wp-content\/uploads\/2025\/04\/image-85.png 945w, https:\/\/macite.tg\/wp-content\/uploads\/2025\/04\/image-85-300x183.png 300w, https:\/\/macite.tg\/wp-content\/uploads\/2025\/04\/image-85-768x467.png 768w\" sizes=\"auto, (max-width: 945px) 100vw, 945px\" \/><\/figure>\n<\/div>\n\n\n<p class=\"wp-block-paragraph\">Notons qu\u2019\u00e0 son arriv\u00e9e \u00e0 la Place des f\u00eates de Lom\u00e92, lieux de la manifestation, le Pr\u00e9sident de la R\u00e9publique, chef des arm\u00e9es a \u00e9t\u00e9 accueilli avec les honneurs militaires au cours d\u2019une prise d\u2019armes, suivie de la revue des troupes, puis de l\u2019hymne national.&nbsp;<\/p>\n\n\n\n<p class=\"wp-block-paragraph\"><strong>Mab\u00e9 B.<\/strong><strong><\/strong><\/p>\n\n\n\n<p class=\"wp-block-paragraph\"><a><strong><em>@macite.tg&nbsp;&nbsp;&nbsp;&nbsp;&nbsp;&nbsp;&nbsp;&nbsp;<\/em><\/strong><\/a><\/p>\n\n\n\n<p class=\"wp-block-paragraph\"><strong><em>E-mail&nbsp;: <\/em><\/strong><a href=\"mailto:maciteinfo@gmail.com\"><strong><em>maciteinfo@gmail.com<\/em><\/strong><\/a><strong><em>; <\/em><\/strong><a href=\"mailto:bawela1@gmail.com\"><strong><em>bawela1@gmail.com<\/em><\/strong><\/a><strong><em><\/em><\/strong><\/p>\n\n\n\n<p class=\"wp-block-paragraph\"><strong><em>Pour vos annonces, (publi)reportages, etc., joignez-nous au (00228)91515309\/<strong>79872224 <\/strong>www.macite.tg, L\u2019information, la bonne&nbsp;!<\/em><\/strong><\/p>\n\n\n\n<p class=\"wp-block-paragraph\"><\/p>\n","protected":false},"excerpt":{"rendered":"<p class=\"text-justify mb-2\" >27 avril 1960 &#8211; 27 avril 2025. Il y a 65 ans, jour pour jour, que le Togo a acc\u00e9d\u00e9 \u00e0 la souverainet\u00e9 internationale, au prix de mille sacrifices. Pour marquer cette comm\u00e9moration, comme tous les ans, une imposante parade militaire et civile a \u00e9t\u00e9 [&hellip;]<\/p>\n","protected":false},"author":2,"featured_media":21701,"comment_status":"open","ping_status":"open","sticky":false,"template":"","format":"standard","meta":{"footnotes":""},"categories":[20,1],"tags":[],"class_list":["post-21700","post","type-post","status-publish","format-standard","has-post-thumbnail","hentry","category-actualite","category-politique"],"yoast_head":"<!-- This site is optimized with the Yoast SEO plugin v28.4 - https:\/\/yoast.com\/product\/yoast-seo-wordpress\/ -->\n<title>CELEBRATION DES 65 ANS D\u2019INDEPENDANCE DU TOGO\u00a0: Le peuple togolais, dans sa diversit\u00e9, a r\u00e9affirm\u00e9 son attachement aux valeurs r\u00e9publicaines et patriotiques -<\/title>\n<meta name=\"robots\" content=\"index, follow, max-snippet:-1, max-image-preview:large, max-video-preview:-1\" \/>\n<link rel=\"canonical\" href=\"https:\/\/macite.tg\/?p=21700\" \/>\n<meta property=\"og:locale\" content=\"fr_FR\" \/>\n<meta property=\"og:type\" content=\"article\" \/>\n<meta property=\"og:title\" content=\"CELEBRATION DES 65 ANS D\u2019INDEPENDANCE DU TOGO\u00a0: Le peuple togolais, dans sa diversit\u00e9, a r\u00e9affirm\u00e9 son attachement aux valeurs r\u00e9publicaines et patriotiques -\" \/>\n<meta property=\"og:description\" content=\"27 avril 1960 &#8211; 27 avril 2025. Il y a 65 ans, jour pour jour, que le Togo a acc\u00e9d\u00e9 \u00e0 la souverainet\u00e9 internationale, au prix de mille sacrifices. Pour marquer cette comm\u00e9moration, comme tous les ans, une imposante parade militaire et civile a \u00e9t\u00e9 [&hellip;]\" \/>\n<meta property=\"og:url\" content=\"https:\/\/macite.tg\/?p=21700\" \/>\n<meta property=\"article:published_time\" content=\"2025-04-28T18:30:11+00:00\" \/>\n<meta property=\"article:modified_time\" content=\"2025-04-28T18:32:43+00:00\" \/>\n<meta property=\"og:image\" content=\"https:\/\/macite.tg\/wp-content\/uploads\/2025\/04\/Defile.jpg\" \/>\n\t<meta property=\"og:image:width\" content=\"500\" \/>\n\t<meta property=\"og:image:height\" content=\"258\" \/>\n\t<meta property=\"og:image:type\" content=\"image\/jpeg\" \/>\n<meta name=\"author\" content=\"Jean Pierre BAWELA\" \/>\n<meta name=\"twitter:card\" content=\"summary_large_image\" \/>\n<meta name=\"twitter:label1\" content=\"\u00c9crit par\" \/>\n\t<meta name=\"twitter:data1\" content=\"Jean Pierre BAWELA\" \/>\n\t<meta name=\"twitter:label2\" content=\"Dur\u00e9e de lecture estim\u00e9e\" \/>\n\t<meta name=\"twitter:data2\" content=\"3 minutes\" \/>\n<script type=\"application\/ld+json\" class=\"yoast-schema-graph\">{\"@context\":\"https:\\\/\\\/schema.org\",\"@graph\":[{\"@type\":\"Article\",\"@id\":\"https:\\\/\\\/macite.tg\\\/?p=21700#article\",\"isPartOf\":{\"@id\":\"https:\\\/\\\/macite.tg\\\/?p=21700\"},\"author\":{\"name\":\"Jean Pierre BAWELA\",\"@id\":\"https:\\\/\\\/macite.tg\\\/#\\\/schema\\\/person\\\/e9f2de7e5dbbe7770a9402c7ce82f5c2\"},\"headline\":\"CELEBRATION DES 65 ANS D\u2019INDEPENDANCE DU TOGO\u00a0: Le peuple togolais, dans sa diversit\u00e9, a r\u00e9affirm\u00e9 son attachement aux valeurs r\u00e9publicaines et patriotiques\",\"datePublished\":\"2025-04-28T18:30:11+00:00\",\"dateModified\":\"2025-04-28T18:32:43+00:00\",\"mainEntityOfPage\":{\"@id\":\"https:\\\/\\\/macite.tg\\\/?p=21700\"},\"wordCount\":446,\"commentCount\":0,\"image\":{\"@id\":\"https:\\\/\\\/macite.tg\\\/?p=21700#primaryimage\"},\"thumbnailUrl\":\"https:\\\/\\\/macite.tg\\\/wp-content\\\/uploads\\\/2025\\\/04\\\/Defile.jpg\",\"articleSection\":[\"ACTUALITE\",\"POLITIQUE\"],\"inLanguage\":\"fr-FR\",\"potentialAction\":[{\"@type\":\"CommentAction\",\"name\":\"Comment\",\"target\":[\"https:\\\/\\\/macite.tg\\\/?p=21700#respond\"]}]},{\"@type\":\"WebPage\",\"@id\":\"https:\\\/\\\/macite.tg\\\/?p=21700\",\"url\":\"https:\\\/\\\/macite.tg\\\/?p=21700\",\"name\":\"CELEBRATION DES 65 ANS D\u2019INDEPENDANCE DU TOGO\u00a0: Le peuple togolais, dans sa diversit\u00e9, a r\u00e9affirm\u00e9 son attachement aux valeurs r\u00e9publicaines et patriotiques -\",\"isPartOf\":{\"@id\":\"https:\\\/\\\/macite.tg\\\/#website\"},\"primaryImageOfPage\":{\"@id\":\"https:\\\/\\\/macite.tg\\\/?p=21700#primaryimage\"},\"image\":{\"@id\":\"https:\\\/\\\/macite.tg\\\/?p=21700#primaryimage\"},\"thumbnailUrl\":\"https:\\\/\\\/macite.tg\\\/wp-content\\\/uploads\\\/2025\\\/04\\\/Defile.jpg\",\"datePublished\":\"2025-04-28T18:30:11+00:00\",\"dateModified\":\"2025-04-28T18:32:43+00:00\",\"author\":{\"@id\":\"https:\\\/\\\/macite.tg\\\/#\\\/schema\\\/person\\\/e9f2de7e5dbbe7770a9402c7ce82f5c2\"},\"breadcrumb\":{\"@id\":\"https:\\\/\\\/macite.tg\\\/?p=21700#breadcrumb\"},\"inLanguage\":\"fr-FR\",\"potentialAction\":[{\"@type\":\"ReadAction\",\"target\":[\"https:\\\/\\\/macite.tg\\\/?p=21700\"]}]},{\"@type\":\"ImageObject\",\"inLanguage\":\"fr-FR\",\"@id\":\"https:\\\/\\\/macite.tg\\\/?p=21700#primaryimage\",\"url\":\"https:\\\/\\\/macite.tg\\\/wp-content\\\/uploads\\\/2025\\\/04\\\/Defile.jpg\",\"contentUrl\":\"https:\\\/\\\/macite.tg\\\/wp-content\\\/uploads\\\/2025\\\/04\\\/Defile.jpg\",\"width\":500,\"height\":258},{\"@type\":\"BreadcrumbList\",\"@id\":\"https:\\\/\\\/macite.tg\\\/?p=21700#breadcrumb\",\"itemListElement\":[{\"@type\":\"ListItem\",\"position\":1,\"name\":\"Accueil\",\"item\":\"https:\\\/\\\/macite.tg\\\/\"},{\"@type\":\"ListItem\",\"position\":2,\"name\":\"CELEBRATION DES 65 ANS D\u2019INDEPENDANCE DU TOGO\u00a0: Le peuple togolais, dans sa diversit\u00e9, a r\u00e9affirm\u00e9 son attachement aux valeurs r\u00e9publicaines et patriotiques\"}]},{\"@type\":\"WebSite\",\"@id\":\"https:\\\/\\\/macite.tg\\\/#website\",\"url\":\"https:\\\/\\\/macite.tg\\\/\",\"name\":\"\",\"description\":\"L&#039;information, la bonne!!!\",\"potentialAction\":[{\"@type\":\"SearchAction\",\"target\":{\"@type\":\"EntryPoint\",\"urlTemplate\":\"https:\\\/\\\/macite.tg\\\/?s={search_term_string}\"},\"query-input\":{\"@type\":\"PropertyValueSpecification\",\"valueRequired\":true,\"valueName\":\"search_term_string\"}}],\"inLanguage\":\"fr-FR\"},{\"@type\":\"Person\",\"@id\":\"https:\\\/\\\/macite.tg\\\/#\\\/schema\\\/person\\\/e9f2de7e5dbbe7770a9402c7ce82f5c2\",\"name\":\"Jean Pierre BAWELA\",\"image\":{\"@type\":\"ImageObject\",\"inLanguage\":\"fr-FR\",\"@id\":\"https:\\\/\\\/macite.tg\\\/wp-content\\\/uploads\\\/2023\\\/09\\\/WhatsApp-Image-2023-09-19-at-14.44.41-122x122.jpeg\",\"url\":\"https:\\\/\\\/macite.tg\\\/wp-content\\\/uploads\\\/2023\\\/09\\\/WhatsApp-Image-2023-09-19-at-14.44.41-122x122.jpeg\",\"contentUrl\":\"https:\\\/\\\/macite.tg\\\/wp-content\\\/uploads\\\/2023\\\/09\\\/WhatsApp-Image-2023-09-19-at-14.44.41-122x122.jpeg\",\"caption\":\"Jean Pierre BAWELA\"},\"url\":\"https:\\\/\\\/macite.tg\\\/?author=2\"}]}<\/script>\n<!-- \/ Yoast SEO plugin. -->","yoast_head_json":{"title":"CELEBRATION DES 65 ANS D\u2019INDEPENDANCE DU TOGO\u00a0: Le peuple togolais, dans sa diversit\u00e9, a r\u00e9affirm\u00e9 son attachement aux valeurs r\u00e9publicaines et patriotiques -","robots":{"index":"index","follow":"follow","max-snippet":"max-snippet:-1","max-image-preview":"max-image-preview:large","max-video-preview":"max-video-preview:-1"},"canonical":"https:\/\/macite.tg\/?p=21700","og_locale":"fr_FR","og_type":"article","og_title":"CELEBRATION DES 65 ANS D\u2019INDEPENDANCE DU TOGO\u00a0: Le peuple togolais, dans sa diversit\u00e9, a r\u00e9affirm\u00e9 son attachement aux valeurs r\u00e9publicaines et patriotiques -","og_description":"27 avril 1960 &#8211; 27 avril 2025. Il y a 65 ans, jour pour jour, que le Togo a acc\u00e9d\u00e9 \u00e0 la souverainet\u00e9 internationale, au prix de mille sacrifices. Pour marquer cette comm\u00e9moration, comme tous les ans, une imposante parade militaire et civile a \u00e9t\u00e9 [&hellip;]","og_url":"https:\/\/macite.tg\/?p=21700","article_published_time":"2025-04-28T18:30:11+00:00","article_modified_time":"2025-04-28T18:32:43+00:00","og_image":[{"width":500,"height":258,"url":"https:\/\/macite.tg\/wp-content\/uploads\/2025\/04\/Defile.jpg","type":"image\/jpeg"}],"author":"Jean Pierre BAWELA","twitter_card":"summary_large_image","twitter_misc":{"\u00c9crit par":"Jean Pierre BAWELA","Dur\u00e9e de lecture estim\u00e9e":"3 minutes"},"schema":{"@context":"https:\/\/schema.org","@graph":[{"@type":"Article","@id":"https:\/\/macite.tg\/?p=21700#article","isPartOf":{"@id":"https:\/\/macite.tg\/?p=21700"},"author":{"name":"Jean Pierre BAWELA","@id":"https:\/\/macite.tg\/#\/schema\/person\/e9f2de7e5dbbe7770a9402c7ce82f5c2"},"headline":"CELEBRATION DES 65 ANS D\u2019INDEPENDANCE DU TOGO\u00a0: Le peuple togolais, dans sa diversit\u00e9, a r\u00e9affirm\u00e9 son attachement aux valeurs r\u00e9publicaines et patriotiques","datePublished":"2025-04-28T18:30:11+00:00","dateModified":"2025-04-28T18:32:43+00:00","mainEntityOfPage":{"@id":"https:\/\/macite.tg\/?p=21700"},"wordCount":446,"commentCount":0,"image":{"@id":"https:\/\/macite.tg\/?p=21700#primaryimage"},"thumbnailUrl":"https:\/\/macite.tg\/wp-content\/uploads\/2025\/04\/Defile.jpg","articleSection":["ACTUALITE","POLITIQUE"],"inLanguage":"fr-FR","potentialAction":[{"@type":"CommentAction","name":"Comment","target":["https:\/\/macite.tg\/?p=21700#respond"]}]},{"@type":"WebPage","@id":"https:\/\/macite.tg\/?p=21700","url":"https:\/\/macite.tg\/?p=21700","name":"CELEBRATION DES 65 ANS D\u2019INDEPENDANCE DU TOGO\u00a0: Le peuple togolais, dans sa diversit\u00e9, a r\u00e9affirm\u00e9 son attachement aux valeurs r\u00e9publicaines et patriotiques -","isPartOf":{"@id":"https:\/\/macite.tg\/#website"},"primaryImageOfPage":{"@id":"https:\/\/macite.tg\/?p=21700#primaryimage"},"image":{"@id":"https:\/\/macite.tg\/?p=21700#primaryimage"},"thumbnailUrl":"https:\/\/macite.tg\/wp-content\/uploads\/2025\/04\/Defile.jpg","datePublished":"2025-04-28T18:30:11+00:00","dateModified":"2025-04-28T18:32:43+00:00","author":{"@id":"https:\/\/macite.tg\/#\/schema\/person\/e9f2de7e5dbbe7770a9402c7ce82f5c2"},"breadcrumb":{"@id":"https:\/\/macite.tg\/?p=21700#breadcrumb"},"inLanguage":"fr-FR","potentialAction":[{"@type":"ReadAction","target":["https:\/\/macite.tg\/?p=21700"]}]},{"@type":"ImageObject","inLanguage":"fr-FR","@id":"https:\/\/macite.tg\/?p=21700#primaryimage","url":"https:\/\/macite.tg\/wp-content\/uploads\/2025\/04\/Defile.jpg","contentUrl":"https:\/\/macite.tg\/wp-content\/uploads\/2025\/04\/Defile.jpg","width":500,"height":258},{"@type":"BreadcrumbList","@id":"https:\/\/macite.tg\/?p=21700#breadcrumb","itemListElement":[{"@type":"ListItem","position":1,"name":"Accueil","item":"https:\/\/macite.tg\/"},{"@type":"ListItem","position":2,"name":"CELEBRATION DES 65 ANS D\u2019INDEPENDANCE DU TOGO\u00a0: Le peuple togolais, dans sa diversit\u00e9, a r\u00e9affirm\u00e9 son attachement aux valeurs r\u00e9publicaines et patriotiques"}]},{"@type":"WebSite","@id":"https:\/\/macite.tg\/#website","url":"https:\/\/macite.tg\/","name":"","description":"L&#039;information, la bonne!!!","potentialAction":[{"@type":"SearchAction","target":{"@type":"EntryPoint","urlTemplate":"https:\/\/macite.tg\/?s={search_term_string}"},"query-input":{"@type":"PropertyValueSpecification","valueRequired":true,"valueName":"search_term_string"}}],"inLanguage":"fr-FR"},{"@type":"Person","@id":"https:\/\/macite.tg\/#\/schema\/person\/e9f2de7e5dbbe7770a9402c7ce82f5c2","name":"Jean Pierre BAWELA","image":{"@type":"ImageObject","inLanguage":"fr-FR","@id":"https:\/\/macite.tg\/wp-content\/uploads\/2023\/09\/WhatsApp-Image-2023-09-19-at-14.44.41-122x122.jpeg","url":"https:\/\/macite.tg\/wp-content\/uploads\/2023\/09\/WhatsApp-Image-2023-09-19-at-14.44.41-122x122.jpeg","contentUrl":"https:\/\/macite.tg\/wp-content\/uploads\/2023\/09\/WhatsApp-Image-2023-09-19-at-14.44.41-122x122.jpeg","caption":"Jean Pierre BAWELA"},"url":"https:\/\/macite.tg\/?author=2"}]}},"_links":{"self":[{"href":"https:\/\/macite.tg\/index.php?rest_route=\/wp\/v2\/posts\/21700","targetHints":{"allow":["GET"]}}],"collection":[{"href":"https:\/\/macite.tg\/index.php?rest_route=\/wp\/v2\/posts"}],"about":[{"href":"https:\/\/macite.tg\/index.php?rest_route=\/wp\/v2\/types\/post"}],"author":[{"embeddable":true,"href":"https:\/\/macite.tg\/index.php?rest_route=\/wp\/v2\/users\/2"}],"replies":[{"embeddable":true,"href":"https:\/\/macite.tg\/index.php?rest_route=%2Fwp%2Fv2%2Fcomments&post=21700"}],"version-history":[{"count":0,"href":"https:\/\/macite.tg\/index.php?rest_route=\/wp\/v2\/posts\/21700\/revisions"}],"wp:featuredmedia":[{"embeddable":true,"href":"https:\/\/macite.tg\/index.php?rest_route=\/wp\/v2\/media\/21701"}],"wp:attachment":[{"href":"https:\/\/macite.tg\/index.php?rest_route=%2Fwp%2Fv2%2Fmedia&parent=21700"}],"wp:term":[{"taxonomy":"category","embeddable":true,"href":"https:\/\/macite.tg\/index.php?rest_route=%2Fwp%2Fv2%2Fcategories&post=21700"},{"taxonomy":"post_tag","embeddable":true,"href":"https:\/\/macite.tg\/index.php?rest_route=%2Fwp%2Fv2%2Ftags&post=21700"}],"curies":[{"name":"wp","href":"https:\/\/api.w.org\/{rel}","templated":true}]}}