{"id":21694,"date":"2025-04-28T13:33:25","date_gmt":"2025-04-28T13:33:25","guid":{"rendered":"https:\/\/macite.tg\/?p=21694"},"modified":"2025-04-28T13:33:30","modified_gmt":"2025-04-28T13:33:30","slug":"commemoration-du-27-avril-le-president-faure-gnassingbe-a-rallume-la-flamme-de-lindependance","status":"publish","type":"post","link":"https:\/\/macite.tg\/?p=21694","title":{"rendered":"COMMEMORATION DU 27 AVRIL : Le Pr\u00e9sident Faure Gnassingb\u00e9 a rallum\u00e9 la flamme de l\u2019Ind\u00e9pendance"},"content":{"rendered":"\n<p class=\"wp-block-paragraph\"><strong><em>Le Chef de l\u2019Etat, Faure Essozimna Gnassingb\u00e9, a proc\u00e9d\u00e9 \u00e0 la ranimation de la flamme de l\u2019Ind\u00e9pendance. C\u2019\u00e9tait le samedi 26 avril dernier.<\/em><\/strong><\/p>\n\n\n\n<p class=\"wp-block-paragraph\">Dans le cadre des activit\u00e9s marquant la c\u00e9l\u00e9bration du 65<sup>\u00e8me<\/sup> anniversaire de l\u2019accession du Togo \u00e0 la souverainet\u00e9 internationale, le Pr\u00e9sident de la R\u00e9publique, a proc\u00e9d\u00e9, le samedi 26 avril, au rallumage de la flamme de l\u2019Ind\u00e9pendance.<\/p>\n\n\n<div class=\"wp-block-image\">\n<figure class=\"aligncenter size-large\"><img loading=\"lazy\" decoding=\"async\" width=\"1024\" height=\"878\" src=\"https:\/\/macite.tg\/wp-content\/uploads\/2025\/04\/OTR_TPU-ok-1024x878.jpg\" alt=\"\" class=\"wp-image-21635\" srcset=\"https:\/\/macite.tg\/wp-content\/uploads\/2025\/04\/OTR_TPU-ok-1024x878.jpg 1024w, https:\/\/macite.tg\/wp-content\/uploads\/2025\/04\/OTR_TPU-ok-300x257.jpg 300w, https:\/\/macite.tg\/wp-content\/uploads\/2025\/04\/OTR_TPU-ok-768x659.jpg 768w, https:\/\/macite.tg\/wp-content\/uploads\/2025\/04\/OTR_TPU-ok.jpg 1131w\" sizes=\"auto, (max-width: 1024px) 100vw, 1024px\" \/><\/figure>\n<\/div>\n\n\n<p class=\"wp-block-paragraph\">Ce c\u00e9r\u00e9monial r\u00e9publicain, organis\u00e9 \u00e0 la veille de la c\u00e9l\u00e9bration de la F\u00eate nationale du 27 avril, a r\u00e9uni, autour du Chef de l\u2019Etat \u00e0 la Place de l\u2019Ind\u00e9pendance, plusieurs personnalit\u00e9s mais aussi une foule nombreuse.<\/p>\n\n\n<div class=\"wp-block-image\">\n<figure class=\"aligncenter size-full\"><img loading=\"lazy\" decoding=\"async\" width=\"945\" height=\"575\" src=\"https:\/\/macite.tg\/wp-content\/uploads\/2025\/04\/image-85.png\" alt=\"\" class=\"wp-image-21607\" srcset=\"https:\/\/macite.tg\/wp-content\/uploads\/2025\/04\/image-85.png 945w, https:\/\/macite.tg\/wp-content\/uploads\/2025\/04\/image-85-300x183.png 300w, https:\/\/macite.tg\/wp-content\/uploads\/2025\/04\/image-85-768x467.png 768w\" sizes=\"auto, (max-width: 945px) 100vw, 945px\" \/><\/figure>\n<\/div>\n\n\n<p class=\"wp-block-paragraph\">Notons qu\u2019\u00e0 la veille de chaque 27 avril, le Chef de l\u2019Etat fait g\u00e9n\u00e9ralement cet exercice, un geste hautement symbolique, un devoir de m\u00e9moire collective, en somme, envers tous ceux qui ont sacrifi\u00e9 leur vie pour que naisse la Nation Togolaise, bref des h\u00e9ros nationaux.<\/p>\n\n\n\n<p class=\"wp-block-paragraph\"><strong>Mab\u00e9 B.<\/strong><\/p>\n\n\n\n<p class=\"wp-block-paragraph\"><a><strong><em>@macite.tg&nbsp;&nbsp;&nbsp;&nbsp;&nbsp;&nbsp;&nbsp;&nbsp;<\/em><\/strong><\/a><\/p>\n\n\n\n<p class=\"wp-block-paragraph\"><strong><em>E-mail&nbsp;: <\/em><\/strong><a href=\"mailto:maciteinfo@gmail.com\"><strong><em>maciteinfo@gmail.com<\/em><\/strong><\/a><strong><em>; <\/em><\/strong><a href=\"mailto:bawela1@gmail.com\"><strong><em>bawela1@gmail.com<\/em><\/strong><\/a><strong><em><\/em><\/strong><\/p>\n\n\n\n<p class=\"wp-block-paragraph\"><strong><em>Pour vos annonces, (publi)reportages, etc., joignez-nous au (00228)91515309\/<strong>79872224 <\/strong>www.macite.tg, L\u2019information, la bonne&nbsp;!<\/em><\/strong><\/p>\n","protected":false},"excerpt":{"rendered":"<p class=\"text-justify mb-2\" >Le Chef de l\u2019Etat, Faure Essozimna Gnassingb\u00e9, a proc\u00e9d\u00e9 \u00e0 la ranimation de la flamme de l\u2019Ind\u00e9pendance. C\u2019\u00e9tait le samedi 26 avril dernier. Dans le cadre des activit\u00e9s marquant la c\u00e9l\u00e9bration du 65\u00e8me anniversaire de l\u2019accession du Togo \u00e0 la souverainet\u00e9 internationale, le Pr\u00e9sident de [&hellip;]<\/p>\n","protected":false},"author":2,"featured_media":21695,"comment_status":"open","ping_status":"open","sticky":false,"template":"","format":"standard","meta":{"footnotes":""},"categories":[20,1],"tags":[],"class_list":["post-21694","post","type-post","status-publish","format-standard","has-post-thumbnail","hentry","category-actualite","category-politique"],"yoast_head":"<!-- This site is optimized with the Yoast SEO plugin v28.4 - https:\/\/yoast.com\/product\/yoast-seo-wordpress\/ -->\n<title>COMMEMORATION DU 27 AVRIL : Le Pr\u00e9sident Faure Gnassingb\u00e9 a rallum\u00e9 la flamme de l\u2019Ind\u00e9pendance -<\/title>\n<meta name=\"robots\" content=\"index, follow, max-snippet:-1, max-image-preview:large, max-video-preview:-1\" \/>\n<link rel=\"canonical\" href=\"https:\/\/macite.tg\/?p=21694\" \/>\n<meta property=\"og:locale\" content=\"fr_FR\" \/>\n<meta property=\"og:type\" content=\"article\" \/>\n<meta property=\"og:title\" content=\"COMMEMORATION DU 27 AVRIL : Le Pr\u00e9sident Faure Gnassingb\u00e9 a rallum\u00e9 la flamme de l\u2019Ind\u00e9pendance -\" \/>\n<meta property=\"og:description\" content=\"Le Chef de l\u2019Etat, Faure Essozimna Gnassingb\u00e9, a proc\u00e9d\u00e9 \u00e0 la ranimation de la flamme de l\u2019Ind\u00e9pendance. C\u2019\u00e9tait le samedi 26 avril dernier. Dans le cadre des activit\u00e9s marquant la c\u00e9l\u00e9bration du 65\u00e8me anniversaire de l\u2019accession du Togo \u00e0 la souverainet\u00e9 internationale, le Pr\u00e9sident de [&hellip;]\" \/>\n<meta property=\"og:url\" content=\"https:\/\/macite.tg\/?p=21694\" \/>\n<meta property=\"article:published_time\" content=\"2025-04-28T13:33:25+00:00\" \/>\n<meta property=\"article:modified_time\" content=\"2025-04-28T13:33:30+00:00\" \/>\n<meta property=\"og:image\" content=\"https:\/\/macite.tg\/wp-content\/uploads\/2025\/04\/Flamme.jpg\" \/>\n\t<meta property=\"og:image:width\" content=\"500\" \/>\n\t<meta property=\"og:image:height\" content=\"505\" \/>\n\t<meta property=\"og:image:type\" content=\"image\/jpeg\" \/>\n<meta name=\"author\" content=\"Jean Pierre BAWELA\" \/>\n<meta name=\"twitter:card\" content=\"summary_large_image\" \/>\n<meta name=\"twitter:label1\" content=\"\u00c9crit par\" \/>\n\t<meta name=\"twitter:data1\" content=\"Jean Pierre BAWELA\" \/>\n\t<meta name=\"twitter:label2\" content=\"Dur\u00e9e de lecture estim\u00e9e\" \/>\n\t<meta name=\"twitter:data2\" content=\"2 minutes\" \/>\n<script type=\"application\/ld+json\" class=\"yoast-schema-graph\">{\"@context\":\"https:\\\/\\\/schema.org\",\"@graph\":[{\"@type\":\"Article\",\"@id\":\"https:\\\/\\\/macite.tg\\\/?p=21694#article\",\"isPartOf\":{\"@id\":\"https:\\\/\\\/macite.tg\\\/?p=21694\"},\"author\":{\"name\":\"Jean Pierre BAWELA\",\"@id\":\"https:\\\/\\\/macite.tg\\\/#\\\/schema\\\/person\\\/e9f2de7e5dbbe7770a9402c7ce82f5c2\"},\"headline\":\"COMMEMORATION DU 27 AVRIL : Le Pr\u00e9sident Faure Gnassingb\u00e9 a rallum\u00e9 la flamme de l\u2019Ind\u00e9pendance\",\"datePublished\":\"2025-04-28T13:33:25+00:00\",\"dateModified\":\"2025-04-28T13:33:30+00:00\",\"mainEntityOfPage\":{\"@id\":\"https:\\\/\\\/macite.tg\\\/?p=21694\"},\"wordCount\":215,\"commentCount\":0,\"image\":{\"@id\":\"https:\\\/\\\/macite.tg\\\/?p=21694#primaryimage\"},\"thumbnailUrl\":\"https:\\\/\\\/macite.tg\\\/wp-content\\\/uploads\\\/2025\\\/04\\\/Flamme.jpg\",\"articleSection\":[\"ACTUALITE\",\"POLITIQUE\"],\"inLanguage\":\"fr-FR\",\"potentialAction\":[{\"@type\":\"CommentAction\",\"name\":\"Comment\",\"target\":[\"https:\\\/\\\/macite.tg\\\/?p=21694#respond\"]}]},{\"@type\":\"WebPage\",\"@id\":\"https:\\\/\\\/macite.tg\\\/?p=21694\",\"url\":\"https:\\\/\\\/macite.tg\\\/?p=21694\",\"name\":\"COMMEMORATION DU 27 AVRIL : Le Pr\u00e9sident Faure Gnassingb\u00e9 a rallum\u00e9 la flamme de l\u2019Ind\u00e9pendance -\",\"isPartOf\":{\"@id\":\"https:\\\/\\\/macite.tg\\\/#website\"},\"primaryImageOfPage\":{\"@id\":\"https:\\\/\\\/macite.tg\\\/?p=21694#primaryimage\"},\"image\":{\"@id\":\"https:\\\/\\\/macite.tg\\\/?p=21694#primaryimage\"},\"thumbnailUrl\":\"https:\\\/\\\/macite.tg\\\/wp-content\\\/uploads\\\/2025\\\/04\\\/Flamme.jpg\",\"datePublished\":\"2025-04-28T13:33:25+00:00\",\"dateModified\":\"2025-04-28T13:33:30+00:00\",\"author\":{\"@id\":\"https:\\\/\\\/macite.tg\\\/#\\\/schema\\\/person\\\/e9f2de7e5dbbe7770a9402c7ce82f5c2\"},\"breadcrumb\":{\"@id\":\"https:\\\/\\\/macite.tg\\\/?p=21694#breadcrumb\"},\"inLanguage\":\"fr-FR\",\"potentialAction\":[{\"@type\":\"ReadAction\",\"target\":[\"https:\\\/\\\/macite.tg\\\/?p=21694\"]}]},{\"@type\":\"ImageObject\",\"inLanguage\":\"fr-FR\",\"@id\":\"https:\\\/\\\/macite.tg\\\/?p=21694#primaryimage\",\"url\":\"https:\\\/\\\/macite.tg\\\/wp-content\\\/uploads\\\/2025\\\/04\\\/Flamme.jpg\",\"contentUrl\":\"https:\\\/\\\/macite.tg\\\/wp-content\\\/uploads\\\/2025\\\/04\\\/Flamme.jpg\",\"width\":500,\"height\":505},{\"@type\":\"BreadcrumbList\",\"@id\":\"https:\\\/\\\/macite.tg\\\/?p=21694#breadcrumb\",\"itemListElement\":[{\"@type\":\"ListItem\",\"position\":1,\"name\":\"Accueil\",\"item\":\"https:\\\/\\\/macite.tg\\\/\"},{\"@type\":\"ListItem\",\"position\":2,\"name\":\"COMMEMORATION DU 27 AVRIL : Le Pr\u00e9sident Faure Gnassingb\u00e9 a rallum\u00e9 la flamme de l\u2019Ind\u00e9pendance\"}]},{\"@type\":\"WebSite\",\"@id\":\"https:\\\/\\\/macite.tg\\\/#website\",\"url\":\"https:\\\/\\\/macite.tg\\\/\",\"name\":\"\",\"description\":\"L&#039;information, la bonne!!!\",\"potentialAction\":[{\"@type\":\"SearchAction\",\"target\":{\"@type\":\"EntryPoint\",\"urlTemplate\":\"https:\\\/\\\/macite.tg\\\/?s={search_term_string}\"},\"query-input\":{\"@type\":\"PropertyValueSpecification\",\"valueRequired\":true,\"valueName\":\"search_term_string\"}}],\"inLanguage\":\"fr-FR\"},{\"@type\":\"Person\",\"@id\":\"https:\\\/\\\/macite.tg\\\/#\\\/schema\\\/person\\\/e9f2de7e5dbbe7770a9402c7ce82f5c2\",\"name\":\"Jean Pierre BAWELA\",\"image\":{\"@type\":\"ImageObject\",\"inLanguage\":\"fr-FR\",\"@id\":\"https:\\\/\\\/macite.tg\\\/wp-content\\\/uploads\\\/2023\\\/09\\\/WhatsApp-Image-2023-09-19-at-14.44.41-122x122.jpeg\",\"url\":\"https:\\\/\\\/macite.tg\\\/wp-content\\\/uploads\\\/2023\\\/09\\\/WhatsApp-Image-2023-09-19-at-14.44.41-122x122.jpeg\",\"contentUrl\":\"https:\\\/\\\/macite.tg\\\/wp-content\\\/uploads\\\/2023\\\/09\\\/WhatsApp-Image-2023-09-19-at-14.44.41-122x122.jpeg\",\"caption\":\"Jean Pierre BAWELA\"},\"url\":\"https:\\\/\\\/macite.tg\\\/?author=2\"}]}<\/script>\n<!-- \/ Yoast SEO plugin. -->","yoast_head_json":{"title":"COMMEMORATION DU 27 AVRIL : Le Pr\u00e9sident Faure Gnassingb\u00e9 a rallum\u00e9 la flamme de l\u2019Ind\u00e9pendance -","robots":{"index":"index","follow":"follow","max-snippet":"max-snippet:-1","max-image-preview":"max-image-preview:large","max-video-preview":"max-video-preview:-1"},"canonical":"https:\/\/macite.tg\/?p=21694","og_locale":"fr_FR","og_type":"article","og_title":"COMMEMORATION DU 27 AVRIL : Le Pr\u00e9sident Faure Gnassingb\u00e9 a rallum\u00e9 la flamme de l\u2019Ind\u00e9pendance -","og_description":"Le Chef de l\u2019Etat, Faure Essozimna Gnassingb\u00e9, a proc\u00e9d\u00e9 \u00e0 la ranimation de la flamme de l\u2019Ind\u00e9pendance. C\u2019\u00e9tait le samedi 26 avril dernier. Dans le cadre des activit\u00e9s marquant la c\u00e9l\u00e9bration du 65\u00e8me anniversaire de l\u2019accession du Togo \u00e0 la souverainet\u00e9 internationale, le Pr\u00e9sident de [&hellip;]","og_url":"https:\/\/macite.tg\/?p=21694","article_published_time":"2025-04-28T13:33:25+00:00","article_modified_time":"2025-04-28T13:33:30+00:00","og_image":[{"width":500,"height":505,"url":"https:\/\/macite.tg\/wp-content\/uploads\/2025\/04\/Flamme.jpg","type":"image\/jpeg"}],"author":"Jean Pierre BAWELA","twitter_card":"summary_large_image","twitter_misc":{"\u00c9crit par":"Jean Pierre BAWELA","Dur\u00e9e de lecture estim\u00e9e":"2 minutes"},"schema":{"@context":"https:\/\/schema.org","@graph":[{"@type":"Article","@id":"https:\/\/macite.tg\/?p=21694#article","isPartOf":{"@id":"https:\/\/macite.tg\/?p=21694"},"author":{"name":"Jean Pierre BAWELA","@id":"https:\/\/macite.tg\/#\/schema\/person\/e9f2de7e5dbbe7770a9402c7ce82f5c2"},"headline":"COMMEMORATION DU 27 AVRIL : Le Pr\u00e9sident Faure Gnassingb\u00e9 a rallum\u00e9 la flamme de l\u2019Ind\u00e9pendance","datePublished":"2025-04-28T13:33:25+00:00","dateModified":"2025-04-28T13:33:30+00:00","mainEntityOfPage":{"@id":"https:\/\/macite.tg\/?p=21694"},"wordCount":215,"commentCount":0,"image":{"@id":"https:\/\/macite.tg\/?p=21694#primaryimage"},"thumbnailUrl":"https:\/\/macite.tg\/wp-content\/uploads\/2025\/04\/Flamme.jpg","articleSection":["ACTUALITE","POLITIQUE"],"inLanguage":"fr-FR","potentialAction":[{"@type":"CommentAction","name":"Comment","target":["https:\/\/macite.tg\/?p=21694#respond"]}]},{"@type":"WebPage","@id":"https:\/\/macite.tg\/?p=21694","url":"https:\/\/macite.tg\/?p=21694","name":"COMMEMORATION DU 27 AVRIL : Le Pr\u00e9sident Faure Gnassingb\u00e9 a rallum\u00e9 la flamme de l\u2019Ind\u00e9pendance -","isPartOf":{"@id":"https:\/\/macite.tg\/#website"},"primaryImageOfPage":{"@id":"https:\/\/macite.tg\/?p=21694#primaryimage"},"image":{"@id":"https:\/\/macite.tg\/?p=21694#primaryimage"},"thumbnailUrl":"https:\/\/macite.tg\/wp-content\/uploads\/2025\/04\/Flamme.jpg","datePublished":"2025-04-28T13:33:25+00:00","dateModified":"2025-04-28T13:33:30+00:00","author":{"@id":"https:\/\/macite.tg\/#\/schema\/person\/e9f2de7e5dbbe7770a9402c7ce82f5c2"},"breadcrumb":{"@id":"https:\/\/macite.tg\/?p=21694#breadcrumb"},"inLanguage":"fr-FR","potentialAction":[{"@type":"ReadAction","target":["https:\/\/macite.tg\/?p=21694"]}]},{"@type":"ImageObject","inLanguage":"fr-FR","@id":"https:\/\/macite.tg\/?p=21694#primaryimage","url":"https:\/\/macite.tg\/wp-content\/uploads\/2025\/04\/Flamme.jpg","contentUrl":"https:\/\/macite.tg\/wp-content\/uploads\/2025\/04\/Flamme.jpg","width":500,"height":505},{"@type":"BreadcrumbList","@id":"https:\/\/macite.tg\/?p=21694#breadcrumb","itemListElement":[{"@type":"ListItem","position":1,"name":"Accueil","item":"https:\/\/macite.tg\/"},{"@type":"ListItem","position":2,"name":"COMMEMORATION DU 27 AVRIL : Le Pr\u00e9sident Faure Gnassingb\u00e9 a rallum\u00e9 la flamme de l\u2019Ind\u00e9pendance"}]},{"@type":"WebSite","@id":"https:\/\/macite.tg\/#website","url":"https:\/\/macite.tg\/","name":"","description":"L&#039;information, la bonne!!!","potentialAction":[{"@type":"SearchAction","target":{"@type":"EntryPoint","urlTemplate":"https:\/\/macite.tg\/?s={search_term_string}"},"query-input":{"@type":"PropertyValueSpecification","valueRequired":true,"valueName":"search_term_string"}}],"inLanguage":"fr-FR"},{"@type":"Person","@id":"https:\/\/macite.tg\/#\/schema\/person\/e9f2de7e5dbbe7770a9402c7ce82f5c2","name":"Jean Pierre BAWELA","image":{"@type":"ImageObject","inLanguage":"fr-FR","@id":"https:\/\/macite.tg\/wp-content\/uploads\/2023\/09\/WhatsApp-Image-2023-09-19-at-14.44.41-122x122.jpeg","url":"https:\/\/macite.tg\/wp-content\/uploads\/2023\/09\/WhatsApp-Image-2023-09-19-at-14.44.41-122x122.jpeg","contentUrl":"https:\/\/macite.tg\/wp-content\/uploads\/2023\/09\/WhatsApp-Image-2023-09-19-at-14.44.41-122x122.jpeg","caption":"Jean Pierre BAWELA"},"url":"https:\/\/macite.tg\/?author=2"}]}},"_links":{"self":[{"href":"https:\/\/macite.tg\/index.php?rest_route=\/wp\/v2\/posts\/21694","targetHints":{"allow":["GET"]}}],"collection":[{"href":"https:\/\/macite.tg\/index.php?rest_route=\/wp\/v2\/posts"}],"about":[{"href":"https:\/\/macite.tg\/index.php?rest_route=\/wp\/v2\/types\/post"}],"author":[{"embeddable":true,"href":"https:\/\/macite.tg\/index.php?rest_route=\/wp\/v2\/users\/2"}],"replies":[{"embeddable":true,"href":"https:\/\/macite.tg\/index.php?rest_route=%2Fwp%2Fv2%2Fcomments&post=21694"}],"version-history":[{"count":0,"href":"https:\/\/macite.tg\/index.php?rest_route=\/wp\/v2\/posts\/21694\/revisions"}],"wp:featuredmedia":[{"embeddable":true,"href":"https:\/\/macite.tg\/index.php?rest_route=\/wp\/v2\/media\/21695"}],"wp:attachment":[{"href":"https:\/\/macite.tg\/index.php?rest_route=%2Fwp%2Fv2%2Fmedia&parent=21694"}],"wp:term":[{"taxonomy":"category","embeddable":true,"href":"https:\/\/macite.tg\/index.php?rest_route=%2Fwp%2Fv2%2Fcategories&post=21694"},{"taxonomy":"post_tag","embeddable":true,"href":"https:\/\/macite.tg\/index.php?rest_route=%2Fwp%2Fv2%2Ftags&post=21694"}],"curies":[{"name":"wp","href":"https:\/\/api.w.org\/{rel}","templated":true}]}}