{"id":21681,"date":"2025-04-28T11:10:11","date_gmt":"2025-04-28T11:10:11","guid":{"rendered":"https:\/\/macite.tg\/?p=21681"},"modified":"2025-04-28T11:14:33","modified_gmt":"2025-04-28T11:14:33","slug":"obseques-du-pape-francois-les-adieux-du-president-faure-au-souverain-pontife","status":"publish","type":"post","link":"https:\/\/macite.tg\/?p=21681","title":{"rendered":"OBSEQUES DU PAPE FRAN\u00c7OIS : Les adieux du Pr\u00e9sident Faure Gnassingb\u00e9 au Souverain pontife"},"content":{"rendered":"\n<p class=\"wp-block-paragraph\"><strong><em>D\u00e9c\u00e9d\u00e9 le lundi 21 avril dernier apr\u00e8s douze ann\u00e9es de pontificat, le Pape Fran\u00e7ois a eu droit, le samedi 26 avril, \u00e0 des obs\u00e8ques organis\u00e9es sur la Place Saint Pierre de Rome. Environ 200.000 personnes ont assist\u00e9 \u00e0 cette messe d\u2019inhumation, parmi lesquelles des dirigeants du monde dont Faure Essozimna Gnassingb\u00e9.<\/em><\/strong><\/p>\n\n\n\n<p class=\"wp-block-paragraph\">Jorge Mario Bergoglio devenu, en mars 2013, le 266\u00e8me Pape de l\u2019Eglise catholique et le premier souverain non-europ\u00e9en de l\u2019histoire, aura pass\u00e9 douze ann\u00e9es de pontificat.<\/p>\n\n\n\n<p class=\"wp-block-paragraph\">Fauch\u00e9 \u00e0 88 ans d&rsquo;un accident vasculaire c\u00e9r\u00e9bral (AVC), selon le Vatican, l\u2019homme venait de sortir de plusieurs semaines d\u2019hospitalisation pour une pneumonie, maladie respiratoire \u00e9tant son talon d\u2019Achille, le Pape Fran\u00e7ois \u00e9tait apparu, tr\u00e8s faible, le dimanche lors de la c\u00e9l\u00e9bration de P\u00e2ques sur la Place Saint-Pierre au Vatican. Comme pour dire ses adieux aux fid\u00e8les chr\u00e9tiens.<\/p>\n\n\n<div class=\"wp-block-image\">\n<figure class=\"aligncenter size-full is-resized\"><img loading=\"lazy\" decoding=\"async\" width=\"325\" height=\"250\" src=\"https:\/\/macite.tg\/wp-content\/uploads\/2025\/04\/image-97.png\" alt=\"\" class=\"wp-image-21684\" style=\"width:634px;height:auto\" srcset=\"https:\/\/macite.tg\/wp-content\/uploads\/2025\/04\/image-97.png 325w, https:\/\/macite.tg\/wp-content\/uploads\/2025\/04\/image-97-300x231.png 300w\" sizes=\"auto, (max-width: 325px) 100vw, 325px\" \/><figcaption class=\"wp-element-caption\"><strong><em>Le pape Fran\u00e7ois lors du bain de foule le dimanche 20 avril dernier \u00e0 la Place St Pierre du Vatican.<\/em><\/strong><\/figcaption><\/figure>\n<\/div>\n\n\n<p class=\"wp-block-paragraph\">Le samedi 26 avril dernier, une messe de requiem, qui a eu plusieurs temps forts, a \u00e9t\u00e9 organis\u00e9e \u00e0 la Place Saint Pierre de Rome.<\/p>\n\n\n\n<p class=\"wp-block-paragraph\">Le doyen du coll\u00e8ge des cardinaux, Monseigneur Giovanni Battista Re, qui a dirig\u00e9 les offices, a d\u00e9clar\u00e9 que <em>\u00ab&nbsp;le pape Fran\u00e7ois n\u2019a cess\u00e9 d\u2019\u00e9lever la voix pour implorer la paix et appeler \u00e0 la raison, \u00e0 des n\u00e9gociations honn\u00eates afin de trouver les solutions possibles&nbsp;\u00bb.<\/em> Il a ensuite adress\u00e9 <em>\u00ab&nbsp;un salut respectueux et de vifs remerciements aux chefs d\u2019\u00c9tat, aux chefs de gouvernement et aux d\u00e9l\u00e9gations officielles venus de nombreux pays pour exprimer leur affection, leur v\u00e9n\u00e9ration et leur estime envers le pape qui nous a quitt\u00e9s&nbsp;\u00bb.<\/em><\/p>\n\n\n<div class=\"wp-block-image\">\n<figure class=\"aligncenter size-large\"><img loading=\"lazy\" decoding=\"async\" width=\"1024\" height=\"878\" src=\"https:\/\/macite.tg\/wp-content\/uploads\/2025\/04\/OTR_TPU-ok-1024x878.jpg\" alt=\"\" class=\"wp-image-21635\" srcset=\"https:\/\/macite.tg\/wp-content\/uploads\/2025\/04\/OTR_TPU-ok-1024x878.jpg 1024w, https:\/\/macite.tg\/wp-content\/uploads\/2025\/04\/OTR_TPU-ok-300x257.jpg 300w, https:\/\/macite.tg\/wp-content\/uploads\/2025\/04\/OTR_TPU-ok-768x659.jpg 768w, https:\/\/macite.tg\/wp-content\/uploads\/2025\/04\/OTR_TPU-ok.jpg 1131w\" sizes=\"auto, (max-width: 1024px) 100vw, 1024px\" \/><\/figure>\n<\/div>\n\n\n<p class=\"wp-block-paragraph\">A l\u2019annonce de son d\u00e9c\u00e8s, le pr\u00e9sident togolais avait, dans un message, salu\u00e9 la m\u00e9moire d\u2019un <em>\u00ab&nbsp;artisan infatigable de paix, de justice et de fraternit\u00e9, il laisse une empreinte profonde dans notre humanit\u00e9&nbsp;\u00bb.<\/em><\/p>\n\n\n\n<p class=\"wp-block-paragraph\"><strong>JPB<\/strong><\/p>\n\n\n\n<p class=\"wp-block-paragraph\"><a><strong><em>@macite.tg&nbsp;&nbsp;&nbsp;&nbsp;&nbsp;&nbsp;&nbsp;&nbsp;<\/em><\/strong><\/a><\/p>\n\n\n\n<p class=\"wp-block-paragraph\"><strong><em>E-mail&nbsp;: <\/em><\/strong><a href=\"mailto:maciteinfo@gmail.com\"><strong><em>maciteinfo@gmail.com<\/em><\/strong><\/a><strong><em>; <\/em><\/strong><a href=\"mailto:bawela1@gmail.com\"><strong><em>bawela1@gmail.com<\/em><\/strong><\/a><strong><em><\/em><\/strong><\/p>\n\n\n\n<p class=\"wp-block-paragraph\"><strong><em>Pour vos annonces, (publi)reportages, etc., joignez-nous au (00228)91515309\/<strong>79872224 <\/strong>www.macite.tg, L\u2019information, la bonne&nbsp;!<\/em><\/strong><\/p>\n\n\n\n<p class=\"wp-block-paragraph\"><\/p>\n","protected":false},"excerpt":{"rendered":"<p class=\"text-justify mb-2\" >D\u00e9c\u00e9d\u00e9 le lundi 21 avril dernier apr\u00e8s douze ann\u00e9es de pontificat, le Pape Fran\u00e7ois a eu droit, le samedi 26 avril, \u00e0 des obs\u00e8ques organis\u00e9es sur la Place Saint Pierre de Rome. Environ 200.000 personnes ont assist\u00e9 \u00e0 cette messe d\u2019inhumation, parmi lesquelles des dirigeants [&hellip;]<\/p>\n","protected":false},"author":2,"featured_media":21682,"comment_status":"open","ping_status":"open","sticky":false,"template":"","format":"standard","meta":{"footnotes":""},"categories":[20,62],"tags":[],"class_list":["post-21681","post","type-post","status-publish","format-standard","has-post-thumbnail","hentry","category-actualite","category-hommage"],"yoast_head":"<!-- This site is optimized with the Yoast SEO plugin v28.4 - https:\/\/yoast.com\/product\/yoast-seo-wordpress\/ -->\n<title>OBSEQUES DU PAPE FRAN\u00c7OIS : Les adieux du Pr\u00e9sident Faure Gnassingb\u00e9 au Souverain pontife -<\/title>\n<meta name=\"robots\" content=\"index, follow, max-snippet:-1, max-image-preview:large, max-video-preview:-1\" \/>\n<link rel=\"canonical\" href=\"https:\/\/macite.tg\/?p=21681\" \/>\n<meta property=\"og:locale\" content=\"fr_FR\" \/>\n<meta property=\"og:type\" content=\"article\" \/>\n<meta property=\"og:title\" content=\"OBSEQUES DU PAPE FRAN\u00c7OIS : Les adieux du Pr\u00e9sident Faure Gnassingb\u00e9 au Souverain pontife -\" \/>\n<meta property=\"og:description\" content=\"D\u00e9c\u00e9d\u00e9 le lundi 21 avril dernier apr\u00e8s douze ann\u00e9es de pontificat, le Pape Fran\u00e7ois a eu droit, le samedi 26 avril, \u00e0 des obs\u00e8ques organis\u00e9es sur la Place Saint Pierre de Rome. Environ 200.000 personnes ont assist\u00e9 \u00e0 cette messe d\u2019inhumation, parmi lesquelles des dirigeants [&hellip;]\" \/>\n<meta property=\"og:url\" content=\"https:\/\/macite.tg\/?p=21681\" \/>\n<meta property=\"article:published_time\" content=\"2025-04-28T11:10:11+00:00\" \/>\n<meta property=\"article:modified_time\" content=\"2025-04-28T11:14:33+00:00\" \/>\n<meta property=\"og:image\" content=\"https:\/\/macite.tg\/wp-content\/uploads\/2025\/04\/Pape.jpg\" \/>\n\t<meta property=\"og:image:width\" content=\"500\" \/>\n\t<meta property=\"og:image:height\" content=\"163\" \/>\n\t<meta property=\"og:image:type\" content=\"image\/jpeg\" \/>\n<meta name=\"author\" content=\"Jean Pierre BAWELA\" \/>\n<meta name=\"twitter:card\" content=\"summary_large_image\" \/>\n<meta name=\"twitter:label1\" content=\"\u00c9crit par\" \/>\n\t<meta name=\"twitter:data1\" content=\"Jean Pierre BAWELA\" \/>\n\t<meta name=\"twitter:label2\" content=\"Dur\u00e9e de lecture estim\u00e9e\" \/>\n\t<meta name=\"twitter:data2\" content=\"3 minutes\" \/>\n<script type=\"application\/ld+json\" class=\"yoast-schema-graph\">{\"@context\":\"https:\\\/\\\/schema.org\",\"@graph\":[{\"@type\":\"Article\",\"@id\":\"https:\\\/\\\/macite.tg\\\/?p=21681#article\",\"isPartOf\":{\"@id\":\"https:\\\/\\\/macite.tg\\\/?p=21681\"},\"author\":{\"name\":\"Jean Pierre BAWELA\",\"@id\":\"https:\\\/\\\/macite.tg\\\/#\\\/schema\\\/person\\\/e9f2de7e5dbbe7770a9402c7ce82f5c2\"},\"headline\":\"OBSEQUES DU PAPE FRAN\u00c7OIS : Les adieux du Pr\u00e9sident Faure Gnassingb\u00e9 au Souverain pontife\",\"datePublished\":\"2025-04-28T11:10:11+00:00\",\"dateModified\":\"2025-04-28T11:14:33+00:00\",\"mainEntityOfPage\":{\"@id\":\"https:\\\/\\\/macite.tg\\\/?p=21681\"},\"wordCount\":388,\"commentCount\":0,\"image\":{\"@id\":\"https:\\\/\\\/macite.tg\\\/?p=21681#primaryimage\"},\"thumbnailUrl\":\"https:\\\/\\\/macite.tg\\\/wp-content\\\/uploads\\\/2025\\\/04\\\/Pape.jpg\",\"articleSection\":[\"ACTUALITE\",\"HOMMAGE\"],\"inLanguage\":\"fr-FR\",\"potentialAction\":[{\"@type\":\"CommentAction\",\"name\":\"Comment\",\"target\":[\"https:\\\/\\\/macite.tg\\\/?p=21681#respond\"]}]},{\"@type\":\"WebPage\",\"@id\":\"https:\\\/\\\/macite.tg\\\/?p=21681\",\"url\":\"https:\\\/\\\/macite.tg\\\/?p=21681\",\"name\":\"OBSEQUES DU PAPE FRAN\u00c7OIS : Les adieux du Pr\u00e9sident Faure Gnassingb\u00e9 au Souverain pontife -\",\"isPartOf\":{\"@id\":\"https:\\\/\\\/macite.tg\\\/#website\"},\"primaryImageOfPage\":{\"@id\":\"https:\\\/\\\/macite.tg\\\/?p=21681#primaryimage\"},\"image\":{\"@id\":\"https:\\\/\\\/macite.tg\\\/?p=21681#primaryimage\"},\"thumbnailUrl\":\"https:\\\/\\\/macite.tg\\\/wp-content\\\/uploads\\\/2025\\\/04\\\/Pape.jpg\",\"datePublished\":\"2025-04-28T11:10:11+00:00\",\"dateModified\":\"2025-04-28T11:14:33+00:00\",\"author\":{\"@id\":\"https:\\\/\\\/macite.tg\\\/#\\\/schema\\\/person\\\/e9f2de7e5dbbe7770a9402c7ce82f5c2\"},\"breadcrumb\":{\"@id\":\"https:\\\/\\\/macite.tg\\\/?p=21681#breadcrumb\"},\"inLanguage\":\"fr-FR\",\"potentialAction\":[{\"@type\":\"ReadAction\",\"target\":[\"https:\\\/\\\/macite.tg\\\/?p=21681\"]}]},{\"@type\":\"ImageObject\",\"inLanguage\":\"fr-FR\",\"@id\":\"https:\\\/\\\/macite.tg\\\/?p=21681#primaryimage\",\"url\":\"https:\\\/\\\/macite.tg\\\/wp-content\\\/uploads\\\/2025\\\/04\\\/Pape.jpg\",\"contentUrl\":\"https:\\\/\\\/macite.tg\\\/wp-content\\\/uploads\\\/2025\\\/04\\\/Pape.jpg\",\"width\":500,\"height\":163},{\"@type\":\"BreadcrumbList\",\"@id\":\"https:\\\/\\\/macite.tg\\\/?p=21681#breadcrumb\",\"itemListElement\":[{\"@type\":\"ListItem\",\"position\":1,\"name\":\"Accueil\",\"item\":\"https:\\\/\\\/macite.tg\\\/\"},{\"@type\":\"ListItem\",\"position\":2,\"name\":\"OBSEQUES DU PAPE FRAN\u00c7OIS : Les adieux du Pr\u00e9sident Faure Gnassingb\u00e9 au Souverain pontife\"}]},{\"@type\":\"WebSite\",\"@id\":\"https:\\\/\\\/macite.tg\\\/#website\",\"url\":\"https:\\\/\\\/macite.tg\\\/\",\"name\":\"\",\"description\":\"L&#039;information, la bonne!!!\",\"potentialAction\":[{\"@type\":\"SearchAction\",\"target\":{\"@type\":\"EntryPoint\",\"urlTemplate\":\"https:\\\/\\\/macite.tg\\\/?s={search_term_string}\"},\"query-input\":{\"@type\":\"PropertyValueSpecification\",\"valueRequired\":true,\"valueName\":\"search_term_string\"}}],\"inLanguage\":\"fr-FR\"},{\"@type\":\"Person\",\"@id\":\"https:\\\/\\\/macite.tg\\\/#\\\/schema\\\/person\\\/e9f2de7e5dbbe7770a9402c7ce82f5c2\",\"name\":\"Jean Pierre BAWELA\",\"image\":{\"@type\":\"ImageObject\",\"inLanguage\":\"fr-FR\",\"@id\":\"https:\\\/\\\/macite.tg\\\/wp-content\\\/uploads\\\/2023\\\/09\\\/WhatsApp-Image-2023-09-19-at-14.44.41-122x122.jpeg\",\"url\":\"https:\\\/\\\/macite.tg\\\/wp-content\\\/uploads\\\/2023\\\/09\\\/WhatsApp-Image-2023-09-19-at-14.44.41-122x122.jpeg\",\"contentUrl\":\"https:\\\/\\\/macite.tg\\\/wp-content\\\/uploads\\\/2023\\\/09\\\/WhatsApp-Image-2023-09-19-at-14.44.41-122x122.jpeg\",\"caption\":\"Jean Pierre BAWELA\"},\"url\":\"https:\\\/\\\/macite.tg\\\/?author=2\"}]}<\/script>\n<!-- \/ Yoast SEO plugin. -->","yoast_head_json":{"title":"OBSEQUES DU PAPE FRAN\u00c7OIS : Les adieux du Pr\u00e9sident Faure Gnassingb\u00e9 au Souverain pontife -","robots":{"index":"index","follow":"follow","max-snippet":"max-snippet:-1","max-image-preview":"max-image-preview:large","max-video-preview":"max-video-preview:-1"},"canonical":"https:\/\/macite.tg\/?p=21681","og_locale":"fr_FR","og_type":"article","og_title":"OBSEQUES DU PAPE FRAN\u00c7OIS : Les adieux du Pr\u00e9sident Faure Gnassingb\u00e9 au Souverain pontife -","og_description":"D\u00e9c\u00e9d\u00e9 le lundi 21 avril dernier apr\u00e8s douze ann\u00e9es de pontificat, le Pape Fran\u00e7ois a eu droit, le samedi 26 avril, \u00e0 des obs\u00e8ques organis\u00e9es sur la Place Saint Pierre de Rome. Environ 200.000 personnes ont assist\u00e9 \u00e0 cette messe d\u2019inhumation, parmi lesquelles des dirigeants [&hellip;]","og_url":"https:\/\/macite.tg\/?p=21681","article_published_time":"2025-04-28T11:10:11+00:00","article_modified_time":"2025-04-28T11:14:33+00:00","og_image":[{"width":500,"height":163,"url":"https:\/\/macite.tg\/wp-content\/uploads\/2025\/04\/Pape.jpg","type":"image\/jpeg"}],"author":"Jean Pierre BAWELA","twitter_card":"summary_large_image","twitter_misc":{"\u00c9crit par":"Jean Pierre BAWELA","Dur\u00e9e de lecture estim\u00e9e":"3 minutes"},"schema":{"@context":"https:\/\/schema.org","@graph":[{"@type":"Article","@id":"https:\/\/macite.tg\/?p=21681#article","isPartOf":{"@id":"https:\/\/macite.tg\/?p=21681"},"author":{"name":"Jean Pierre BAWELA","@id":"https:\/\/macite.tg\/#\/schema\/person\/e9f2de7e5dbbe7770a9402c7ce82f5c2"},"headline":"OBSEQUES DU PAPE FRAN\u00c7OIS : Les adieux du Pr\u00e9sident Faure Gnassingb\u00e9 au Souverain pontife","datePublished":"2025-04-28T11:10:11+00:00","dateModified":"2025-04-28T11:14:33+00:00","mainEntityOfPage":{"@id":"https:\/\/macite.tg\/?p=21681"},"wordCount":388,"commentCount":0,"image":{"@id":"https:\/\/macite.tg\/?p=21681#primaryimage"},"thumbnailUrl":"https:\/\/macite.tg\/wp-content\/uploads\/2025\/04\/Pape.jpg","articleSection":["ACTUALITE","HOMMAGE"],"inLanguage":"fr-FR","potentialAction":[{"@type":"CommentAction","name":"Comment","target":["https:\/\/macite.tg\/?p=21681#respond"]}]},{"@type":"WebPage","@id":"https:\/\/macite.tg\/?p=21681","url":"https:\/\/macite.tg\/?p=21681","name":"OBSEQUES DU PAPE FRAN\u00c7OIS : Les adieux du Pr\u00e9sident Faure Gnassingb\u00e9 au Souverain pontife -","isPartOf":{"@id":"https:\/\/macite.tg\/#website"},"primaryImageOfPage":{"@id":"https:\/\/macite.tg\/?p=21681#primaryimage"},"image":{"@id":"https:\/\/macite.tg\/?p=21681#primaryimage"},"thumbnailUrl":"https:\/\/macite.tg\/wp-content\/uploads\/2025\/04\/Pape.jpg","datePublished":"2025-04-28T11:10:11+00:00","dateModified":"2025-04-28T11:14:33+00:00","author":{"@id":"https:\/\/macite.tg\/#\/schema\/person\/e9f2de7e5dbbe7770a9402c7ce82f5c2"},"breadcrumb":{"@id":"https:\/\/macite.tg\/?p=21681#breadcrumb"},"inLanguage":"fr-FR","potentialAction":[{"@type":"ReadAction","target":["https:\/\/macite.tg\/?p=21681"]}]},{"@type":"ImageObject","inLanguage":"fr-FR","@id":"https:\/\/macite.tg\/?p=21681#primaryimage","url":"https:\/\/macite.tg\/wp-content\/uploads\/2025\/04\/Pape.jpg","contentUrl":"https:\/\/macite.tg\/wp-content\/uploads\/2025\/04\/Pape.jpg","width":500,"height":163},{"@type":"BreadcrumbList","@id":"https:\/\/macite.tg\/?p=21681#breadcrumb","itemListElement":[{"@type":"ListItem","position":1,"name":"Accueil","item":"https:\/\/macite.tg\/"},{"@type":"ListItem","position":2,"name":"OBSEQUES DU PAPE FRAN\u00c7OIS : Les adieux du Pr\u00e9sident Faure Gnassingb\u00e9 au Souverain pontife"}]},{"@type":"WebSite","@id":"https:\/\/macite.tg\/#website","url":"https:\/\/macite.tg\/","name":"","description":"L&#039;information, la bonne!!!","potentialAction":[{"@type":"SearchAction","target":{"@type":"EntryPoint","urlTemplate":"https:\/\/macite.tg\/?s={search_term_string}"},"query-input":{"@type":"PropertyValueSpecification","valueRequired":true,"valueName":"search_term_string"}}],"inLanguage":"fr-FR"},{"@type":"Person","@id":"https:\/\/macite.tg\/#\/schema\/person\/e9f2de7e5dbbe7770a9402c7ce82f5c2","name":"Jean Pierre BAWELA","image":{"@type":"ImageObject","inLanguage":"fr-FR","@id":"https:\/\/macite.tg\/wp-content\/uploads\/2023\/09\/WhatsApp-Image-2023-09-19-at-14.44.41-122x122.jpeg","url":"https:\/\/macite.tg\/wp-content\/uploads\/2023\/09\/WhatsApp-Image-2023-09-19-at-14.44.41-122x122.jpeg","contentUrl":"https:\/\/macite.tg\/wp-content\/uploads\/2023\/09\/WhatsApp-Image-2023-09-19-at-14.44.41-122x122.jpeg","caption":"Jean Pierre BAWELA"},"url":"https:\/\/macite.tg\/?author=2"}]}},"_links":{"self":[{"href":"https:\/\/macite.tg\/index.php?rest_route=\/wp\/v2\/posts\/21681","targetHints":{"allow":["GET"]}}],"collection":[{"href":"https:\/\/macite.tg\/index.php?rest_route=\/wp\/v2\/posts"}],"about":[{"href":"https:\/\/macite.tg\/index.php?rest_route=\/wp\/v2\/types\/post"}],"author":[{"embeddable":true,"href":"https:\/\/macite.tg\/index.php?rest_route=\/wp\/v2\/users\/2"}],"replies":[{"embeddable":true,"href":"https:\/\/macite.tg\/index.php?rest_route=%2Fwp%2Fv2%2Fcomments&post=21681"}],"version-history":[{"count":0,"href":"https:\/\/macite.tg\/index.php?rest_route=\/wp\/v2\/posts\/21681\/revisions"}],"wp:featuredmedia":[{"embeddable":true,"href":"https:\/\/macite.tg\/index.php?rest_route=\/wp\/v2\/media\/21682"}],"wp:attachment":[{"href":"https:\/\/macite.tg\/index.php?rest_route=%2Fwp%2Fv2%2Fmedia&parent=21681"}],"wp:term":[{"taxonomy":"category","embeddable":true,"href":"https:\/\/macite.tg\/index.php?rest_route=%2Fwp%2Fv2%2Fcategories&post=21681"},{"taxonomy":"post_tag","embeddable":true,"href":"https:\/\/macite.tg\/index.php?rest_route=%2Fwp%2Fv2%2Ftags&post=21681"}],"curies":[{"name":"wp","href":"https:\/\/api.w.org\/{rel}","templated":true}]}}