{"id":21667,"date":"2025-04-25T17:51:54","date_gmt":"2025-04-25T17:51:54","guid":{"rendered":"https:\/\/macite.tg\/?p=21667"},"modified":"2025-04-25T17:56:39","modified_gmt":"2025-04-25T17:56:39","slug":"accord-entre-la-cci-t-et-la-cjet-vers-un-meilleur-accompagnement-des-jeunes-entrepreneurs","status":"publish","type":"post","link":"https:\/\/macite.tg\/?p=21667","title":{"rendered":"ACCORD ENTRE LA CCI-T ET LA CJET: Vers un meilleur accompagnement des jeunes entrepreneurs"},"content":{"rendered":"\n<p class=\"wp-block-paragraph\"><strong><em>La Chambre de commerce et d\u2019industrie du Togo (CCI-T) et la Conf\u00e9d\u00e9ration des Juniors Entreprises du Togo (CJET) ont d\u00e9cid\u00e9 de faire route pour le bonheur des jeunes entreprises togolaise. En effet, une c\u00e9r\u00e9monie de signature de protocole d\u2019accord entre les deux parties, a eu lieu ce vendredi 25 avril \u00e0 la Chambre consulaire \u00e0 Lom\u00e9.<\/em><\/strong><\/p>\n\n\n\n<p class=\"wp-block-paragraph\">D\u00e9sormais, les jeunes entreprises membres de la CJET pourront b\u00e9n\u00e9ficier des expertises des experts de la Chambre consulaire pour, d\u2019abord, se structurer, et ensuite profiter des opportunit\u00e9s et encadrement n\u00e9cessaires pour devenir de grandes entreprises d\u2019ici cinq ans.<\/p>\n\n\n<div class=\"wp-block-image\">\n<figure class=\"aligncenter size-full is-resized\"><img loading=\"lazy\" decoding=\"async\" width=\"500\" height=\"304\" src=\"https:\/\/macite.tg\/wp-content\/uploads\/2025\/04\/OTR_SAM.jpg\" alt=\"\" class=\"wp-image-21608\" style=\"width:672px;height:auto\" srcset=\"https:\/\/macite.tg\/wp-content\/uploads\/2025\/04\/OTR_SAM.jpg 500w, https:\/\/macite.tg\/wp-content\/uploads\/2025\/04\/OTR_SAM-300x182.jpg 300w\" sizes=\"auto, (max-width: 500px) 100vw, 500px\" \/><\/figure>\n<\/div>\n\n\n<p class=\"wp-block-paragraph\">La mesure historique des 20% des march\u00e9s publics r\u00e9serv\u00e9s aux jeunes et femmes entrepreneures, prise par le Pr\u00e9sident de la R\u00e9publique, Faure Essozimna Gnassingb\u00e9 en 2018, a \u00e9t\u00e9 pour nous un d\u00e9clic, a soulign\u00e9 la pr\u00e9sidente du CJET, Mme Medissa Sama.<\/p>\n\n\n\n<p class=\"wp-block-paragraph\">Cette volont\u00e9 forte, salu\u00e9e avec espoir par le monde du secteur priv\u00e9, nous a permis de travailler sur nous pour aboutir, en 2022, \u00e0 la cr\u00e9ation de la Conf\u00e9d\u00e9ration au sortir des journ\u00e9es de jeunes et femmes entrepreneurs puis des programmes carrefour jeunes.<\/p>\n\n\n\n<p class=\"wp-block-paragraph\">Avec la signature de ce protocole d\u2019accord entre la Chambre consulaire et la CJET, c\u2019est une&nbsp;nouvelle page de l\u2019\u00e9conomie togolaise qui s\u2019\u00e9crit. <em>\u00ab Une nouvelle \u00e9tape vient d\u2019\u00eatre franchie pour enrichir l\u2019\u00e9cosyst\u00e8me entrepreneurial national&nbsp;\u00bb, <\/em>a indiqu\u00e9 la pr\u00e9sidente de la Conf\u00e9d\u00e9ration, Mme Medissa Sama. Elle a saisi l\u2019occasion pour inviter la jeunesse \u00e0 ne pas \u00eatre <em>\u00ab&nbsp;spectatrice&nbsp;\u00bb,<\/em> mais <em>\u00ab&nbsp;partenaire, actrice et porteuse d\u2019avenir&nbsp;\u00bb.<\/em><\/p>\n\n\n<div class=\"wp-block-image\">\n<figure class=\"aligncenter size-full is-resized\"><img loading=\"lazy\" decoding=\"async\" width=\"690\" height=\"170\" src=\"https:\/\/macite.tg\/wp-content\/uploads\/2025\/04\/IMG-20240313-WA0013.jpg\" alt=\"\" class=\"wp-image-21559\" style=\"width:840px;height:auto\" srcset=\"https:\/\/macite.tg\/wp-content\/uploads\/2025\/04\/IMG-20240313-WA0013.jpg 690w, https:\/\/macite.tg\/wp-content\/uploads\/2025\/04\/IMG-20240313-WA0013-300x74.jpg 300w\" sizes=\"auto, (max-width: 690px) 100vw, 690px\" \/><\/figure>\n<\/div>\n\n\n<p class=\"wp-block-paragraph\"><em>\u00ab\u00a0(\u2026) Nous nous sommes rendus compte que trop d\u2019entreprises meurent parce qu\u2019elles n\u2019ont pas assez d\u2019accompagnement, de structuration, d\u2019opportunit\u00e9s concr\u00e8tes durables pour leur permettre de passer le cap des premi\u00e8res cinq ann\u00e9es. Nous avons donc appr\u00e9ci\u00e9 la vision des responsables de la CCI-Togo, qui tr\u00e8s t\u00f4t, ont compris qu\u2019il fallait faciliter un accompagnement plus personnalis\u00e9, une meilleure structuration et de meilleures opportunit\u00e9s aux entreprises juniors, afin de leur donner la chance de devenir de grandes entreprises susceptibles de contribuer au PIB de notre pays\u00a0\u00bb,<\/em> a soulign\u00e9 Mme Medissa Sama, relevant ainis l\u2019\u00e9norme bien que ce protocole fait aux jeunes entreprises. \u00a0<\/p>\n\n\n\n<p class=\"wp-block-paragraph\">Pour le pr\u00e9sident de la Chambre consulaire, Dr Kwassi Symenouh, il s\u2019agit d\u2019une main tendue qui r\u00e9pond \u00e0 un r\u00e9el besoin pour les jeunes entreprises qui ont besoin de soutien, d\u2019expertise pour grandir.<\/p>\n\n\n<div class=\"wp-block-image\">\n<figure class=\"aligncenter size-large is-resized\"><img loading=\"lazy\" decoding=\"async\" width=\"1024\" height=\"1024\" src=\"https:\/\/macite.tg\/wp-content\/uploads\/2025\/04\/OTR_TVM2-1024x1024.jpg\" alt=\"\" class=\"wp-image-21537\" style=\"width:608px;height:auto\" srcset=\"https:\/\/macite.tg\/wp-content\/uploads\/2025\/04\/OTR_TVM2-1024x1024.jpg 1024w, https:\/\/macite.tg\/wp-content\/uploads\/2025\/04\/OTR_TVM2-300x300.jpg 300w, https:\/\/macite.tg\/wp-content\/uploads\/2025\/04\/OTR_TVM2-150x150.jpg 150w, https:\/\/macite.tg\/wp-content\/uploads\/2025\/04\/OTR_TVM2-768x768.jpg 768w, https:\/\/macite.tg\/wp-content\/uploads\/2025\/04\/OTR_TVM2-1536x1536.jpg 1536w, https:\/\/macite.tg\/wp-content\/uploads\/2025\/04\/OTR_TVM2-122x122.jpg 122w, https:\/\/macite.tg\/wp-content\/uploads\/2025\/04\/OTR_TVM2.jpg 1600w\" sizes=\"auto, (max-width: 1024px) 100vw, 1024px\" \/><\/figure>\n<\/div>\n\n\n<p class=\"wp-block-paragraph\">Il a, avec une belle touche d\u2019humeur, conseill\u00e9 quatre choses essentielles aux jeunes entreprises. Conclure, une convention. L\u2019Enrichir, en appelant les parties \u00e0 assumer ses droits et obligations pour faire vivre la convention. Mais aussi, aboutir, qui fait appel \u00e0 l\u2019atteinte des objectifs assign\u00e9s avant la signature de la convention. Et enfin, grandir qui suppose sortir des sentiers battus, notamment asseoir une entreprise. <em>\u00ab&nbsp;Au bout de cinq ans, avec le coaching de la Chambre, les jeunes entreprises doivent pouvoir porter le statut de grandes entreprises&nbsp;\u00bb,<\/em> a conclu le pr\u00e9sident de la CCI-T.<\/p>\n\n\n\n<p class=\"wp-block-paragraph\"><strong>JPB<\/strong><\/p>\n\n\n\n<p class=\"wp-block-paragraph\"><a><strong><em>@macite.tg&nbsp;&nbsp;&nbsp;&nbsp;&nbsp;&nbsp;&nbsp;&nbsp;<\/em><\/strong><\/a><\/p>\n\n\n\n<p class=\"wp-block-paragraph\"><strong><em>E-mail&nbsp;: <\/em><\/strong><a href=\"mailto:maciteinfo@gmail.com\"><strong><em>maciteinfo@gmail.com<\/em><\/strong><\/a><strong><em>; <\/em><\/strong><a href=\"mailto:bawela1@gmail.com\"><strong><em>bawela1@gmail.com<\/em><\/strong><\/a><strong><em><\/em><\/strong><\/p>\n\n\n\n<p class=\"wp-block-paragraph\"><strong><em>Pour vos annonces, (publi)reportages, etc., joignez-nous au (00228)91515309\/<strong>79872224 <\/strong>www.macite.tg, L\u2019information, la bonne&nbsp;!<\/em><\/strong><\/p>\n\n\n\n<p class=\"wp-block-paragraph\"><\/p>\n","protected":false},"excerpt":{"rendered":"<p class=\"text-justify mb-2\" >La Chambre de commerce et d\u2019industrie du Togo (CCI-T) et la Conf\u00e9d\u00e9ration des Juniors Entreprises du Togo (CJET) ont d\u00e9cid\u00e9 de faire route pour le bonheur des jeunes entreprises togolaise. En effet, une c\u00e9r\u00e9monie de signature de protocole d\u2019accord entre les deux parties, a eu [&hellip;]<\/p>\n","protected":false},"author":2,"featured_media":21668,"comment_status":"open","ping_status":"open","sticky":false,"template":"","format":"standard","meta":{"footnotes":""},"categories":[20,25],"tags":[],"class_list":["post-21667","post","type-post","status-publish","format-standard","has-post-thumbnail","hentry","category-actualite","category-entrepreneuriat"],"yoast_head":"<!-- This site is optimized with the Yoast SEO plugin v28.4 - https:\/\/yoast.com\/product\/yoast-seo-wordpress\/ -->\n<title>ACCORD ENTRE LA CCI-T ET LA CJET: Vers un meilleur accompagnement des jeunes entrepreneurs -<\/title>\n<meta name=\"robots\" content=\"index, follow, max-snippet:-1, max-image-preview:large, max-video-preview:-1\" \/>\n<link rel=\"canonical\" href=\"https:\/\/macite.tg\/?p=21667\" \/>\n<meta property=\"og:locale\" content=\"fr_FR\" \/>\n<meta property=\"og:type\" content=\"article\" \/>\n<meta property=\"og:title\" content=\"ACCORD ENTRE LA CCI-T ET LA CJET: Vers un meilleur accompagnement des jeunes entrepreneurs -\" \/>\n<meta property=\"og:description\" content=\"La Chambre de commerce et d\u2019industrie du Togo (CCI-T) et la Conf\u00e9d\u00e9ration des Juniors Entreprises du Togo (CJET) ont d\u00e9cid\u00e9 de faire route pour le bonheur des jeunes entreprises togolaise. En effet, une c\u00e9r\u00e9monie de signature de protocole d\u2019accord entre les deux parties, a eu [&hellip;]\" \/>\n<meta property=\"og:url\" content=\"https:\/\/macite.tg\/?p=21667\" \/>\n<meta property=\"article:published_time\" content=\"2025-04-25T17:51:54+00:00\" \/>\n<meta property=\"article:modified_time\" content=\"2025-04-25T17:56:39+00:00\" \/>\n<meta property=\"og:image\" content=\"https:\/\/macite.tg\/wp-content\/uploads\/2025\/04\/CCIT-CJET.jpg\" \/>\n\t<meta property=\"og:image:width\" content=\"500\" \/>\n\t<meta property=\"og:image:height\" content=\"301\" \/>\n\t<meta property=\"og:image:type\" content=\"image\/jpeg\" \/>\n<meta name=\"author\" content=\"Jean Pierre BAWELA\" \/>\n<meta name=\"twitter:card\" content=\"summary_large_image\" \/>\n<meta name=\"twitter:label1\" content=\"\u00c9crit par\" \/>\n\t<meta name=\"twitter:data1\" content=\"Jean Pierre BAWELA\" \/>\n\t<meta name=\"twitter:label2\" content=\"Dur\u00e9e de lecture estim\u00e9e\" \/>\n\t<meta name=\"twitter:data2\" content=\"4 minutes\" \/>\n<script type=\"application\/ld+json\" class=\"yoast-schema-graph\">{\"@context\":\"https:\\\/\\\/schema.org\",\"@graph\":[{\"@type\":\"Article\",\"@id\":\"https:\\\/\\\/macite.tg\\\/?p=21667#article\",\"isPartOf\":{\"@id\":\"https:\\\/\\\/macite.tg\\\/?p=21667\"},\"author\":{\"name\":\"Jean Pierre BAWELA\",\"@id\":\"https:\\\/\\\/macite.tg\\\/#\\\/schema\\\/person\\\/e9f2de7e5dbbe7770a9402c7ce82f5c2\"},\"headline\":\"ACCORD ENTRE LA CCI-T ET LA CJET: Vers un meilleur accompagnement des jeunes entrepreneurs\",\"datePublished\":\"2025-04-25T17:51:54+00:00\",\"dateModified\":\"2025-04-25T17:56:39+00:00\",\"mainEntityOfPage\":{\"@id\":\"https:\\\/\\\/macite.tg\\\/?p=21667\"},\"wordCount\":575,\"commentCount\":0,\"image\":{\"@id\":\"https:\\\/\\\/macite.tg\\\/?p=21667#primaryimage\"},\"thumbnailUrl\":\"https:\\\/\\\/macite.tg\\\/wp-content\\\/uploads\\\/2025\\\/04\\\/CCIT-CJET.jpg\",\"articleSection\":[\"ACTUALITE\",\"ENTREPRENEURIAT\"],\"inLanguage\":\"fr-FR\",\"potentialAction\":[{\"@type\":\"CommentAction\",\"name\":\"Comment\",\"target\":[\"https:\\\/\\\/macite.tg\\\/?p=21667#respond\"]}]},{\"@type\":\"WebPage\",\"@id\":\"https:\\\/\\\/macite.tg\\\/?p=21667\",\"url\":\"https:\\\/\\\/macite.tg\\\/?p=21667\",\"name\":\"ACCORD ENTRE LA CCI-T ET LA CJET: Vers un meilleur accompagnement des jeunes entrepreneurs -\",\"isPartOf\":{\"@id\":\"https:\\\/\\\/macite.tg\\\/#website\"},\"primaryImageOfPage\":{\"@id\":\"https:\\\/\\\/macite.tg\\\/?p=21667#primaryimage\"},\"image\":{\"@id\":\"https:\\\/\\\/macite.tg\\\/?p=21667#primaryimage\"},\"thumbnailUrl\":\"https:\\\/\\\/macite.tg\\\/wp-content\\\/uploads\\\/2025\\\/04\\\/CCIT-CJET.jpg\",\"datePublished\":\"2025-04-25T17:51:54+00:00\",\"dateModified\":\"2025-04-25T17:56:39+00:00\",\"author\":{\"@id\":\"https:\\\/\\\/macite.tg\\\/#\\\/schema\\\/person\\\/e9f2de7e5dbbe7770a9402c7ce82f5c2\"},\"breadcrumb\":{\"@id\":\"https:\\\/\\\/macite.tg\\\/?p=21667#breadcrumb\"},\"inLanguage\":\"fr-FR\",\"potentialAction\":[{\"@type\":\"ReadAction\",\"target\":[\"https:\\\/\\\/macite.tg\\\/?p=21667\"]}]},{\"@type\":\"ImageObject\",\"inLanguage\":\"fr-FR\",\"@id\":\"https:\\\/\\\/macite.tg\\\/?p=21667#primaryimage\",\"url\":\"https:\\\/\\\/macite.tg\\\/wp-content\\\/uploads\\\/2025\\\/04\\\/CCIT-CJET.jpg\",\"contentUrl\":\"https:\\\/\\\/macite.tg\\\/wp-content\\\/uploads\\\/2025\\\/04\\\/CCIT-CJET.jpg\",\"width\":500,\"height\":301},{\"@type\":\"BreadcrumbList\",\"@id\":\"https:\\\/\\\/macite.tg\\\/?p=21667#breadcrumb\",\"itemListElement\":[{\"@type\":\"ListItem\",\"position\":1,\"name\":\"Accueil\",\"item\":\"https:\\\/\\\/macite.tg\\\/\"},{\"@type\":\"ListItem\",\"position\":2,\"name\":\"ACCORD ENTRE LA CCI-T ET LA CJET: Vers un meilleur accompagnement des jeunes entrepreneurs\"}]},{\"@type\":\"WebSite\",\"@id\":\"https:\\\/\\\/macite.tg\\\/#website\",\"url\":\"https:\\\/\\\/macite.tg\\\/\",\"name\":\"\",\"description\":\"L&#039;information, la bonne!!!\",\"potentialAction\":[{\"@type\":\"SearchAction\",\"target\":{\"@type\":\"EntryPoint\",\"urlTemplate\":\"https:\\\/\\\/macite.tg\\\/?s={search_term_string}\"},\"query-input\":{\"@type\":\"PropertyValueSpecification\",\"valueRequired\":true,\"valueName\":\"search_term_string\"}}],\"inLanguage\":\"fr-FR\"},{\"@type\":\"Person\",\"@id\":\"https:\\\/\\\/macite.tg\\\/#\\\/schema\\\/person\\\/e9f2de7e5dbbe7770a9402c7ce82f5c2\",\"name\":\"Jean Pierre BAWELA\",\"image\":{\"@type\":\"ImageObject\",\"inLanguage\":\"fr-FR\",\"@id\":\"https:\\\/\\\/macite.tg\\\/wp-content\\\/uploads\\\/2023\\\/09\\\/WhatsApp-Image-2023-09-19-at-14.44.41-122x122.jpeg\",\"url\":\"https:\\\/\\\/macite.tg\\\/wp-content\\\/uploads\\\/2023\\\/09\\\/WhatsApp-Image-2023-09-19-at-14.44.41-122x122.jpeg\",\"contentUrl\":\"https:\\\/\\\/macite.tg\\\/wp-content\\\/uploads\\\/2023\\\/09\\\/WhatsApp-Image-2023-09-19-at-14.44.41-122x122.jpeg\",\"caption\":\"Jean Pierre BAWELA\"},\"url\":\"https:\\\/\\\/macite.tg\\\/?author=2\"}]}<\/script>\n<!-- \/ Yoast SEO plugin. -->","yoast_head_json":{"title":"ACCORD ENTRE LA CCI-T ET LA CJET: Vers un meilleur accompagnement des jeunes entrepreneurs -","robots":{"index":"index","follow":"follow","max-snippet":"max-snippet:-1","max-image-preview":"max-image-preview:large","max-video-preview":"max-video-preview:-1"},"canonical":"https:\/\/macite.tg\/?p=21667","og_locale":"fr_FR","og_type":"article","og_title":"ACCORD ENTRE LA CCI-T ET LA CJET: Vers un meilleur accompagnement des jeunes entrepreneurs -","og_description":"La Chambre de commerce et d\u2019industrie du Togo (CCI-T) et la Conf\u00e9d\u00e9ration des Juniors Entreprises du Togo (CJET) ont d\u00e9cid\u00e9 de faire route pour le bonheur des jeunes entreprises togolaise. En effet, une c\u00e9r\u00e9monie de signature de protocole d\u2019accord entre les deux parties, a eu [&hellip;]","og_url":"https:\/\/macite.tg\/?p=21667","article_published_time":"2025-04-25T17:51:54+00:00","article_modified_time":"2025-04-25T17:56:39+00:00","og_image":[{"width":500,"height":301,"url":"https:\/\/macite.tg\/wp-content\/uploads\/2025\/04\/CCIT-CJET.jpg","type":"image\/jpeg"}],"author":"Jean Pierre BAWELA","twitter_card":"summary_large_image","twitter_misc":{"\u00c9crit par":"Jean Pierre BAWELA","Dur\u00e9e de lecture estim\u00e9e":"4 minutes"},"schema":{"@context":"https:\/\/schema.org","@graph":[{"@type":"Article","@id":"https:\/\/macite.tg\/?p=21667#article","isPartOf":{"@id":"https:\/\/macite.tg\/?p=21667"},"author":{"name":"Jean Pierre BAWELA","@id":"https:\/\/macite.tg\/#\/schema\/person\/e9f2de7e5dbbe7770a9402c7ce82f5c2"},"headline":"ACCORD ENTRE LA CCI-T ET LA CJET: Vers un meilleur accompagnement des jeunes entrepreneurs","datePublished":"2025-04-25T17:51:54+00:00","dateModified":"2025-04-25T17:56:39+00:00","mainEntityOfPage":{"@id":"https:\/\/macite.tg\/?p=21667"},"wordCount":575,"commentCount":0,"image":{"@id":"https:\/\/macite.tg\/?p=21667#primaryimage"},"thumbnailUrl":"https:\/\/macite.tg\/wp-content\/uploads\/2025\/04\/CCIT-CJET.jpg","articleSection":["ACTUALITE","ENTREPRENEURIAT"],"inLanguage":"fr-FR","potentialAction":[{"@type":"CommentAction","name":"Comment","target":["https:\/\/macite.tg\/?p=21667#respond"]}]},{"@type":"WebPage","@id":"https:\/\/macite.tg\/?p=21667","url":"https:\/\/macite.tg\/?p=21667","name":"ACCORD ENTRE LA CCI-T ET LA CJET: Vers un meilleur accompagnement des jeunes entrepreneurs -","isPartOf":{"@id":"https:\/\/macite.tg\/#website"},"primaryImageOfPage":{"@id":"https:\/\/macite.tg\/?p=21667#primaryimage"},"image":{"@id":"https:\/\/macite.tg\/?p=21667#primaryimage"},"thumbnailUrl":"https:\/\/macite.tg\/wp-content\/uploads\/2025\/04\/CCIT-CJET.jpg","datePublished":"2025-04-25T17:51:54+00:00","dateModified":"2025-04-25T17:56:39+00:00","author":{"@id":"https:\/\/macite.tg\/#\/schema\/person\/e9f2de7e5dbbe7770a9402c7ce82f5c2"},"breadcrumb":{"@id":"https:\/\/macite.tg\/?p=21667#breadcrumb"},"inLanguage":"fr-FR","potentialAction":[{"@type":"ReadAction","target":["https:\/\/macite.tg\/?p=21667"]}]},{"@type":"ImageObject","inLanguage":"fr-FR","@id":"https:\/\/macite.tg\/?p=21667#primaryimage","url":"https:\/\/macite.tg\/wp-content\/uploads\/2025\/04\/CCIT-CJET.jpg","contentUrl":"https:\/\/macite.tg\/wp-content\/uploads\/2025\/04\/CCIT-CJET.jpg","width":500,"height":301},{"@type":"BreadcrumbList","@id":"https:\/\/macite.tg\/?p=21667#breadcrumb","itemListElement":[{"@type":"ListItem","position":1,"name":"Accueil","item":"https:\/\/macite.tg\/"},{"@type":"ListItem","position":2,"name":"ACCORD ENTRE LA CCI-T ET LA CJET: Vers un meilleur accompagnement des jeunes entrepreneurs"}]},{"@type":"WebSite","@id":"https:\/\/macite.tg\/#website","url":"https:\/\/macite.tg\/","name":"","description":"L&#039;information, la bonne!!!","potentialAction":[{"@type":"SearchAction","target":{"@type":"EntryPoint","urlTemplate":"https:\/\/macite.tg\/?s={search_term_string}"},"query-input":{"@type":"PropertyValueSpecification","valueRequired":true,"valueName":"search_term_string"}}],"inLanguage":"fr-FR"},{"@type":"Person","@id":"https:\/\/macite.tg\/#\/schema\/person\/e9f2de7e5dbbe7770a9402c7ce82f5c2","name":"Jean Pierre BAWELA","image":{"@type":"ImageObject","inLanguage":"fr-FR","@id":"https:\/\/macite.tg\/wp-content\/uploads\/2023\/09\/WhatsApp-Image-2023-09-19-at-14.44.41-122x122.jpeg","url":"https:\/\/macite.tg\/wp-content\/uploads\/2023\/09\/WhatsApp-Image-2023-09-19-at-14.44.41-122x122.jpeg","contentUrl":"https:\/\/macite.tg\/wp-content\/uploads\/2023\/09\/WhatsApp-Image-2023-09-19-at-14.44.41-122x122.jpeg","caption":"Jean Pierre BAWELA"},"url":"https:\/\/macite.tg\/?author=2"}]}},"_links":{"self":[{"href":"https:\/\/macite.tg\/index.php?rest_route=\/wp\/v2\/posts\/21667","targetHints":{"allow":["GET"]}}],"collection":[{"href":"https:\/\/macite.tg\/index.php?rest_route=\/wp\/v2\/posts"}],"about":[{"href":"https:\/\/macite.tg\/index.php?rest_route=\/wp\/v2\/types\/post"}],"author":[{"embeddable":true,"href":"https:\/\/macite.tg\/index.php?rest_route=\/wp\/v2\/users\/2"}],"replies":[{"embeddable":true,"href":"https:\/\/macite.tg\/index.php?rest_route=%2Fwp%2Fv2%2Fcomments&post=21667"}],"version-history":[{"count":0,"href":"https:\/\/macite.tg\/index.php?rest_route=\/wp\/v2\/posts\/21667\/revisions"}],"wp:featuredmedia":[{"embeddable":true,"href":"https:\/\/macite.tg\/index.php?rest_route=\/wp\/v2\/media\/21668"}],"wp:attachment":[{"href":"https:\/\/macite.tg\/index.php?rest_route=%2Fwp%2Fv2%2Fmedia&parent=21667"}],"wp:term":[{"taxonomy":"category","embeddable":true,"href":"https:\/\/macite.tg\/index.php?rest_route=%2Fwp%2Fv2%2Fcategories&post=21667"},{"taxonomy":"post_tag","embeddable":true,"href":"https:\/\/macite.tg\/index.php?rest_route=%2Fwp%2Fv2%2Ftags&post=21667"}],"curies":[{"name":"wp","href":"https:\/\/api.w.org\/{rel}","templated":true}]}}