{"id":21659,"date":"2025-04-25T15:48:02","date_gmt":"2025-04-25T15:48:02","guid":{"rendered":"https:\/\/macite.tg\/?p=21659"},"modified":"2025-04-25T16:04:22","modified_gmt":"2025-04-25T16:04:22","slug":"extension-de-la-lgv-kenitra-marrakech-sm-le-roi-materialise-sa-vision-strategique-au-service-dune-mobilite-durable-inclusive-et-competitive","status":"publish","type":"post","link":"https:\/\/macite.tg\/?p=21659","title":{"rendered":"EXTENSION DE LA LGV KENITRA-MARRAKECH : SM le Roi mat\u00e9rialise Sa vision strat\u00e9gique au service d\u2019une mobilit\u00e9 durable, inclusive et comp\u00e9titive"},"content":{"rendered":"\n<p class=\"wp-block-paragraph\"><strong><em>Le Royaume du Maroc confirme son avance, en mati\u00e8re de d\u00e9veloppement, sur le reste du continent. En effet, hier jeudi 24 avril, Sa Majest\u00e9 le Roi Mohammed VI, que Dieu L\u2019assiste, a lanc\u00e9 un important projet d\u2019investissement et de modernisation du r\u00e9seau ferroviaire du Maroc. Il s\u2019agit de l\u2019extension de la Ligne \u00e0 Grande Vitesse (LGV) K\u00e9nitra-Marrakech, d\u2019une longueur d\u2019environ 430 kilom\u00e8tres. Ce projet s\u2019inscrit dans une vision strat\u00e9gique de modernisation de la flotte nationale, mais aussi du d\u00e9veloppement du r\u00e9seaux de transport du Royaume inscrit d\u00e9sormais parmi les plus d\u00e9velopp\u00e9s du continent et tourn\u00e9 vers l\u2019avenir<\/em><\/strong><\/p>\n\n\n\n<p class=\"wp-block-paragraph\">La gare ferroviaire de Rabat-Agdal a servi de cadre au lancement, hier jeudi 24 avril, des travaux de r\u00e9alisation de la Ligne \u00e0 Grande Vitesse K\u00e9nitra-Marrakech. Une mat\u00e9rialisation de la Vision \u00e9clair\u00e9e du Souverain marocain, qui n\u2019a de cesse \u0153uvrer pour le d\u00e9veloppement du r\u00e9seau ferr\u00e9 national, vu comme un important levier du syst\u00e8me de transport durable, inclusif et tourn\u00e9 vers l\u2019avenir.<\/p>\n\n\n\n<p class=\"wp-block-paragraph\">Ce projet ambitieux, qui s\u2019\u00e9tend sur p\u00e9riode de dix ans, place le Maroc au rang des pays africains les plus moderne en mati\u00e8re de transport. Il n\u00e9cessite une enveloppe de 53 milliards de dirhams, environ 3.294 milliards de FCFA (hors mat\u00e9riel roulant), sur un programme \u00e9logieux d\u2019un investissement global de 96 milliards de dirhams.<\/p>\n\n\n<div class=\"wp-block-image\">\n<figure class=\"aligncenter size-large is-resized\"><img loading=\"lazy\" decoding=\"async\" width=\"1024\" height=\"878\" src=\"https:\/\/macite.tg\/wp-content\/uploads\/2025\/04\/OTR_TPU-ok-1024x878.jpg\" alt=\"\" class=\"wp-image-21635\" style=\"width:670px;height:auto\" srcset=\"https:\/\/macite.tg\/wp-content\/uploads\/2025\/04\/OTR_TPU-ok-1024x878.jpg 1024w, https:\/\/macite.tg\/wp-content\/uploads\/2025\/04\/OTR_TPU-ok-300x257.jpg 300w, https:\/\/macite.tg\/wp-content\/uploads\/2025\/04\/OTR_TPU-ok-768x659.jpg 768w, https:\/\/macite.tg\/wp-content\/uploads\/2025\/04\/OTR_TPU-ok.jpg 1131w\" sizes=\"auto, (max-width: 1024px) 100vw, 1024px\" \/><\/figure>\n<\/div>\n\n\n<p class=\"wp-block-paragraph\">Ledit projet prend en compte l\u2019acquisition de 168 nouveaux trains devant renforcer la flotte de l\u2019Office National des Chemins de Fer (ONCF), et accompagner les perspectives de croissance du trafic voyageurs \u00e0 l\u2019horizon 2030. A terme, ce projet va assurer le d\u00e9veloppement du r\u00e9seau ferr\u00e9 de transport en reliant trois grandes agglom\u00e9ration, notamment Rabat, Casablanca et Marrakech, tout en desservant les a\u00e9roports de Rabat et Casablanca.&nbsp;<\/p>\n\n\n\n<p class=\"wp-block-paragraph\"><strong>Un projet \u00e0 fort impact<\/strong><\/p>\n\n\n\n<p class=\"wp-block-paragraph\">La r\u00e9alisation de l\u2019extension de la LGV K\u00e9nitra-Marrakech, en plus de permettre la lib\u00e9ration de capacit\u00e9s sur le r\u00e9seau classique, qui en est issu, va assurer le d\u00e9veloppement d\u2019un important service de Trains m\u00e9tropolitains de proximit\u00e9 (TMP) couvrant une partie des besoins en transport en commun pour les habitants de trois grandes villes que sont Rabat, Casablanca et Marrakech. V\u00e9ritable r\u00e9ponse aux enjeux de la mobilit\u00e9 urbaine au sein de ces trois aires m\u00e9tropolitaines, ce nouveau service de TMP pr\u00e9sente plusieurs atouts au niveau de la ponctualit\u00e9, la qualit\u00e9 du service et la durabilit\u00e9.&nbsp;<\/p>\n\n\n\n<p class=\"wp-block-paragraph\">Avec ce projet ambitieux, con\u00e7ue pour une vitesse de 350 Km\/h, le gain en temps, estim\u00e9 \u00e0 quelque 2 heures, est assez \u00e9logieux. Pour preuve, d\u00e9sormais les temps de parcours seront de 1h entre Tanger et Rabat, 1h40 entre Tanger et Casablanca et de 2h40 entre Tanger et Marrakech. Le trajet Rabat \u00e0 l\u2019A\u00e9roport International Mohammed V de Casablanca, et le nouveau stade de Benslimane, sera effectu\u00e9 en 35 minutes.<\/p>\n\n\n<div class=\"wp-block-image\">\n<figure class=\"aligncenter size-full\"><img loading=\"lazy\" decoding=\"async\" width=\"851\" height=\"315\" src=\"https:\/\/macite.tg\/wp-content\/uploads\/2025\/04\/OTR_Ferer-pour-batir.jpg\" alt=\"\" class=\"wp-image-21535\" srcset=\"https:\/\/macite.tg\/wp-content\/uploads\/2025\/04\/OTR_Ferer-pour-batir.jpg 851w, https:\/\/macite.tg\/wp-content\/uploads\/2025\/04\/OTR_Ferer-pour-batir-300x111.jpg 300w, https:\/\/macite.tg\/wp-content\/uploads\/2025\/04\/OTR_Ferer-pour-batir-768x284.jpg 768w\" sizes=\"auto, (max-width: 851px) 100vw, 851px\" \/><\/figure>\n<\/div>\n\n\n<p class=\"wp-block-paragraph\">Le projet a \u00e9galement pris en compte un service \u00e0 grande vitesse entre F\u00e8s et Marrakech, avec un temps de parcours de 3h40, avec une double jonction&nbsp;: une premi\u00e8re \u00e9tape sur la ligne classique de F\u00e8s jusqu\u2019au nord de K\u00e9nitra, puis une seconde sur la nouvelle ligne \u00e0 grande vitesse jusqu\u2019\u00e0 Marrakech.<\/p>\n\n\n\n<p class=\"wp-block-paragraph\">Sur un autre plan, ce projet permettra \u00e9galement l&rsquo;\u00e9mergence d&rsquo;un \u00e9cosyst\u00e8me ferroviaire industriel. Avec un taux d&rsquo;int\u00e9gration locale sup\u00e9rieur \u00e0 40 pc, ledit programme t\u00e9moigne d&rsquo;un fort engagement envers l\u2019entreprise et les comp\u00e9tences marocaines, et aura in\u00e9vitablement un impact positif sur l\u2019\u00e9conomie nationale, avec en toile de fond la r\u00e9duction des co\u00fbts de transport et de d\u00e9veloppement durable.<\/p>\n\n\n\n<p class=\"wp-block-paragraph\"><strong>Renforcement de la flotte mat\u00e9riel \u00e0 voyageurs<\/strong><\/p>\n\n\n\n<p class=\"wp-block-paragraph\">Dans le m\u00eame \u00e9lan du lancement de la r\u00e9alisation de ce projet de LGV K\u00e9nitra-Marrakech, il faut noter un programme conjoint in\u00e9dit, portant sur l\u2019acquisition de 168 nouveaux trains, ceci dans l\u2019optique de renforcer et rajeunir l&rsquo;ensemble de la flotte mat\u00e9riel \u00e0 voyageurs du Royaume.<\/p>\n\n\n\n<p class=\"wp-block-paragraph\">Au total, un investissement de 29 milliards de DH a \u00e9t\u00e9 n\u00e9cessaire pour ce programme d&rsquo;acquisition permettra de r\u00e9aliser les gains de performances op\u00e9rationnelles, de renforcer les services r\u00e9gionaux, et de r\u00e9pondre \u00e0 l&rsquo;augmentation du trafic attendu \u00e0 l&rsquo;horizon 2030. Ce programme porte sur l\u2019acquisition de 18 trains \u00e0 grande vitesse pour les projets d&rsquo;extension, 40 trains pour les services de lignes, 60 trains navettes rapides (TNR) et 50 pour le r\u00e9seau de transport en commun au niveau des trois grandes agglom\u00e9rations.<\/p>\n\n\n<div class=\"wp-block-image\">\n<figure class=\"aligncenter size-large is-resized\"><img loading=\"lazy\" decoding=\"async\" width=\"1024\" height=\"1024\" src=\"https:\/\/macite.tg\/wp-content\/uploads\/2025\/04\/OTR_TVM2-1024x1024.jpg\" alt=\"\" class=\"wp-image-21537\" style=\"width:566px;height:auto\" srcset=\"https:\/\/macite.tg\/wp-content\/uploads\/2025\/04\/OTR_TVM2-1024x1024.jpg 1024w, https:\/\/macite.tg\/wp-content\/uploads\/2025\/04\/OTR_TVM2-300x300.jpg 300w, https:\/\/macite.tg\/wp-content\/uploads\/2025\/04\/OTR_TVM2-150x150.jpg 150w, https:\/\/macite.tg\/wp-content\/uploads\/2025\/04\/OTR_TVM2-768x768.jpg 768w, https:\/\/macite.tg\/wp-content\/uploads\/2025\/04\/OTR_TVM2-1536x1536.jpg 1536w, https:\/\/macite.tg\/wp-content\/uploads\/2025\/04\/OTR_TVM2-122x122.jpg 122w, https:\/\/macite.tg\/wp-content\/uploads\/2025\/04\/OTR_TVM2.jpg 1600w\" sizes=\"auto, (max-width: 1024px) 100vw, 1024px\" \/><\/figure>\n<\/div>\n\n\n<p class=\"wp-block-paragraph\">Notons que la r\u00e9alisation de ce projet a \u00e9t\u00e9 rendu possible gr\u00e2ce \u00e0 l\u2019expertise d\u2019entreprises internationales de renom. On peut citer dans ce sens, le fran\u00e7ais Alstom pour le mat\u00e9riel roulant pour la Grande Vitesse, l\u2019Espagnol CAF pour les trains inter-city (200 Km\/h) ou encore le Sud-cor\u00e9en Hyundai&nbsp;Rotem&nbsp;pour les trains m\u00e9tropolitains de proximit\u00e9, avec des conditions de financement pr\u00e9f\u00e9rentielles.<\/p>\n\n\n\n<p class=\"wp-block-paragraph\"><strong>MC<\/strong><\/p>\n\n\n\n<p class=\"wp-block-paragraph\"><a><strong><em>@macite.tg&nbsp;&nbsp;&nbsp;&nbsp;&nbsp;&nbsp;&nbsp;&nbsp;<\/em><\/strong><\/a><\/p>\n\n\n\n<p class=\"wp-block-paragraph\"><strong><em>E-mail&nbsp;: <\/em><\/strong><a href=\"mailto:maciteinfo@gmail.com\"><strong><em>maciteinfo@gmail.com<\/em><\/strong><\/a><strong><em>; <\/em><\/strong><a href=\"mailto:bawela1@gmail.com\"><strong><em>bawela1@gmail.com<\/em><\/strong><\/a><strong><em><\/em><\/strong><\/p>\n\n\n\n<p class=\"wp-block-paragraph\"><strong><em>Pour vos annonces, (publi)reportages, etc., joignez-nous au (00228)91515309\/<strong>79872224 <\/strong>www.macite.tg, L\u2019information, la bonne&nbsp;!<\/em><\/strong><\/p>\n\n\n\n<p class=\"wp-block-paragraph\"><\/p>\n","protected":false},"excerpt":{"rendered":"<p class=\"text-justify mb-2\" >Le Royaume du Maroc confirme son avance, en mati\u00e8re de d\u00e9veloppement, sur le reste du continent. En effet, hier jeudi 24 avril, Sa Majest\u00e9 le Roi Mohammed VI, que Dieu L\u2019assiste, a lanc\u00e9 un important projet d\u2019investissement et de modernisation du r\u00e9seau ferroviaire du Maroc. [&hellip;]<\/p>\n","protected":false},"author":2,"featured_media":21660,"comment_status":"open","ping_status":"open","sticky":false,"template":"","format":"standard","meta":{"footnotes":""},"categories":[20,41],"tags":[],"class_list":["post-21659","post","type-post","status-publish","format-standard","has-post-thumbnail","hentry","category-actualite","category-transports"],"yoast_head":"<!-- This site is optimized with the Yoast SEO plugin v28.4 - https:\/\/yoast.com\/product\/yoast-seo-wordpress\/ -->\n<title>EXTENSION DE LA LGV KENITRA-MARRAKECH : SM le Roi mat\u00e9rialise Sa vision strat\u00e9gique au service d\u2019une mobilit\u00e9 durable, inclusive et comp\u00e9titive -<\/title>\n<meta name=\"robots\" content=\"index, follow, max-snippet:-1, max-image-preview:large, max-video-preview:-1\" \/>\n<link rel=\"canonical\" href=\"https:\/\/macite.tg\/?p=21659\" \/>\n<meta property=\"og:locale\" content=\"fr_FR\" \/>\n<meta property=\"og:type\" content=\"article\" \/>\n<meta property=\"og:title\" content=\"EXTENSION DE LA LGV KENITRA-MARRAKECH : SM le Roi mat\u00e9rialise Sa vision strat\u00e9gique au service d\u2019une mobilit\u00e9 durable, inclusive et comp\u00e9titive -\" \/>\n<meta property=\"og:description\" content=\"Le Royaume du Maroc confirme son avance, en mati\u00e8re de d\u00e9veloppement, sur le reste du continent. En effet, hier jeudi 24 avril, Sa Majest\u00e9 le Roi Mohammed VI, que Dieu L\u2019assiste, a lanc\u00e9 un important projet d\u2019investissement et de modernisation du r\u00e9seau ferroviaire du Maroc. [&hellip;]\" \/>\n<meta property=\"og:url\" content=\"https:\/\/macite.tg\/?p=21659\" \/>\n<meta property=\"article:published_time\" content=\"2025-04-25T15:48:02+00:00\" \/>\n<meta property=\"article:modified_time\" content=\"2025-04-25T16:04:22+00:00\" \/>\n<meta property=\"og:image\" content=\"https:\/\/macite.tg\/wp-content\/uploads\/2025\/04\/39588cc2-4f83-4403-b1ee-caddf0a77492.jpg\" \/>\n\t<meta property=\"og:image:width\" content=\"1280\" \/>\n\t<meta property=\"og:image:height\" content=\"853\" \/>\n\t<meta property=\"og:image:type\" content=\"image\/jpeg\" \/>\n<meta name=\"author\" content=\"Jean Pierre BAWELA\" \/>\n<meta name=\"twitter:card\" content=\"summary_large_image\" \/>\n<meta name=\"twitter:label1\" content=\"\u00c9crit par\" \/>\n\t<meta name=\"twitter:data1\" content=\"Jean Pierre BAWELA\" \/>\n\t<meta name=\"twitter:label2\" content=\"Dur\u00e9e de lecture estim\u00e9e\" \/>\n\t<meta name=\"twitter:data2\" content=\"5 minutes\" \/>\n<script type=\"application\/ld+json\" class=\"yoast-schema-graph\">{\"@context\":\"https:\\\/\\\/schema.org\",\"@graph\":[{\"@type\":\"Article\",\"@id\":\"https:\\\/\\\/macite.tg\\\/?p=21659#article\",\"isPartOf\":{\"@id\":\"https:\\\/\\\/macite.tg\\\/?p=21659\"},\"author\":{\"name\":\"Jean Pierre BAWELA\",\"@id\":\"https:\\\/\\\/macite.tg\\\/#\\\/schema\\\/person\\\/e9f2de7e5dbbe7770a9402c7ce82f5c2\"},\"headline\":\"EXTENSION DE LA LGV KENITRA-MARRAKECH : SM le Roi mat\u00e9rialise Sa vision strat\u00e9gique au service d\u2019une mobilit\u00e9 durable, inclusive et comp\u00e9titive\",\"datePublished\":\"2025-04-25T15:48:02+00:00\",\"dateModified\":\"2025-04-25T16:04:22+00:00\",\"mainEntityOfPage\":{\"@id\":\"https:\\\/\\\/macite.tg\\\/?p=21659\"},\"wordCount\":894,\"commentCount\":0,\"image\":{\"@id\":\"https:\\\/\\\/macite.tg\\\/?p=21659#primaryimage\"},\"thumbnailUrl\":\"https:\\\/\\\/macite.tg\\\/wp-content\\\/uploads\\\/2025\\\/04\\\/39588cc2-4f83-4403-b1ee-caddf0a77492.jpg\",\"articleSection\":[\"ACTUALITE\",\"TRANSPORTS\"],\"inLanguage\":\"fr-FR\",\"potentialAction\":[{\"@type\":\"CommentAction\",\"name\":\"Comment\",\"target\":[\"https:\\\/\\\/macite.tg\\\/?p=21659#respond\"]}]},{\"@type\":\"WebPage\",\"@id\":\"https:\\\/\\\/macite.tg\\\/?p=21659\",\"url\":\"https:\\\/\\\/macite.tg\\\/?p=21659\",\"name\":\"EXTENSION DE LA LGV KENITRA-MARRAKECH : SM le Roi mat\u00e9rialise Sa vision strat\u00e9gique au service d\u2019une mobilit\u00e9 durable, inclusive et comp\u00e9titive -\",\"isPartOf\":{\"@id\":\"https:\\\/\\\/macite.tg\\\/#website\"},\"primaryImageOfPage\":{\"@id\":\"https:\\\/\\\/macite.tg\\\/?p=21659#primaryimage\"},\"image\":{\"@id\":\"https:\\\/\\\/macite.tg\\\/?p=21659#primaryimage\"},\"thumbnailUrl\":\"https:\\\/\\\/macite.tg\\\/wp-content\\\/uploads\\\/2025\\\/04\\\/39588cc2-4f83-4403-b1ee-caddf0a77492.jpg\",\"datePublished\":\"2025-04-25T15:48:02+00:00\",\"dateModified\":\"2025-04-25T16:04:22+00:00\",\"author\":{\"@id\":\"https:\\\/\\\/macite.tg\\\/#\\\/schema\\\/person\\\/e9f2de7e5dbbe7770a9402c7ce82f5c2\"},\"breadcrumb\":{\"@id\":\"https:\\\/\\\/macite.tg\\\/?p=21659#breadcrumb\"},\"inLanguage\":\"fr-FR\",\"potentialAction\":[{\"@type\":\"ReadAction\",\"target\":[\"https:\\\/\\\/macite.tg\\\/?p=21659\"]}]},{\"@type\":\"ImageObject\",\"inLanguage\":\"fr-FR\",\"@id\":\"https:\\\/\\\/macite.tg\\\/?p=21659#primaryimage\",\"url\":\"https:\\\/\\\/macite.tg\\\/wp-content\\\/uploads\\\/2025\\\/04\\\/39588cc2-4f83-4403-b1ee-caddf0a77492.jpg\",\"contentUrl\":\"https:\\\/\\\/macite.tg\\\/wp-content\\\/uploads\\\/2025\\\/04\\\/39588cc2-4f83-4403-b1ee-caddf0a77492.jpg\",\"width\":1280,\"height\":853},{\"@type\":\"BreadcrumbList\",\"@id\":\"https:\\\/\\\/macite.tg\\\/?p=21659#breadcrumb\",\"itemListElement\":[{\"@type\":\"ListItem\",\"position\":1,\"name\":\"Accueil\",\"item\":\"https:\\\/\\\/macite.tg\\\/\"},{\"@type\":\"ListItem\",\"position\":2,\"name\":\"EXTENSION DE LA LGV KENITRA-MARRAKECH : SM le Roi mat\u00e9rialise Sa vision strat\u00e9gique au service d\u2019une mobilit\u00e9 durable, inclusive et comp\u00e9titive\"}]},{\"@type\":\"WebSite\",\"@id\":\"https:\\\/\\\/macite.tg\\\/#website\",\"url\":\"https:\\\/\\\/macite.tg\\\/\",\"name\":\"\",\"description\":\"L&#039;information, la bonne!!!\",\"potentialAction\":[{\"@type\":\"SearchAction\",\"target\":{\"@type\":\"EntryPoint\",\"urlTemplate\":\"https:\\\/\\\/macite.tg\\\/?s={search_term_string}\"},\"query-input\":{\"@type\":\"PropertyValueSpecification\",\"valueRequired\":true,\"valueName\":\"search_term_string\"}}],\"inLanguage\":\"fr-FR\"},{\"@type\":\"Person\",\"@id\":\"https:\\\/\\\/macite.tg\\\/#\\\/schema\\\/person\\\/e9f2de7e5dbbe7770a9402c7ce82f5c2\",\"name\":\"Jean Pierre BAWELA\",\"image\":{\"@type\":\"ImageObject\",\"inLanguage\":\"fr-FR\",\"@id\":\"https:\\\/\\\/macite.tg\\\/wp-content\\\/uploads\\\/2023\\\/09\\\/WhatsApp-Image-2023-09-19-at-14.44.41-122x122.jpeg\",\"url\":\"https:\\\/\\\/macite.tg\\\/wp-content\\\/uploads\\\/2023\\\/09\\\/WhatsApp-Image-2023-09-19-at-14.44.41-122x122.jpeg\",\"contentUrl\":\"https:\\\/\\\/macite.tg\\\/wp-content\\\/uploads\\\/2023\\\/09\\\/WhatsApp-Image-2023-09-19-at-14.44.41-122x122.jpeg\",\"caption\":\"Jean Pierre BAWELA\"},\"url\":\"https:\\\/\\\/macite.tg\\\/?author=2\"}]}<\/script>\n<!-- \/ Yoast SEO plugin. -->","yoast_head_json":{"title":"EXTENSION DE LA LGV KENITRA-MARRAKECH : SM le Roi mat\u00e9rialise Sa vision strat\u00e9gique au service d\u2019une mobilit\u00e9 durable, inclusive et comp\u00e9titive -","robots":{"index":"index","follow":"follow","max-snippet":"max-snippet:-1","max-image-preview":"max-image-preview:large","max-video-preview":"max-video-preview:-1"},"canonical":"https:\/\/macite.tg\/?p=21659","og_locale":"fr_FR","og_type":"article","og_title":"EXTENSION DE LA LGV KENITRA-MARRAKECH : SM le Roi mat\u00e9rialise Sa vision strat\u00e9gique au service d\u2019une mobilit\u00e9 durable, inclusive et comp\u00e9titive -","og_description":"Le Royaume du Maroc confirme son avance, en mati\u00e8re de d\u00e9veloppement, sur le reste du continent. En effet, hier jeudi 24 avril, Sa Majest\u00e9 le Roi Mohammed VI, que Dieu L\u2019assiste, a lanc\u00e9 un important projet d\u2019investissement et de modernisation du r\u00e9seau ferroviaire du Maroc. [&hellip;]","og_url":"https:\/\/macite.tg\/?p=21659","article_published_time":"2025-04-25T15:48:02+00:00","article_modified_time":"2025-04-25T16:04:22+00:00","og_image":[{"width":1280,"height":853,"url":"https:\/\/macite.tg\/wp-content\/uploads\/2025\/04\/39588cc2-4f83-4403-b1ee-caddf0a77492.jpg","type":"image\/jpeg"}],"author":"Jean Pierre BAWELA","twitter_card":"summary_large_image","twitter_misc":{"\u00c9crit par":"Jean Pierre BAWELA","Dur\u00e9e de lecture estim\u00e9e":"5 minutes"},"schema":{"@context":"https:\/\/schema.org","@graph":[{"@type":"Article","@id":"https:\/\/macite.tg\/?p=21659#article","isPartOf":{"@id":"https:\/\/macite.tg\/?p=21659"},"author":{"name":"Jean Pierre BAWELA","@id":"https:\/\/macite.tg\/#\/schema\/person\/e9f2de7e5dbbe7770a9402c7ce82f5c2"},"headline":"EXTENSION DE LA LGV KENITRA-MARRAKECH : SM le Roi mat\u00e9rialise Sa vision strat\u00e9gique au service d\u2019une mobilit\u00e9 durable, inclusive et comp\u00e9titive","datePublished":"2025-04-25T15:48:02+00:00","dateModified":"2025-04-25T16:04:22+00:00","mainEntityOfPage":{"@id":"https:\/\/macite.tg\/?p=21659"},"wordCount":894,"commentCount":0,"image":{"@id":"https:\/\/macite.tg\/?p=21659#primaryimage"},"thumbnailUrl":"https:\/\/macite.tg\/wp-content\/uploads\/2025\/04\/39588cc2-4f83-4403-b1ee-caddf0a77492.jpg","articleSection":["ACTUALITE","TRANSPORTS"],"inLanguage":"fr-FR","potentialAction":[{"@type":"CommentAction","name":"Comment","target":["https:\/\/macite.tg\/?p=21659#respond"]}]},{"@type":"WebPage","@id":"https:\/\/macite.tg\/?p=21659","url":"https:\/\/macite.tg\/?p=21659","name":"EXTENSION DE LA LGV KENITRA-MARRAKECH : SM le Roi mat\u00e9rialise Sa vision strat\u00e9gique au service d\u2019une mobilit\u00e9 durable, inclusive et comp\u00e9titive -","isPartOf":{"@id":"https:\/\/macite.tg\/#website"},"primaryImageOfPage":{"@id":"https:\/\/macite.tg\/?p=21659#primaryimage"},"image":{"@id":"https:\/\/macite.tg\/?p=21659#primaryimage"},"thumbnailUrl":"https:\/\/macite.tg\/wp-content\/uploads\/2025\/04\/39588cc2-4f83-4403-b1ee-caddf0a77492.jpg","datePublished":"2025-04-25T15:48:02+00:00","dateModified":"2025-04-25T16:04:22+00:00","author":{"@id":"https:\/\/macite.tg\/#\/schema\/person\/e9f2de7e5dbbe7770a9402c7ce82f5c2"},"breadcrumb":{"@id":"https:\/\/macite.tg\/?p=21659#breadcrumb"},"inLanguage":"fr-FR","potentialAction":[{"@type":"ReadAction","target":["https:\/\/macite.tg\/?p=21659"]}]},{"@type":"ImageObject","inLanguage":"fr-FR","@id":"https:\/\/macite.tg\/?p=21659#primaryimage","url":"https:\/\/macite.tg\/wp-content\/uploads\/2025\/04\/39588cc2-4f83-4403-b1ee-caddf0a77492.jpg","contentUrl":"https:\/\/macite.tg\/wp-content\/uploads\/2025\/04\/39588cc2-4f83-4403-b1ee-caddf0a77492.jpg","width":1280,"height":853},{"@type":"BreadcrumbList","@id":"https:\/\/macite.tg\/?p=21659#breadcrumb","itemListElement":[{"@type":"ListItem","position":1,"name":"Accueil","item":"https:\/\/macite.tg\/"},{"@type":"ListItem","position":2,"name":"EXTENSION DE LA LGV KENITRA-MARRAKECH : SM le Roi mat\u00e9rialise Sa vision strat\u00e9gique au service d\u2019une mobilit\u00e9 durable, inclusive et comp\u00e9titive"}]},{"@type":"WebSite","@id":"https:\/\/macite.tg\/#website","url":"https:\/\/macite.tg\/","name":"","description":"L&#039;information, la bonne!!!","potentialAction":[{"@type":"SearchAction","target":{"@type":"EntryPoint","urlTemplate":"https:\/\/macite.tg\/?s={search_term_string}"},"query-input":{"@type":"PropertyValueSpecification","valueRequired":true,"valueName":"search_term_string"}}],"inLanguage":"fr-FR"},{"@type":"Person","@id":"https:\/\/macite.tg\/#\/schema\/person\/e9f2de7e5dbbe7770a9402c7ce82f5c2","name":"Jean Pierre BAWELA","image":{"@type":"ImageObject","inLanguage":"fr-FR","@id":"https:\/\/macite.tg\/wp-content\/uploads\/2023\/09\/WhatsApp-Image-2023-09-19-at-14.44.41-122x122.jpeg","url":"https:\/\/macite.tg\/wp-content\/uploads\/2023\/09\/WhatsApp-Image-2023-09-19-at-14.44.41-122x122.jpeg","contentUrl":"https:\/\/macite.tg\/wp-content\/uploads\/2023\/09\/WhatsApp-Image-2023-09-19-at-14.44.41-122x122.jpeg","caption":"Jean Pierre BAWELA"},"url":"https:\/\/macite.tg\/?author=2"}]}},"_links":{"self":[{"href":"https:\/\/macite.tg\/index.php?rest_route=\/wp\/v2\/posts\/21659","targetHints":{"allow":["GET"]}}],"collection":[{"href":"https:\/\/macite.tg\/index.php?rest_route=\/wp\/v2\/posts"}],"about":[{"href":"https:\/\/macite.tg\/index.php?rest_route=\/wp\/v2\/types\/post"}],"author":[{"embeddable":true,"href":"https:\/\/macite.tg\/index.php?rest_route=\/wp\/v2\/users\/2"}],"replies":[{"embeddable":true,"href":"https:\/\/macite.tg\/index.php?rest_route=%2Fwp%2Fv2%2Fcomments&post=21659"}],"version-history":[{"count":0,"href":"https:\/\/macite.tg\/index.php?rest_route=\/wp\/v2\/posts\/21659\/revisions"}],"wp:featuredmedia":[{"embeddable":true,"href":"https:\/\/macite.tg\/index.php?rest_route=\/wp\/v2\/media\/21660"}],"wp:attachment":[{"href":"https:\/\/macite.tg\/index.php?rest_route=%2Fwp%2Fv2%2Fmedia&parent=21659"}],"wp:term":[{"taxonomy":"category","embeddable":true,"href":"https:\/\/macite.tg\/index.php?rest_route=%2Fwp%2Fv2%2Fcategories&post=21659"},{"taxonomy":"post_tag","embeddable":true,"href":"https:\/\/macite.tg\/index.php?rest_route=%2Fwp%2Fv2%2Ftags&post=21659"}],"curies":[{"name":"wp","href":"https:\/\/api.w.org\/{rel}","templated":true}]}}