{"id":21646,"date":"2025-04-24T20:16:17","date_gmt":"2025-04-24T20:16:17","guid":{"rendered":"https:\/\/macite.tg\/?p=21646"},"modified":"2025-04-24T20:23:28","modified_gmt":"2025-04-24T20:23:28","slug":"pia-inauguration-de-lusine-vivace-group-et-pose-la-premiere-pierre-de-lunite-textile-atms","status":"publish","type":"post","link":"https:\/\/macite.tg\/?p=21646","title":{"rendered":"DOUBLE EVENEMENT A PIA : Inauguration de l\u2019usine Vivace Group et pose la premi\u00e8re pierre de l\u2019unit\u00e9 textile ATMS"},"content":{"rendered":"\n<p class=\"wp-block-paragraph\"><strong><em>Le Pr\u00e9sident de l\u2019Assembl\u00e9e nationale, Sevon-T\u00e9p\u00e9 Kodjo Ad\u00e9dz\u00e9, repr\u00e9sentant le Chef de l\u2019\u00c9tat, SEM Faure Essozimna Gnassingb\u00e9, a proc\u00e9d\u00e9, ce jeudi 24 avril <strong><em>sur la Plateforme industrielle d\u2019Ad\u00e9tikop\u00e9 (PIA)<\/em><\/strong>, \u00e0 l\u2019inauguration de l\u2019usine Vivace Group, sp\u00e9cialis\u00e9e dans la fabrication de profil\u00e9s en aluminium, ainsi qu\u2019\u00e0 la pose de la premi\u00e8re pierre de l\u2019unit\u00e9 textile Africa Textile Management Services (ATMS).<\/em><\/strong> <strong><em>Ce double \u00e9v\u00e9nement s&rsquo;inscrit dans le cadre des festivit\u00e9s du 65e anniversaire de l\u2019ind\u00e9pendance du Togo, et rev\u00eat une forte port\u00e9e \u00e9conomique. <\/em><\/strong><\/p>\n\n\n\n<p class=\"wp-block-paragraph\">Vivace Group, implant\u00e9e sur une superficie de 30 000 m\u00b2, affiche une capacit\u00e9 annuelle de production de 10 000 tonnes de profil\u00e9s d\u2019aluminium. Avec plus de 600 emplois directs attendus, l\u2019usine constitue une avanc\u00e9e significative dans le secteur des mat\u00e9riaux de construction. Ce projet estim\u00e9 \u00e0 plus de 8 milliards de FCFA, est une preuve tangible de la vitalit\u00e9 de la coop\u00e9ration sino-togolaise et de l\u2019attractivit\u00e9 de l\u2019environnement industriel togolais.<\/p>\n\n\n<div class=\"wp-block-image\">\n<figure class=\"aligncenter size-full is-resized\"><img loading=\"lazy\" decoding=\"async\" width=\"500\" height=\"298\" src=\"https:\/\/macite.tg\/wp-content\/uploads\/2025\/04\/Vivas-_-PIA.jpg\" alt=\"\" class=\"wp-image-21648\" style=\"width:840px;height:auto\" srcset=\"https:\/\/macite.tg\/wp-content\/uploads\/2025\/04\/Vivas-_-PIA.jpg 500w, https:\/\/macite.tg\/wp-content\/uploads\/2025\/04\/Vivas-_-PIA-300x179.jpg 300w\" sizes=\"auto, (max-width: 500px) 100vw, 500px\" \/><figcaption class=\"wp-element-caption\"><strong><em>Quelques temps forts de la c\u00e9r\u00e9monie d&rsquo;inauguration&#8230;<\/em><\/strong><\/figcaption><\/figure>\n<\/div>\n\n\n<p class=\"wp-block-paragraph\">Dans la continuit\u00e9 de cette dynamique, la future unit\u00e9 ATMS repr\u00e9sente un investissement important et vise \u00e0 structurer durablement la fili\u00e8re textile nationale. Ce projet renforcera non seulement la transformation locale des mati\u00e8res premi\u00e8res, mais ouvrira \u00e9galement de nouvelles perspectives pour l\u2019exportation et la cr\u00e9ation de valeur ajout\u00e9e.<\/p>\n\n\n\n<p class=\"wp-block-paragraph\">Ces r\u00e9alisations s\u2019inscrivent dans la vision strat\u00e9gique du gouvernement togolais qui, \u00e0 travers la PIA, ambitionne de faire du pays, un p\u00f4le industriel moderne en Afrique de l\u2019Ouest. Pour la ministre de l\u2019Industrie et de la Promotion du secteur priv\u00e9, Manuella Santos, l\u2019orientation est claire : renforcer les infrastructures, attirer les investissements, d\u00e9velopper les comp\u00e9tences locales et b\u00e2tir un \u00e9cosyst\u00e8me industriel r\u00e9silient. Elle a salu\u00e9 la port\u00e9e des projets.<\/p>\n\n\n<div class=\"wp-block-image\">\n<figure class=\"aligncenter size-full is-resized\"><img loading=\"lazy\" decoding=\"async\" width=\"690\" height=\"170\" src=\"https:\/\/macite.tg\/wp-content\/uploads\/2025\/04\/IMG-20240313-WA0013.jpg\" alt=\"\" class=\"wp-image-21559\" style=\"width:840px;height:auto\" srcset=\"https:\/\/macite.tg\/wp-content\/uploads\/2025\/04\/IMG-20240313-WA0013.jpg 690w, https:\/\/macite.tg\/wp-content\/uploads\/2025\/04\/IMG-20240313-WA0013-300x74.jpg 300w\" sizes=\"auto, (max-width: 690px) 100vw, 690px\" \/><\/figure>\n<\/div>\n\n\n<p class=\"wp-block-paragraph\"><em>\u00ab Les projets que nous mettons \u00e0 l\u2019honneur ce jour, illustrent la dynamique industrielle en cours sur la PIA. L\u2019unit\u00e9 industrielle Vivace Group, sp\u00e9cialis\u00e9e dans la production de mat\u00e9riaux de construction en aluminium, repr\u00e9sente un investissement pr\u00e9visionnel de plus de 8 milliards de francs CFA et devrait g\u00e9n\u00e9rer plus de 600 emplois directs. Quant \u00e0 l\u2019unit\u00e9 ATMS, dont nous posons la premi\u00e8re pierre, elle a pour vocation de d\u00e9velopper la fili\u00e8re textile avec un investissement de 57 milliards de francs CFA.<\/em><\/p>\n\n\n\n<p class=\"wp-block-paragraph\"><em>Au-del\u00e0 de ces chiffres et infrastructures, ces projets incarnent une vision de d\u00e9veloppement o\u00f9 l\u2019industrie devient un levier pour cr\u00e9er des opportunit\u00e9s concr\u00e8tes, valoriser la comp\u00e9tence locale et renforcer notre souverainet\u00e9 \u00e9conomique. C\u2019est en transformant ici chez nous, que nous b\u00e2tissons une prosp\u00e9rit\u00e9 r\u00e9ellement partag\u00e9e.<\/em><\/p>\n\n\n\n<p class=\"wp-block-paragraph\"><em>Gr\u00e2ce \u00e0 la vision s\u00e9curitaire du Chef de l\u2019\u00c9tat, le Togo s\u2019affirme comme un mod\u00e8le de stabilit\u00e9 en Afrique de l\u2019Ouest offrant ainsi aux investisseurs, un environnement s\u00e9curis\u00e9 pour r\u00e9aliser leurs projets. Cette stabilit\u00e9 est la condition sine qua non de tout progr\u00e8s durable et elle est au c\u0153ur de la strat\u00e9gie de d\u00e9veloppement de notre pays. \u00bb,<\/em> a indiqu\u00e9 la ministre de l\u2019Industrie et de la promotion du secteur priv\u00e9, Manuella Santos.<\/p>\n\n\n<div class=\"wp-block-image\">\n<figure class=\"aligncenter size-full is-resized\"><img loading=\"lazy\" decoding=\"async\" width=\"500\" height=\"175\" src=\"https:\/\/macite.tg\/wp-content\/uploads\/2025\/04\/POSE.jpg\" alt=\"\" class=\"wp-image-21649\" style=\"width:826px;height:auto\" srcset=\"https:\/\/macite.tg\/wp-content\/uploads\/2025\/04\/POSE.jpg 500w, https:\/\/macite.tg\/wp-content\/uploads\/2025\/04\/POSE-300x105.jpg 300w\" sizes=\"auto, (max-width: 500px) 100vw, 500px\" \/><figcaption class=\"wp-element-caption\"><strong><em>Pose de la premi\u00e8re pierre de l\u2019unit\u00e9 textile Africa Textile Management Services (ATMS).<\/em><\/strong><\/figcaption><\/figure>\n<\/div>\n\n\n<p class=\"wp-block-paragraph\">A la fin de la c\u00e9r\u00e9monie, une visite guid\u00e9e des installations de Vivace Group a permis au Pr\u00e9sident de l\u2019Assembl\u00e9e nationale de constater de visu la qualit\u00e9 technologique de la cha\u00eene de production, reflet d\u2019un savoir-faire industriel de haut niveau.<\/p>\n\n\n\n<p class=\"wp-block-paragraph\">L\u2019inauguration de cette usine et le lancement de l\u2019unit\u00e9 ATMS traduisent l\u2019engagement du Togo \u00e0 acc\u00e9l\u00e9rer son industrialisation, \u00e0 valoriser ses ressources locales et \u00e0 garantir aux investisseurs un cadre favorable \u00e0 la concr\u00e9tisation de leurs projets.<\/p>\n\n\n\n<p class=\"wp-block-paragraph\"><strong>Cellule Comme AN<\/strong><\/p>\n\n\n\n<p class=\"wp-block-paragraph\"><a><strong><em>@macite.tg&nbsp;&nbsp;&nbsp;&nbsp;&nbsp;&nbsp;&nbsp;&nbsp;<\/em><\/strong><\/a><\/p>\n\n\n\n<p class=\"wp-block-paragraph\"><strong><em>E-mail&nbsp;: <\/em><\/strong><a href=\"mailto:maciteinfo@gmail.com\"><strong><em>maciteinfo@gmail.com<\/em><\/strong><\/a><strong><em>; <\/em><\/strong><a href=\"mailto:bawela1@gmail.com\"><strong><em>bawela1@gmail.com<\/em><\/strong><\/a><strong><em><\/em><\/strong><\/p>\n\n\n\n<p class=\"wp-block-paragraph\"><strong><em>Pour vos annonces, (publi)reportages, etc., joignez-nous au (00228)91515309\/<strong>79872224 <\/strong>www.macite.tg, L\u2019information, la bonne&nbsp;!<\/em><\/strong><\/p>\n\n\n\n<p class=\"wp-block-paragraph\"><\/p>\n","protected":false},"excerpt":{"rendered":"<p class=\"text-justify mb-2\" >Le Pr\u00e9sident de l\u2019Assembl\u00e9e nationale, Sevon-T\u00e9p\u00e9 Kodjo Ad\u00e9dz\u00e9, repr\u00e9sentant le Chef de l\u2019\u00c9tat, SEM Faure Essozimna Gnassingb\u00e9, a proc\u00e9d\u00e9, ce jeudi 24 avril sur la Plateforme industrielle d\u2019Ad\u00e9tikop\u00e9 (PIA), \u00e0 l\u2019inauguration de l\u2019usine Vivace Group, sp\u00e9cialis\u00e9e dans la fabrication de profil\u00e9s en aluminium, ainsi qu\u2019\u00e0 [&hellip;]<\/p>\n","protected":false},"author":2,"featured_media":21647,"comment_status":"open","ping_status":"open","sticky":false,"template":"","format":"standard","meta":{"footnotes":""},"categories":[20,15],"tags":[],"class_list":["post-21646","post","type-post","status-publish","format-standard","has-post-thumbnail","hentry","category-actualite","category-developpement"],"yoast_head":"<!-- This site is optimized with the Yoast SEO plugin v28.4 - https:\/\/yoast.com\/product\/yoast-seo-wordpress\/ -->\n<title>DOUBLE EVENEMENT A PIA : Inauguration de l\u2019usine Vivace Group et pose la premi\u00e8re pierre de l\u2019unit\u00e9 textile ATMS -<\/title>\n<meta name=\"robots\" content=\"index, follow, max-snippet:-1, max-image-preview:large, max-video-preview:-1\" \/>\n<link rel=\"canonical\" href=\"https:\/\/macite.tg\/?p=21646\" \/>\n<meta property=\"og:locale\" content=\"fr_FR\" \/>\n<meta property=\"og:type\" content=\"article\" \/>\n<meta property=\"og:title\" content=\"DOUBLE EVENEMENT A PIA : Inauguration de l\u2019usine Vivace Group et pose la premi\u00e8re pierre de l\u2019unit\u00e9 textile ATMS -\" \/>\n<meta property=\"og:description\" content=\"Le Pr\u00e9sident de l\u2019Assembl\u00e9e nationale, Sevon-T\u00e9p\u00e9 Kodjo Ad\u00e9dz\u00e9, repr\u00e9sentant le Chef de l\u2019\u00c9tat, SEM Faure Essozimna Gnassingb\u00e9, a proc\u00e9d\u00e9, ce jeudi 24 avril sur la Plateforme industrielle d\u2019Ad\u00e9tikop\u00e9 (PIA), \u00e0 l\u2019inauguration de l\u2019usine Vivace Group, sp\u00e9cialis\u00e9e dans la fabrication de profil\u00e9s en aluminium, ainsi qu\u2019\u00e0 [&hellip;]\" \/>\n<meta property=\"og:url\" content=\"https:\/\/macite.tg\/?p=21646\" \/>\n<meta property=\"article:published_time\" content=\"2025-04-24T20:16:17+00:00\" \/>\n<meta property=\"article:modified_time\" content=\"2025-04-24T20:23:28+00:00\" \/>\n<meta property=\"og:image\" content=\"https:\/\/macite.tg\/wp-content\/uploads\/2025\/04\/Vivas-photo-de-famille.jpg\" \/>\n\t<meta property=\"og:image:width\" content=\"500\" \/>\n\t<meta property=\"og:image:height\" content=\"301\" \/>\n\t<meta property=\"og:image:type\" content=\"image\/jpeg\" \/>\n<meta name=\"author\" content=\"Jean Pierre BAWELA\" \/>\n<meta name=\"twitter:card\" content=\"summary_large_image\" \/>\n<meta name=\"twitter:label1\" content=\"\u00c9crit par\" \/>\n\t<meta name=\"twitter:data1\" content=\"Jean Pierre BAWELA\" \/>\n\t<meta name=\"twitter:label2\" content=\"Dur\u00e9e de lecture estim\u00e9e\" \/>\n\t<meta name=\"twitter:data2\" content=\"4 minutes\" \/>\n<script type=\"application\/ld+json\" class=\"yoast-schema-graph\">{\"@context\":\"https:\\\/\\\/schema.org\",\"@graph\":[{\"@type\":\"Article\",\"@id\":\"https:\\\/\\\/macite.tg\\\/?p=21646#article\",\"isPartOf\":{\"@id\":\"https:\\\/\\\/macite.tg\\\/?p=21646\"},\"author\":{\"name\":\"Jean Pierre BAWELA\",\"@id\":\"https:\\\/\\\/macite.tg\\\/#\\\/schema\\\/person\\\/e9f2de7e5dbbe7770a9402c7ce82f5c2\"},\"headline\":\"DOUBLE EVENEMENT A PIA : Inauguration de l\u2019usine Vivace Group et pose la premi\u00e8re pierre de l\u2019unit\u00e9 textile ATMS\",\"datePublished\":\"2025-04-24T20:16:17+00:00\",\"dateModified\":\"2025-04-24T20:23:28+00:00\",\"mainEntityOfPage\":{\"@id\":\"https:\\\/\\\/macite.tg\\\/?p=21646\"},\"wordCount\":707,\"commentCount\":0,\"image\":{\"@id\":\"https:\\\/\\\/macite.tg\\\/?p=21646#primaryimage\"},\"thumbnailUrl\":\"https:\\\/\\\/macite.tg\\\/wp-content\\\/uploads\\\/2025\\\/04\\\/Vivas-photo-de-famille.jpg\",\"articleSection\":[\"ACTUALITE\",\"DEVELOPPEMENT\"],\"inLanguage\":\"fr-FR\",\"potentialAction\":[{\"@type\":\"CommentAction\",\"name\":\"Comment\",\"target\":[\"https:\\\/\\\/macite.tg\\\/?p=21646#respond\"]}]},{\"@type\":\"WebPage\",\"@id\":\"https:\\\/\\\/macite.tg\\\/?p=21646\",\"url\":\"https:\\\/\\\/macite.tg\\\/?p=21646\",\"name\":\"DOUBLE EVENEMENT A PIA : Inauguration de l\u2019usine Vivace Group et pose la premi\u00e8re pierre de l\u2019unit\u00e9 textile ATMS -\",\"isPartOf\":{\"@id\":\"https:\\\/\\\/macite.tg\\\/#website\"},\"primaryImageOfPage\":{\"@id\":\"https:\\\/\\\/macite.tg\\\/?p=21646#primaryimage\"},\"image\":{\"@id\":\"https:\\\/\\\/macite.tg\\\/?p=21646#primaryimage\"},\"thumbnailUrl\":\"https:\\\/\\\/macite.tg\\\/wp-content\\\/uploads\\\/2025\\\/04\\\/Vivas-photo-de-famille.jpg\",\"datePublished\":\"2025-04-24T20:16:17+00:00\",\"dateModified\":\"2025-04-24T20:23:28+00:00\",\"author\":{\"@id\":\"https:\\\/\\\/macite.tg\\\/#\\\/schema\\\/person\\\/e9f2de7e5dbbe7770a9402c7ce82f5c2\"},\"breadcrumb\":{\"@id\":\"https:\\\/\\\/macite.tg\\\/?p=21646#breadcrumb\"},\"inLanguage\":\"fr-FR\",\"potentialAction\":[{\"@type\":\"ReadAction\",\"target\":[\"https:\\\/\\\/macite.tg\\\/?p=21646\"]}]},{\"@type\":\"ImageObject\",\"inLanguage\":\"fr-FR\",\"@id\":\"https:\\\/\\\/macite.tg\\\/?p=21646#primaryimage\",\"url\":\"https:\\\/\\\/macite.tg\\\/wp-content\\\/uploads\\\/2025\\\/04\\\/Vivas-photo-de-famille.jpg\",\"contentUrl\":\"https:\\\/\\\/macite.tg\\\/wp-content\\\/uploads\\\/2025\\\/04\\\/Vivas-photo-de-famille.jpg\",\"width\":500,\"height\":301},{\"@type\":\"BreadcrumbList\",\"@id\":\"https:\\\/\\\/macite.tg\\\/?p=21646#breadcrumb\",\"itemListElement\":[{\"@type\":\"ListItem\",\"position\":1,\"name\":\"Accueil\",\"item\":\"https:\\\/\\\/macite.tg\\\/\"},{\"@type\":\"ListItem\",\"position\":2,\"name\":\"DOUBLE EVENEMENT A PIA : Inauguration de l\u2019usine Vivace Group et pose la premi\u00e8re pierre de l\u2019unit\u00e9 textile ATMS\"}]},{\"@type\":\"WebSite\",\"@id\":\"https:\\\/\\\/macite.tg\\\/#website\",\"url\":\"https:\\\/\\\/macite.tg\\\/\",\"name\":\"\",\"description\":\"L&#039;information, la bonne!!!\",\"potentialAction\":[{\"@type\":\"SearchAction\",\"target\":{\"@type\":\"EntryPoint\",\"urlTemplate\":\"https:\\\/\\\/macite.tg\\\/?s={search_term_string}\"},\"query-input\":{\"@type\":\"PropertyValueSpecification\",\"valueRequired\":true,\"valueName\":\"search_term_string\"}}],\"inLanguage\":\"fr-FR\"},{\"@type\":\"Person\",\"@id\":\"https:\\\/\\\/macite.tg\\\/#\\\/schema\\\/person\\\/e9f2de7e5dbbe7770a9402c7ce82f5c2\",\"name\":\"Jean Pierre BAWELA\",\"image\":{\"@type\":\"ImageObject\",\"inLanguage\":\"fr-FR\",\"@id\":\"https:\\\/\\\/macite.tg\\\/wp-content\\\/uploads\\\/2023\\\/09\\\/WhatsApp-Image-2023-09-19-at-14.44.41-122x122.jpeg\",\"url\":\"https:\\\/\\\/macite.tg\\\/wp-content\\\/uploads\\\/2023\\\/09\\\/WhatsApp-Image-2023-09-19-at-14.44.41-122x122.jpeg\",\"contentUrl\":\"https:\\\/\\\/macite.tg\\\/wp-content\\\/uploads\\\/2023\\\/09\\\/WhatsApp-Image-2023-09-19-at-14.44.41-122x122.jpeg\",\"caption\":\"Jean Pierre BAWELA\"},\"url\":\"https:\\\/\\\/macite.tg\\\/?author=2\"}]}<\/script>\n<!-- \/ Yoast SEO plugin. -->","yoast_head_json":{"title":"DOUBLE EVENEMENT A PIA : Inauguration de l\u2019usine Vivace Group et pose la premi\u00e8re pierre de l\u2019unit\u00e9 textile ATMS -","robots":{"index":"index","follow":"follow","max-snippet":"max-snippet:-1","max-image-preview":"max-image-preview:large","max-video-preview":"max-video-preview:-1"},"canonical":"https:\/\/macite.tg\/?p=21646","og_locale":"fr_FR","og_type":"article","og_title":"DOUBLE EVENEMENT A PIA : Inauguration de l\u2019usine Vivace Group et pose la premi\u00e8re pierre de l\u2019unit\u00e9 textile ATMS -","og_description":"Le Pr\u00e9sident de l\u2019Assembl\u00e9e nationale, Sevon-T\u00e9p\u00e9 Kodjo Ad\u00e9dz\u00e9, repr\u00e9sentant le Chef de l\u2019\u00c9tat, SEM Faure Essozimna Gnassingb\u00e9, a proc\u00e9d\u00e9, ce jeudi 24 avril sur la Plateforme industrielle d\u2019Ad\u00e9tikop\u00e9 (PIA), \u00e0 l\u2019inauguration de l\u2019usine Vivace Group, sp\u00e9cialis\u00e9e dans la fabrication de profil\u00e9s en aluminium, ainsi qu\u2019\u00e0 [&hellip;]","og_url":"https:\/\/macite.tg\/?p=21646","article_published_time":"2025-04-24T20:16:17+00:00","article_modified_time":"2025-04-24T20:23:28+00:00","og_image":[{"width":500,"height":301,"url":"https:\/\/macite.tg\/wp-content\/uploads\/2025\/04\/Vivas-photo-de-famille.jpg","type":"image\/jpeg"}],"author":"Jean Pierre BAWELA","twitter_card":"summary_large_image","twitter_misc":{"\u00c9crit par":"Jean Pierre BAWELA","Dur\u00e9e de lecture estim\u00e9e":"4 minutes"},"schema":{"@context":"https:\/\/schema.org","@graph":[{"@type":"Article","@id":"https:\/\/macite.tg\/?p=21646#article","isPartOf":{"@id":"https:\/\/macite.tg\/?p=21646"},"author":{"name":"Jean Pierre BAWELA","@id":"https:\/\/macite.tg\/#\/schema\/person\/e9f2de7e5dbbe7770a9402c7ce82f5c2"},"headline":"DOUBLE EVENEMENT A PIA : Inauguration de l\u2019usine Vivace Group et pose la premi\u00e8re pierre de l\u2019unit\u00e9 textile ATMS","datePublished":"2025-04-24T20:16:17+00:00","dateModified":"2025-04-24T20:23:28+00:00","mainEntityOfPage":{"@id":"https:\/\/macite.tg\/?p=21646"},"wordCount":707,"commentCount":0,"image":{"@id":"https:\/\/macite.tg\/?p=21646#primaryimage"},"thumbnailUrl":"https:\/\/macite.tg\/wp-content\/uploads\/2025\/04\/Vivas-photo-de-famille.jpg","articleSection":["ACTUALITE","DEVELOPPEMENT"],"inLanguage":"fr-FR","potentialAction":[{"@type":"CommentAction","name":"Comment","target":["https:\/\/macite.tg\/?p=21646#respond"]}]},{"@type":"WebPage","@id":"https:\/\/macite.tg\/?p=21646","url":"https:\/\/macite.tg\/?p=21646","name":"DOUBLE EVENEMENT A PIA : Inauguration de l\u2019usine Vivace Group et pose la premi\u00e8re pierre de l\u2019unit\u00e9 textile ATMS -","isPartOf":{"@id":"https:\/\/macite.tg\/#website"},"primaryImageOfPage":{"@id":"https:\/\/macite.tg\/?p=21646#primaryimage"},"image":{"@id":"https:\/\/macite.tg\/?p=21646#primaryimage"},"thumbnailUrl":"https:\/\/macite.tg\/wp-content\/uploads\/2025\/04\/Vivas-photo-de-famille.jpg","datePublished":"2025-04-24T20:16:17+00:00","dateModified":"2025-04-24T20:23:28+00:00","author":{"@id":"https:\/\/macite.tg\/#\/schema\/person\/e9f2de7e5dbbe7770a9402c7ce82f5c2"},"breadcrumb":{"@id":"https:\/\/macite.tg\/?p=21646#breadcrumb"},"inLanguage":"fr-FR","potentialAction":[{"@type":"ReadAction","target":["https:\/\/macite.tg\/?p=21646"]}]},{"@type":"ImageObject","inLanguage":"fr-FR","@id":"https:\/\/macite.tg\/?p=21646#primaryimage","url":"https:\/\/macite.tg\/wp-content\/uploads\/2025\/04\/Vivas-photo-de-famille.jpg","contentUrl":"https:\/\/macite.tg\/wp-content\/uploads\/2025\/04\/Vivas-photo-de-famille.jpg","width":500,"height":301},{"@type":"BreadcrumbList","@id":"https:\/\/macite.tg\/?p=21646#breadcrumb","itemListElement":[{"@type":"ListItem","position":1,"name":"Accueil","item":"https:\/\/macite.tg\/"},{"@type":"ListItem","position":2,"name":"DOUBLE EVENEMENT A PIA : Inauguration de l\u2019usine Vivace Group et pose la premi\u00e8re pierre de l\u2019unit\u00e9 textile ATMS"}]},{"@type":"WebSite","@id":"https:\/\/macite.tg\/#website","url":"https:\/\/macite.tg\/","name":"","description":"L&#039;information, la bonne!!!","potentialAction":[{"@type":"SearchAction","target":{"@type":"EntryPoint","urlTemplate":"https:\/\/macite.tg\/?s={search_term_string}"},"query-input":{"@type":"PropertyValueSpecification","valueRequired":true,"valueName":"search_term_string"}}],"inLanguage":"fr-FR"},{"@type":"Person","@id":"https:\/\/macite.tg\/#\/schema\/person\/e9f2de7e5dbbe7770a9402c7ce82f5c2","name":"Jean Pierre BAWELA","image":{"@type":"ImageObject","inLanguage":"fr-FR","@id":"https:\/\/macite.tg\/wp-content\/uploads\/2023\/09\/WhatsApp-Image-2023-09-19-at-14.44.41-122x122.jpeg","url":"https:\/\/macite.tg\/wp-content\/uploads\/2023\/09\/WhatsApp-Image-2023-09-19-at-14.44.41-122x122.jpeg","contentUrl":"https:\/\/macite.tg\/wp-content\/uploads\/2023\/09\/WhatsApp-Image-2023-09-19-at-14.44.41-122x122.jpeg","caption":"Jean Pierre BAWELA"},"url":"https:\/\/macite.tg\/?author=2"}]}},"_links":{"self":[{"href":"https:\/\/macite.tg\/index.php?rest_route=\/wp\/v2\/posts\/21646","targetHints":{"allow":["GET"]}}],"collection":[{"href":"https:\/\/macite.tg\/index.php?rest_route=\/wp\/v2\/posts"}],"about":[{"href":"https:\/\/macite.tg\/index.php?rest_route=\/wp\/v2\/types\/post"}],"author":[{"embeddable":true,"href":"https:\/\/macite.tg\/index.php?rest_route=\/wp\/v2\/users\/2"}],"replies":[{"embeddable":true,"href":"https:\/\/macite.tg\/index.php?rest_route=%2Fwp%2Fv2%2Fcomments&post=21646"}],"version-history":[{"count":0,"href":"https:\/\/macite.tg\/index.php?rest_route=\/wp\/v2\/posts\/21646\/revisions"}],"wp:featuredmedia":[{"embeddable":true,"href":"https:\/\/macite.tg\/index.php?rest_route=\/wp\/v2\/media\/21647"}],"wp:attachment":[{"href":"https:\/\/macite.tg\/index.php?rest_route=%2Fwp%2Fv2%2Fmedia&parent=21646"}],"wp:term":[{"taxonomy":"category","embeddable":true,"href":"https:\/\/macite.tg\/index.php?rest_route=%2Fwp%2Fv2%2Fcategories&post=21646"},{"taxonomy":"post_tag","embeddable":true,"href":"https:\/\/macite.tg\/index.php?rest_route=%2Fwp%2Fv2%2Ftags&post=21646"}],"curies":[{"name":"wp","href":"https:\/\/api.w.org\/{rel}","templated":true}]}}