{"id":21623,"date":"2025-04-24T13:34:56","date_gmt":"2025-04-24T13:34:56","guid":{"rendered":"https:\/\/macite.tg\/?p=21623"},"modified":"2025-04-24T13:35:04","modified_gmt":"2025-04-24T13:35:04","slug":"devoir-de-memoire-gnassingbe-eyadema-un-meneur-dhommes-au-destin-exceptionnel-suite","status":"publish","type":"post","link":"https:\/\/macite.tg\/?p=21623","title":{"rendered":"DEVOIR DE MEMOIRE : Gnassingb\u00e9 Eyadema, un meneur d&rsquo;hommes au destin exceptionnel (Suite)"},"content":{"rendered":"\n<p class=\"wp-block-paragraph\"><strong><em>Ann\u00e9e 1935. Un enfant venait de naitre \u00e0 Pya, un village en pays Kabiy\u00e8 au Nord du Togo. L&rsquo;histoire de Gnassingb\u00e9 Eyadema d\u00e9buta ainsi. Symbolis\u00e9 par des marches d&rsquo;escaliers, le parcours sur Terre du meneur d&rsquo;hommes Gnassingb\u00e9 Eyadema fut un \u00e9pisode complet. \u00ab&nbsp;Gnassingb\u00e9 Eyadema a fait tout ce qu&rsquo;un jeune gar\u00e7on peut faire dans la vie : la culture, la garde des troupeaux, la lutte et les initiations&nbsp;\u00bb, disait de lui, l&rsquo;ancien ministre Yaya Malou, un t\u00e9moin oculaire du parcours exceptionnel de l&rsquo;homme qui \u00e9tait fier de ses origines paysannes.<\/em><\/strong><\/p>\n\n\n\n<p class=\"wp-block-paragraph\"><em>\u00ab\u00a0Brillant gar\u00e7on qui \u00e9tait toujours champion pour la lutte traditionnelle et qui avait une intelligence tr\u00e8s vive, qui r\u00e9agissait tr\u00e8s rapidement dans tout ce qu&rsquo;il faisait\u00a0\u00bb.<\/em> C&rsquo;est ainsi que se souvenait l&rsquo;ancien ministre Yaya Malou de feu G\u00e9n\u00e9ral Gnassingb\u00e9 Eyadema, retra\u00e7ant la vie du\u00a0 jeune homme au meneur d&rsquo;hommes qu&rsquo;il fut par la suite, une histoire de destin bien exceptionnel marqu\u00e9 par des processus d&rsquo;apprentissages et des responsabilit\u00e9s assum\u00e9es.<\/p>\n\n\n\n<p class=\"wp-block-paragraph\">Le parcours de Gnassingb\u00e9 Eyadema n&rsquo;a pas \u00e9t\u00e9 un fleuve tranquille. Surtout aller \u00e0 l&rsquo;\u00e9cole fran\u00e7aise, m\u00eame s&rsquo;il avait fait montre d&rsquo;un d\u00e9sir ardent de d\u00e9couvrir le savoir de l&rsquo;homme blanc. Un d\u00e9sir malheureusement heurt\u00e9 \u00e0 une opposition farouche de Maman Ndanidah <em>\u00ab&nbsp;qui voyait en la petite \u00e9cole fran\u00e7aise de Farind\u00e8 o\u00f9 devait se rendre le jeune Eyadema, un moyen de lui arracher son fils, de le s\u00e9parer d&rsquo;elle&nbsp;\u00bb.<\/em><\/p>\n\n\n<div class=\"wp-block-image\">\n<figure class=\"aligncenter size-full is-resized\"><img loading=\"lazy\" decoding=\"async\" width=\"945\" height=\"575\" src=\"https:\/\/macite.tg\/wp-content\/uploads\/2025\/04\/image-85.png\" alt=\"\" class=\"wp-image-21607\" style=\"width:734px;height:auto\" srcset=\"https:\/\/macite.tg\/wp-content\/uploads\/2025\/04\/image-85.png 945w, https:\/\/macite.tg\/wp-content\/uploads\/2025\/04\/image-85-300x183.png 300w, https:\/\/macite.tg\/wp-content\/uploads\/2025\/04\/image-85-768x467.png 768w\" sizes=\"auto, (max-width: 945px) 100vw, 945px\" \/><\/figure>\n<\/div>\n\n\n<p class=\"wp-block-paragraph\">Cette opposition de Maman Ndanidah fut pourtant dilu\u00e9e par Koromsa, le grand fr\u00e8re d&rsquo;Eyadema qui l&rsquo;autorisa contre vents et marr\u00e9es \u00e0 se rendre \u00e0 l&rsquo;\u00e9cole et de s&rsquo;y int\u00e9resser. <em>\u00ab&nbsp;Pendant ce temps, Koromsa et les autres fr\u00e8res s&rsquo;occupaient des travaux \u00e0 la maison familiale. Le parti-pris de Koromsa en faveur de son jeune fr\u00e8re n&rsquo;a pas \u00e9t\u00e9 d\u00e9\u00e7u lorsqu&rsquo;on le mesure \u00e0 l&rsquo;aune de ce que le jeune Eyadema a eu \u00e0 r\u00e9colter de sa formation \u00e0 l&rsquo;\u00e9cole fran\u00e7aise et au cours des \u00e9tapes ult\u00e9rieures de sa carri\u00e8re&nbsp;\u00bb.<\/em><\/p>\n\n\n\n<p class=\"wp-block-paragraph\">Sur son chemin atypique, Eyadema s&rsquo;engagea dans l&rsquo;arm\u00e9e fran\u00e7aise \u00e0 18 ans \u00e0 titre volontaire et lib\u00e9r\u00e9 en 1962 avec le grade de sergent-chef.<\/p>\n\n\n\n<p class=\"wp-block-paragraph\">Tout au long de son exemplaire militaire exemplaire, l&rsquo;homme s&rsquo;est partout illustr\u00e9 par sa bravoure qui frise la t\u00e9m\u00e9rit\u00e9, par sa discipline et par son bel esprit de corps. Ce qui suscita estime et admiration de son Colonel Commandant le 22\u00e8me R\u00e9giment d&rsquo;infanterie coloniale (RIC) en 1955 lorsqu&rsquo;il combattait sur le champ de guerre au Viet Nam en ces termes : <em>\u00ab&nbsp;Continue de donner enti\u00e8re satisfaction comme chef d&rsquo;\u00e9quipe de voltigeurs. Tr\u00e8s robuste, bonne instruction g\u00e9n\u00e9rale et militaire, bon tireur, sait commander et instruire son \u00e9quipe. Tenue, conduite, esprit excellent, fera un bon Caporal-Chef&nbsp;\u00bb.<\/em><\/p>\n\n\n<div class=\"wp-block-image\">\n<figure class=\"aligncenter size-full\"><img loading=\"lazy\" decoding=\"async\" width=\"851\" height=\"315\" src=\"https:\/\/macite.tg\/wp-content\/uploads\/2025\/04\/OTR_Ferer-pour-batir.jpg\" alt=\"\" class=\"wp-image-21535\" srcset=\"https:\/\/macite.tg\/wp-content\/uploads\/2025\/04\/OTR_Ferer-pour-batir.jpg 851w, https:\/\/macite.tg\/wp-content\/uploads\/2025\/04\/OTR_Ferer-pour-batir-300x111.jpg 300w, https:\/\/macite.tg\/wp-content\/uploads\/2025\/04\/OTR_Ferer-pour-batir-768x284.jpg 768w\" sizes=\"auto, (max-width: 851px) 100vw, 851px\" \/><\/figure>\n<\/div>\n\n\n<p class=\"wp-block-paragraph\">Ce que confirme son compagnon d&rsquo;armes, le G\u00e9n\u00e9ral Zoumaro Gnonfame \u00e9galement ancien ministre: <em>\u00ab&nbsp;La premi\u00e8re fois que j&rsquo;ai rencontr\u00e9 Eyadema, que nous appelions couramment le chef Etienne, nous avons tout de suite \u00e9t\u00e9 frapp\u00e9 par la vivacit\u00e9 de son esprit, le nationalisme de ce jeune militaire qui, pendant tous ses s\u00e9jours en Indochine, en Alg\u00e9rie, avait un id\u00e9al. Tout comme, lorsqu&rsquo;il commandait des unit\u00e9s \u00e0 Ouidah et Cotonou sous le grade de sergent-chef&nbsp;\u00bb.<\/em><\/p>\n\n\n\n<p class=\"wp-block-paragraph\">En r\u00e9sum\u00e9, sans gros risque de se trompe, feu G\u00e9n\u00e9ral Gnassingb\u00e9 Eyadema <em>\u00ab&nbsp;a laiss\u00e9 sur les langues de la post\u00e9rit\u00e9, l&rsquo;exemple m\u00eame d&rsquo;une fascinante et \u00e9pique carri\u00e8re militaire aur\u00e9ol\u00e9e de m\u00e9dailles de combattant hors-pair&nbsp;\u00bb.<\/em><\/p>\n\n\n\n<p class=\"wp-block-paragraph\"><strong>Gnassingb\u00e9 Eyadema et l&rsquo;arme du pardon face aux complots<\/strong><\/p>\n\n\n\n<p class=\"wp-block-paragraph\">Tout au long de son exercice du pouvoir, \u00e0 la magistrature supr\u00eame, malgr\u00e9 le lourd h\u00e9ritage d&rsquo;un pass\u00e9 \u00e9maill\u00e9 de crises politiques ayant plomb\u00e9 le d\u00e9collage \u00e9conomique et social du pays, le Pr\u00e9sident Eyadema r\u00e9ussira \u00e0 doter le Togo de structures institutionnelles fiabilis\u00e9es et stabilis\u00e9es dans un climat de paix, de stabilit\u00e9 et de prosp\u00e9rit\u00e9 retrouv\u00e9e.<\/p>\n\n\n<div class=\"wp-block-image\">\n<figure class=\"aligncenter size-full is-resized\"><img loading=\"lazy\" decoding=\"async\" width=\"690\" height=\"170\" src=\"https:\/\/macite.tg\/wp-content\/uploads\/2025\/04\/IMG-20240313-WA0013.jpg\" alt=\"\" class=\"wp-image-21559\" style=\"width:840px;height:auto\" srcset=\"https:\/\/macite.tg\/wp-content\/uploads\/2025\/04\/IMG-20240313-WA0013.jpg 690w, https:\/\/macite.tg\/wp-content\/uploads\/2025\/04\/IMG-20240313-WA0013-300x74.jpg 300w\" sizes=\"auto, (max-width: 690px) 100vw, 690px\" \/><\/figure>\n<\/div>\n\n\n<p class=\"wp-block-paragraph\">Cela, en d\u00e9pit de plusieurs tentatives de d\u00e9stabilisation qui se sont sold\u00e9es toutes par des \u00e9checs retentissants, avant que plus tard, \u00e0 partir de 1991, le pays se retrouve face \u00e0 une crise politique aigue, \u00e0 la faveur d&rsquo;une d\u00e9mocratisation marqu\u00e9e par des d\u00e9bordements de la Conf\u00e9rence nationale du 8 juillet.<\/p>\n\n\n\n<p class=\"wp-block-paragraph\">L&rsquo;histoire retient que face \u00e0 toutes les tentatives de d\u00e9stabilisation de son r\u00e9gime et de sa liquidation physique, Feu Eyadema a toujours fait preuve d&rsquo;humanisme et de sens du pardon en accordant \u00e0 chaque fois l&rsquo;amnistie aux comploteurs, malgr\u00e9 la d\u00e9sapprobation populaire. L&rsquo;homme a toujours eu un respect fascinant pour la vie humaine.<\/p>\n\n\n\n<p class=\"wp-block-paragraph\"><em>\u00ab&nbsp;Nous n&rsquo;avons aucun sentiment de haine ni de vengeance. Nous ne voulons pas assumer une responsabilit\u00e9 qui n&rsquo;est pas la n\u00f4tre. En effet, si l&rsquo;homme propose, c&rsquo;est Dieu qui dispose. Nous avons d\u00e9cid\u00e9 de les gracier&nbsp;\u00bb.<\/em> Fin de citation. Propos rapport\u00e9 par Jeune Afrique dans son \u00e9dition 1975 du 12 septembre 1979.<\/p>\n\n\n<div class=\"wp-block-image\">\n<figure class=\"aligncenter size-large is-resized\"><img loading=\"lazy\" decoding=\"async\" width=\"1024\" height=\"1024\" src=\"https:\/\/macite.tg\/wp-content\/uploads\/2025\/04\/OTR_TVM2-1024x1024.jpg\" alt=\"\" class=\"wp-image-21537\" style=\"width:552px;height:auto\" srcset=\"https:\/\/macite.tg\/wp-content\/uploads\/2025\/04\/OTR_TVM2-1024x1024.jpg 1024w, https:\/\/macite.tg\/wp-content\/uploads\/2025\/04\/OTR_TVM2-300x300.jpg 300w, https:\/\/macite.tg\/wp-content\/uploads\/2025\/04\/OTR_TVM2-150x150.jpg 150w, https:\/\/macite.tg\/wp-content\/uploads\/2025\/04\/OTR_TVM2-768x768.jpg 768w, https:\/\/macite.tg\/wp-content\/uploads\/2025\/04\/OTR_TVM2-1536x1536.jpg 1536w, https:\/\/macite.tg\/wp-content\/uploads\/2025\/04\/OTR_TVM2-122x122.jpg 122w, https:\/\/macite.tg\/wp-content\/uploads\/2025\/04\/OTR_TVM2.jpg 1600w\" sizes=\"auto, (max-width: 1024px) 100vw, 1024px\" \/><\/figure>\n<\/div>\n\n\n<p class=\"wp-block-paragraph\">Le sens du pardon adoss\u00e9 \u00e0 une foi in\u00e9branlable que son destin est entre les mains du Seigneur ne peut \u00eatre que l&rsquo;apanage des hommes d&rsquo;exception comme Gnassingb\u00e9 Eyadema.<\/p>\n\n\n\n<p class=\"wp-block-paragraph\"><strong>Cr\u00e9do TETTEH (avec Si le G\u00e9n\u00e9ral Eyadema nous \u00e9tait cont\u00e9\u2026, Moussa Cass\u00e9)<\/strong><\/p>\n\n\n\n<p class=\"wp-block-paragraph\"><strong>(In LE MEDIUM n\u00b0649 du 22 au 28 Avril 2025)<\/strong><\/p>\n\n\n\n<p class=\"wp-block-paragraph\"><a><strong><em>@macite.tg&nbsp;&nbsp;&nbsp;&nbsp;&nbsp;&nbsp;&nbsp;&nbsp;<\/em><\/strong><\/a><\/p>\n\n\n\n<p class=\"wp-block-paragraph\"><strong><em>E-mail&nbsp;: <\/em><\/strong><a href=\"mailto:maciteinfo@gmail.com\"><strong><em>maciteinfo@gmail.com<\/em><\/strong><\/a><strong><em>; <\/em><\/strong><a href=\"mailto:bawela1@gmail.com\"><strong><em>bawela1@gmail.com<\/em><\/strong><\/a><strong><em><\/em><\/strong><\/p>\n\n\n\n<p class=\"wp-block-paragraph\"><strong><em>Pour vos annonces, (publi)reportages, etc., joignez-nous au (00228)91515309\/<strong>79872224 <\/strong>www.macite.tg, L\u2019information, la bonne&nbsp;!<\/em><\/strong><\/p>\n\n\n\n<p class=\"wp-block-paragraph\"><\/p>\n","protected":false},"excerpt":{"rendered":"<p class=\"text-justify mb-2\" >Ann\u00e9e 1935. Un enfant venait de naitre \u00e0 Pya, un village en pays Kabiy\u00e8 au Nord du Togo. L&rsquo;histoire de Gnassingb\u00e9 Eyadema d\u00e9buta ainsi. Symbolis\u00e9 par des marches d&rsquo;escaliers, le parcours sur Terre du meneur d&rsquo;hommes Gnassingb\u00e9 Eyadema fut un \u00e9pisode complet. \u00ab&nbsp;Gnassingb\u00e9 Eyadema a [&hellip;]<\/p>\n","protected":false},"author":2,"featured_media":21625,"comment_status":"open","ping_status":"open","sticky":false,"template":"","format":"standard","meta":{"footnotes":""},"categories":[20,62],"tags":[],"class_list":["post-21623","post","type-post","status-publish","format-standard","has-post-thumbnail","hentry","category-actualite","category-hommage"],"yoast_head":"<!-- This site is optimized with the Yoast SEO plugin v28.4 - https:\/\/yoast.com\/product\/yoast-seo-wordpress\/ -->\n<title>DEVOIR DE MEMOIRE : Gnassingb\u00e9 Eyadema, un meneur d&#039;hommes au destin exceptionnel (Suite) -<\/title>\n<meta name=\"robots\" content=\"index, follow, max-snippet:-1, max-image-preview:large, max-video-preview:-1\" \/>\n<link rel=\"canonical\" href=\"https:\/\/macite.tg\/?p=21623\" \/>\n<meta property=\"og:locale\" content=\"fr_FR\" \/>\n<meta property=\"og:type\" content=\"article\" \/>\n<meta property=\"og:title\" content=\"DEVOIR DE MEMOIRE : Gnassingb\u00e9 Eyadema, un meneur d&#039;hommes au destin exceptionnel (Suite) -\" \/>\n<meta property=\"og:description\" content=\"Ann\u00e9e 1935. Un enfant venait de naitre \u00e0 Pya, un village en pays Kabiy\u00e8 au Nord du Togo. L&rsquo;histoire de Gnassingb\u00e9 Eyadema d\u00e9buta ainsi. Symbolis\u00e9 par des marches d&rsquo;escaliers, le parcours sur Terre du meneur d&rsquo;hommes Gnassingb\u00e9 Eyadema fut un \u00e9pisode complet. \u00ab&nbsp;Gnassingb\u00e9 Eyadema a [&hellip;]\" \/>\n<meta property=\"og:url\" content=\"https:\/\/macite.tg\/?p=21623\" \/>\n<meta property=\"article:published_time\" content=\"2025-04-24T13:34:56+00:00\" \/>\n<meta property=\"article:modified_time\" content=\"2025-04-24T13:35:04+00:00\" \/>\n<meta property=\"og:image\" content=\"https:\/\/macite.tg\/wp-content\/uploads\/2025\/04\/image-88.png\" \/>\n\t<meta property=\"og:image:width\" content=\"355\" \/>\n\t<meta property=\"og:image:height\" content=\"270\" \/>\n\t<meta property=\"og:image:type\" content=\"image\/png\" \/>\n<meta name=\"author\" content=\"Jean Pierre BAWELA\" \/>\n<meta name=\"twitter:card\" content=\"summary_large_image\" \/>\n<meta name=\"twitter:label1\" content=\"\u00c9crit par\" \/>\n\t<meta name=\"twitter:data1\" content=\"Jean Pierre BAWELA\" \/>\n\t<meta name=\"twitter:label2\" content=\"Dur\u00e9e de lecture estim\u00e9e\" \/>\n\t<meta name=\"twitter:data2\" content=\"6 minutes\" \/>\n<script type=\"application\/ld+json\" class=\"yoast-schema-graph\">{\"@context\":\"https:\\\/\\\/schema.org\",\"@graph\":[{\"@type\":\"Article\",\"@id\":\"https:\\\/\\\/macite.tg\\\/?p=21623#article\",\"isPartOf\":{\"@id\":\"https:\\\/\\\/macite.tg\\\/?p=21623\"},\"author\":{\"name\":\"Jean Pierre BAWELA\",\"@id\":\"https:\\\/\\\/macite.tg\\\/#\\\/schema\\\/person\\\/e9f2de7e5dbbe7770a9402c7ce82f5c2\"},\"headline\":\"DEVOIR DE MEMOIRE : Gnassingb\u00e9 Eyadema, un meneur d&rsquo;hommes au destin exceptionnel (Suite)\",\"datePublished\":\"2025-04-24T13:34:56+00:00\",\"dateModified\":\"2025-04-24T13:35:04+00:00\",\"mainEntityOfPage\":{\"@id\":\"https:\\\/\\\/macite.tg\\\/?p=21623\"},\"wordCount\":974,\"commentCount\":0,\"image\":{\"@id\":\"https:\\\/\\\/macite.tg\\\/?p=21623#primaryimage\"},\"thumbnailUrl\":\"https:\\\/\\\/macite.tg\\\/wp-content\\\/uploads\\\/2025\\\/04\\\/image-88.png\",\"articleSection\":[\"ACTUALITE\",\"HOMMAGE\"],\"inLanguage\":\"fr-FR\",\"potentialAction\":[{\"@type\":\"CommentAction\",\"name\":\"Comment\",\"target\":[\"https:\\\/\\\/macite.tg\\\/?p=21623#respond\"]}]},{\"@type\":\"WebPage\",\"@id\":\"https:\\\/\\\/macite.tg\\\/?p=21623\",\"url\":\"https:\\\/\\\/macite.tg\\\/?p=21623\",\"name\":\"DEVOIR DE MEMOIRE : Gnassingb\u00e9 Eyadema, un meneur d'hommes au destin exceptionnel (Suite) -\",\"isPartOf\":{\"@id\":\"https:\\\/\\\/macite.tg\\\/#website\"},\"primaryImageOfPage\":{\"@id\":\"https:\\\/\\\/macite.tg\\\/?p=21623#primaryimage\"},\"image\":{\"@id\":\"https:\\\/\\\/macite.tg\\\/?p=21623#primaryimage\"},\"thumbnailUrl\":\"https:\\\/\\\/macite.tg\\\/wp-content\\\/uploads\\\/2025\\\/04\\\/image-88.png\",\"datePublished\":\"2025-04-24T13:34:56+00:00\",\"dateModified\":\"2025-04-24T13:35:04+00:00\",\"author\":{\"@id\":\"https:\\\/\\\/macite.tg\\\/#\\\/schema\\\/person\\\/e9f2de7e5dbbe7770a9402c7ce82f5c2\"},\"breadcrumb\":{\"@id\":\"https:\\\/\\\/macite.tg\\\/?p=21623#breadcrumb\"},\"inLanguage\":\"fr-FR\",\"potentialAction\":[{\"@type\":\"ReadAction\",\"target\":[\"https:\\\/\\\/macite.tg\\\/?p=21623\"]}]},{\"@type\":\"ImageObject\",\"inLanguage\":\"fr-FR\",\"@id\":\"https:\\\/\\\/macite.tg\\\/?p=21623#primaryimage\",\"url\":\"https:\\\/\\\/macite.tg\\\/wp-content\\\/uploads\\\/2025\\\/04\\\/image-88.png\",\"contentUrl\":\"https:\\\/\\\/macite.tg\\\/wp-content\\\/uploads\\\/2025\\\/04\\\/image-88.png\",\"width\":355,\"height\":270},{\"@type\":\"BreadcrumbList\",\"@id\":\"https:\\\/\\\/macite.tg\\\/?p=21623#breadcrumb\",\"itemListElement\":[{\"@type\":\"ListItem\",\"position\":1,\"name\":\"Accueil\",\"item\":\"https:\\\/\\\/macite.tg\\\/\"},{\"@type\":\"ListItem\",\"position\":2,\"name\":\"DEVOIR DE MEMOIRE : Gnassingb\u00e9 Eyadema, un meneur d&rsquo;hommes au destin exceptionnel (Suite)\"}]},{\"@type\":\"WebSite\",\"@id\":\"https:\\\/\\\/macite.tg\\\/#website\",\"url\":\"https:\\\/\\\/macite.tg\\\/\",\"name\":\"\",\"description\":\"L&#039;information, la bonne!!!\",\"potentialAction\":[{\"@type\":\"SearchAction\",\"target\":{\"@type\":\"EntryPoint\",\"urlTemplate\":\"https:\\\/\\\/macite.tg\\\/?s={search_term_string}\"},\"query-input\":{\"@type\":\"PropertyValueSpecification\",\"valueRequired\":true,\"valueName\":\"search_term_string\"}}],\"inLanguage\":\"fr-FR\"},{\"@type\":\"Person\",\"@id\":\"https:\\\/\\\/macite.tg\\\/#\\\/schema\\\/person\\\/e9f2de7e5dbbe7770a9402c7ce82f5c2\",\"name\":\"Jean Pierre BAWELA\",\"image\":{\"@type\":\"ImageObject\",\"inLanguage\":\"fr-FR\",\"@id\":\"https:\\\/\\\/macite.tg\\\/wp-content\\\/uploads\\\/2023\\\/09\\\/WhatsApp-Image-2023-09-19-at-14.44.41-122x122.jpeg\",\"url\":\"https:\\\/\\\/macite.tg\\\/wp-content\\\/uploads\\\/2023\\\/09\\\/WhatsApp-Image-2023-09-19-at-14.44.41-122x122.jpeg\",\"contentUrl\":\"https:\\\/\\\/macite.tg\\\/wp-content\\\/uploads\\\/2023\\\/09\\\/WhatsApp-Image-2023-09-19-at-14.44.41-122x122.jpeg\",\"caption\":\"Jean Pierre BAWELA\"},\"url\":\"https:\\\/\\\/macite.tg\\\/?author=2\"}]}<\/script>\n<!-- \/ Yoast SEO plugin. -->","yoast_head_json":{"title":"DEVOIR DE MEMOIRE : Gnassingb\u00e9 Eyadema, un meneur d'hommes au destin exceptionnel (Suite) -","robots":{"index":"index","follow":"follow","max-snippet":"max-snippet:-1","max-image-preview":"max-image-preview:large","max-video-preview":"max-video-preview:-1"},"canonical":"https:\/\/macite.tg\/?p=21623","og_locale":"fr_FR","og_type":"article","og_title":"DEVOIR DE MEMOIRE : Gnassingb\u00e9 Eyadema, un meneur d'hommes au destin exceptionnel (Suite) -","og_description":"Ann\u00e9e 1935. Un enfant venait de naitre \u00e0 Pya, un village en pays Kabiy\u00e8 au Nord du Togo. L&rsquo;histoire de Gnassingb\u00e9 Eyadema d\u00e9buta ainsi. Symbolis\u00e9 par des marches d&rsquo;escaliers, le parcours sur Terre du meneur d&rsquo;hommes Gnassingb\u00e9 Eyadema fut un \u00e9pisode complet. \u00ab&nbsp;Gnassingb\u00e9 Eyadema a [&hellip;]","og_url":"https:\/\/macite.tg\/?p=21623","article_published_time":"2025-04-24T13:34:56+00:00","article_modified_time":"2025-04-24T13:35:04+00:00","og_image":[{"width":355,"height":270,"url":"https:\/\/macite.tg\/wp-content\/uploads\/2025\/04\/image-88.png","type":"image\/png"}],"author":"Jean Pierre BAWELA","twitter_card":"summary_large_image","twitter_misc":{"\u00c9crit par":"Jean Pierre BAWELA","Dur\u00e9e de lecture estim\u00e9e":"6 minutes"},"schema":{"@context":"https:\/\/schema.org","@graph":[{"@type":"Article","@id":"https:\/\/macite.tg\/?p=21623#article","isPartOf":{"@id":"https:\/\/macite.tg\/?p=21623"},"author":{"name":"Jean Pierre BAWELA","@id":"https:\/\/macite.tg\/#\/schema\/person\/e9f2de7e5dbbe7770a9402c7ce82f5c2"},"headline":"DEVOIR DE MEMOIRE : Gnassingb\u00e9 Eyadema, un meneur d&rsquo;hommes au destin exceptionnel (Suite)","datePublished":"2025-04-24T13:34:56+00:00","dateModified":"2025-04-24T13:35:04+00:00","mainEntityOfPage":{"@id":"https:\/\/macite.tg\/?p=21623"},"wordCount":974,"commentCount":0,"image":{"@id":"https:\/\/macite.tg\/?p=21623#primaryimage"},"thumbnailUrl":"https:\/\/macite.tg\/wp-content\/uploads\/2025\/04\/image-88.png","articleSection":["ACTUALITE","HOMMAGE"],"inLanguage":"fr-FR","potentialAction":[{"@type":"CommentAction","name":"Comment","target":["https:\/\/macite.tg\/?p=21623#respond"]}]},{"@type":"WebPage","@id":"https:\/\/macite.tg\/?p=21623","url":"https:\/\/macite.tg\/?p=21623","name":"DEVOIR DE MEMOIRE : Gnassingb\u00e9 Eyadema, un meneur d'hommes au destin exceptionnel (Suite) -","isPartOf":{"@id":"https:\/\/macite.tg\/#website"},"primaryImageOfPage":{"@id":"https:\/\/macite.tg\/?p=21623#primaryimage"},"image":{"@id":"https:\/\/macite.tg\/?p=21623#primaryimage"},"thumbnailUrl":"https:\/\/macite.tg\/wp-content\/uploads\/2025\/04\/image-88.png","datePublished":"2025-04-24T13:34:56+00:00","dateModified":"2025-04-24T13:35:04+00:00","author":{"@id":"https:\/\/macite.tg\/#\/schema\/person\/e9f2de7e5dbbe7770a9402c7ce82f5c2"},"breadcrumb":{"@id":"https:\/\/macite.tg\/?p=21623#breadcrumb"},"inLanguage":"fr-FR","potentialAction":[{"@type":"ReadAction","target":["https:\/\/macite.tg\/?p=21623"]}]},{"@type":"ImageObject","inLanguage":"fr-FR","@id":"https:\/\/macite.tg\/?p=21623#primaryimage","url":"https:\/\/macite.tg\/wp-content\/uploads\/2025\/04\/image-88.png","contentUrl":"https:\/\/macite.tg\/wp-content\/uploads\/2025\/04\/image-88.png","width":355,"height":270},{"@type":"BreadcrumbList","@id":"https:\/\/macite.tg\/?p=21623#breadcrumb","itemListElement":[{"@type":"ListItem","position":1,"name":"Accueil","item":"https:\/\/macite.tg\/"},{"@type":"ListItem","position":2,"name":"DEVOIR DE MEMOIRE : Gnassingb\u00e9 Eyadema, un meneur d&rsquo;hommes au destin exceptionnel (Suite)"}]},{"@type":"WebSite","@id":"https:\/\/macite.tg\/#website","url":"https:\/\/macite.tg\/","name":"","description":"L&#039;information, la bonne!!!","potentialAction":[{"@type":"SearchAction","target":{"@type":"EntryPoint","urlTemplate":"https:\/\/macite.tg\/?s={search_term_string}"},"query-input":{"@type":"PropertyValueSpecification","valueRequired":true,"valueName":"search_term_string"}}],"inLanguage":"fr-FR"},{"@type":"Person","@id":"https:\/\/macite.tg\/#\/schema\/person\/e9f2de7e5dbbe7770a9402c7ce82f5c2","name":"Jean Pierre BAWELA","image":{"@type":"ImageObject","inLanguage":"fr-FR","@id":"https:\/\/macite.tg\/wp-content\/uploads\/2023\/09\/WhatsApp-Image-2023-09-19-at-14.44.41-122x122.jpeg","url":"https:\/\/macite.tg\/wp-content\/uploads\/2023\/09\/WhatsApp-Image-2023-09-19-at-14.44.41-122x122.jpeg","contentUrl":"https:\/\/macite.tg\/wp-content\/uploads\/2023\/09\/WhatsApp-Image-2023-09-19-at-14.44.41-122x122.jpeg","caption":"Jean Pierre BAWELA"},"url":"https:\/\/macite.tg\/?author=2"}]}},"_links":{"self":[{"href":"https:\/\/macite.tg\/index.php?rest_route=\/wp\/v2\/posts\/21623","targetHints":{"allow":["GET"]}}],"collection":[{"href":"https:\/\/macite.tg\/index.php?rest_route=\/wp\/v2\/posts"}],"about":[{"href":"https:\/\/macite.tg\/index.php?rest_route=\/wp\/v2\/types\/post"}],"author":[{"embeddable":true,"href":"https:\/\/macite.tg\/index.php?rest_route=\/wp\/v2\/users\/2"}],"replies":[{"embeddable":true,"href":"https:\/\/macite.tg\/index.php?rest_route=%2Fwp%2Fv2%2Fcomments&post=21623"}],"version-history":[{"count":0,"href":"https:\/\/macite.tg\/index.php?rest_route=\/wp\/v2\/posts\/21623\/revisions"}],"wp:featuredmedia":[{"embeddable":true,"href":"https:\/\/macite.tg\/index.php?rest_route=\/wp\/v2\/media\/21625"}],"wp:attachment":[{"href":"https:\/\/macite.tg\/index.php?rest_route=%2Fwp%2Fv2%2Fmedia&parent=21623"}],"wp:term":[{"taxonomy":"category","embeddable":true,"href":"https:\/\/macite.tg\/index.php?rest_route=%2Fwp%2Fv2%2Fcategories&post=21623"},{"taxonomy":"post_tag","embeddable":true,"href":"https:\/\/macite.tg\/index.php?rest_route=%2Fwp%2Fv2%2Ftags&post=21623"}],"curies":[{"name":"wp","href":"https:\/\/api.w.org\/{rel}","templated":true}]}}