{"id":21612,"date":"2025-04-24T12:13:16","date_gmt":"2025-04-24T12:13:16","guid":{"rendered":"https:\/\/macite.tg\/?p=21612"},"modified":"2025-04-24T12:30:12","modified_gmt":"2025-04-24T12:30:12","slug":"securite-et-defense-recrutement-des-sous-officiers-dactive-pour-le-compte-de-lenso-t","status":"publish","type":"post","link":"https:\/\/macite.tg\/?p=21612","title":{"rendered":"SECURITE ET DEFENSE : Recrutement d&rsquo;\u00e9l\u00e8ves sous-officiers pour le compte de l\u2019ENSO-T (Lire communiqu\u00e9)"},"content":{"rendered":"\n<p class=\"wp-block-paragraph\"><strong><em>Dans le cadre du renforcement des effectifs de la \u2018\u2019grande muette\u2019\u2019, le minist\u00e8re des Arm\u00e9es a lanc\u00e9 un concours de recrutement direct d\u2019\u00e9l\u00e8ves sous-officiers d\u2019active pour le compte de l&rsquo;\u00c9cole nationale des sous-officiers de T\u00e9m\u00e9dja (ENSO-T).<\/em><\/strong><\/p>\n\n\n\n<p class=\"wp-block-paragraph\">Pour r\u00e9pondre aux besoins des Forces arm\u00e9es togolaises (FAT) en mati\u00e8re de s\u00e9curit\u00e9 et de d\u00e9fense, le minist\u00e8re des Arm\u00e9es veut renforcer les effectifs des FAT en sous-officiers qualifi\u00e9s. C\u2019est dans ce sens qu\u2019un concours de recrutement a \u00e9t\u00e9 lanc\u00e9 pour le compte de l&rsquo;\u00c9cole nationale des sous-officiers de T\u00e9m\u00e9dja (ENSO-T).<\/p>\n\n\n<div class=\"wp-block-image\">\n<figure class=\"aligncenter size-full is-resized\"><img loading=\"lazy\" decoding=\"async\" width=\"945\" height=\"575\" src=\"https:\/\/macite.tg\/wp-content\/uploads\/2025\/04\/image-85.png\" alt=\"\" class=\"wp-image-21607\" style=\"width:608px;height:auto\" srcset=\"https:\/\/macite.tg\/wp-content\/uploads\/2025\/04\/image-85.png 945w, https:\/\/macite.tg\/wp-content\/uploads\/2025\/04\/image-85-300x183.png 300w, https:\/\/macite.tg\/wp-content\/uploads\/2025\/04\/image-85-768x467.png 768w\" sizes=\"auto, (max-width: 945px) 100vw, 945px\" \/><\/figure>\n<\/div>\n\n\n<p class=\"wp-block-paragraph\">Ledit concours est ouvert aux jeunes Togolais, des deux sexes, titulaire d\u2019un Bac 2 (ou tout dipl\u00f4me \u00e9quivalent), dont l\u2019\u00e2ge est compris entre 18 et 24 ans au plus tard le 31 d\u00e9cembre 2025. Le concours est pr\u00e9vu le 28 juin 2025 2025 \u00e0 l\u2019\u00e9cole du camp G\u00e9n\u00e9ral Gnassingb\u00e9 Eyadema \u00e0 Lom\u00e9 et au lyc\u00e9e de Kara.<\/p>\n\n\n\n<p class=\"wp-block-paragraph\">Les postulants doivent fournir un dossier de candidature comportant, notamment une demande manuscrite adress\u00e9e au ministre des Arm\u00e9es, une copie l\u00e9galis\u00e9e de l\u2019acte de naissance, quatre photos d\u2019identit\u00e9 sur fond blanc, une somme de dix mille pour les frais de d\u00e9p\u00f4t, \u2026 (voir la suite ci-contre). Les dossiers sont \u00e0 d\u00e9poser, dans les groupements de gendarmerie nationale des chefs-lieux de r\u00e9gions administratives, du mardi 22 avril au vendredi 23 mai \u00e0 17 h.<\/p>\n\n\n\n<figure class=\"wp-block-image size-full\"><img loading=\"lazy\" decoding=\"async\" width=\"1015\" height=\"509\" src=\"https:\/\/macite.tg\/wp-content\/uploads\/2025\/04\/image-87.png\" alt=\"\" class=\"wp-image-21614\" srcset=\"https:\/\/macite.tg\/wp-content\/uploads\/2025\/04\/image-87.png 1015w, https:\/\/macite.tg\/wp-content\/uploads\/2025\/04\/image-87-300x150.png 300w, https:\/\/macite.tg\/wp-content\/uploads\/2025\/04\/image-87-768x385.png 768w, https:\/\/macite.tg\/wp-content\/uploads\/2025\/04\/image-87-950x475.png 950w\" sizes=\"auto, (max-width: 1015px) 100vw, 1015px\" \/><\/figure>\n\n\n\n<p class=\"wp-block-paragraph\">Notons que l&rsquo;\u00c9cole nationale des sous-officiers de T\u00e9m\u00e9dja (ENSO-T) a pour mission essentielle de renforcer les capacit\u00e9s, tant militaires, physiques et morales, des futurs sous-officiers, dans l\u2019optique de leur permettre d\u2019assumer efficacement des fonctions de commandement et d\u2019encadrement au sein des Forces arm\u00e9es.<\/p>\n\n\n\n<p class=\"wp-block-paragraph\">Rappelons que la derni\u00e8re promotion, certifi\u00e9e le mois dernier, a mis \u00e0 la disposition de l\u2019Arm\u00e9e quelque 217 nouveaux sous-officiers.<\/p>\n\n\n\n<p class=\"wp-block-paragraph\">Voici l&rsquo;int\u00e9gralit\u00e9 du communiqu\u00e9 du minist\u00e8re des Arm\u00e9es :<\/p>\n\n\n\n<div data-wp-interactive=\"core\/file\" class=\"wp-block-file\"><object data-wp-bind--hidden=\"!state.hasPdfPreview\" hidden class=\"wp-block-file__embed\" data=\"https:\/\/macite.tg\/wp-content\/uploads\/2025\/04\/Communique-ENSO-T-2025.pdf\" type=\"application\/pdf\" style=\"width:100%;height:600px\" aria-label=\"Contenu embarqu\u00e9 Communique-ENSO-T-2025.\"><\/object><a id=\"wp-block-file--media-57261f36-1fd6-4da3-a25c-632eff361f83\" href=\"https:\/\/macite.tg\/wp-content\/uploads\/2025\/04\/Communique-ENSO-T-2025.pdf\">Communique-ENSO-T-2025<\/a><a href=\"https:\/\/macite.tg\/wp-content\/uploads\/2025\/04\/Communique-ENSO-T-2025.pdf\" class=\"wp-block-file__button wp-element-button\" download aria-describedby=\"wp-block-file--media-57261f36-1fd6-4da3-a25c-632eff361f83\">T\u00e9l\u00e9charger<\/a><\/div>\n\n\n\n<p class=\"wp-block-paragraph\"><strong>JPB<\/strong><\/p>\n\n\n\n<p class=\"wp-block-paragraph\"><a><strong><em>@macite.tg&nbsp;&nbsp;&nbsp;&nbsp;&nbsp;&nbsp;&nbsp;&nbsp;<\/em><\/strong><\/a><\/p>\n\n\n\n<p class=\"wp-block-paragraph\"><strong><em>E-mail&nbsp;: <\/em><\/strong><a href=\"mailto:maciteinfo@gmail.com\"><strong><em>maciteinfo@gmail.com<\/em><\/strong><\/a><strong><em>; <\/em><\/strong><a href=\"mailto:bawela1@gmail.com\"><strong><em>bawela1@gmail.com<\/em><\/strong><\/a><strong><em><\/em><\/strong><\/p>\n\n\n\n<p class=\"wp-block-paragraph\"><strong><em>Pour vos annonces, (publi)reportages, etc., joignez-nous au (00228)91515309\/<strong>79872224 <\/strong>www.macite.tg, L\u2019information, la bonne&nbsp;!<\/em><\/strong><\/p>\n","protected":false},"excerpt":{"rendered":"<p class=\"text-justify mb-2\" >Dans le cadre du renforcement des effectifs de la \u2018\u2019grande muette\u2019\u2019, le minist\u00e8re des Arm\u00e9es a lanc\u00e9 un concours de recrutement direct d\u2019\u00e9l\u00e8ves sous-officiers d\u2019active pour le compte de l&rsquo;\u00c9cole nationale des sous-officiers de T\u00e9m\u00e9dja (ENSO-T). Pour r\u00e9pondre aux besoins des Forces arm\u00e9es togolaises (FAT) [&hellip;]<\/p>\n","protected":false},"author":2,"featured_media":21615,"comment_status":"open","ping_status":"open","sticky":false,"template":"","format":"standard","meta":{"footnotes":""},"categories":[20,64],"tags":[],"class_list":["post-21612","post","type-post","status-publish","format-standard","has-post-thumbnail","hentry","category-actualite","category-recrutement"],"yoast_head":"<!-- This site is optimized with the Yoast SEO plugin v28.4 - https:\/\/yoast.com\/product\/yoast-seo-wordpress\/ -->\n<title>SECURITE ET DEFENSE : Recrutement d&#039;\u00e9l\u00e8ves sous-officiers pour le compte de l\u2019ENSO-T (Lire communiqu\u00e9) -<\/title>\n<meta name=\"robots\" content=\"index, follow, max-snippet:-1, max-image-preview:large, max-video-preview:-1\" \/>\n<link rel=\"canonical\" href=\"https:\/\/macite.tg\/?p=21612\" \/>\n<meta property=\"og:locale\" content=\"fr_FR\" \/>\n<meta property=\"og:type\" content=\"article\" \/>\n<meta property=\"og:title\" content=\"SECURITE ET DEFENSE : Recrutement d&#039;\u00e9l\u00e8ves sous-officiers pour le compte de l\u2019ENSO-T (Lire communiqu\u00e9) -\" \/>\n<meta property=\"og:description\" content=\"Dans le cadre du renforcement des effectifs de la \u2018\u2019grande muette\u2019\u2019, le minist\u00e8re des Arm\u00e9es a lanc\u00e9 un concours de recrutement direct d\u2019\u00e9l\u00e8ves sous-officiers d\u2019active pour le compte de l&rsquo;\u00c9cole nationale des sous-officiers de T\u00e9m\u00e9dja (ENSO-T). Pour r\u00e9pondre aux besoins des Forces arm\u00e9es togolaises (FAT) [&hellip;]\" \/>\n<meta property=\"og:url\" content=\"https:\/\/macite.tg\/?p=21612\" \/>\n<meta property=\"article:published_time\" content=\"2025-04-24T12:13:16+00:00\" \/>\n<meta property=\"article:modified_time\" content=\"2025-04-24T12:30:12+00:00\" \/>\n<meta property=\"og:image\" content=\"https:\/\/macite.tg\/wp-content\/uploads\/2025\/04\/ENSO-T.jpg\" \/>\n\t<meta property=\"og:image:width\" content=\"500\" \/>\n\t<meta property=\"og:image:height\" content=\"205\" \/>\n\t<meta property=\"og:image:type\" content=\"image\/jpeg\" \/>\n<meta name=\"author\" content=\"Jean Pierre BAWELA\" \/>\n<meta name=\"twitter:card\" content=\"summary_large_image\" \/>\n<meta name=\"twitter:label1\" content=\"\u00c9crit par\" \/>\n\t<meta name=\"twitter:data1\" content=\"Jean Pierre BAWELA\" \/>\n\t<meta name=\"twitter:label2\" content=\"Dur\u00e9e de lecture estim\u00e9e\" \/>\n\t<meta name=\"twitter:data2\" content=\"3 minutes\" \/>\n<script type=\"application\/ld+json\" class=\"yoast-schema-graph\">{\"@context\":\"https:\\\/\\\/schema.org\",\"@graph\":[{\"@type\":\"Article\",\"@id\":\"https:\\\/\\\/macite.tg\\\/?p=21612#article\",\"isPartOf\":{\"@id\":\"https:\\\/\\\/macite.tg\\\/?p=21612\"},\"author\":{\"name\":\"Jean Pierre BAWELA\",\"@id\":\"https:\\\/\\\/macite.tg\\\/#\\\/schema\\\/person\\\/e9f2de7e5dbbe7770a9402c7ce82f5c2\"},\"headline\":\"SECURITE ET DEFENSE : Recrutement d&rsquo;\u00e9l\u00e8ves sous-officiers pour le compte de l\u2019ENSO-T (Lire communiqu\u00e9)\",\"datePublished\":\"2025-04-24T12:13:16+00:00\",\"dateModified\":\"2025-04-24T12:30:12+00:00\",\"mainEntityOfPage\":{\"@id\":\"https:\\\/\\\/macite.tg\\\/?p=21612\"},\"wordCount\":381,\"commentCount\":0,\"image\":{\"@id\":\"https:\\\/\\\/macite.tg\\\/?p=21612#primaryimage\"},\"thumbnailUrl\":\"https:\\\/\\\/macite.tg\\\/wp-content\\\/uploads\\\/2025\\\/04\\\/ENSO-T.jpg\",\"articleSection\":[\"ACTUALITE\",\"RECRUTEMENT\"],\"inLanguage\":\"fr-FR\",\"potentialAction\":[{\"@type\":\"CommentAction\",\"name\":\"Comment\",\"target\":[\"https:\\\/\\\/macite.tg\\\/?p=21612#respond\"]}]},{\"@type\":\"WebPage\",\"@id\":\"https:\\\/\\\/macite.tg\\\/?p=21612\",\"url\":\"https:\\\/\\\/macite.tg\\\/?p=21612\",\"name\":\"SECURITE ET DEFENSE : Recrutement d'\u00e9l\u00e8ves sous-officiers pour le compte de l\u2019ENSO-T (Lire communiqu\u00e9) -\",\"isPartOf\":{\"@id\":\"https:\\\/\\\/macite.tg\\\/#website\"},\"primaryImageOfPage\":{\"@id\":\"https:\\\/\\\/macite.tg\\\/?p=21612#primaryimage\"},\"image\":{\"@id\":\"https:\\\/\\\/macite.tg\\\/?p=21612#primaryimage\"},\"thumbnailUrl\":\"https:\\\/\\\/macite.tg\\\/wp-content\\\/uploads\\\/2025\\\/04\\\/ENSO-T.jpg\",\"datePublished\":\"2025-04-24T12:13:16+00:00\",\"dateModified\":\"2025-04-24T12:30:12+00:00\",\"author\":{\"@id\":\"https:\\\/\\\/macite.tg\\\/#\\\/schema\\\/person\\\/e9f2de7e5dbbe7770a9402c7ce82f5c2\"},\"breadcrumb\":{\"@id\":\"https:\\\/\\\/macite.tg\\\/?p=21612#breadcrumb\"},\"inLanguage\":\"fr-FR\",\"potentialAction\":[{\"@type\":\"ReadAction\",\"target\":[\"https:\\\/\\\/macite.tg\\\/?p=21612\"]}]},{\"@type\":\"ImageObject\",\"inLanguage\":\"fr-FR\",\"@id\":\"https:\\\/\\\/macite.tg\\\/?p=21612#primaryimage\",\"url\":\"https:\\\/\\\/macite.tg\\\/wp-content\\\/uploads\\\/2025\\\/04\\\/ENSO-T.jpg\",\"contentUrl\":\"https:\\\/\\\/macite.tg\\\/wp-content\\\/uploads\\\/2025\\\/04\\\/ENSO-T.jpg\",\"width\":500,\"height\":205},{\"@type\":\"BreadcrumbList\",\"@id\":\"https:\\\/\\\/macite.tg\\\/?p=21612#breadcrumb\",\"itemListElement\":[{\"@type\":\"ListItem\",\"position\":1,\"name\":\"Accueil\",\"item\":\"https:\\\/\\\/macite.tg\\\/\"},{\"@type\":\"ListItem\",\"position\":2,\"name\":\"SECURITE ET DEFENSE : Recrutement d&rsquo;\u00e9l\u00e8ves sous-officiers pour le compte de l\u2019ENSO-T (Lire communiqu\u00e9)\"}]},{\"@type\":\"WebSite\",\"@id\":\"https:\\\/\\\/macite.tg\\\/#website\",\"url\":\"https:\\\/\\\/macite.tg\\\/\",\"name\":\"\",\"description\":\"L&#039;information, la bonne!!!\",\"potentialAction\":[{\"@type\":\"SearchAction\",\"target\":{\"@type\":\"EntryPoint\",\"urlTemplate\":\"https:\\\/\\\/macite.tg\\\/?s={search_term_string}\"},\"query-input\":{\"@type\":\"PropertyValueSpecification\",\"valueRequired\":true,\"valueName\":\"search_term_string\"}}],\"inLanguage\":\"fr-FR\"},{\"@type\":\"Person\",\"@id\":\"https:\\\/\\\/macite.tg\\\/#\\\/schema\\\/person\\\/e9f2de7e5dbbe7770a9402c7ce82f5c2\",\"name\":\"Jean Pierre BAWELA\",\"image\":{\"@type\":\"ImageObject\",\"inLanguage\":\"fr-FR\",\"@id\":\"https:\\\/\\\/macite.tg\\\/wp-content\\\/uploads\\\/2023\\\/09\\\/WhatsApp-Image-2023-09-19-at-14.44.41-122x122.jpeg\",\"url\":\"https:\\\/\\\/macite.tg\\\/wp-content\\\/uploads\\\/2023\\\/09\\\/WhatsApp-Image-2023-09-19-at-14.44.41-122x122.jpeg\",\"contentUrl\":\"https:\\\/\\\/macite.tg\\\/wp-content\\\/uploads\\\/2023\\\/09\\\/WhatsApp-Image-2023-09-19-at-14.44.41-122x122.jpeg\",\"caption\":\"Jean Pierre BAWELA\"},\"url\":\"https:\\\/\\\/macite.tg\\\/?author=2\"}]}<\/script>\n<!-- \/ Yoast SEO plugin. -->","yoast_head_json":{"title":"SECURITE ET DEFENSE : Recrutement d'\u00e9l\u00e8ves sous-officiers pour le compte de l\u2019ENSO-T (Lire communiqu\u00e9) -","robots":{"index":"index","follow":"follow","max-snippet":"max-snippet:-1","max-image-preview":"max-image-preview:large","max-video-preview":"max-video-preview:-1"},"canonical":"https:\/\/macite.tg\/?p=21612","og_locale":"fr_FR","og_type":"article","og_title":"SECURITE ET DEFENSE : Recrutement d'\u00e9l\u00e8ves sous-officiers pour le compte de l\u2019ENSO-T (Lire communiqu\u00e9) -","og_description":"Dans le cadre du renforcement des effectifs de la \u2018\u2019grande muette\u2019\u2019, le minist\u00e8re des Arm\u00e9es a lanc\u00e9 un concours de recrutement direct d\u2019\u00e9l\u00e8ves sous-officiers d\u2019active pour le compte de l&rsquo;\u00c9cole nationale des sous-officiers de T\u00e9m\u00e9dja (ENSO-T). Pour r\u00e9pondre aux besoins des Forces arm\u00e9es togolaises (FAT) [&hellip;]","og_url":"https:\/\/macite.tg\/?p=21612","article_published_time":"2025-04-24T12:13:16+00:00","article_modified_time":"2025-04-24T12:30:12+00:00","og_image":[{"width":500,"height":205,"url":"https:\/\/macite.tg\/wp-content\/uploads\/2025\/04\/ENSO-T.jpg","type":"image\/jpeg"}],"author":"Jean Pierre BAWELA","twitter_card":"summary_large_image","twitter_misc":{"\u00c9crit par":"Jean Pierre BAWELA","Dur\u00e9e de lecture estim\u00e9e":"3 minutes"},"schema":{"@context":"https:\/\/schema.org","@graph":[{"@type":"Article","@id":"https:\/\/macite.tg\/?p=21612#article","isPartOf":{"@id":"https:\/\/macite.tg\/?p=21612"},"author":{"name":"Jean Pierre BAWELA","@id":"https:\/\/macite.tg\/#\/schema\/person\/e9f2de7e5dbbe7770a9402c7ce82f5c2"},"headline":"SECURITE ET DEFENSE : Recrutement d&rsquo;\u00e9l\u00e8ves sous-officiers pour le compte de l\u2019ENSO-T (Lire communiqu\u00e9)","datePublished":"2025-04-24T12:13:16+00:00","dateModified":"2025-04-24T12:30:12+00:00","mainEntityOfPage":{"@id":"https:\/\/macite.tg\/?p=21612"},"wordCount":381,"commentCount":0,"image":{"@id":"https:\/\/macite.tg\/?p=21612#primaryimage"},"thumbnailUrl":"https:\/\/macite.tg\/wp-content\/uploads\/2025\/04\/ENSO-T.jpg","articleSection":["ACTUALITE","RECRUTEMENT"],"inLanguage":"fr-FR","potentialAction":[{"@type":"CommentAction","name":"Comment","target":["https:\/\/macite.tg\/?p=21612#respond"]}]},{"@type":"WebPage","@id":"https:\/\/macite.tg\/?p=21612","url":"https:\/\/macite.tg\/?p=21612","name":"SECURITE ET DEFENSE : Recrutement d'\u00e9l\u00e8ves sous-officiers pour le compte de l\u2019ENSO-T (Lire communiqu\u00e9) -","isPartOf":{"@id":"https:\/\/macite.tg\/#website"},"primaryImageOfPage":{"@id":"https:\/\/macite.tg\/?p=21612#primaryimage"},"image":{"@id":"https:\/\/macite.tg\/?p=21612#primaryimage"},"thumbnailUrl":"https:\/\/macite.tg\/wp-content\/uploads\/2025\/04\/ENSO-T.jpg","datePublished":"2025-04-24T12:13:16+00:00","dateModified":"2025-04-24T12:30:12+00:00","author":{"@id":"https:\/\/macite.tg\/#\/schema\/person\/e9f2de7e5dbbe7770a9402c7ce82f5c2"},"breadcrumb":{"@id":"https:\/\/macite.tg\/?p=21612#breadcrumb"},"inLanguage":"fr-FR","potentialAction":[{"@type":"ReadAction","target":["https:\/\/macite.tg\/?p=21612"]}]},{"@type":"ImageObject","inLanguage":"fr-FR","@id":"https:\/\/macite.tg\/?p=21612#primaryimage","url":"https:\/\/macite.tg\/wp-content\/uploads\/2025\/04\/ENSO-T.jpg","contentUrl":"https:\/\/macite.tg\/wp-content\/uploads\/2025\/04\/ENSO-T.jpg","width":500,"height":205},{"@type":"BreadcrumbList","@id":"https:\/\/macite.tg\/?p=21612#breadcrumb","itemListElement":[{"@type":"ListItem","position":1,"name":"Accueil","item":"https:\/\/macite.tg\/"},{"@type":"ListItem","position":2,"name":"SECURITE ET DEFENSE : Recrutement d&rsquo;\u00e9l\u00e8ves sous-officiers pour le compte de l\u2019ENSO-T (Lire communiqu\u00e9)"}]},{"@type":"WebSite","@id":"https:\/\/macite.tg\/#website","url":"https:\/\/macite.tg\/","name":"","description":"L&#039;information, la bonne!!!","potentialAction":[{"@type":"SearchAction","target":{"@type":"EntryPoint","urlTemplate":"https:\/\/macite.tg\/?s={search_term_string}"},"query-input":{"@type":"PropertyValueSpecification","valueRequired":true,"valueName":"search_term_string"}}],"inLanguage":"fr-FR"},{"@type":"Person","@id":"https:\/\/macite.tg\/#\/schema\/person\/e9f2de7e5dbbe7770a9402c7ce82f5c2","name":"Jean Pierre BAWELA","image":{"@type":"ImageObject","inLanguage":"fr-FR","@id":"https:\/\/macite.tg\/wp-content\/uploads\/2023\/09\/WhatsApp-Image-2023-09-19-at-14.44.41-122x122.jpeg","url":"https:\/\/macite.tg\/wp-content\/uploads\/2023\/09\/WhatsApp-Image-2023-09-19-at-14.44.41-122x122.jpeg","contentUrl":"https:\/\/macite.tg\/wp-content\/uploads\/2023\/09\/WhatsApp-Image-2023-09-19-at-14.44.41-122x122.jpeg","caption":"Jean Pierre BAWELA"},"url":"https:\/\/macite.tg\/?author=2"}]}},"_links":{"self":[{"href":"https:\/\/macite.tg\/index.php?rest_route=\/wp\/v2\/posts\/21612","targetHints":{"allow":["GET"]}}],"collection":[{"href":"https:\/\/macite.tg\/index.php?rest_route=\/wp\/v2\/posts"}],"about":[{"href":"https:\/\/macite.tg\/index.php?rest_route=\/wp\/v2\/types\/post"}],"author":[{"embeddable":true,"href":"https:\/\/macite.tg\/index.php?rest_route=\/wp\/v2\/users\/2"}],"replies":[{"embeddable":true,"href":"https:\/\/macite.tg\/index.php?rest_route=%2Fwp%2Fv2%2Fcomments&post=21612"}],"version-history":[{"count":0,"href":"https:\/\/macite.tg\/index.php?rest_route=\/wp\/v2\/posts\/21612\/revisions"}],"wp:featuredmedia":[{"embeddable":true,"href":"https:\/\/macite.tg\/index.php?rest_route=\/wp\/v2\/media\/21615"}],"wp:attachment":[{"href":"https:\/\/macite.tg\/index.php?rest_route=%2Fwp%2Fv2%2Fmedia&parent=21612"}],"wp:term":[{"taxonomy":"category","embeddable":true,"href":"https:\/\/macite.tg\/index.php?rest_route=%2Fwp%2Fv2%2Fcategories&post=21612"},{"taxonomy":"post_tag","embeddable":true,"href":"https:\/\/macite.tg\/index.php?rest_route=%2Fwp%2Fv2%2Ftags&post=21612"}],"curies":[{"name":"wp","href":"https:\/\/api.w.org\/{rel}","templated":true}]}}