{"id":21605,"date":"2025-04-24T11:35:37","date_gmt":"2025-04-24T11:35:37","guid":{"rendered":"https:\/\/macite.tg\/?p=21605"},"modified":"2025-04-24T11:37:25","modified_gmt":"2025-04-24T11:37:25","slug":"filiere-plantes-a-racines-et-tubercules-une-hausse-de-55-en-2024","status":"publish","type":"post","link":"https:\/\/macite.tg\/?p=21605","title":{"rendered":"FILIERE PLANTES A RACINES ET TUBERCULES : Une production en hausse de 5,5 % en 2024"},"content":{"rendered":"\n<p class=\"wp-block-paragraph\"><strong><em>Selon les donn\u00e9es du minist\u00e8re de l&rsquo;Agriculture, la derni\u00e8re campagne a atteint un volume de production de 2.515.000 tonnes de tubercules, contre 2.206.614 tonnes en 2023.<\/em><\/strong><\/p>\n\n\n\n<p class=\"wp-block-paragraph\">Cette croissance est en phase avec une tendance amorc\u00e9e un an plus t\u00f4t, o\u00f9 la production, qui \u00e9tait de 2.238 529 tonnes en 2022, avait d\u00e9j\u00e0 progress\u00e9 de 7,5 %. <em>\u00ab&nbsp;Cette nouvelle croissance est le fruit des efforts concert\u00e9s du gouvernement et des acteurs du secteur agricole&nbsp;\u00bb,<\/em> fait-on savoir au minist\u00e8re de l&rsquo;Agriculture.<\/p>\n\n\n\n<p class=\"wp-block-paragraph\">La majeure partie de cette production s&rsquo;est concentr\u00e9e dans les r\u00e9gions des Plateaux et de la Maritime, avec un total cumul\u00e9 de 1.288.644 tonnes. La premi\u00e8re a livr\u00e9 768.864 tonnes, tandis que la seconde a comptabilis\u00e9 un volume de 519.708 tonnes.<\/p>\n\n\n<div class=\"wp-block-image\">\n<figure class=\"aligncenter size-full is-resized\"><img loading=\"lazy\" decoding=\"async\" width=\"500\" height=\"304\" src=\"https:\/\/macite.tg\/wp-content\/uploads\/2025\/04\/OTR_SAM.jpg\" alt=\"\" class=\"wp-image-21608\" style=\"width:648px;height:auto\" srcset=\"https:\/\/macite.tg\/wp-content\/uploads\/2025\/04\/OTR_SAM.jpg 500w, https:\/\/macite.tg\/wp-content\/uploads\/2025\/04\/OTR_SAM-300x182.jpg 300w\" sizes=\"auto, (max-width: 500px) 100vw, 500px\" \/><\/figure>\n<\/div>\n\n\n<p class=\"wp-block-paragraph\">Vecteur de d\u00e9veloppement, l&rsquo;un des objectifs de l&rsquo;\u00c9tat est de faire transcender la fili\u00e8re tubercules qui conna\u00eet actuellement une importante progression. Ainsi, des efforts sont consentis par le gouvernement et ses partenaires pour faire de cette fili\u00e8re un v\u00e9ritable moteur de d\u00e9veloppement \u00e9conomique.<\/p>\n\n\n\n<p class=\"wp-block-paragraph\"><strong>Un appui technique pour optimiser le rendement de la culture de patates douces<\/strong><\/p>\n\n\n\n<p class=\"wp-block-paragraph\">Dans le cadre du Programme de r\u00e9silience du syst\u00e8me alimentaire en Afrique de l&rsquo;Ouest (FSRP-Togo), les acteurs de la fili\u00e8re patate douce \u00e0 chair orange (PDCO), notamment les multiplicateurs et les transformatrices, ont b\u00e9n\u00e9fici\u00e9 tout r\u00e9cemment d&rsquo;un appui technique. <\/p>\n\n\n\n<p class=\"wp-block-paragraph\">Dans les d\u00e9tails, 25 multiplicateurs r\u00e9partis sur l&rsquo;ensemble du territoire et 1.067 femmes productrices et transformatrices dans la r\u00e9gion des Savanes ont re\u00e7u 1,8 million de boutures de base de vari\u00e9t\u00e9s performantes de PDCO.<\/p>\n\n\n<div class=\"wp-block-image\">\n<figure class=\"aligncenter size-full\"><img loading=\"lazy\" decoding=\"async\" width=\"851\" height=\"315\" src=\"https:\/\/macite.tg\/wp-content\/uploads\/2025\/04\/OTR_Ferer-pour-batir.jpg\" alt=\"\" class=\"wp-image-21535\" srcset=\"https:\/\/macite.tg\/wp-content\/uploads\/2025\/04\/OTR_Ferer-pour-batir.jpg 851w, https:\/\/macite.tg\/wp-content\/uploads\/2025\/04\/OTR_Ferer-pour-batir-300x111.jpg 300w, https:\/\/macite.tg\/wp-content\/uploads\/2025\/04\/OTR_Ferer-pour-batir-768x284.jpg 768w\" sizes=\"auto, (max-width: 851px) 100vw, 851px\" \/><\/figure>\n<\/div>\n\n\n<p class=\"wp-block-paragraph\">Produites par l&rsquo;Institut togolais de recherche agronomique (Itra), ces boutures ont \u00e9t\u00e9 s\u00e9lectionn\u00e9es pour leur r\u00e9silience aux changements climatiques. En plus de la distribution des semences, les b\u00e9n\u00e9ficiaires ont \u00e9t\u00e9 form\u00e9s sur les bonnes pratiques agricoles, la conservation des boutures et la reconnaissance vari\u00e9tale.<\/p>\n\n\n\n<p class=\"wp-block-paragraph\">Cet accompagnement technique vise \u00e0 optimiser le rendement des cultures et \u00e0 assurer une meilleure adoption des nouvelles vari\u00e9t\u00e9s. Financ\u00e9 par la Banque mondiale \u00e0 hauteur de 50 milliards de francs CFA, le FSRP \u0153uvre pour l&rsquo;am\u00e9lioration des rendements et de la productivit\u00e9 agricole, la mise en place d&rsquo;infrastructures d&rsquo;irrigation, le d\u00e9veloppement de la m\u00e9canisation agricole et l&rsquo;acc\u00e8s aux intrants agricoles.<\/p>\n\n\n\n<p class=\"wp-block-paragraph\"><strong>Un plan quinquennal de 2,34 milliards de francs pour booster la fili\u00e8re<\/strong><\/p>\n\n\n\n<p class=\"wp-block-paragraph\">L&rsquo;ambition du gouvernement est d&rsquo;accro\u00eetre de 15 % la production nationale des plantes \u00e0 racines et tubercules et d&rsquo;atteindre un niveau de transformation de 10 % \u00e0 l&rsquo;horizon 2028. Pour y parvenir, une enveloppe de 2,34 milliards de francs CFA devrait \u00eatre mobilis\u00e9e dans le cadre du Plan d&rsquo;action d&rsquo;investissement de la fili\u00e8re plantes \u00e0 racines et tubercules 2024-2028, qui comporte trois axes.<\/p>\n\n\n<div class=\"wp-block-image\">\n<figure class=\"aligncenter size-full\"><img loading=\"lazy\" decoding=\"async\" width=\"526\" height=\"526\" src=\"https:\/\/macite.tg\/wp-content\/uploads\/2025\/04\/OTR_Bornage-contradictoire-dans-le-Grand-Lome.jpg\" alt=\"\" class=\"wp-image-21558\" srcset=\"https:\/\/macite.tg\/wp-content\/uploads\/2025\/04\/OTR_Bornage-contradictoire-dans-le-Grand-Lome.jpg 526w, https:\/\/macite.tg\/wp-content\/uploads\/2025\/04\/OTR_Bornage-contradictoire-dans-le-Grand-Lome-300x300.jpg 300w, https:\/\/macite.tg\/wp-content\/uploads\/2025\/04\/OTR_Bornage-contradictoire-dans-le-Grand-Lome-150x150.jpg 150w, https:\/\/macite.tg\/wp-content\/uploads\/2025\/04\/OTR_Bornage-contradictoire-dans-le-Grand-Lome-122x122.jpg 122w\" sizes=\"auto, (max-width: 526px) 100vw, 526px\" \/><\/figure>\n<\/div>\n\n\n<p class=\"wp-block-paragraph\">Le premier axe, qui p\u00e8se 755 millions de francs, concerne l&rsquo;am\u00e9lioration de la productivit\u00e9 et de la qualit\u00e9 des produits. Le second axe, destin\u00e9 \u00e0 la valorisation ainsi qu&rsquo;\u00e0 la commercialisation des produits de la fili\u00e8re, n\u00e9cessitera un investissement de 726 millions. Enfin, le troisi\u00e8me axe s&rsquo;occupe du renforcement de la gouvernance et du m\u00e9canisme de financement de la fili\u00e8re et n\u00e9cessite un financement de 865,2 millions de francs CFA.<\/p>\n\n\n\n<p class=\"wp-block-paragraph\"><strong>Koudjoukabalo (In LE MEDIUM n\u00b0649 du 22 au 28 Avril 2025)<\/strong><\/p>\n\n\n\n<p class=\"wp-block-paragraph\"><strong><em>@macite.tg&nbsp;&nbsp;&nbsp;&nbsp;&nbsp;&nbsp;&nbsp;&nbsp;<\/em><\/strong><\/p>\n\n\n\n<p class=\"wp-block-paragraph\"><strong><em>E-mail&nbsp;: <\/em><\/strong><a href=\"mailto:maciteinfo@gmail.com\"><strong><em>maciteinfo@gmail.com<\/em><\/strong><\/a><strong><em>; <\/em><\/strong><a href=\"mailto:bawela1@gmail.com\"><strong><em>bawela1@gmail.com<\/em><\/strong><\/a><strong><em><\/em><\/strong><\/p>\n\n\n\n<p class=\"wp-block-paragraph\"><strong><em>Pour vos annonces, (publi)reportages, etc., joignez-nous au (00228)91515309\/<strong>79872224 <\/strong>www.macite.tg, L\u2019information, la bonne&nbsp;!<\/em><\/strong><\/p>\n\n\n\n<p class=\"wp-block-paragraph\"><\/p>\n","protected":false},"excerpt":{"rendered":"<p class=\"text-justify mb-2\" >Selon les donn\u00e9es du minist\u00e8re de l&rsquo;Agriculture, la derni\u00e8re campagne a atteint un volume de production de 2.515.000 tonnes de tubercules, contre 2.206.614 tonnes en 2023. Cette croissance est en phase avec une tendance amorc\u00e9e un an plus t\u00f4t, o\u00f9 la production, qui \u00e9tait de [&hellip;]<\/p>\n","protected":false},"author":2,"featured_media":21610,"comment_status":"open","ping_status":"open","sticky":false,"template":"","format":"standard","meta":{"footnotes":""},"categories":[20,22],"tags":[],"class_list":["post-21605","post","type-post","status-publish","format-standard","has-post-thumbnail","hentry","category-actualite","category-agriculture"],"yoast_head":"<!-- This site is optimized with the Yoast SEO plugin v28.4 - https:\/\/yoast.com\/product\/yoast-seo-wordpress\/ -->\n<title>FILIERE PLANTES A RACINES ET TUBERCULES : Une production en hausse de 5,5 % en 2024 -<\/title>\n<meta name=\"robots\" content=\"index, follow, max-snippet:-1, max-image-preview:large, max-video-preview:-1\" \/>\n<link rel=\"canonical\" href=\"https:\/\/macite.tg\/?p=21605\" \/>\n<meta property=\"og:locale\" content=\"fr_FR\" \/>\n<meta property=\"og:type\" content=\"article\" \/>\n<meta property=\"og:title\" content=\"FILIERE PLANTES A RACINES ET TUBERCULES : Une production en hausse de 5,5 % en 2024 -\" \/>\n<meta property=\"og:description\" content=\"Selon les donn\u00e9es du minist\u00e8re de l&rsquo;Agriculture, la derni\u00e8re campagne a atteint un volume de production de 2.515.000 tonnes de tubercules, contre 2.206.614 tonnes en 2023. Cette croissance est en phase avec une tendance amorc\u00e9e un an plus t\u00f4t, o\u00f9 la production, qui \u00e9tait de [&hellip;]\" \/>\n<meta property=\"og:url\" content=\"https:\/\/macite.tg\/?p=21605\" \/>\n<meta property=\"article:published_time\" content=\"2025-04-24T11:35:37+00:00\" \/>\n<meta property=\"article:modified_time\" content=\"2025-04-24T11:37:25+00:00\" \/>\n<meta property=\"og:image\" content=\"https:\/\/macite.tg\/wp-content\/uploads\/2025\/04\/image-86.png\" \/>\n\t<meta property=\"og:image:width\" content=\"465\" \/>\n\t<meta property=\"og:image:height\" content=\"266\" \/>\n\t<meta property=\"og:image:type\" content=\"image\/png\" \/>\n<meta name=\"author\" content=\"Jean Pierre BAWELA\" \/>\n<meta name=\"twitter:card\" content=\"summary_large_image\" \/>\n<meta name=\"twitter:label1\" content=\"\u00c9crit par\" \/>\n\t<meta name=\"twitter:data1\" content=\"Jean Pierre BAWELA\" \/>\n\t<meta name=\"twitter:label2\" content=\"Dur\u00e9e de lecture estim\u00e9e\" \/>\n\t<meta name=\"twitter:data2\" content=\"4 minutes\" \/>\n<script type=\"application\/ld+json\" class=\"yoast-schema-graph\">{\"@context\":\"https:\\\/\\\/schema.org\",\"@graph\":[{\"@type\":\"Article\",\"@id\":\"https:\\\/\\\/macite.tg\\\/?p=21605#article\",\"isPartOf\":{\"@id\":\"https:\\\/\\\/macite.tg\\\/?p=21605\"},\"author\":{\"name\":\"Jean Pierre BAWELA\",\"@id\":\"https:\\\/\\\/macite.tg\\\/#\\\/schema\\\/person\\\/e9f2de7e5dbbe7770a9402c7ce82f5c2\"},\"headline\":\"FILIERE PLANTES A RACINES ET TUBERCULES : Une production en hausse de 5,5 % en 2024\",\"datePublished\":\"2025-04-24T11:35:37+00:00\",\"dateModified\":\"2025-04-24T11:37:25+00:00\",\"mainEntityOfPage\":{\"@id\":\"https:\\\/\\\/macite.tg\\\/?p=21605\"},\"wordCount\":597,\"commentCount\":0,\"image\":{\"@id\":\"https:\\\/\\\/macite.tg\\\/?p=21605#primaryimage\"},\"thumbnailUrl\":\"https:\\\/\\\/macite.tg\\\/wp-content\\\/uploads\\\/2025\\\/04\\\/image-86.png\",\"articleSection\":[\"ACTUALITE\",\"AGRICULTURE\"],\"inLanguage\":\"fr-FR\",\"potentialAction\":[{\"@type\":\"CommentAction\",\"name\":\"Comment\",\"target\":[\"https:\\\/\\\/macite.tg\\\/?p=21605#respond\"]}]},{\"@type\":\"WebPage\",\"@id\":\"https:\\\/\\\/macite.tg\\\/?p=21605\",\"url\":\"https:\\\/\\\/macite.tg\\\/?p=21605\",\"name\":\"FILIERE PLANTES A RACINES ET TUBERCULES : Une production en hausse de 5,5 % en 2024 -\",\"isPartOf\":{\"@id\":\"https:\\\/\\\/macite.tg\\\/#website\"},\"primaryImageOfPage\":{\"@id\":\"https:\\\/\\\/macite.tg\\\/?p=21605#primaryimage\"},\"image\":{\"@id\":\"https:\\\/\\\/macite.tg\\\/?p=21605#primaryimage\"},\"thumbnailUrl\":\"https:\\\/\\\/macite.tg\\\/wp-content\\\/uploads\\\/2025\\\/04\\\/image-86.png\",\"datePublished\":\"2025-04-24T11:35:37+00:00\",\"dateModified\":\"2025-04-24T11:37:25+00:00\",\"author\":{\"@id\":\"https:\\\/\\\/macite.tg\\\/#\\\/schema\\\/person\\\/e9f2de7e5dbbe7770a9402c7ce82f5c2\"},\"breadcrumb\":{\"@id\":\"https:\\\/\\\/macite.tg\\\/?p=21605#breadcrumb\"},\"inLanguage\":\"fr-FR\",\"potentialAction\":[{\"@type\":\"ReadAction\",\"target\":[\"https:\\\/\\\/macite.tg\\\/?p=21605\"]}]},{\"@type\":\"ImageObject\",\"inLanguage\":\"fr-FR\",\"@id\":\"https:\\\/\\\/macite.tg\\\/?p=21605#primaryimage\",\"url\":\"https:\\\/\\\/macite.tg\\\/wp-content\\\/uploads\\\/2025\\\/04\\\/image-86.png\",\"contentUrl\":\"https:\\\/\\\/macite.tg\\\/wp-content\\\/uploads\\\/2025\\\/04\\\/image-86.png\",\"width\":465,\"height\":266},{\"@type\":\"BreadcrumbList\",\"@id\":\"https:\\\/\\\/macite.tg\\\/?p=21605#breadcrumb\",\"itemListElement\":[{\"@type\":\"ListItem\",\"position\":1,\"name\":\"Accueil\",\"item\":\"https:\\\/\\\/macite.tg\\\/\"},{\"@type\":\"ListItem\",\"position\":2,\"name\":\"FILIERE PLANTES A RACINES ET TUBERCULES : Une production en hausse de 5,5 % en 2024\"}]},{\"@type\":\"WebSite\",\"@id\":\"https:\\\/\\\/macite.tg\\\/#website\",\"url\":\"https:\\\/\\\/macite.tg\\\/\",\"name\":\"\",\"description\":\"L&#039;information, la bonne!!!\",\"potentialAction\":[{\"@type\":\"SearchAction\",\"target\":{\"@type\":\"EntryPoint\",\"urlTemplate\":\"https:\\\/\\\/macite.tg\\\/?s={search_term_string}\"},\"query-input\":{\"@type\":\"PropertyValueSpecification\",\"valueRequired\":true,\"valueName\":\"search_term_string\"}}],\"inLanguage\":\"fr-FR\"},{\"@type\":\"Person\",\"@id\":\"https:\\\/\\\/macite.tg\\\/#\\\/schema\\\/person\\\/e9f2de7e5dbbe7770a9402c7ce82f5c2\",\"name\":\"Jean Pierre BAWELA\",\"image\":{\"@type\":\"ImageObject\",\"inLanguage\":\"fr-FR\",\"@id\":\"https:\\\/\\\/macite.tg\\\/wp-content\\\/uploads\\\/2023\\\/09\\\/WhatsApp-Image-2023-09-19-at-14.44.41-122x122.jpeg\",\"url\":\"https:\\\/\\\/macite.tg\\\/wp-content\\\/uploads\\\/2023\\\/09\\\/WhatsApp-Image-2023-09-19-at-14.44.41-122x122.jpeg\",\"contentUrl\":\"https:\\\/\\\/macite.tg\\\/wp-content\\\/uploads\\\/2023\\\/09\\\/WhatsApp-Image-2023-09-19-at-14.44.41-122x122.jpeg\",\"caption\":\"Jean Pierre BAWELA\"},\"url\":\"https:\\\/\\\/macite.tg\\\/?author=2\"}]}<\/script>\n<!-- \/ Yoast SEO plugin. -->","yoast_head_json":{"title":"FILIERE PLANTES A RACINES ET TUBERCULES : Une production en hausse de 5,5 % en 2024 -","robots":{"index":"index","follow":"follow","max-snippet":"max-snippet:-1","max-image-preview":"max-image-preview:large","max-video-preview":"max-video-preview:-1"},"canonical":"https:\/\/macite.tg\/?p=21605","og_locale":"fr_FR","og_type":"article","og_title":"FILIERE PLANTES A RACINES ET TUBERCULES : Une production en hausse de 5,5 % en 2024 -","og_description":"Selon les donn\u00e9es du minist\u00e8re de l&rsquo;Agriculture, la derni\u00e8re campagne a atteint un volume de production de 2.515.000 tonnes de tubercules, contre 2.206.614 tonnes en 2023. Cette croissance est en phase avec une tendance amorc\u00e9e un an plus t\u00f4t, o\u00f9 la production, qui \u00e9tait de [&hellip;]","og_url":"https:\/\/macite.tg\/?p=21605","article_published_time":"2025-04-24T11:35:37+00:00","article_modified_time":"2025-04-24T11:37:25+00:00","og_image":[{"width":465,"height":266,"url":"https:\/\/macite.tg\/wp-content\/uploads\/2025\/04\/image-86.png","type":"image\/png"}],"author":"Jean Pierre BAWELA","twitter_card":"summary_large_image","twitter_misc":{"\u00c9crit par":"Jean Pierre BAWELA","Dur\u00e9e de lecture estim\u00e9e":"4 minutes"},"schema":{"@context":"https:\/\/schema.org","@graph":[{"@type":"Article","@id":"https:\/\/macite.tg\/?p=21605#article","isPartOf":{"@id":"https:\/\/macite.tg\/?p=21605"},"author":{"name":"Jean Pierre BAWELA","@id":"https:\/\/macite.tg\/#\/schema\/person\/e9f2de7e5dbbe7770a9402c7ce82f5c2"},"headline":"FILIERE PLANTES A RACINES ET TUBERCULES : Une production en hausse de 5,5 % en 2024","datePublished":"2025-04-24T11:35:37+00:00","dateModified":"2025-04-24T11:37:25+00:00","mainEntityOfPage":{"@id":"https:\/\/macite.tg\/?p=21605"},"wordCount":597,"commentCount":0,"image":{"@id":"https:\/\/macite.tg\/?p=21605#primaryimage"},"thumbnailUrl":"https:\/\/macite.tg\/wp-content\/uploads\/2025\/04\/image-86.png","articleSection":["ACTUALITE","AGRICULTURE"],"inLanguage":"fr-FR","potentialAction":[{"@type":"CommentAction","name":"Comment","target":["https:\/\/macite.tg\/?p=21605#respond"]}]},{"@type":"WebPage","@id":"https:\/\/macite.tg\/?p=21605","url":"https:\/\/macite.tg\/?p=21605","name":"FILIERE PLANTES A RACINES ET TUBERCULES : Une production en hausse de 5,5 % en 2024 -","isPartOf":{"@id":"https:\/\/macite.tg\/#website"},"primaryImageOfPage":{"@id":"https:\/\/macite.tg\/?p=21605#primaryimage"},"image":{"@id":"https:\/\/macite.tg\/?p=21605#primaryimage"},"thumbnailUrl":"https:\/\/macite.tg\/wp-content\/uploads\/2025\/04\/image-86.png","datePublished":"2025-04-24T11:35:37+00:00","dateModified":"2025-04-24T11:37:25+00:00","author":{"@id":"https:\/\/macite.tg\/#\/schema\/person\/e9f2de7e5dbbe7770a9402c7ce82f5c2"},"breadcrumb":{"@id":"https:\/\/macite.tg\/?p=21605#breadcrumb"},"inLanguage":"fr-FR","potentialAction":[{"@type":"ReadAction","target":["https:\/\/macite.tg\/?p=21605"]}]},{"@type":"ImageObject","inLanguage":"fr-FR","@id":"https:\/\/macite.tg\/?p=21605#primaryimage","url":"https:\/\/macite.tg\/wp-content\/uploads\/2025\/04\/image-86.png","contentUrl":"https:\/\/macite.tg\/wp-content\/uploads\/2025\/04\/image-86.png","width":465,"height":266},{"@type":"BreadcrumbList","@id":"https:\/\/macite.tg\/?p=21605#breadcrumb","itemListElement":[{"@type":"ListItem","position":1,"name":"Accueil","item":"https:\/\/macite.tg\/"},{"@type":"ListItem","position":2,"name":"FILIERE PLANTES A RACINES ET TUBERCULES : Une production en hausse de 5,5 % en 2024"}]},{"@type":"WebSite","@id":"https:\/\/macite.tg\/#website","url":"https:\/\/macite.tg\/","name":"","description":"L&#039;information, la bonne!!!","potentialAction":[{"@type":"SearchAction","target":{"@type":"EntryPoint","urlTemplate":"https:\/\/macite.tg\/?s={search_term_string}"},"query-input":{"@type":"PropertyValueSpecification","valueRequired":true,"valueName":"search_term_string"}}],"inLanguage":"fr-FR"},{"@type":"Person","@id":"https:\/\/macite.tg\/#\/schema\/person\/e9f2de7e5dbbe7770a9402c7ce82f5c2","name":"Jean Pierre BAWELA","image":{"@type":"ImageObject","inLanguage":"fr-FR","@id":"https:\/\/macite.tg\/wp-content\/uploads\/2023\/09\/WhatsApp-Image-2023-09-19-at-14.44.41-122x122.jpeg","url":"https:\/\/macite.tg\/wp-content\/uploads\/2023\/09\/WhatsApp-Image-2023-09-19-at-14.44.41-122x122.jpeg","contentUrl":"https:\/\/macite.tg\/wp-content\/uploads\/2023\/09\/WhatsApp-Image-2023-09-19-at-14.44.41-122x122.jpeg","caption":"Jean Pierre BAWELA"},"url":"https:\/\/macite.tg\/?author=2"}]}},"_links":{"self":[{"href":"https:\/\/macite.tg\/index.php?rest_route=\/wp\/v2\/posts\/21605","targetHints":{"allow":["GET"]}}],"collection":[{"href":"https:\/\/macite.tg\/index.php?rest_route=\/wp\/v2\/posts"}],"about":[{"href":"https:\/\/macite.tg\/index.php?rest_route=\/wp\/v2\/types\/post"}],"author":[{"embeddable":true,"href":"https:\/\/macite.tg\/index.php?rest_route=\/wp\/v2\/users\/2"}],"replies":[{"embeddable":true,"href":"https:\/\/macite.tg\/index.php?rest_route=%2Fwp%2Fv2%2Fcomments&post=21605"}],"version-history":[{"count":0,"href":"https:\/\/macite.tg\/index.php?rest_route=\/wp\/v2\/posts\/21605\/revisions"}],"wp:featuredmedia":[{"embeddable":true,"href":"https:\/\/macite.tg\/index.php?rest_route=\/wp\/v2\/media\/21610"}],"wp:attachment":[{"href":"https:\/\/macite.tg\/index.php?rest_route=%2Fwp%2Fv2%2Fmedia&parent=21605"}],"wp:term":[{"taxonomy":"category","embeddable":true,"href":"https:\/\/macite.tg\/index.php?rest_route=%2Fwp%2Fv2%2Fcategories&post=21605"},{"taxonomy":"post_tag","embeddable":true,"href":"https:\/\/macite.tg\/index.php?rest_route=%2Fwp%2Fv2%2Ftags&post=21605"}],"curies":[{"name":"wp","href":"https:\/\/api.w.org\/{rel}","templated":true}]}}