{"id":21602,"date":"2025-04-24T10:27:20","date_gmt":"2025-04-24T10:27:20","guid":{"rendered":"https:\/\/macite.tg\/?p=21602"},"modified":"2025-04-24T10:27:23","modified_gmt":"2025-04-24T10:27:23","slug":"royaume-du-maroc-des-opportunites-dinvestissements-dans-les-provinces-du-sud-au-coeur-dune-conference-a-saint-etienne","status":"publish","type":"post","link":"https:\/\/macite.tg\/?p=21602","title":{"rendered":"ROYAUME DU MAROC : Des opportunit\u00e9s d\u2019investissements dans les provinces du sud au c\u0153ur d\u2019une conf\u00e9rence \u00e0 Saint-Etienne"},"content":{"rendered":"\n<p class=\"wp-block-paragraph\"><strong><em>Les relations entre la France et le Royaume du Maroc se mat\u00e9rialisent davantage ces derni\u00e8res semaines. En effet, le jeudi 17 avril dernier, une conf\u00e9rence sur les opportunit\u00e9s d\u2019investissement dans les provinces du sud du Royaume, a eu lieu \u00e0 Saint-Etienne, en France.<\/em><\/strong> <\/p>\n\n\n\n<p class=\"wp-block-paragraph\">Organis\u00e9e par le consulat g\u00e9n\u00e9ral du Maroc \u00e0 Lyon en partenariat avec le d\u00e9partement de la Loire, cette conf\u00e9rence a \u00e9t\u00e9 l\u2019occasion de jeter un coup de projecteurs nouveau mod\u00e8le de d\u00e9veloppement et sa d\u00e9clinaison dans les provinces du sud. Elle a \u00e9t\u00e9 \u00e9galement une occasion pour les organisateurs de pr\u00e9senter les r\u00e9formes structurelles en cours en mati\u00e8re de gouvernance, d\u2019\u00e9conomie durable et de territorialisation des politiques publiques, avec un gros plan sur les dynamiques d\u2019int\u00e9gration r\u00e9gionale et les nouvelles routes \u00e9conomiques vers l\u2019Afrique o\u00f9 le Maroc comme un centre strat\u00e9gique majeur.<\/p>\n\n\n<div class=\"wp-block-image\">\n<figure class=\"aligncenter size-full\"><img loading=\"lazy\" decoding=\"async\" width=\"851\" height=\"315\" src=\"https:\/\/macite.tg\/wp-content\/uploads\/2025\/04\/OTR_Ferer-pour-batir.jpg\" alt=\"\" class=\"wp-image-21535\" srcset=\"https:\/\/macite.tg\/wp-content\/uploads\/2025\/04\/OTR_Ferer-pour-batir.jpg 851w, https:\/\/macite.tg\/wp-content\/uploads\/2025\/04\/OTR_Ferer-pour-batir-300x111.jpg 300w, https:\/\/macite.tg\/wp-content\/uploads\/2025\/04\/OTR_Ferer-pour-batir-768x284.jpg 768w\" sizes=\"auto, (max-width: 851px) 100vw, 851px\" \/><\/figure>\n<\/div>\n\n\n<p class=\"wp-block-paragraph\">A l\u2019ouverture de cette conf\u00e9rence, la Consule g\u00e9n\u00e9rale du Maroc \u00e0 Lyon, Fatima Baroudi, s\u2019est rem\u00e9mor\u00e9e les r\u00e9centes phases importantes dans les relations entre Paris et Rabat, notamment les visites multiples des officiels fran\u00e7ais et marocains, la mise en lumi\u00e8re sur le Maroc dans les salons de l\u2019Agriculture et le festival du livre. Elle n\u2019a pas manqu\u00e9 de souligner l\u2019annone de Paris en soutien \u00e0 la souverainet\u00e9 du Maroc sur son Sahara, qui participent \u00e0 cette dynamique vertueuse que connaissent les liens bilat\u00e9raux.<\/p>\n\n\n\n<p class=\"wp-block-paragraph\">Tout en soutenant que la France <em>\u00ab est un partenaire \u00e9conomique majeur du Maroc avec lequel nous envisageons un avenir encore plus prosp\u00e8re \u00bb, <\/em>la Consule g\u00e9n\u00e9rale a soulign\u00e9 que <em>\u00ab toutes ces rencontres permettent de renforcer notre dialogue politique, de coordonner nos actions sur les enjeux r\u00e9gionaux et internationaux, et de consolider notre coop\u00e9ration \u00e9conomique qui constitue un des piliers de notre relation \u00bb.<\/em><\/p>\n\n\n\n<p class=\"wp-block-paragraph\">Elle a, pour finir, indiqu\u00e9 que son souhait \u00e9tait qu\u2019<em>\u00ab \u00e0 travers ce d\u00eener-d\u00e9bat, donner un avant-go\u00fbt aux hommes d&rsquo;affaires et aux diff\u00e9rents entrepreneurs de cette belle r\u00e9gion qui est la Loire, sur l&rsquo;importance d&rsquo;un investissement accru dans les provinces du sud du Maroc \u00bb.<\/em><\/p>\n\n\n\n<p class=\"wp-block-paragraph\">Notons que lors de la conf\u00e9rence, une communication a \u00e9t\u00e9 pr\u00e9sent\u00e9e par le Centre r\u00e9gional d\u2019investissement (CRI) de Laayoune, sur les m\u00e9canismes op\u00e9rationnels et les opportunit\u00e9s concr\u00e8tes d&rsquo;investissement dans la r\u00e9gion, notamment les dispositifs d\u2019accompagnement des investisseurs (guichet unique, incitations fiscales, services d\u2019appui).<\/p>\n\n\n<div class=\"wp-block-image\">\n<figure class=\"aligncenter size-full\"><img loading=\"lazy\" decoding=\"async\" width=\"526\" height=\"526\" src=\"https:\/\/macite.tg\/wp-content\/uploads\/2025\/04\/OTR_Bornage-contradictoire-dans-le-Grand-Lome.jpg\" alt=\"\" class=\"wp-image-21558\" srcset=\"https:\/\/macite.tg\/wp-content\/uploads\/2025\/04\/OTR_Bornage-contradictoire-dans-le-Grand-Lome.jpg 526w, https:\/\/macite.tg\/wp-content\/uploads\/2025\/04\/OTR_Bornage-contradictoire-dans-le-Grand-Lome-300x300.jpg 300w, https:\/\/macite.tg\/wp-content\/uploads\/2025\/04\/OTR_Bornage-contradictoire-dans-le-Grand-Lome-150x150.jpg 150w, https:\/\/macite.tg\/wp-content\/uploads\/2025\/04\/OTR_Bornage-contradictoire-dans-le-Grand-Lome-122x122.jpg 122w\" sizes=\"auto, (max-width: 526px) 100vw, 526px\" \/><\/figure>\n<\/div>\n\n\n<p class=\"wp-block-paragraph\">Lors de cette pr\u00e9sentation, un focus a \u00e9t\u00e9 fait sur les atouts sp\u00e9cifiques de la r\u00e9gion de Laayoune en termes de ressources naturelles, d\u2019infrastructures logistiques, d\u2019\u00e9nergies renouvelables et de connectivit\u00e9, entre autres. Les mod\u00e8les de r\u00e9ussites de projets d\u2019investissement \u00e9trangers dans les secteurs \u00e0 fort potentiel, \u00e0 savoir l\u2019agro-industrie, la p\u00eache, l\u2019\u00e9nergie, la logistique, n\u2019ont pas \u00e9t\u00e9 occult\u00e9s.<\/p>\n\n\n\n<p class=\"wp-block-paragraph\"><strong>MC<\/strong><\/p>\n\n\n\n<p class=\"wp-block-paragraph\"><a><strong><em>@macite.tg&nbsp;&nbsp;&nbsp;&nbsp;&nbsp;&nbsp;&nbsp;&nbsp;<\/em><\/strong><\/a><\/p>\n\n\n\n<p class=\"wp-block-paragraph\"><strong><em>E-mail&nbsp;: <\/em><\/strong><a href=\"mailto:maciteinfo@gmail.com\"><strong><em>maciteinfo@gmail.com<\/em><\/strong><\/a><strong><em>; <\/em><\/strong><a href=\"mailto:bawela1@gmail.com\"><strong><em>bawela1@gmail.com<\/em><\/strong><\/a><strong><em><\/em><\/strong><\/p>\n\n\n\n<p class=\"wp-block-paragraph\"><strong><em>Pour vos annonces, (publi)reportages, etc., joignez-nous au (00228)91515309\/<strong>79872224 <\/strong>www.macite.tg, L\u2019information, la bonne&nbsp;!<\/em><\/strong><\/p>\n\n\n\n<p class=\"wp-block-paragraph\"><\/p>\n","protected":false},"excerpt":{"rendered":"<p class=\"text-justify mb-2\" >Les relations entre la France et le Royaume du Maroc se mat\u00e9rialisent davantage ces derni\u00e8res semaines. En effet, le jeudi 17 avril dernier, une conf\u00e9rence sur les opportunit\u00e9s d\u2019investissement dans les provinces du sud du Royaume, a eu lieu \u00e0 Saint-Etienne, en France. Organis\u00e9e par [&hellip;]<\/p>\n","protected":false},"author":2,"featured_media":21603,"comment_status":"open","ping_status":"open","sticky":false,"template":"","format":"standard","meta":{"footnotes":""},"categories":[20,16,3],"tags":[],"class_list":["post-21602","post","type-post","status-publish","format-standard","has-post-thumbnail","hentry","category-actualite","category-cooperation","category-economie"],"yoast_head":"<!-- This site is optimized with the Yoast SEO plugin v28.4 - https:\/\/yoast.com\/product\/yoast-seo-wordpress\/ -->\n<title>ROYAUME DU MAROC : Des opportunit\u00e9s d\u2019investissements dans les provinces du sud au c\u0153ur d\u2019une conf\u00e9rence \u00e0 Saint-Etienne -<\/title>\n<meta name=\"robots\" content=\"index, follow, max-snippet:-1, max-image-preview:large, max-video-preview:-1\" \/>\n<link rel=\"canonical\" href=\"https:\/\/macite.tg\/?p=21602\" \/>\n<meta property=\"og:locale\" content=\"fr_FR\" \/>\n<meta property=\"og:type\" content=\"article\" \/>\n<meta property=\"og:title\" content=\"ROYAUME DU MAROC : Des opportunit\u00e9s d\u2019investissements dans les provinces du sud au c\u0153ur d\u2019une conf\u00e9rence \u00e0 Saint-Etienne -\" \/>\n<meta property=\"og:description\" content=\"Les relations entre la France et le Royaume du Maroc se mat\u00e9rialisent davantage ces derni\u00e8res semaines. En effet, le jeudi 17 avril dernier, une conf\u00e9rence sur les opportunit\u00e9s d\u2019investissement dans les provinces du sud du Royaume, a eu lieu \u00e0 Saint-Etienne, en France. Organis\u00e9e par [&hellip;]\" \/>\n<meta property=\"og:url\" content=\"https:\/\/macite.tg\/?p=21602\" \/>\n<meta property=\"article:published_time\" content=\"2025-04-24T10:27:20+00:00\" \/>\n<meta property=\"article:modified_time\" content=\"2025-04-24T10:27:23+00:00\" \/>\n<meta property=\"og:image\" content=\"https:\/\/macite.tg\/wp-content\/uploads\/2025\/04\/image-84.png\" \/>\n\t<meta property=\"og:image:width\" content=\"431\" \/>\n\t<meta property=\"og:image:height\" content=\"237\" \/>\n\t<meta property=\"og:image:type\" content=\"image\/png\" \/>\n<meta name=\"author\" content=\"Jean Pierre BAWELA\" \/>\n<meta name=\"twitter:card\" content=\"summary_large_image\" \/>\n<meta name=\"twitter:label1\" content=\"\u00c9crit par\" \/>\n\t<meta name=\"twitter:data1\" content=\"Jean Pierre BAWELA\" \/>\n\t<meta name=\"twitter:label2\" content=\"Dur\u00e9e de lecture estim\u00e9e\" \/>\n\t<meta name=\"twitter:data2\" content=\"3 minutes\" \/>\n<script type=\"application\/ld+json\" class=\"yoast-schema-graph\">{\"@context\":\"https:\\\/\\\/schema.org\",\"@graph\":[{\"@type\":\"Article\",\"@id\":\"https:\\\/\\\/macite.tg\\\/?p=21602#article\",\"isPartOf\":{\"@id\":\"https:\\\/\\\/macite.tg\\\/?p=21602\"},\"author\":{\"name\":\"Jean Pierre BAWELA\",\"@id\":\"https:\\\/\\\/macite.tg\\\/#\\\/schema\\\/person\\\/e9f2de7e5dbbe7770a9402c7ce82f5c2\"},\"headline\":\"ROYAUME DU MAROC : Des opportunit\u00e9s d\u2019investissements dans les provinces du sud au c\u0153ur d\u2019une conf\u00e9rence \u00e0 Saint-Etienne\",\"datePublished\":\"2025-04-24T10:27:20+00:00\",\"dateModified\":\"2025-04-24T10:27:23+00:00\",\"mainEntityOfPage\":{\"@id\":\"https:\\\/\\\/macite.tg\\\/?p=21602\"},\"wordCount\":547,\"commentCount\":0,\"image\":{\"@id\":\"https:\\\/\\\/macite.tg\\\/?p=21602#primaryimage\"},\"thumbnailUrl\":\"https:\\\/\\\/macite.tg\\\/wp-content\\\/uploads\\\/2025\\\/04\\\/image-84.png\",\"articleSection\":[\"ACTUALITE\",\"COOPERATION\",\"ECONOMIE\"],\"inLanguage\":\"fr-FR\",\"potentialAction\":[{\"@type\":\"CommentAction\",\"name\":\"Comment\",\"target\":[\"https:\\\/\\\/macite.tg\\\/?p=21602#respond\"]}]},{\"@type\":\"WebPage\",\"@id\":\"https:\\\/\\\/macite.tg\\\/?p=21602\",\"url\":\"https:\\\/\\\/macite.tg\\\/?p=21602\",\"name\":\"ROYAUME DU MAROC : Des opportunit\u00e9s d\u2019investissements dans les provinces du sud au c\u0153ur d\u2019une conf\u00e9rence \u00e0 Saint-Etienne -\",\"isPartOf\":{\"@id\":\"https:\\\/\\\/macite.tg\\\/#website\"},\"primaryImageOfPage\":{\"@id\":\"https:\\\/\\\/macite.tg\\\/?p=21602#primaryimage\"},\"image\":{\"@id\":\"https:\\\/\\\/macite.tg\\\/?p=21602#primaryimage\"},\"thumbnailUrl\":\"https:\\\/\\\/macite.tg\\\/wp-content\\\/uploads\\\/2025\\\/04\\\/image-84.png\",\"datePublished\":\"2025-04-24T10:27:20+00:00\",\"dateModified\":\"2025-04-24T10:27:23+00:00\",\"author\":{\"@id\":\"https:\\\/\\\/macite.tg\\\/#\\\/schema\\\/person\\\/e9f2de7e5dbbe7770a9402c7ce82f5c2\"},\"breadcrumb\":{\"@id\":\"https:\\\/\\\/macite.tg\\\/?p=21602#breadcrumb\"},\"inLanguage\":\"fr-FR\",\"potentialAction\":[{\"@type\":\"ReadAction\",\"target\":[\"https:\\\/\\\/macite.tg\\\/?p=21602\"]}]},{\"@type\":\"ImageObject\",\"inLanguage\":\"fr-FR\",\"@id\":\"https:\\\/\\\/macite.tg\\\/?p=21602#primaryimage\",\"url\":\"https:\\\/\\\/macite.tg\\\/wp-content\\\/uploads\\\/2025\\\/04\\\/image-84.png\",\"contentUrl\":\"https:\\\/\\\/macite.tg\\\/wp-content\\\/uploads\\\/2025\\\/04\\\/image-84.png\",\"width\":431,\"height\":237},{\"@type\":\"BreadcrumbList\",\"@id\":\"https:\\\/\\\/macite.tg\\\/?p=21602#breadcrumb\",\"itemListElement\":[{\"@type\":\"ListItem\",\"position\":1,\"name\":\"Accueil\",\"item\":\"https:\\\/\\\/macite.tg\\\/\"},{\"@type\":\"ListItem\",\"position\":2,\"name\":\"ROYAUME DU MAROC : Des opportunit\u00e9s d\u2019investissements dans les provinces du sud au c\u0153ur d\u2019une conf\u00e9rence \u00e0 Saint-Etienne\"}]},{\"@type\":\"WebSite\",\"@id\":\"https:\\\/\\\/macite.tg\\\/#website\",\"url\":\"https:\\\/\\\/macite.tg\\\/\",\"name\":\"\",\"description\":\"L&#039;information, la bonne!!!\",\"potentialAction\":[{\"@type\":\"SearchAction\",\"target\":{\"@type\":\"EntryPoint\",\"urlTemplate\":\"https:\\\/\\\/macite.tg\\\/?s={search_term_string}\"},\"query-input\":{\"@type\":\"PropertyValueSpecification\",\"valueRequired\":true,\"valueName\":\"search_term_string\"}}],\"inLanguage\":\"fr-FR\"},{\"@type\":\"Person\",\"@id\":\"https:\\\/\\\/macite.tg\\\/#\\\/schema\\\/person\\\/e9f2de7e5dbbe7770a9402c7ce82f5c2\",\"name\":\"Jean Pierre BAWELA\",\"image\":{\"@type\":\"ImageObject\",\"inLanguage\":\"fr-FR\",\"@id\":\"https:\\\/\\\/macite.tg\\\/wp-content\\\/uploads\\\/2023\\\/09\\\/WhatsApp-Image-2023-09-19-at-14.44.41-122x122.jpeg\",\"url\":\"https:\\\/\\\/macite.tg\\\/wp-content\\\/uploads\\\/2023\\\/09\\\/WhatsApp-Image-2023-09-19-at-14.44.41-122x122.jpeg\",\"contentUrl\":\"https:\\\/\\\/macite.tg\\\/wp-content\\\/uploads\\\/2023\\\/09\\\/WhatsApp-Image-2023-09-19-at-14.44.41-122x122.jpeg\",\"caption\":\"Jean Pierre BAWELA\"},\"url\":\"https:\\\/\\\/macite.tg\\\/?author=2\"}]}<\/script>\n<!-- \/ Yoast SEO plugin. -->","yoast_head_json":{"title":"ROYAUME DU MAROC : Des opportunit\u00e9s d\u2019investissements dans les provinces du sud au c\u0153ur d\u2019une conf\u00e9rence \u00e0 Saint-Etienne -","robots":{"index":"index","follow":"follow","max-snippet":"max-snippet:-1","max-image-preview":"max-image-preview:large","max-video-preview":"max-video-preview:-1"},"canonical":"https:\/\/macite.tg\/?p=21602","og_locale":"fr_FR","og_type":"article","og_title":"ROYAUME DU MAROC : Des opportunit\u00e9s d\u2019investissements dans les provinces du sud au c\u0153ur d\u2019une conf\u00e9rence \u00e0 Saint-Etienne -","og_description":"Les relations entre la France et le Royaume du Maroc se mat\u00e9rialisent davantage ces derni\u00e8res semaines. En effet, le jeudi 17 avril dernier, une conf\u00e9rence sur les opportunit\u00e9s d\u2019investissement dans les provinces du sud du Royaume, a eu lieu \u00e0 Saint-Etienne, en France. Organis\u00e9e par [&hellip;]","og_url":"https:\/\/macite.tg\/?p=21602","article_published_time":"2025-04-24T10:27:20+00:00","article_modified_time":"2025-04-24T10:27:23+00:00","og_image":[{"width":431,"height":237,"url":"https:\/\/macite.tg\/wp-content\/uploads\/2025\/04\/image-84.png","type":"image\/png"}],"author":"Jean Pierre BAWELA","twitter_card":"summary_large_image","twitter_misc":{"\u00c9crit par":"Jean Pierre BAWELA","Dur\u00e9e de lecture estim\u00e9e":"3 minutes"},"schema":{"@context":"https:\/\/schema.org","@graph":[{"@type":"Article","@id":"https:\/\/macite.tg\/?p=21602#article","isPartOf":{"@id":"https:\/\/macite.tg\/?p=21602"},"author":{"name":"Jean Pierre BAWELA","@id":"https:\/\/macite.tg\/#\/schema\/person\/e9f2de7e5dbbe7770a9402c7ce82f5c2"},"headline":"ROYAUME DU MAROC : Des opportunit\u00e9s d\u2019investissements dans les provinces du sud au c\u0153ur d\u2019une conf\u00e9rence \u00e0 Saint-Etienne","datePublished":"2025-04-24T10:27:20+00:00","dateModified":"2025-04-24T10:27:23+00:00","mainEntityOfPage":{"@id":"https:\/\/macite.tg\/?p=21602"},"wordCount":547,"commentCount":0,"image":{"@id":"https:\/\/macite.tg\/?p=21602#primaryimage"},"thumbnailUrl":"https:\/\/macite.tg\/wp-content\/uploads\/2025\/04\/image-84.png","articleSection":["ACTUALITE","COOPERATION","ECONOMIE"],"inLanguage":"fr-FR","potentialAction":[{"@type":"CommentAction","name":"Comment","target":["https:\/\/macite.tg\/?p=21602#respond"]}]},{"@type":"WebPage","@id":"https:\/\/macite.tg\/?p=21602","url":"https:\/\/macite.tg\/?p=21602","name":"ROYAUME DU MAROC : Des opportunit\u00e9s d\u2019investissements dans les provinces du sud au c\u0153ur d\u2019une conf\u00e9rence \u00e0 Saint-Etienne -","isPartOf":{"@id":"https:\/\/macite.tg\/#website"},"primaryImageOfPage":{"@id":"https:\/\/macite.tg\/?p=21602#primaryimage"},"image":{"@id":"https:\/\/macite.tg\/?p=21602#primaryimage"},"thumbnailUrl":"https:\/\/macite.tg\/wp-content\/uploads\/2025\/04\/image-84.png","datePublished":"2025-04-24T10:27:20+00:00","dateModified":"2025-04-24T10:27:23+00:00","author":{"@id":"https:\/\/macite.tg\/#\/schema\/person\/e9f2de7e5dbbe7770a9402c7ce82f5c2"},"breadcrumb":{"@id":"https:\/\/macite.tg\/?p=21602#breadcrumb"},"inLanguage":"fr-FR","potentialAction":[{"@type":"ReadAction","target":["https:\/\/macite.tg\/?p=21602"]}]},{"@type":"ImageObject","inLanguage":"fr-FR","@id":"https:\/\/macite.tg\/?p=21602#primaryimage","url":"https:\/\/macite.tg\/wp-content\/uploads\/2025\/04\/image-84.png","contentUrl":"https:\/\/macite.tg\/wp-content\/uploads\/2025\/04\/image-84.png","width":431,"height":237},{"@type":"BreadcrumbList","@id":"https:\/\/macite.tg\/?p=21602#breadcrumb","itemListElement":[{"@type":"ListItem","position":1,"name":"Accueil","item":"https:\/\/macite.tg\/"},{"@type":"ListItem","position":2,"name":"ROYAUME DU MAROC : Des opportunit\u00e9s d\u2019investissements dans les provinces du sud au c\u0153ur d\u2019une conf\u00e9rence \u00e0 Saint-Etienne"}]},{"@type":"WebSite","@id":"https:\/\/macite.tg\/#website","url":"https:\/\/macite.tg\/","name":"","description":"L&#039;information, la bonne!!!","potentialAction":[{"@type":"SearchAction","target":{"@type":"EntryPoint","urlTemplate":"https:\/\/macite.tg\/?s={search_term_string}"},"query-input":{"@type":"PropertyValueSpecification","valueRequired":true,"valueName":"search_term_string"}}],"inLanguage":"fr-FR"},{"@type":"Person","@id":"https:\/\/macite.tg\/#\/schema\/person\/e9f2de7e5dbbe7770a9402c7ce82f5c2","name":"Jean Pierre BAWELA","image":{"@type":"ImageObject","inLanguage":"fr-FR","@id":"https:\/\/macite.tg\/wp-content\/uploads\/2023\/09\/WhatsApp-Image-2023-09-19-at-14.44.41-122x122.jpeg","url":"https:\/\/macite.tg\/wp-content\/uploads\/2023\/09\/WhatsApp-Image-2023-09-19-at-14.44.41-122x122.jpeg","contentUrl":"https:\/\/macite.tg\/wp-content\/uploads\/2023\/09\/WhatsApp-Image-2023-09-19-at-14.44.41-122x122.jpeg","caption":"Jean Pierre BAWELA"},"url":"https:\/\/macite.tg\/?author=2"}]}},"_links":{"self":[{"href":"https:\/\/macite.tg\/index.php?rest_route=\/wp\/v2\/posts\/21602","targetHints":{"allow":["GET"]}}],"collection":[{"href":"https:\/\/macite.tg\/index.php?rest_route=\/wp\/v2\/posts"}],"about":[{"href":"https:\/\/macite.tg\/index.php?rest_route=\/wp\/v2\/types\/post"}],"author":[{"embeddable":true,"href":"https:\/\/macite.tg\/index.php?rest_route=\/wp\/v2\/users\/2"}],"replies":[{"embeddable":true,"href":"https:\/\/macite.tg\/index.php?rest_route=%2Fwp%2Fv2%2Fcomments&post=21602"}],"version-history":[{"count":0,"href":"https:\/\/macite.tg\/index.php?rest_route=\/wp\/v2\/posts\/21602\/revisions"}],"wp:featuredmedia":[{"embeddable":true,"href":"https:\/\/macite.tg\/index.php?rest_route=\/wp\/v2\/media\/21603"}],"wp:attachment":[{"href":"https:\/\/macite.tg\/index.php?rest_route=%2Fwp%2Fv2%2Fmedia&parent=21602"}],"wp:term":[{"taxonomy":"category","embeddable":true,"href":"https:\/\/macite.tg\/index.php?rest_route=%2Fwp%2Fv2%2Fcategories&post=21602"},{"taxonomy":"post_tag","embeddable":true,"href":"https:\/\/macite.tg\/index.php?rest_route=%2Fwp%2Fv2%2Ftags&post=21602"}],"curies":[{"name":"wp","href":"https:\/\/api.w.org\/{rel}","templated":true}]}}