{"id":21591,"date":"2025-04-24T10:25:40","date_gmt":"2025-04-24T10:25:40","guid":{"rendered":"https:\/\/macite.tg\/?p=21591"},"modified":"2025-04-24T10:25:44","modified_gmt":"2025-04-24T10:25:44","slug":"rapprocher-les-soins-de-sante-des-populations-un-nouveau-cms-inaugure-a-namon-dankpen","status":"publish","type":"post","link":"https:\/\/macite.tg\/?p=21591","title":{"rendered":"RAPPROCHER LES SOINS DE SANTE DES POPULATIONS\u00a0: Un nouveau CMS inaugur\u00e9 \u00e0 Namon (Dankpen)"},"content":{"rendered":"\n<p class=\"wp-block-paragraph\"><strong><em>Garantir un acc\u00e8s \u00e9quitable aux soins de sant\u00e9 primaires pour toutes les couches sociales est un engagement renouvel\u00e9 de fa\u00e7on constante par le pr\u00e9sident Faure Gnassingb\u00e9. Les centres m\u00e9dico-sociaux (CMS) sont des maillons essentiels de la pyramide sanitaire. L&rsquo;\u00c9tat acc\u00e9l\u00e8re ainsi leur construction pour rapprocher les services de sant\u00e9 des populations, notamment dans les zones rurales et p\u00e9riurbaines<\/em><\/strong><em>.<\/em><\/p>\n\n\n\n<p class=\"wp-block-paragraph\">Longtemps confront\u00e9es \u00e0 un acc\u00e8s limit\u00e9 aux soins de base, plusieurs localit\u00e9s du pays b\u00e9n\u00e9ficient d\u00e9sormais d&rsquo;infrastructures sanitaires \u00e9quip\u00e9es et dot\u00e9es de personnel qualifi\u00e9. \u00c0 travers un grand nombre de projets et de programmes, des CMS sont construits ou r\u00e9nov\u00e9s.<\/p>\n\n\n<div class=\"wp-block-image\">\n<figure class=\"aligncenter size-full\"><img loading=\"lazy\" decoding=\"async\" width=\"851\" height=\"315\" src=\"https:\/\/macite.tg\/wp-content\/uploads\/2025\/04\/OTR_Ferer-pour-batir.jpg\" alt=\"\" class=\"wp-image-21535\" srcset=\"https:\/\/macite.tg\/wp-content\/uploads\/2025\/04\/OTR_Ferer-pour-batir.jpg 851w, https:\/\/macite.tg\/wp-content\/uploads\/2025\/04\/OTR_Ferer-pour-batir-300x111.jpg 300w, https:\/\/macite.tg\/wp-content\/uploads\/2025\/04\/OTR_Ferer-pour-batir-768x284.jpg 768w\" sizes=\"auto, (max-width: 851px) 100vw, 851px\" \/><\/figure>\n<\/div>\n\n\n<p class=\"wp-block-paragraph\">Dans les cinq (05) r\u00e9gions du Togo, l&rsquo;\u00e9lan est palpable et ces structures assurent la prise en charge de pathologies courantes, les soins pr\u00e9natals et postnatals, les consultations p\u00e9diatriques, les campagnes de vaccination, ainsi que les services d&rsquo;\u00e9ducation sanitaire.<\/p>\n\n\n\n<p class=\"wp-block-paragraph\"><strong>Une attention particuli\u00e8re aux zones vuln\u00e9rables<\/strong><\/p>\n\n\n\n<p class=\"wp-block-paragraph\">L&rsquo;approche adopt\u00e9e par les pouvoirs publics repose sur une logique d&rsquo;\u00e9quit\u00e9 territoriale. Les r\u00e9gions les plus enclav\u00e9es, souvent oubli\u00e9es des dynamiques de d\u00e9veloppement, sont les principales b\u00e9n\u00e9ficiaires de cette politique sanitaire.<\/p>\n\n\n\n<p class=\"wp-block-paragraph\">Ainsi, des centres modernes ont vu le jour dans des cantons recul\u00e9s des r\u00e9gions des Savanes, de la Kara ou encore de la Centrale, contribuant \u00e0 r\u00e9duire les distances parcourues pour acc\u00e9der aux soins. Cette initiative participe \u00e0 la lutte contre la mortalit\u00e9 maternelle et infantile, un enjeu de sant\u00e9 publique majeur.<\/p>\n\n\n\n<p class=\"wp-block-paragraph\">Gr\u00e2ce \u00e0 la pr\u00e9sence renforc\u00e9e des sages-femmes, des infirmiers dipl\u00f4m\u00e9s d&rsquo;\u00c9tat et du mat\u00e9riel de premi\u00e8re urgence, les accouchements dans les CMS se d\u00e9roulent dans des conditions nettement am\u00e9lior\u00e9es.<\/p>\n\n\n<div class=\"wp-block-image\">\n<figure class=\"aligncenter size-full is-resized\"><img loading=\"lazy\" decoding=\"async\" width=\"690\" height=\"170\" src=\"https:\/\/macite.tg\/wp-content\/uploads\/2025\/04\/IMG-20240313-WA0013.jpg\" alt=\"\" class=\"wp-image-21559\" style=\"width:840px;height:auto\" srcset=\"https:\/\/macite.tg\/wp-content\/uploads\/2025\/04\/IMG-20240313-WA0013.jpg 690w, https:\/\/macite.tg\/wp-content\/uploads\/2025\/04\/IMG-20240313-WA0013-300x74.jpg 300w\" sizes=\"auto, (max-width: 690px) 100vw, 690px\" \/><\/figure>\n<\/div>\n\n\n<p class=\"wp-block-paragraph\"><strong>\u00c0 Namon, un vent sain souffle<\/strong><\/p>\n\n\n\n<p class=\"wp-block-paragraph\">Conform\u00e9ment \u00e0 son ambition de toujours renforcer son syst\u00e8me de sant\u00e9, le Togo a inaugur\u00e9 un CMS \u00e0 Namon (commune de Dankpen 2, r\u00e9gion de la Kara) gr\u00e2ce \u00e0 un financement conjoint de 300 millions de francs CFA.<\/p>\n\n\n\n<p class=\"wp-block-paragraph\">Le projet a \u00e9t\u00e9 mat\u00e9rialis\u00e9 \u00e0 la faveur de l&rsquo;appui du minist\u00e8re allemand de la Coop\u00e9ration (BMZ). Il comprend la construction, l&rsquo;\u00e9quipement et la s\u00e9curisation du centre. Symbole de solidarit\u00e9, l&rsquo;infrastructure de Namon a d\u00e9j\u00e0 jou\u00e9 un grand r\u00f4le lors de l&rsquo;\u00e9pid\u00e9mie de m\u00e9ningite de janvier 2025 en pr\u00eatant son cadre \u00e0 la prise en charge des cas dans le district de Dankpen.<\/p>\n\n\n\n<p class=\"wp-block-paragraph\">Modernis\u00e9, le centre m\u00e9dico-social est maintenant par\u00e9 \u00e0 toute \u00e9ventualit\u00e9. Il assure d\u00e9sormais, et de fa\u00e7on pleine, son r\u00f4le sanitaire et donne du poids \u00e0 l&rsquo;offre de soins dans la r\u00e9gion concern\u00e9e, qui est consid\u00e9r\u00e9e comme moins fournie compar\u00e9e aux autres r\u00e9gions.<\/p>\n\n\n<div class=\"wp-block-image\">\n<figure class=\"aligncenter size-full\"><img loading=\"lazy\" decoding=\"async\" width=\"526\" height=\"526\" src=\"https:\/\/macite.tg\/wp-content\/uploads\/2025\/04\/OTR_Bornage-contradictoire-dans-le-Grand-Lome.jpg\" alt=\"\" class=\"wp-image-21558\" srcset=\"https:\/\/macite.tg\/wp-content\/uploads\/2025\/04\/OTR_Bornage-contradictoire-dans-le-Grand-Lome.jpg 526w, https:\/\/macite.tg\/wp-content\/uploads\/2025\/04\/OTR_Bornage-contradictoire-dans-le-Grand-Lome-300x300.jpg 300w, https:\/\/macite.tg\/wp-content\/uploads\/2025\/04\/OTR_Bornage-contradictoire-dans-le-Grand-Lome-150x150.jpg 150w, https:\/\/macite.tg\/wp-content\/uploads\/2025\/04\/OTR_Bornage-contradictoire-dans-le-Grand-Lome-122x122.jpg 122w\" sizes=\"auto, (max-width: 526px) 100vw, 526px\" \/><\/figure>\n<\/div>\n\n\n<p class=\"wp-block-paragraph\">Dans le district pr\u00e9fectoral de Dankpen, le nombre d&rsquo;\u00e9tablissements sanitaires est pass\u00e9 de 13 en 2012 \u00e0 18 en 2025, et cela, avec une progression des indicateurs d&rsquo;accessibilit\u00e9 aux soins. Cette derni\u00e8re a quitt\u00e9 27 % pour s&rsquo;\u00e9tablir \u00e0 43 % sur la p\u00e9riode indiqu\u00e9e.<\/p>\n\n\n\n<p class=\"wp-block-paragraph\"><strong>Samir<\/strong><\/p>\n\n\n\n<p class=\"wp-block-paragraph\"><a><strong><em>@macite.tg&nbsp;&nbsp;&nbsp;&nbsp;&nbsp;&nbsp;&nbsp;&nbsp;<\/em><\/strong><\/a><\/p>\n\n\n\n<p class=\"wp-block-paragraph\"><strong><em>E-mail&nbsp;: <\/em><\/strong><a href=\"mailto:maciteinfo@gmail.com\"><strong><em>maciteinfo@gmail.com<\/em><\/strong><\/a><strong><em>; <\/em><\/strong><a href=\"mailto:bawela1@gmail.com\"><strong><em>bawela1@gmail.com<\/em><\/strong><\/a><strong><em><\/em><\/strong><\/p>\n\n\n\n<p class=\"wp-block-paragraph\"><strong><em>Pour vos annonces, (publi)reportages, etc., joignez-nous au (00228)91515309\/<strong>79872224 <\/strong>www.macite.tg, L\u2019information, la bonne&nbsp;!<\/em><\/strong><\/p>\n\n\n\n<p class=\"wp-block-paragraph\"><\/p>\n","protected":false},"excerpt":{"rendered":"<p class=\"text-justify mb-2\" >Garantir un acc\u00e8s \u00e9quitable aux soins de sant\u00e9 primaires pour toutes les couches sociales est un engagement renouvel\u00e9 de fa\u00e7on constante par le pr\u00e9sident Faure Gnassingb\u00e9. Les centres m\u00e9dico-sociaux (CMS) sont des maillons essentiels de la pyramide sanitaire. L&rsquo;\u00c9tat acc\u00e9l\u00e8re ainsi leur construction pour rapprocher [&hellip;]<\/p>\n","protected":false},"author":2,"featured_media":21592,"comment_status":"open","ping_status":"open","sticky":false,"template":"","format":"standard","meta":{"footnotes":""},"categories":[20,5],"tags":[],"class_list":["post-21591","post","type-post","status-publish","format-standard","has-post-thumbnail","hentry","category-actualite","category-sante"],"yoast_head":"<!-- This site is optimized with the Yoast SEO plugin v28.4 - https:\/\/yoast.com\/product\/yoast-seo-wordpress\/ -->\n<title>RAPPROCHER LES SOINS DE SANTE DES POPULATIONS\u00a0: Un nouveau CMS inaugur\u00e9 \u00e0 Namon (Dankpen) -<\/title>\n<meta name=\"robots\" content=\"index, follow, max-snippet:-1, max-image-preview:large, max-video-preview:-1\" \/>\n<link rel=\"canonical\" href=\"https:\/\/macite.tg\/?p=21591\" \/>\n<meta property=\"og:locale\" content=\"fr_FR\" \/>\n<meta property=\"og:type\" content=\"article\" \/>\n<meta property=\"og:title\" content=\"RAPPROCHER LES SOINS DE SANTE DES POPULATIONS\u00a0: Un nouveau CMS inaugur\u00e9 \u00e0 Namon (Dankpen) -\" \/>\n<meta property=\"og:description\" content=\"Garantir un acc\u00e8s \u00e9quitable aux soins de sant\u00e9 primaires pour toutes les couches sociales est un engagement renouvel\u00e9 de fa\u00e7on constante par le pr\u00e9sident Faure Gnassingb\u00e9. Les centres m\u00e9dico-sociaux (CMS) sont des maillons essentiels de la pyramide sanitaire. L&rsquo;\u00c9tat acc\u00e9l\u00e8re ainsi leur construction pour rapprocher [&hellip;]\" \/>\n<meta property=\"og:url\" content=\"https:\/\/macite.tg\/?p=21591\" \/>\n<meta property=\"article:published_time\" content=\"2025-04-24T10:25:40+00:00\" \/>\n<meta property=\"article:modified_time\" content=\"2025-04-24T10:25:44+00:00\" \/>\n<meta property=\"og:image\" content=\"https:\/\/macite.tg\/wp-content\/uploads\/2025\/04\/image-81.png\" \/>\n\t<meta property=\"og:image:width\" content=\"352\" \/>\n\t<meta property=\"og:image:height\" content=\"270\" \/>\n\t<meta property=\"og:image:type\" content=\"image\/png\" \/>\n<meta name=\"author\" content=\"Jean Pierre BAWELA\" \/>\n<meta name=\"twitter:card\" content=\"summary_large_image\" \/>\n<meta name=\"twitter:label1\" content=\"\u00c9crit par\" \/>\n\t<meta name=\"twitter:data1\" content=\"Jean Pierre BAWELA\" \/>\n\t<meta name=\"twitter:label2\" content=\"Dur\u00e9e de lecture estim\u00e9e\" \/>\n\t<meta name=\"twitter:data2\" content=\"4 minutes\" \/>\n<script type=\"application\/ld+json\" class=\"yoast-schema-graph\">{\"@context\":\"https:\\\/\\\/schema.org\",\"@graph\":[{\"@type\":\"Article\",\"@id\":\"https:\\\/\\\/macite.tg\\\/?p=21591#article\",\"isPartOf\":{\"@id\":\"https:\\\/\\\/macite.tg\\\/?p=21591\"},\"author\":{\"name\":\"Jean Pierre BAWELA\",\"@id\":\"https:\\\/\\\/macite.tg\\\/#\\\/schema\\\/person\\\/e9f2de7e5dbbe7770a9402c7ce82f5c2\"},\"headline\":\"RAPPROCHER LES SOINS DE SANTE DES POPULATIONS\u00a0: Un nouveau CMS inaugur\u00e9 \u00e0 Namon (Dankpen)\",\"datePublished\":\"2025-04-24T10:25:40+00:00\",\"dateModified\":\"2025-04-24T10:25:44+00:00\",\"mainEntityOfPage\":{\"@id\":\"https:\\\/\\\/macite.tg\\\/?p=21591\"},\"wordCount\":555,\"commentCount\":0,\"image\":{\"@id\":\"https:\\\/\\\/macite.tg\\\/?p=21591#primaryimage\"},\"thumbnailUrl\":\"https:\\\/\\\/macite.tg\\\/wp-content\\\/uploads\\\/2025\\\/04\\\/image-81.png\",\"articleSection\":[\"ACTUALITE\",\"SANTE\"],\"inLanguage\":\"fr-FR\",\"potentialAction\":[{\"@type\":\"CommentAction\",\"name\":\"Comment\",\"target\":[\"https:\\\/\\\/macite.tg\\\/?p=21591#respond\"]}]},{\"@type\":\"WebPage\",\"@id\":\"https:\\\/\\\/macite.tg\\\/?p=21591\",\"url\":\"https:\\\/\\\/macite.tg\\\/?p=21591\",\"name\":\"RAPPROCHER LES SOINS DE SANTE DES POPULATIONS\u00a0: Un nouveau CMS inaugur\u00e9 \u00e0 Namon (Dankpen) -\",\"isPartOf\":{\"@id\":\"https:\\\/\\\/macite.tg\\\/#website\"},\"primaryImageOfPage\":{\"@id\":\"https:\\\/\\\/macite.tg\\\/?p=21591#primaryimage\"},\"image\":{\"@id\":\"https:\\\/\\\/macite.tg\\\/?p=21591#primaryimage\"},\"thumbnailUrl\":\"https:\\\/\\\/macite.tg\\\/wp-content\\\/uploads\\\/2025\\\/04\\\/image-81.png\",\"datePublished\":\"2025-04-24T10:25:40+00:00\",\"dateModified\":\"2025-04-24T10:25:44+00:00\",\"author\":{\"@id\":\"https:\\\/\\\/macite.tg\\\/#\\\/schema\\\/person\\\/e9f2de7e5dbbe7770a9402c7ce82f5c2\"},\"breadcrumb\":{\"@id\":\"https:\\\/\\\/macite.tg\\\/?p=21591#breadcrumb\"},\"inLanguage\":\"fr-FR\",\"potentialAction\":[{\"@type\":\"ReadAction\",\"target\":[\"https:\\\/\\\/macite.tg\\\/?p=21591\"]}]},{\"@type\":\"ImageObject\",\"inLanguage\":\"fr-FR\",\"@id\":\"https:\\\/\\\/macite.tg\\\/?p=21591#primaryimage\",\"url\":\"https:\\\/\\\/macite.tg\\\/wp-content\\\/uploads\\\/2025\\\/04\\\/image-81.png\",\"contentUrl\":\"https:\\\/\\\/macite.tg\\\/wp-content\\\/uploads\\\/2025\\\/04\\\/image-81.png\",\"width\":352,\"height\":270,\"caption\":\"Une vue du CSM\"},{\"@type\":\"BreadcrumbList\",\"@id\":\"https:\\\/\\\/macite.tg\\\/?p=21591#breadcrumb\",\"itemListElement\":[{\"@type\":\"ListItem\",\"position\":1,\"name\":\"Accueil\",\"item\":\"https:\\\/\\\/macite.tg\\\/\"},{\"@type\":\"ListItem\",\"position\":2,\"name\":\"RAPPROCHER LES SOINS DE SANTE DES POPULATIONS\u00a0: Un nouveau CMS inaugur\u00e9 \u00e0 Namon (Dankpen)\"}]},{\"@type\":\"WebSite\",\"@id\":\"https:\\\/\\\/macite.tg\\\/#website\",\"url\":\"https:\\\/\\\/macite.tg\\\/\",\"name\":\"\",\"description\":\"L&#039;information, la bonne!!!\",\"potentialAction\":[{\"@type\":\"SearchAction\",\"target\":{\"@type\":\"EntryPoint\",\"urlTemplate\":\"https:\\\/\\\/macite.tg\\\/?s={search_term_string}\"},\"query-input\":{\"@type\":\"PropertyValueSpecification\",\"valueRequired\":true,\"valueName\":\"search_term_string\"}}],\"inLanguage\":\"fr-FR\"},{\"@type\":\"Person\",\"@id\":\"https:\\\/\\\/macite.tg\\\/#\\\/schema\\\/person\\\/e9f2de7e5dbbe7770a9402c7ce82f5c2\",\"name\":\"Jean Pierre BAWELA\",\"image\":{\"@type\":\"ImageObject\",\"inLanguage\":\"fr-FR\",\"@id\":\"https:\\\/\\\/macite.tg\\\/wp-content\\\/uploads\\\/2023\\\/09\\\/WhatsApp-Image-2023-09-19-at-14.44.41-122x122.jpeg\",\"url\":\"https:\\\/\\\/macite.tg\\\/wp-content\\\/uploads\\\/2023\\\/09\\\/WhatsApp-Image-2023-09-19-at-14.44.41-122x122.jpeg\",\"contentUrl\":\"https:\\\/\\\/macite.tg\\\/wp-content\\\/uploads\\\/2023\\\/09\\\/WhatsApp-Image-2023-09-19-at-14.44.41-122x122.jpeg\",\"caption\":\"Jean Pierre BAWELA\"},\"url\":\"https:\\\/\\\/macite.tg\\\/?author=2\"}]}<\/script>\n<!-- \/ Yoast SEO plugin. -->","yoast_head_json":{"title":"RAPPROCHER LES SOINS DE SANTE DES POPULATIONS\u00a0: Un nouveau CMS inaugur\u00e9 \u00e0 Namon (Dankpen) -","robots":{"index":"index","follow":"follow","max-snippet":"max-snippet:-1","max-image-preview":"max-image-preview:large","max-video-preview":"max-video-preview:-1"},"canonical":"https:\/\/macite.tg\/?p=21591","og_locale":"fr_FR","og_type":"article","og_title":"RAPPROCHER LES SOINS DE SANTE DES POPULATIONS\u00a0: Un nouveau CMS inaugur\u00e9 \u00e0 Namon (Dankpen) -","og_description":"Garantir un acc\u00e8s \u00e9quitable aux soins de sant\u00e9 primaires pour toutes les couches sociales est un engagement renouvel\u00e9 de fa\u00e7on constante par le pr\u00e9sident Faure Gnassingb\u00e9. Les centres m\u00e9dico-sociaux (CMS) sont des maillons essentiels de la pyramide sanitaire. L&rsquo;\u00c9tat acc\u00e9l\u00e8re ainsi leur construction pour rapprocher [&hellip;]","og_url":"https:\/\/macite.tg\/?p=21591","article_published_time":"2025-04-24T10:25:40+00:00","article_modified_time":"2025-04-24T10:25:44+00:00","og_image":[{"width":352,"height":270,"url":"https:\/\/macite.tg\/wp-content\/uploads\/2025\/04\/image-81.png","type":"image\/png"}],"author":"Jean Pierre BAWELA","twitter_card":"summary_large_image","twitter_misc":{"\u00c9crit par":"Jean Pierre BAWELA","Dur\u00e9e de lecture estim\u00e9e":"4 minutes"},"schema":{"@context":"https:\/\/schema.org","@graph":[{"@type":"Article","@id":"https:\/\/macite.tg\/?p=21591#article","isPartOf":{"@id":"https:\/\/macite.tg\/?p=21591"},"author":{"name":"Jean Pierre BAWELA","@id":"https:\/\/macite.tg\/#\/schema\/person\/e9f2de7e5dbbe7770a9402c7ce82f5c2"},"headline":"RAPPROCHER LES SOINS DE SANTE DES POPULATIONS\u00a0: Un nouveau CMS inaugur\u00e9 \u00e0 Namon (Dankpen)","datePublished":"2025-04-24T10:25:40+00:00","dateModified":"2025-04-24T10:25:44+00:00","mainEntityOfPage":{"@id":"https:\/\/macite.tg\/?p=21591"},"wordCount":555,"commentCount":0,"image":{"@id":"https:\/\/macite.tg\/?p=21591#primaryimage"},"thumbnailUrl":"https:\/\/macite.tg\/wp-content\/uploads\/2025\/04\/image-81.png","articleSection":["ACTUALITE","SANTE"],"inLanguage":"fr-FR","potentialAction":[{"@type":"CommentAction","name":"Comment","target":["https:\/\/macite.tg\/?p=21591#respond"]}]},{"@type":"WebPage","@id":"https:\/\/macite.tg\/?p=21591","url":"https:\/\/macite.tg\/?p=21591","name":"RAPPROCHER LES SOINS DE SANTE DES POPULATIONS\u00a0: Un nouveau CMS inaugur\u00e9 \u00e0 Namon (Dankpen) -","isPartOf":{"@id":"https:\/\/macite.tg\/#website"},"primaryImageOfPage":{"@id":"https:\/\/macite.tg\/?p=21591#primaryimage"},"image":{"@id":"https:\/\/macite.tg\/?p=21591#primaryimage"},"thumbnailUrl":"https:\/\/macite.tg\/wp-content\/uploads\/2025\/04\/image-81.png","datePublished":"2025-04-24T10:25:40+00:00","dateModified":"2025-04-24T10:25:44+00:00","author":{"@id":"https:\/\/macite.tg\/#\/schema\/person\/e9f2de7e5dbbe7770a9402c7ce82f5c2"},"breadcrumb":{"@id":"https:\/\/macite.tg\/?p=21591#breadcrumb"},"inLanguage":"fr-FR","potentialAction":[{"@type":"ReadAction","target":["https:\/\/macite.tg\/?p=21591"]}]},{"@type":"ImageObject","inLanguage":"fr-FR","@id":"https:\/\/macite.tg\/?p=21591#primaryimage","url":"https:\/\/macite.tg\/wp-content\/uploads\/2025\/04\/image-81.png","contentUrl":"https:\/\/macite.tg\/wp-content\/uploads\/2025\/04\/image-81.png","width":352,"height":270,"caption":"Une vue du CSM"},{"@type":"BreadcrumbList","@id":"https:\/\/macite.tg\/?p=21591#breadcrumb","itemListElement":[{"@type":"ListItem","position":1,"name":"Accueil","item":"https:\/\/macite.tg\/"},{"@type":"ListItem","position":2,"name":"RAPPROCHER LES SOINS DE SANTE DES POPULATIONS\u00a0: Un nouveau CMS inaugur\u00e9 \u00e0 Namon (Dankpen)"}]},{"@type":"WebSite","@id":"https:\/\/macite.tg\/#website","url":"https:\/\/macite.tg\/","name":"","description":"L&#039;information, la bonne!!!","potentialAction":[{"@type":"SearchAction","target":{"@type":"EntryPoint","urlTemplate":"https:\/\/macite.tg\/?s={search_term_string}"},"query-input":{"@type":"PropertyValueSpecification","valueRequired":true,"valueName":"search_term_string"}}],"inLanguage":"fr-FR"},{"@type":"Person","@id":"https:\/\/macite.tg\/#\/schema\/person\/e9f2de7e5dbbe7770a9402c7ce82f5c2","name":"Jean Pierre BAWELA","image":{"@type":"ImageObject","inLanguage":"fr-FR","@id":"https:\/\/macite.tg\/wp-content\/uploads\/2023\/09\/WhatsApp-Image-2023-09-19-at-14.44.41-122x122.jpeg","url":"https:\/\/macite.tg\/wp-content\/uploads\/2023\/09\/WhatsApp-Image-2023-09-19-at-14.44.41-122x122.jpeg","contentUrl":"https:\/\/macite.tg\/wp-content\/uploads\/2023\/09\/WhatsApp-Image-2023-09-19-at-14.44.41-122x122.jpeg","caption":"Jean Pierre BAWELA"},"url":"https:\/\/macite.tg\/?author=2"}]}},"_links":{"self":[{"href":"https:\/\/macite.tg\/index.php?rest_route=\/wp\/v2\/posts\/21591","targetHints":{"allow":["GET"]}}],"collection":[{"href":"https:\/\/macite.tg\/index.php?rest_route=\/wp\/v2\/posts"}],"about":[{"href":"https:\/\/macite.tg\/index.php?rest_route=\/wp\/v2\/types\/post"}],"author":[{"embeddable":true,"href":"https:\/\/macite.tg\/index.php?rest_route=\/wp\/v2\/users\/2"}],"replies":[{"embeddable":true,"href":"https:\/\/macite.tg\/index.php?rest_route=%2Fwp%2Fv2%2Fcomments&post=21591"}],"version-history":[{"count":0,"href":"https:\/\/macite.tg\/index.php?rest_route=\/wp\/v2\/posts\/21591\/revisions"}],"wp:featuredmedia":[{"embeddable":true,"href":"https:\/\/macite.tg\/index.php?rest_route=\/wp\/v2\/media\/21592"}],"wp:attachment":[{"href":"https:\/\/macite.tg\/index.php?rest_route=%2Fwp%2Fv2%2Fmedia&parent=21591"}],"wp:term":[{"taxonomy":"category","embeddable":true,"href":"https:\/\/macite.tg\/index.php?rest_route=%2Fwp%2Fv2%2Fcategories&post=21591"},{"taxonomy":"post_tag","embeddable":true,"href":"https:\/\/macite.tg\/index.php?rest_route=%2Fwp%2Fv2%2Ftags&post=21591"}],"curies":[{"name":"wp","href":"https:\/\/api.w.org\/{rel}","templated":true}]}}