{"id":21111,"date":"2025-04-02T11:15:43","date_gmt":"2025-04-02T11:15:43","guid":{"rendered":"https:\/\/macite.tg\/?p=21111"},"modified":"2025-04-02T11:15:56","modified_gmt":"2025-04-02T11:15:56","slug":"zaire-2-avril-1997-une-date-un-evenement-lultime-bras-de-fer-entre-mobutu-et-etienne-tshisekedi","status":"publish","type":"post","link":"https:\/\/macite.tg\/?p=21111","title":{"rendered":"ZA\u00cfRE \/ 2 AVRIL 1997 : Une date un \u00e9v\u00e9nement\u00a0\u2026L\u2019ultime bras de fer entre Mobutu et \u00c9tienne Tshisekedi"},"content":{"rendered":"\n<p class=\"wp-block-paragraph\"><strong><em>Un jour, une histoire&nbsp;\u2013 Le Journal de Kinshasa vous plonge aujourd&rsquo;hui dans les heures cruciales du 2 avril 1997, date charni\u00e8re o\u00f9 le mar\u00e9chal Mobutu et \u00c9tienne Tshisekedi&nbsp;livrent leur dernier combat politique, alors que le r\u00e9gime vacille sous la pression de l\u2019AFDL (Alliance des Forces D\u00e9mocratiques pour la Lib\u00e9ration<\/em><\/strong>)<strong><em> de Laurent-D\u00e9sir\u00e9 Kabila.<\/em><\/strong><\/p>\n\n\n\n<p class=\"wp-block-paragraph\"><strong>Un duel historique dans l\u2019ombre de la chute<\/strong><\/p>\n\n\n\n<p class=\"wp-block-paragraph\">Le&nbsp;<strong>2 avril 1997<\/strong>, Kinshasa est en \u00e9bullition. Alors que l\u2019Alliance des Forces D\u00e9mocratiques pour la Lib\u00e9ration (AFDL) progresse vers l\u2019Ouest,&nbsp;<strong>Mobutu Sese Seko<\/strong>, malade et affaibli, tente une ultime man\u0153uvre pour sauver son r\u00e9gime. Sous pression, il nomme son vieil adversaire,&nbsp;<strong>\u00c9tienne Tshisekedi<\/strong>, au poste de Premier ministre \u2013 une d\u00e9cision aussi symbolique que d\u00e9sesp\u00e9r\u00e9e. Pour Tshisekedi, leader historique de l\u2019opposition et cofondateur de l\u2019UDPS, cette nomination est un retour triomphal. Mais elle arrive trop tard.&nbsp;<\/p>\n\n\n<div class=\"wp-block-image\">\n<figure class=\"aligncenter size-large is-resized\"><img loading=\"lazy\" decoding=\"async\" width=\"717\" height=\"1024\" src=\"https:\/\/macite.tg\/wp-content\/uploads\/2025\/04\/image-5-717x1024.png\" alt=\"\" class=\"wp-image-21104\" style=\"width:483px;height:auto\" srcset=\"https:\/\/macite.tg\/wp-content\/uploads\/2025\/04\/image-5-717x1024.png 717w, https:\/\/macite.tg\/wp-content\/uploads\/2025\/04\/image-5-210x300.png 210w, https:\/\/macite.tg\/wp-content\/uploads\/2025\/04\/image-5-768x1097.png 768w, https:\/\/macite.tg\/wp-content\/uploads\/2025\/04\/image-5-1075x1536.png 1075w, https:\/\/macite.tg\/wp-content\/uploads\/2025\/04\/image-5.png 1120w\" sizes=\"auto, (max-width: 717px) 100vw, 717px\" \/><\/figure>\n<\/div>\n\n\n<p class=\"wp-block-paragraph\"><strong><em>\u00ab&nbsp;Je consid\u00e8re comme nulles toutes les modifications institutionnelles depuis mon limogeage en 1992&nbsp;\u00bb<\/em><\/strong><em>,<\/em> d\u00e9clare-t-il, rejetant d\u2019embl\u00e9e la l\u00e9gitimit\u00e9 du Parlement de transition. Devant le b\u00e2timent du gouvernement,&nbsp;<strong>des centaines de partisans exultent<\/strong>, tandis que d\u2019autres, notamment des \u00e9tudiants, manifestent contre la hausse des frais universitaires. Le pays est au bord du gouffre :&nbsp;<strong>\u00e9conomie effondr\u00e9e, institutions corrompues, pouvoir en d\u00e9composition.<\/strong><\/p>\n\n\n\n<p class=\"wp-block-paragraph\"><strong>Mobutu-Tshisekedi : Amiti\u00e9, trahisons et non-dits<\/strong><\/p>\n\n\n\n<p class=\"wp-block-paragraph\">Leur relation fut un m\u00e9lange d\u2019alliances et de trahisons.&nbsp;<\/p>\n\n\n\n<p class=\"wp-block-paragraph\"><strong>Amis dans les ann\u00e9es 1960<\/strong>, ils deviennent ennemis lorsque Tshisekedi rompt avec le mobutisme pour incarner la r\u00e9sistance d\u00e9mocratique. En 1997, Mobutu, dos au mur, tente de le rallier pour sauver les apparences. Mais&nbsp;<strong>l\u2019\u00e9tau se resserre.<\/strong><\/p>\n\n\n\n<p class=\"wp-block-paragraph\">Les \u00c9tats-Unis, anciens soutiens de Mobutu, se d\u00e9tournent. L\u2019AFDL, men\u00e9e par Kabila, avance inexorablement. La nomination de Tshisekedi n\u2019est qu\u2019un&nbsp;<strong>baroud d\u2019honneur<\/strong>&nbsp;d\u2019un r\u00e9gime \u00e0 l\u2019agonie.<\/p>\n\n\n<div class=\"wp-block-image\">\n<figure class=\"aligncenter size-full\"><img loading=\"lazy\" decoding=\"async\" width=\"526\" height=\"526\" src=\"https:\/\/macite.tg\/wp-content\/uploads\/2025\/04\/OTR-_Aid-Ramadan.jpg\" alt=\"\" class=\"wp-image-21082\" srcset=\"https:\/\/macite.tg\/wp-content\/uploads\/2025\/04\/OTR-_Aid-Ramadan.jpg 526w, https:\/\/macite.tg\/wp-content\/uploads\/2025\/04\/OTR-_Aid-Ramadan-300x300.jpg 300w, https:\/\/macite.tg\/wp-content\/uploads\/2025\/04\/OTR-_Aid-Ramadan-150x150.jpg 150w, https:\/\/macite.tg\/wp-content\/uploads\/2025\/04\/OTR-_Aid-Ramadan-122x122.jpg 122w\" sizes=\"auto, (max-width: 526px) 100vw, 526px\" \/><\/figure>\n<\/div>\n\n\n<p class=\"wp-block-paragraph\"><strong>La fin d\u2019une \u00e9poque<\/strong><\/p>\n\n\n\n<p class=\"wp-block-paragraph\">En&nbsp;<strong>mai 1997<\/strong>, Kinshasa tombe. Mobutu fuit. Kabila prend le pouvoir et rebaptise le Za\u00efre <em>\u00ab&nbsp;R\u00e9publique D\u00e9mocratique du Congo&nbsp;\u00bb. <\/em>La parenth\u00e8se Tshisekedi n\u2019aura dur\u00e9 que quelques semaines.<\/p>\n\n\n\n<p class=\"wp-block-paragraph\"><strong>Le 2 avril 1997 reste une date cl\u00e9<\/strong>&nbsp;: celle du dernier sursaut d\u2019un syst\u00e8me condamn\u00e9, et du r\u00eave avort\u00e9 d\u2019une transition d\u00e9mocratique.<\/p>\n\n\n\n<p class=\"wp-block-paragraph\"><strong><em>Le Journal de Kinshasa<\/em><\/strong><\/p>\n\n\n\n<p class=\"wp-block-paragraph\"><a><strong><em>@macite.tg&nbsp;&nbsp;&nbsp;&nbsp;&nbsp;&nbsp;&nbsp;&nbsp;<\/em><\/strong><\/a><\/p>\n\n\n\n<p class=\"wp-block-paragraph\"><strong><em>E-mail&nbsp;: <\/em><\/strong><a href=\"mailto:maciteinfo@gmail.com\"><strong><em>maciteinfo@gmail.com<\/em><\/strong><\/a><strong><em>; <\/em><\/strong><a href=\"mailto:bawela1@gmail.com\"><strong><em>bawela1@gmail.com<\/em><\/strong><\/a><strong><em><\/em><\/strong><\/p>\n\n\n\n<p class=\"wp-block-paragraph\"><strong><em>Pour vos annonces, (publi)reportages, etc., joignez-nous au (00228)91515309\/<strong>79872224 <\/strong>www.macite.tg, L\u2019information, la bonne&nbsp;!<\/em><\/strong><\/p>\n\n\n\n<p class=\"wp-block-paragraph\"><\/p>\n","protected":false},"excerpt":{"rendered":"<p class=\"text-justify mb-2\" >Un jour, une histoire&nbsp;\u2013 Le Journal de Kinshasa vous plonge aujourd&rsquo;hui dans les heures cruciales du 2 avril 1997, date charni\u00e8re o\u00f9 le mar\u00e9chal Mobutu et \u00c9tienne Tshisekedi&nbsp;livrent leur dernier combat politique, alors que le r\u00e9gime vacille sous la pression de l\u2019AFDL (Alliance des Forces [&hellip;]<\/p>\n","protected":false},"author":2,"featured_media":21112,"comment_status":"open","ping_status":"open","sticky":false,"template":"","format":"standard","meta":{"footnotes":""},"categories":[20,1],"tags":[],"class_list":["post-21111","post","type-post","status-publish","format-standard","has-post-thumbnail","hentry","category-actualite","category-politique"],"yoast_head":"<!-- This site is optimized with the Yoast SEO plugin v28.4 - https:\/\/yoast.com\/product\/yoast-seo-wordpress\/ -->\n<title>ZA\u00cfRE \/ 2 AVRIL 1997 : Une date un \u00e9v\u00e9nement\u00a0\u2026L\u2019ultime bras de fer entre Mobutu et \u00c9tienne Tshisekedi -<\/title>\n<meta name=\"robots\" content=\"index, follow, max-snippet:-1, max-image-preview:large, max-video-preview:-1\" \/>\n<link rel=\"canonical\" href=\"https:\/\/macite.tg\/?p=21111\" \/>\n<meta property=\"og:locale\" content=\"fr_FR\" \/>\n<meta property=\"og:type\" content=\"article\" \/>\n<meta property=\"og:title\" content=\"ZA\u00cfRE \/ 2 AVRIL 1997 : Une date un \u00e9v\u00e9nement\u00a0\u2026L\u2019ultime bras de fer entre Mobutu et \u00c9tienne Tshisekedi -\" \/>\n<meta property=\"og:description\" content=\"Un jour, une histoire&nbsp;\u2013 Le Journal de Kinshasa vous plonge aujourd&rsquo;hui dans les heures cruciales du 2 avril 1997, date charni\u00e8re o\u00f9 le mar\u00e9chal Mobutu et \u00c9tienne Tshisekedi&nbsp;livrent leur dernier combat politique, alors que le r\u00e9gime vacille sous la pression de l\u2019AFDL (Alliance des Forces [&hellip;]\" \/>\n<meta property=\"og:url\" content=\"https:\/\/macite.tg\/?p=21111\" \/>\n<meta property=\"article:published_time\" content=\"2025-04-02T11:15:43+00:00\" \/>\n<meta property=\"article:modified_time\" content=\"2025-04-02T11:15:56+00:00\" \/>\n<meta property=\"og:image\" content=\"https:\/\/macite.tg\/wp-content\/uploads\/2025\/04\/Mobutu-et-Tsysekedijpg.jpg\" \/>\n\t<meta property=\"og:image:width\" content=\"500\" \/>\n\t<meta property=\"og:image:height\" content=\"326\" \/>\n\t<meta property=\"og:image:type\" content=\"image\/jpeg\" \/>\n<meta name=\"author\" content=\"Jean Pierre BAWELA\" \/>\n<meta name=\"twitter:card\" content=\"summary_large_image\" \/>\n<meta name=\"twitter:label1\" content=\"\u00c9crit par\" \/>\n\t<meta name=\"twitter:data1\" content=\"Jean Pierre BAWELA\" \/>\n\t<meta name=\"twitter:label2\" content=\"Dur\u00e9e de lecture estim\u00e9e\" \/>\n\t<meta name=\"twitter:data2\" content=\"3 minutes\" \/>\n<script type=\"application\/ld+json\" class=\"yoast-schema-graph\">{\"@context\":\"https:\\\/\\\/schema.org\",\"@graph\":[{\"@type\":\"Article\",\"@id\":\"https:\\\/\\\/macite.tg\\\/?p=21111#article\",\"isPartOf\":{\"@id\":\"https:\\\/\\\/macite.tg\\\/?p=21111\"},\"author\":{\"name\":\"Jean Pierre BAWELA\",\"@id\":\"https:\\\/\\\/macite.tg\\\/#\\\/schema\\\/person\\\/e9f2de7e5dbbe7770a9402c7ce82f5c2\"},\"headline\":\"ZA\u00cfRE \\\/ 2 AVRIL 1997 : Une date un \u00e9v\u00e9nement\u00a0\u2026L\u2019ultime bras de fer entre Mobutu et \u00c9tienne Tshisekedi\",\"datePublished\":\"2025-04-02T11:15:43+00:00\",\"dateModified\":\"2025-04-02T11:15:56+00:00\",\"mainEntityOfPage\":{\"@id\":\"https:\\\/\\\/macite.tg\\\/?p=21111\"},\"wordCount\":445,\"commentCount\":0,\"image\":{\"@id\":\"https:\\\/\\\/macite.tg\\\/?p=21111#primaryimage\"},\"thumbnailUrl\":\"https:\\\/\\\/macite.tg\\\/wp-content\\\/uploads\\\/2025\\\/04\\\/Mobutu-et-Tsysekedijpg.jpg\",\"articleSection\":[\"ACTUALITE\",\"POLITIQUE\"],\"inLanguage\":\"fr-FR\",\"potentialAction\":[{\"@type\":\"CommentAction\",\"name\":\"Comment\",\"target\":[\"https:\\\/\\\/macite.tg\\\/?p=21111#respond\"]}]},{\"@type\":\"WebPage\",\"@id\":\"https:\\\/\\\/macite.tg\\\/?p=21111\",\"url\":\"https:\\\/\\\/macite.tg\\\/?p=21111\",\"name\":\"ZA\u00cfRE \\\/ 2 AVRIL 1997 : Une date un \u00e9v\u00e9nement\u00a0\u2026L\u2019ultime bras de fer entre Mobutu et \u00c9tienne Tshisekedi -\",\"isPartOf\":{\"@id\":\"https:\\\/\\\/macite.tg\\\/#website\"},\"primaryImageOfPage\":{\"@id\":\"https:\\\/\\\/macite.tg\\\/?p=21111#primaryimage\"},\"image\":{\"@id\":\"https:\\\/\\\/macite.tg\\\/?p=21111#primaryimage\"},\"thumbnailUrl\":\"https:\\\/\\\/macite.tg\\\/wp-content\\\/uploads\\\/2025\\\/04\\\/Mobutu-et-Tsysekedijpg.jpg\",\"datePublished\":\"2025-04-02T11:15:43+00:00\",\"dateModified\":\"2025-04-02T11:15:56+00:00\",\"author\":{\"@id\":\"https:\\\/\\\/macite.tg\\\/#\\\/schema\\\/person\\\/e9f2de7e5dbbe7770a9402c7ce82f5c2\"},\"breadcrumb\":{\"@id\":\"https:\\\/\\\/macite.tg\\\/?p=21111#breadcrumb\"},\"inLanguage\":\"fr-FR\",\"potentialAction\":[{\"@type\":\"ReadAction\",\"target\":[\"https:\\\/\\\/macite.tg\\\/?p=21111\"]}]},{\"@type\":\"ImageObject\",\"inLanguage\":\"fr-FR\",\"@id\":\"https:\\\/\\\/macite.tg\\\/?p=21111#primaryimage\",\"url\":\"https:\\\/\\\/macite.tg\\\/wp-content\\\/uploads\\\/2025\\\/04\\\/Mobutu-et-Tsysekedijpg.jpg\",\"contentUrl\":\"https:\\\/\\\/macite.tg\\\/wp-content\\\/uploads\\\/2025\\\/04\\\/Mobutu-et-Tsysekedijpg.jpg\",\"width\":500,\"height\":326,\"caption\":\"Le baroude d'honneur entre Mobutu et F\u00e9lix Tshisekedi\"},{\"@type\":\"BreadcrumbList\",\"@id\":\"https:\\\/\\\/macite.tg\\\/?p=21111#breadcrumb\",\"itemListElement\":[{\"@type\":\"ListItem\",\"position\":1,\"name\":\"Accueil\",\"item\":\"https:\\\/\\\/macite.tg\\\/\"},{\"@type\":\"ListItem\",\"position\":2,\"name\":\"ZA\u00cfRE \\\/ 2 AVRIL 1997 : Une date un \u00e9v\u00e9nement\u00a0\u2026L\u2019ultime bras de fer entre Mobutu et \u00c9tienne Tshisekedi\"}]},{\"@type\":\"WebSite\",\"@id\":\"https:\\\/\\\/macite.tg\\\/#website\",\"url\":\"https:\\\/\\\/macite.tg\\\/\",\"name\":\"\",\"description\":\"L&#039;information, la bonne!!!\",\"potentialAction\":[{\"@type\":\"SearchAction\",\"target\":{\"@type\":\"EntryPoint\",\"urlTemplate\":\"https:\\\/\\\/macite.tg\\\/?s={search_term_string}\"},\"query-input\":{\"@type\":\"PropertyValueSpecification\",\"valueRequired\":true,\"valueName\":\"search_term_string\"}}],\"inLanguage\":\"fr-FR\"},{\"@type\":\"Person\",\"@id\":\"https:\\\/\\\/macite.tg\\\/#\\\/schema\\\/person\\\/e9f2de7e5dbbe7770a9402c7ce82f5c2\",\"name\":\"Jean Pierre BAWELA\",\"image\":{\"@type\":\"ImageObject\",\"inLanguage\":\"fr-FR\",\"@id\":\"https:\\\/\\\/macite.tg\\\/wp-content\\\/uploads\\\/2023\\\/09\\\/WhatsApp-Image-2023-09-19-at-14.44.41-122x122.jpeg\",\"url\":\"https:\\\/\\\/macite.tg\\\/wp-content\\\/uploads\\\/2023\\\/09\\\/WhatsApp-Image-2023-09-19-at-14.44.41-122x122.jpeg\",\"contentUrl\":\"https:\\\/\\\/macite.tg\\\/wp-content\\\/uploads\\\/2023\\\/09\\\/WhatsApp-Image-2023-09-19-at-14.44.41-122x122.jpeg\",\"caption\":\"Jean Pierre BAWELA\"},\"url\":\"https:\\\/\\\/macite.tg\\\/?author=2\"}]}<\/script>\n<!-- \/ Yoast SEO plugin. -->","yoast_head_json":{"title":"ZA\u00cfRE \/ 2 AVRIL 1997 : Une date un \u00e9v\u00e9nement\u00a0\u2026L\u2019ultime bras de fer entre Mobutu et \u00c9tienne Tshisekedi -","robots":{"index":"index","follow":"follow","max-snippet":"max-snippet:-1","max-image-preview":"max-image-preview:large","max-video-preview":"max-video-preview:-1"},"canonical":"https:\/\/macite.tg\/?p=21111","og_locale":"fr_FR","og_type":"article","og_title":"ZA\u00cfRE \/ 2 AVRIL 1997 : Une date un \u00e9v\u00e9nement\u00a0\u2026L\u2019ultime bras de fer entre Mobutu et \u00c9tienne Tshisekedi -","og_description":"Un jour, une histoire&nbsp;\u2013 Le Journal de Kinshasa vous plonge aujourd&rsquo;hui dans les heures cruciales du 2 avril 1997, date charni\u00e8re o\u00f9 le mar\u00e9chal Mobutu et \u00c9tienne Tshisekedi&nbsp;livrent leur dernier combat politique, alors que le r\u00e9gime vacille sous la pression de l\u2019AFDL (Alliance des Forces [&hellip;]","og_url":"https:\/\/macite.tg\/?p=21111","article_published_time":"2025-04-02T11:15:43+00:00","article_modified_time":"2025-04-02T11:15:56+00:00","og_image":[{"width":500,"height":326,"url":"https:\/\/macite.tg\/wp-content\/uploads\/2025\/04\/Mobutu-et-Tsysekedijpg.jpg","type":"image\/jpeg"}],"author":"Jean Pierre BAWELA","twitter_card":"summary_large_image","twitter_misc":{"\u00c9crit par":"Jean Pierre BAWELA","Dur\u00e9e de lecture estim\u00e9e":"3 minutes"},"schema":{"@context":"https:\/\/schema.org","@graph":[{"@type":"Article","@id":"https:\/\/macite.tg\/?p=21111#article","isPartOf":{"@id":"https:\/\/macite.tg\/?p=21111"},"author":{"name":"Jean Pierre BAWELA","@id":"https:\/\/macite.tg\/#\/schema\/person\/e9f2de7e5dbbe7770a9402c7ce82f5c2"},"headline":"ZA\u00cfRE \/ 2 AVRIL 1997 : Une date un \u00e9v\u00e9nement\u00a0\u2026L\u2019ultime bras de fer entre Mobutu et \u00c9tienne Tshisekedi","datePublished":"2025-04-02T11:15:43+00:00","dateModified":"2025-04-02T11:15:56+00:00","mainEntityOfPage":{"@id":"https:\/\/macite.tg\/?p=21111"},"wordCount":445,"commentCount":0,"image":{"@id":"https:\/\/macite.tg\/?p=21111#primaryimage"},"thumbnailUrl":"https:\/\/macite.tg\/wp-content\/uploads\/2025\/04\/Mobutu-et-Tsysekedijpg.jpg","articleSection":["ACTUALITE","POLITIQUE"],"inLanguage":"fr-FR","potentialAction":[{"@type":"CommentAction","name":"Comment","target":["https:\/\/macite.tg\/?p=21111#respond"]}]},{"@type":"WebPage","@id":"https:\/\/macite.tg\/?p=21111","url":"https:\/\/macite.tg\/?p=21111","name":"ZA\u00cfRE \/ 2 AVRIL 1997 : Une date un \u00e9v\u00e9nement\u00a0\u2026L\u2019ultime bras de fer entre Mobutu et \u00c9tienne Tshisekedi -","isPartOf":{"@id":"https:\/\/macite.tg\/#website"},"primaryImageOfPage":{"@id":"https:\/\/macite.tg\/?p=21111#primaryimage"},"image":{"@id":"https:\/\/macite.tg\/?p=21111#primaryimage"},"thumbnailUrl":"https:\/\/macite.tg\/wp-content\/uploads\/2025\/04\/Mobutu-et-Tsysekedijpg.jpg","datePublished":"2025-04-02T11:15:43+00:00","dateModified":"2025-04-02T11:15:56+00:00","author":{"@id":"https:\/\/macite.tg\/#\/schema\/person\/e9f2de7e5dbbe7770a9402c7ce82f5c2"},"breadcrumb":{"@id":"https:\/\/macite.tg\/?p=21111#breadcrumb"},"inLanguage":"fr-FR","potentialAction":[{"@type":"ReadAction","target":["https:\/\/macite.tg\/?p=21111"]}]},{"@type":"ImageObject","inLanguage":"fr-FR","@id":"https:\/\/macite.tg\/?p=21111#primaryimage","url":"https:\/\/macite.tg\/wp-content\/uploads\/2025\/04\/Mobutu-et-Tsysekedijpg.jpg","contentUrl":"https:\/\/macite.tg\/wp-content\/uploads\/2025\/04\/Mobutu-et-Tsysekedijpg.jpg","width":500,"height":326,"caption":"Le baroude d'honneur entre Mobutu et F\u00e9lix Tshisekedi"},{"@type":"BreadcrumbList","@id":"https:\/\/macite.tg\/?p=21111#breadcrumb","itemListElement":[{"@type":"ListItem","position":1,"name":"Accueil","item":"https:\/\/macite.tg\/"},{"@type":"ListItem","position":2,"name":"ZA\u00cfRE \/ 2 AVRIL 1997 : Une date un \u00e9v\u00e9nement\u00a0\u2026L\u2019ultime bras de fer entre Mobutu et \u00c9tienne Tshisekedi"}]},{"@type":"WebSite","@id":"https:\/\/macite.tg\/#website","url":"https:\/\/macite.tg\/","name":"","description":"L&#039;information, la bonne!!!","potentialAction":[{"@type":"SearchAction","target":{"@type":"EntryPoint","urlTemplate":"https:\/\/macite.tg\/?s={search_term_string}"},"query-input":{"@type":"PropertyValueSpecification","valueRequired":true,"valueName":"search_term_string"}}],"inLanguage":"fr-FR"},{"@type":"Person","@id":"https:\/\/macite.tg\/#\/schema\/person\/e9f2de7e5dbbe7770a9402c7ce82f5c2","name":"Jean Pierre BAWELA","image":{"@type":"ImageObject","inLanguage":"fr-FR","@id":"https:\/\/macite.tg\/wp-content\/uploads\/2023\/09\/WhatsApp-Image-2023-09-19-at-14.44.41-122x122.jpeg","url":"https:\/\/macite.tg\/wp-content\/uploads\/2023\/09\/WhatsApp-Image-2023-09-19-at-14.44.41-122x122.jpeg","contentUrl":"https:\/\/macite.tg\/wp-content\/uploads\/2023\/09\/WhatsApp-Image-2023-09-19-at-14.44.41-122x122.jpeg","caption":"Jean Pierre BAWELA"},"url":"https:\/\/macite.tg\/?author=2"}]}},"_links":{"self":[{"href":"https:\/\/macite.tg\/index.php?rest_route=\/wp\/v2\/posts\/21111","targetHints":{"allow":["GET"]}}],"collection":[{"href":"https:\/\/macite.tg\/index.php?rest_route=\/wp\/v2\/posts"}],"about":[{"href":"https:\/\/macite.tg\/index.php?rest_route=\/wp\/v2\/types\/post"}],"author":[{"embeddable":true,"href":"https:\/\/macite.tg\/index.php?rest_route=\/wp\/v2\/users\/2"}],"replies":[{"embeddable":true,"href":"https:\/\/macite.tg\/index.php?rest_route=%2Fwp%2Fv2%2Fcomments&post=21111"}],"version-history":[{"count":0,"href":"https:\/\/macite.tg\/index.php?rest_route=\/wp\/v2\/posts\/21111\/revisions"}],"wp:featuredmedia":[{"embeddable":true,"href":"https:\/\/macite.tg\/index.php?rest_route=\/wp\/v2\/media\/21112"}],"wp:attachment":[{"href":"https:\/\/macite.tg\/index.php?rest_route=%2Fwp%2Fv2%2Fmedia&parent=21111"}],"wp:term":[{"taxonomy":"category","embeddable":true,"href":"https:\/\/macite.tg\/index.php?rest_route=%2Fwp%2Fv2%2Fcategories&post=21111"},{"taxonomy":"post_tag","embeddable":true,"href":"https:\/\/macite.tg\/index.php?rest_route=%2Fwp%2Fv2%2Ftags&post=21111"}],"curies":[{"name":"wp","href":"https:\/\/api.w.org\/{rel}","templated":true}]}}