{"id":21102,"date":"2025-04-01T18:29:11","date_gmt":"2025-04-01T18:29:11","guid":{"rendered":"https:\/\/macite.tg\/?p=21102"},"modified":"2025-04-01T19:08:24","modified_gmt":"2025-04-01T19:08:24","slug":"mcacl-la-ministre-kayi-mivedor-sqmbiqni-et-son-collegue-delegue-ont-accueilli-les-nouveaux-agents-mis-a-leur-disposition","status":"publish","type":"post","link":"https:\/\/macite.tg\/?p=21102","title":{"rendered":"MCACL\u00a0: La Ministre Kayi Miv\u00e9dor-Sambiani et son coll\u00e8gue D\u00e9l\u00e9gu\u00e9, ont accueilli les nouveaux agents mis \u00e0 leur disposition"},"content":{"rendered":"\n<p class=\"wp-block-paragraph\"><strong><em>Apr\u00e8s avoir r\u00e9ussi au concours g\u00e9n\u00e9ral de recrutement dans l\u2019administration publique, les nouveaux fonctionnaires ont officiellement pris fonction le 31 mars dernier. Les 208 nouveaux fonctionnaires affect\u00e9s au minist\u00e8re du Commerce, de l\u2019Artisanat et de la Consommation Locale, ont \u00e9t\u00e9 accueillis, au cours d\u2019une c\u00e9r\u00e9monie, par la ministre Kayi Miv\u00e9dor-Sambiani et son coll\u00e8gue D\u00e9l\u00e9gu\u00e9, Prof Hounak\u00e9 Kossivi, au cabinet pour une s\u00e9ance d\u2019\u00e9change.<\/em><\/strong><\/p>\n\n\n\n<p class=\"wp-block-paragraph\">Au cours de la rencontre, les deux ministres ont, tour \u00e0 tour, pris la parole pour pr\u00e9senter leurs f\u00e9licitations aux nouvelles recrues pour leur succ\u00e8s au concours et ont salu\u00e9 leur engagement \u00e0 contribuer \u00e0 participer activement \u00e0 b\u00e2tir un Togo prosp\u00e8re, et surtout, \u00e0 apporter leur contribution \u00e0 l\u2019atteinte des missions du minist\u00e8re.<\/p>\n\n\n\n<p class=\"wp-block-paragraph\">Prenant la parole, le ministre d\u00e9l\u00e9gu\u00e9, Prof Hounak\u00e9 Kossi a rappel\u00e9 les attentes en mati\u00e8re d\u2019\u00e9thique, de discipline, d\u2019int\u00e9grit\u00e9 et de valeurs r\u00e9publicaines qui doivent d\u00e9sormais guider les attitudes de ces agents. Il les a invit\u00e9s au respect scrupuleux des textes et r\u00e8glements qui r\u00e9gissent la fonction publique.<\/p>\n\n\n<div class=\"wp-block-image\">\n<figure class=\"aligncenter size-large is-resized\"><img loading=\"lazy\" decoding=\"async\" width=\"717\" height=\"1024\" src=\"https:\/\/macite.tg\/wp-content\/uploads\/2025\/04\/image-5-717x1024.png\" alt=\"\" class=\"wp-image-21104\" style=\"width:557px;height:auto\" srcset=\"https:\/\/macite.tg\/wp-content\/uploads\/2025\/04\/image-5-717x1024.png 717w, https:\/\/macite.tg\/wp-content\/uploads\/2025\/04\/image-5-210x300.png 210w, https:\/\/macite.tg\/wp-content\/uploads\/2025\/04\/image-5-768x1097.png 768w, https:\/\/macite.tg\/wp-content\/uploads\/2025\/04\/image-5-1075x1536.png 1075w, https:\/\/macite.tg\/wp-content\/uploads\/2025\/04\/image-5.png 1120w\" sizes=\"auto, (max-width: 717px) 100vw, 717px\" \/><\/figure>\n<\/div>\n\n\n<p class=\"wp-block-paragraph\">A son tour madame le Ministre Kayi Miv\u00e9dor-Sambiani, leur a rappel\u00e9 l\u2019importance des missions qui les attendent et la n\u00e9cessit\u00e9 de l\u2019engament de chacun \u00e0 se montrer enti\u00e8rement disponible pour l\u2019accomplissement des charges qui lui seront confi\u00e9es.&nbsp; Elle les a invit\u00e9s se laisser guider par l\u2019amour du travail bien fait et la recherche constante de l\u2019excellence. &nbsp;<\/p>\n\n\n\n<p class=\"wp-block-paragraph\"><em>\u00ab&nbsp;L\u2019amour du travail bien fait, l\u2019int\u00e9grit\u00e9, l\u2019engagement et la recherche constante de l\u2019excellence doivent \u00eatre les valeurs qui vous guideront tout au long de votre carri\u00e8re <\/em>\u00bb, leur a lanc\u00e9 Mme la Ministre, avant de les rassurer que le minist\u00e8re va les accompagner en cr\u00e9ant un environnement propice \u00e0 leur \u00e9panouissement professionnel et les conditions favorables \u00e0 l\u2019atteinte des objectifs du d\u00e9partement.<\/p>\n\n\n\n<p class=\"wp-block-paragraph\">La rencontre s\u2019est tenue en pr\u00e9sence du directeur de cabinet, du secr\u00e9taire g\u00e9n\u00e9ral, du charg\u00e9 de mission et du directeur administratif et financier. Elle s\u2019est achev\u00e9e avec la pr\u00e9sentation du programme d\u2019int\u00e9gration con\u00e7u afin de leur permettre de mieux d\u00e9couvrir le minist\u00e8re aussi bien dans ses attributions que dans son fonctionnement. \u00a0<\/p>\n\n\n<div class=\"wp-block-image\">\n<figure class=\"aligncenter size-full\"><img loading=\"lazy\" decoding=\"async\" width=\"526\" height=\"526\" src=\"https:\/\/macite.tg\/wp-content\/uploads\/2025\/04\/OTR-_Aid-Ramadan.jpg\" alt=\"\" class=\"wp-image-21082\" srcset=\"https:\/\/macite.tg\/wp-content\/uploads\/2025\/04\/OTR-_Aid-Ramadan.jpg 526w, https:\/\/macite.tg\/wp-content\/uploads\/2025\/04\/OTR-_Aid-Ramadan-300x300.jpg 300w, https:\/\/macite.tg\/wp-content\/uploads\/2025\/04\/OTR-_Aid-Ramadan-150x150.jpg 150w, https:\/\/macite.tg\/wp-content\/uploads\/2025\/04\/OTR-_Aid-Ramadan-122x122.jpg 122w\" sizes=\"auto, (max-width: 526px) 100vw, 526px\" \/><\/figure>\n<\/div>\n\n\n<p class=\"wp-block-paragraph\">Ce programme prend \u00e9galement en compte les informations utiles sur les d\u00e9marches administratives et la connaissance de l\u2019administration publique et les textes qui la r\u00e9gissent. Ceci afin de les amener \u00e0 bien r\u00e9ussir leur carri\u00e8re.<\/p>\n\n\n\n<p class=\"wp-block-paragraph\"><strong>Ali Baba<\/strong><\/p>\n\n\n\n<p class=\"wp-block-paragraph\"><a><strong><em>@macite.tg&nbsp;&nbsp;&nbsp;&nbsp;&nbsp;&nbsp;&nbsp;&nbsp;<\/em><\/strong><\/a><\/p>\n\n\n\n<p class=\"wp-block-paragraph\"><strong><em>E-mail&nbsp;: <\/em><\/strong><a href=\"mailto:maciteinfo@gmail.com\"><strong><em>maciteinfo@gmail.com<\/em><\/strong><\/a><strong><em>; <\/em><\/strong><a href=\"mailto:bawela1@gmail.com\"><strong><em>bawela1@gmail.com<\/em><\/strong><\/a><strong><em><\/em><\/strong><\/p>\n\n\n\n<p class=\"wp-block-paragraph\"><strong><em>Pour vos annonces, (publi)reportages, etc., joignez-nous au (00228)91515309\/<strong>79872224 <\/strong>www.macite.tg, L\u2019information, la bonne&nbsp;!<\/em><\/strong><\/p>\n","protected":false},"excerpt":{"rendered":"<p class=\"text-justify mb-2\" >Apr\u00e8s avoir r\u00e9ussi au concours g\u00e9n\u00e9ral de recrutement dans l\u2019administration publique, les nouveaux fonctionnaires ont officiellement pris fonction le 31 mars dernier. Les 208 nouveaux fonctionnaires affect\u00e9s au minist\u00e8re du Commerce, de l\u2019Artisanat et de la Consommation Locale, ont \u00e9t\u00e9 accueillis, au cours d\u2019une c\u00e9r\u00e9monie, [&hellip;]<\/p>\n","protected":false},"author":2,"featured_media":21103,"comment_status":"open","ping_status":"open","sticky":false,"template":"","format":"standard","meta":{"footnotes":""},"categories":[20,59],"tags":[],"class_list":["post-21102","post","type-post","status-publish","format-standard","has-post-thumbnail","hentry","category-actualite","category-commerce"],"yoast_head":"<!-- This site is optimized with the Yoast SEO plugin v28.4 - https:\/\/yoast.com\/product\/yoast-seo-wordpress\/ -->\n<title>MCACL\u00a0: La Ministre Kayi Miv\u00e9dor-Sambiani et son coll\u00e8gue D\u00e9l\u00e9gu\u00e9, ont accueilli les nouveaux agents mis \u00e0 leur disposition -<\/title>\n<meta name=\"robots\" content=\"index, follow, max-snippet:-1, max-image-preview:large, max-video-preview:-1\" \/>\n<link rel=\"canonical\" href=\"https:\/\/macite.tg\/?p=21102\" \/>\n<meta property=\"og:locale\" content=\"fr_FR\" \/>\n<meta property=\"og:type\" content=\"article\" \/>\n<meta property=\"og:title\" content=\"MCACL\u00a0: La Ministre Kayi Miv\u00e9dor-Sambiani et son coll\u00e8gue D\u00e9l\u00e9gu\u00e9, ont accueilli les nouveaux agents mis \u00e0 leur disposition -\" \/>\n<meta property=\"og:description\" content=\"Apr\u00e8s avoir r\u00e9ussi au concours g\u00e9n\u00e9ral de recrutement dans l\u2019administration publique, les nouveaux fonctionnaires ont officiellement pris fonction le 31 mars dernier. Les 208 nouveaux fonctionnaires affect\u00e9s au minist\u00e8re du Commerce, de l\u2019Artisanat et de la Consommation Locale, ont \u00e9t\u00e9 accueillis, au cours d\u2019une c\u00e9r\u00e9monie, [&hellip;]\" \/>\n<meta property=\"og:url\" content=\"https:\/\/macite.tg\/?p=21102\" \/>\n<meta property=\"article:published_time\" content=\"2025-04-01T18:29:11+00:00\" \/>\n<meta property=\"article:modified_time\" content=\"2025-04-01T19:08:24+00:00\" \/>\n<meta property=\"og:image\" content=\"https:\/\/macite.tg\/wp-content\/uploads\/2025\/04\/fd6a6117-85b2-4142-9414-bdf98ffe9733.jpg\" \/>\n\t<meta property=\"og:image:width\" content=\"500\" \/>\n\t<meta property=\"og:image:height\" content=\"333\" \/>\n\t<meta property=\"og:image:type\" content=\"image\/jpeg\" \/>\n<meta name=\"author\" content=\"Jean Pierre BAWELA\" \/>\n<meta name=\"twitter:card\" content=\"summary_large_image\" \/>\n<meta name=\"twitter:label1\" content=\"\u00c9crit par\" \/>\n\t<meta name=\"twitter:data1\" content=\"Jean Pierre BAWELA\" \/>\n\t<meta name=\"twitter:label2\" content=\"Dur\u00e9e de lecture estim\u00e9e\" \/>\n\t<meta name=\"twitter:data2\" content=\"3 minutes\" \/>\n<script type=\"application\/ld+json\" class=\"yoast-schema-graph\">{\"@context\":\"https:\\\/\\\/schema.org\",\"@graph\":[{\"@type\":\"Article\",\"@id\":\"https:\\\/\\\/macite.tg\\\/?p=21102#article\",\"isPartOf\":{\"@id\":\"https:\\\/\\\/macite.tg\\\/?p=21102\"},\"author\":{\"name\":\"Jean Pierre BAWELA\",\"@id\":\"https:\\\/\\\/macite.tg\\\/#\\\/schema\\\/person\\\/e9f2de7e5dbbe7770a9402c7ce82f5c2\"},\"headline\":\"MCACL\u00a0: La Ministre Kayi Miv\u00e9dor-Sambiani et son coll\u00e8gue D\u00e9l\u00e9gu\u00e9, ont accueilli les nouveaux agents mis \u00e0 leur disposition\",\"datePublished\":\"2025-04-01T18:29:11+00:00\",\"dateModified\":\"2025-04-01T19:08:24+00:00\",\"mainEntityOfPage\":{\"@id\":\"https:\\\/\\\/macite.tg\\\/?p=21102\"},\"wordCount\":489,\"commentCount\":0,\"image\":{\"@id\":\"https:\\\/\\\/macite.tg\\\/?p=21102#primaryimage\"},\"thumbnailUrl\":\"https:\\\/\\\/macite.tg\\\/wp-content\\\/uploads\\\/2025\\\/04\\\/fd6a6117-85b2-4142-9414-bdf98ffe9733.jpg\",\"articleSection\":[\"ACTUALITE\",\"COMMERCE\"],\"inLanguage\":\"fr-FR\",\"potentialAction\":[{\"@type\":\"CommentAction\",\"name\":\"Comment\",\"target\":[\"https:\\\/\\\/macite.tg\\\/?p=21102#respond\"]}]},{\"@type\":\"WebPage\",\"@id\":\"https:\\\/\\\/macite.tg\\\/?p=21102\",\"url\":\"https:\\\/\\\/macite.tg\\\/?p=21102\",\"name\":\"MCACL\u00a0: La Ministre Kayi Miv\u00e9dor-Sambiani et son coll\u00e8gue D\u00e9l\u00e9gu\u00e9, ont accueilli les nouveaux agents mis \u00e0 leur disposition -\",\"isPartOf\":{\"@id\":\"https:\\\/\\\/macite.tg\\\/#website\"},\"primaryImageOfPage\":{\"@id\":\"https:\\\/\\\/macite.tg\\\/?p=21102#primaryimage\"},\"image\":{\"@id\":\"https:\\\/\\\/macite.tg\\\/?p=21102#primaryimage\"},\"thumbnailUrl\":\"https:\\\/\\\/macite.tg\\\/wp-content\\\/uploads\\\/2025\\\/04\\\/fd6a6117-85b2-4142-9414-bdf98ffe9733.jpg\",\"datePublished\":\"2025-04-01T18:29:11+00:00\",\"dateModified\":\"2025-04-01T19:08:24+00:00\",\"author\":{\"@id\":\"https:\\\/\\\/macite.tg\\\/#\\\/schema\\\/person\\\/e9f2de7e5dbbe7770a9402c7ce82f5c2\"},\"breadcrumb\":{\"@id\":\"https:\\\/\\\/macite.tg\\\/?p=21102#breadcrumb\"},\"inLanguage\":\"fr-FR\",\"potentialAction\":[{\"@type\":\"ReadAction\",\"target\":[\"https:\\\/\\\/macite.tg\\\/?p=21102\"]}]},{\"@type\":\"ImageObject\",\"inLanguage\":\"fr-FR\",\"@id\":\"https:\\\/\\\/macite.tg\\\/?p=21102#primaryimage\",\"url\":\"https:\\\/\\\/macite.tg\\\/wp-content\\\/uploads\\\/2025\\\/04\\\/fd6a6117-85b2-4142-9414-bdf98ffe9733.jpg\",\"contentUrl\":\"https:\\\/\\\/macite.tg\\\/wp-content\\\/uploads\\\/2025\\\/04\\\/fd6a6117-85b2-4142-9414-bdf98ffe9733.jpg\",\"width\":500,\"height\":333,\"caption\":\"Une vue de l'assistance lors des \u00e9changes\"},{\"@type\":\"BreadcrumbList\",\"@id\":\"https:\\\/\\\/macite.tg\\\/?p=21102#breadcrumb\",\"itemListElement\":[{\"@type\":\"ListItem\",\"position\":1,\"name\":\"Accueil\",\"item\":\"https:\\\/\\\/macite.tg\\\/\"},{\"@type\":\"ListItem\",\"position\":2,\"name\":\"MCACL\u00a0: La Ministre Kayi Miv\u00e9dor-Sambiani et son coll\u00e8gue D\u00e9l\u00e9gu\u00e9, ont accueilli les nouveaux agents mis \u00e0 leur disposition\"}]},{\"@type\":\"WebSite\",\"@id\":\"https:\\\/\\\/macite.tg\\\/#website\",\"url\":\"https:\\\/\\\/macite.tg\\\/\",\"name\":\"\",\"description\":\"L&#039;information, la bonne!!!\",\"potentialAction\":[{\"@type\":\"SearchAction\",\"target\":{\"@type\":\"EntryPoint\",\"urlTemplate\":\"https:\\\/\\\/macite.tg\\\/?s={search_term_string}\"},\"query-input\":{\"@type\":\"PropertyValueSpecification\",\"valueRequired\":true,\"valueName\":\"search_term_string\"}}],\"inLanguage\":\"fr-FR\"},{\"@type\":\"Person\",\"@id\":\"https:\\\/\\\/macite.tg\\\/#\\\/schema\\\/person\\\/e9f2de7e5dbbe7770a9402c7ce82f5c2\",\"name\":\"Jean Pierre BAWELA\",\"image\":{\"@type\":\"ImageObject\",\"inLanguage\":\"fr-FR\",\"@id\":\"https:\\\/\\\/macite.tg\\\/wp-content\\\/uploads\\\/2023\\\/09\\\/WhatsApp-Image-2023-09-19-at-14.44.41-122x122.jpeg\",\"url\":\"https:\\\/\\\/macite.tg\\\/wp-content\\\/uploads\\\/2023\\\/09\\\/WhatsApp-Image-2023-09-19-at-14.44.41-122x122.jpeg\",\"contentUrl\":\"https:\\\/\\\/macite.tg\\\/wp-content\\\/uploads\\\/2023\\\/09\\\/WhatsApp-Image-2023-09-19-at-14.44.41-122x122.jpeg\",\"caption\":\"Jean Pierre BAWELA\"},\"url\":\"https:\\\/\\\/macite.tg\\\/?author=2\"}]}<\/script>\n<!-- \/ Yoast SEO plugin. -->","yoast_head_json":{"title":"MCACL\u00a0: La Ministre Kayi Miv\u00e9dor-Sambiani et son coll\u00e8gue D\u00e9l\u00e9gu\u00e9, ont accueilli les nouveaux agents mis \u00e0 leur disposition -","robots":{"index":"index","follow":"follow","max-snippet":"max-snippet:-1","max-image-preview":"max-image-preview:large","max-video-preview":"max-video-preview:-1"},"canonical":"https:\/\/macite.tg\/?p=21102","og_locale":"fr_FR","og_type":"article","og_title":"MCACL\u00a0: La Ministre Kayi Miv\u00e9dor-Sambiani et son coll\u00e8gue D\u00e9l\u00e9gu\u00e9, ont accueilli les nouveaux agents mis \u00e0 leur disposition -","og_description":"Apr\u00e8s avoir r\u00e9ussi au concours g\u00e9n\u00e9ral de recrutement dans l\u2019administration publique, les nouveaux fonctionnaires ont officiellement pris fonction le 31 mars dernier. Les 208 nouveaux fonctionnaires affect\u00e9s au minist\u00e8re du Commerce, de l\u2019Artisanat et de la Consommation Locale, ont \u00e9t\u00e9 accueillis, au cours d\u2019une c\u00e9r\u00e9monie, [&hellip;]","og_url":"https:\/\/macite.tg\/?p=21102","article_published_time":"2025-04-01T18:29:11+00:00","article_modified_time":"2025-04-01T19:08:24+00:00","og_image":[{"width":500,"height":333,"url":"https:\/\/macite.tg\/wp-content\/uploads\/2025\/04\/fd6a6117-85b2-4142-9414-bdf98ffe9733.jpg","type":"image\/jpeg"}],"author":"Jean Pierre BAWELA","twitter_card":"summary_large_image","twitter_misc":{"\u00c9crit par":"Jean Pierre BAWELA","Dur\u00e9e de lecture estim\u00e9e":"3 minutes"},"schema":{"@context":"https:\/\/schema.org","@graph":[{"@type":"Article","@id":"https:\/\/macite.tg\/?p=21102#article","isPartOf":{"@id":"https:\/\/macite.tg\/?p=21102"},"author":{"name":"Jean Pierre BAWELA","@id":"https:\/\/macite.tg\/#\/schema\/person\/e9f2de7e5dbbe7770a9402c7ce82f5c2"},"headline":"MCACL\u00a0: La Ministre Kayi Miv\u00e9dor-Sambiani et son coll\u00e8gue D\u00e9l\u00e9gu\u00e9, ont accueilli les nouveaux agents mis \u00e0 leur disposition","datePublished":"2025-04-01T18:29:11+00:00","dateModified":"2025-04-01T19:08:24+00:00","mainEntityOfPage":{"@id":"https:\/\/macite.tg\/?p=21102"},"wordCount":489,"commentCount":0,"image":{"@id":"https:\/\/macite.tg\/?p=21102#primaryimage"},"thumbnailUrl":"https:\/\/macite.tg\/wp-content\/uploads\/2025\/04\/fd6a6117-85b2-4142-9414-bdf98ffe9733.jpg","articleSection":["ACTUALITE","COMMERCE"],"inLanguage":"fr-FR","potentialAction":[{"@type":"CommentAction","name":"Comment","target":["https:\/\/macite.tg\/?p=21102#respond"]}]},{"@type":"WebPage","@id":"https:\/\/macite.tg\/?p=21102","url":"https:\/\/macite.tg\/?p=21102","name":"MCACL\u00a0: La Ministre Kayi Miv\u00e9dor-Sambiani et son coll\u00e8gue D\u00e9l\u00e9gu\u00e9, ont accueilli les nouveaux agents mis \u00e0 leur disposition -","isPartOf":{"@id":"https:\/\/macite.tg\/#website"},"primaryImageOfPage":{"@id":"https:\/\/macite.tg\/?p=21102#primaryimage"},"image":{"@id":"https:\/\/macite.tg\/?p=21102#primaryimage"},"thumbnailUrl":"https:\/\/macite.tg\/wp-content\/uploads\/2025\/04\/fd6a6117-85b2-4142-9414-bdf98ffe9733.jpg","datePublished":"2025-04-01T18:29:11+00:00","dateModified":"2025-04-01T19:08:24+00:00","author":{"@id":"https:\/\/macite.tg\/#\/schema\/person\/e9f2de7e5dbbe7770a9402c7ce82f5c2"},"breadcrumb":{"@id":"https:\/\/macite.tg\/?p=21102#breadcrumb"},"inLanguage":"fr-FR","potentialAction":[{"@type":"ReadAction","target":["https:\/\/macite.tg\/?p=21102"]}]},{"@type":"ImageObject","inLanguage":"fr-FR","@id":"https:\/\/macite.tg\/?p=21102#primaryimage","url":"https:\/\/macite.tg\/wp-content\/uploads\/2025\/04\/fd6a6117-85b2-4142-9414-bdf98ffe9733.jpg","contentUrl":"https:\/\/macite.tg\/wp-content\/uploads\/2025\/04\/fd6a6117-85b2-4142-9414-bdf98ffe9733.jpg","width":500,"height":333,"caption":"Une vue de l'assistance lors des \u00e9changes"},{"@type":"BreadcrumbList","@id":"https:\/\/macite.tg\/?p=21102#breadcrumb","itemListElement":[{"@type":"ListItem","position":1,"name":"Accueil","item":"https:\/\/macite.tg\/"},{"@type":"ListItem","position":2,"name":"MCACL\u00a0: La Ministre Kayi Miv\u00e9dor-Sambiani et son coll\u00e8gue D\u00e9l\u00e9gu\u00e9, ont accueilli les nouveaux agents mis \u00e0 leur disposition"}]},{"@type":"WebSite","@id":"https:\/\/macite.tg\/#website","url":"https:\/\/macite.tg\/","name":"","description":"L&#039;information, la bonne!!!","potentialAction":[{"@type":"SearchAction","target":{"@type":"EntryPoint","urlTemplate":"https:\/\/macite.tg\/?s={search_term_string}"},"query-input":{"@type":"PropertyValueSpecification","valueRequired":true,"valueName":"search_term_string"}}],"inLanguage":"fr-FR"},{"@type":"Person","@id":"https:\/\/macite.tg\/#\/schema\/person\/e9f2de7e5dbbe7770a9402c7ce82f5c2","name":"Jean Pierre BAWELA","image":{"@type":"ImageObject","inLanguage":"fr-FR","@id":"https:\/\/macite.tg\/wp-content\/uploads\/2023\/09\/WhatsApp-Image-2023-09-19-at-14.44.41-122x122.jpeg","url":"https:\/\/macite.tg\/wp-content\/uploads\/2023\/09\/WhatsApp-Image-2023-09-19-at-14.44.41-122x122.jpeg","contentUrl":"https:\/\/macite.tg\/wp-content\/uploads\/2023\/09\/WhatsApp-Image-2023-09-19-at-14.44.41-122x122.jpeg","caption":"Jean Pierre BAWELA"},"url":"https:\/\/macite.tg\/?author=2"}]}},"_links":{"self":[{"href":"https:\/\/macite.tg\/index.php?rest_route=\/wp\/v2\/posts\/21102","targetHints":{"allow":["GET"]}}],"collection":[{"href":"https:\/\/macite.tg\/index.php?rest_route=\/wp\/v2\/posts"}],"about":[{"href":"https:\/\/macite.tg\/index.php?rest_route=\/wp\/v2\/types\/post"}],"author":[{"embeddable":true,"href":"https:\/\/macite.tg\/index.php?rest_route=\/wp\/v2\/users\/2"}],"replies":[{"embeddable":true,"href":"https:\/\/macite.tg\/index.php?rest_route=%2Fwp%2Fv2%2Fcomments&post=21102"}],"version-history":[{"count":0,"href":"https:\/\/macite.tg\/index.php?rest_route=\/wp\/v2\/posts\/21102\/revisions"}],"wp:featuredmedia":[{"embeddable":true,"href":"https:\/\/macite.tg\/index.php?rest_route=\/wp\/v2\/media\/21103"}],"wp:attachment":[{"href":"https:\/\/macite.tg\/index.php?rest_route=%2Fwp%2Fv2%2Fmedia&parent=21102"}],"wp:term":[{"taxonomy":"category","embeddable":true,"href":"https:\/\/macite.tg\/index.php?rest_route=%2Fwp%2Fv2%2Fcategories&post=21102"},{"taxonomy":"post_tag","embeddable":true,"href":"https:\/\/macite.tg\/index.php?rest_route=%2Fwp%2Fv2%2Ftags&post=21102"}],"curies":[{"name":"wp","href":"https:\/\/api.w.org\/{rel}","templated":true}]}}