{"id":21094,"date":"2025-04-01T12:58:32","date_gmt":"2025-04-01T12:58:32","guid":{"rendered":"https:\/\/macite.tg\/?p=21094"},"modified":"2025-04-01T13:03:22","modified_gmt":"2025-04-01T13:03:22","slug":"noix-ou-amandes-de-karite-les-exportations-suspendues-le-marche-local-privilegie","status":"publish","type":"post","link":"https:\/\/macite.tg\/?p=21094","title":{"rendered":"NOIX OU AMANDES DE KARITE\u00a0: Les exportations suspendues\u2026"},"content":{"rendered":"\n<p class=\"wp-block-paragraph\"><strong><em>Depuis le 10 mars dernier, les exportations des noix ou amandes de karit\u00e9 sont officiellement suspendues, \u00e0 titre conservatoire. Selon l\u2019autorit\u00e9, cette mesure vise \u00e0 r\u00e9duire la d\u00e9pendance aux march\u00e9s ext\u00e9rieurs\u2026<\/em><\/strong><\/p>\n\n\n\n<p class=\"wp-block-paragraph\">Avec une production annuelle de 40.000 tonnes, le Togo est class\u00e9 7<sup>\u00e8me<\/sup> producteur mondial de noix ou amandes de karit\u00e9. Mais en m\u00eame temps, le pays est l\u2019un des principaux exportateurs avec pr\u00e8s de 25.000 tonnes exp\u00e9di\u00e9es chaque ann\u00e9e \u00e0 l\u2019\u00e9tranger. <\/p>\n\n\n\n<p class=\"wp-block-paragraph\">Ce qui ne permet pas aux acteurs locaux, notamment <a href=\"mailto:\/\/www.facebook.com\/@nioto.togo\/\">\/\/www.facebook.com\/@nioto.togo\/<\/a>\u00ab\u00a0>Nioto,\u00a0<a href=\"https:\/\/www.republiquetogolaise.com\/agro\/2702-7764-une-usine-de-transformation-de-karite-lancee-dans-le-zio\">Label d\u2019Or<\/a>, entre autres, de couvrir leurs capacit\u00e9s de traitement.<\/p>\n\n\n<div class=\"wp-block-image\">\n<figure class=\"aligncenter size-full\"><img loading=\"lazy\" decoding=\"async\" width=\"526\" height=\"526\" src=\"https:\/\/macite.tg\/wp-content\/uploads\/2025\/04\/OTR-_Aid-Ramadan.jpg\" alt=\"\" class=\"wp-image-21082\" srcset=\"https:\/\/macite.tg\/wp-content\/uploads\/2025\/04\/OTR-_Aid-Ramadan.jpg 526w, https:\/\/macite.tg\/wp-content\/uploads\/2025\/04\/OTR-_Aid-Ramadan-300x300.jpg 300w, https:\/\/macite.tg\/wp-content\/uploads\/2025\/04\/OTR-_Aid-Ramadan-150x150.jpg 150w, https:\/\/macite.tg\/wp-content\/uploads\/2025\/04\/OTR-_Aid-Ramadan-122x122.jpg 122w\" sizes=\"auto, (max-width: 526px) 100vw, 526px\" \/><\/figure>\n<\/div>\n\n\n<p class=\"wp-block-paragraph\">C\u2019est dans cette optique qu\u2019une d\u00e9cision conjointe des ministres en charge de l\u2019Economie, du Commerce, et de l\u2019Agriculture, suspend officiellement \u00e0 titre conservatoire, les exportations de ces produits agricoles.<\/p>\n\n\n<div class=\"wp-block-image\">\n<figure class=\"aligncenter size-large is-resized\"><img loading=\"lazy\" decoding=\"async\" width=\"1024\" height=\"1024\" src=\"https:\/\/macite.tg\/wp-content\/uploads\/2025\/03\/OTR_TVM-1024x1024.jpg\" alt=\"\" class=\"wp-image-20894\" style=\"width:384px;height:auto\" srcset=\"https:\/\/macite.tg\/wp-content\/uploads\/2025\/03\/OTR_TVM-1024x1024.jpg 1024w, https:\/\/macite.tg\/wp-content\/uploads\/2025\/03\/OTR_TVM-300x300.jpg 300w, https:\/\/macite.tg\/wp-content\/uploads\/2025\/03\/OTR_TVM-150x150.jpg 150w, https:\/\/macite.tg\/wp-content\/uploads\/2025\/03\/OTR_TVM-768x768.jpg 768w, https:\/\/macite.tg\/wp-content\/uploads\/2025\/03\/OTR_TVM-1536x1536.jpg 1536w, https:\/\/macite.tg\/wp-content\/uploads\/2025\/03\/OTR_TVM-122x122.jpg 122w, https:\/\/macite.tg\/wp-content\/uploads\/2025\/03\/OTR_TVM.jpg 1600w\" sizes=\"auto, (max-width: 1024px) 100vw, 1024px\" \/><\/figure>\n<\/div>\n\n\n<p class=\"wp-block-paragraph\">L\u2019ambition est de valoriser davantage la transformation locale. Ce qui a comme effets induits de favoriser la cr\u00e9ation d\u2019emplois, tout en r\u00e9duisant sa d\u00e9pendance du pays aux march\u00e9s ext\u00e9rieurs. &nbsp;<\/p>\n\n\n\n<p class=\"wp-block-paragraph\"><strong>JPB<\/strong><\/p>\n\n\n\n<p class=\"wp-block-paragraph\"><a><strong><em>@macite.tg&nbsp;&nbsp;&nbsp;&nbsp;&nbsp;&nbsp;&nbsp;&nbsp;<\/em><\/strong><\/a><\/p>\n\n\n\n<p class=\"wp-block-paragraph\"><strong><em>E-mail&nbsp;: <\/em><\/strong><a href=\"mailto:maciteinfo@gmail.com\"><strong><em>maciteinfo@gmail.com<\/em><\/strong><\/a><strong><em>; <\/em><\/strong><a href=\"mailto:bawela1@gmail.com\"><strong><em>bawela1@gmail.com<\/em><\/strong><\/a><strong><em><\/em><\/strong><\/p>\n\n\n\n<p class=\"wp-block-paragraph\"><strong><em>Pour vos annonces, (publi)reportages, etc., joignez-nous au (00228)91515309\/<strong>79872224 <\/strong>www.macite.tg, L\u2019information, la bonne&nbsp;!<\/em><\/strong><\/p>\n\n\n\n<p class=\"wp-block-paragraph\"><\/p>\n","protected":false},"excerpt":{"rendered":"<p class=\"text-justify mb-2\" >Depuis le 10 mars dernier, les exportations des noix ou amandes de karit\u00e9 sont officiellement suspendues, \u00e0 titre conservatoire. Selon l\u2019autorit\u00e9, cette mesure vise \u00e0 r\u00e9duire la d\u00e9pendance aux march\u00e9s ext\u00e9rieurs\u2026 Avec une production annuelle de 40.000 tonnes, le Togo est class\u00e9 7\u00e8me producteur mondial [&hellip;]<\/p>\n","protected":false},"author":2,"featured_media":21095,"comment_status":"open","ping_status":"open","sticky":false,"template":"","format":"standard","meta":{"footnotes":""},"categories":[20,59],"tags":[],"class_list":["post-21094","post","type-post","status-publish","format-standard","has-post-thumbnail","hentry","category-actualite","category-commerce"],"yoast_head":"<!-- This site is optimized with the Yoast SEO plugin v28.4 - https:\/\/yoast.com\/product\/yoast-seo-wordpress\/ -->\n<title>NOIX OU AMANDES DE KARITE\u00a0: Les exportations suspendues\u2026 -<\/title>\n<meta name=\"robots\" content=\"index, follow, max-snippet:-1, max-image-preview:large, max-video-preview:-1\" \/>\n<link rel=\"canonical\" href=\"https:\/\/macite.tg\/?p=21094\" \/>\n<meta property=\"og:locale\" content=\"fr_FR\" \/>\n<meta property=\"og:type\" content=\"article\" \/>\n<meta property=\"og:title\" content=\"NOIX OU AMANDES DE KARITE\u00a0: Les exportations suspendues\u2026 -\" \/>\n<meta property=\"og:description\" content=\"Depuis le 10 mars dernier, les exportations des noix ou amandes de karit\u00e9 sont officiellement suspendues, \u00e0 titre conservatoire. Selon l\u2019autorit\u00e9, cette mesure vise \u00e0 r\u00e9duire la d\u00e9pendance aux march\u00e9s ext\u00e9rieurs\u2026 Avec une production annuelle de 40.000 tonnes, le Togo est class\u00e9 7\u00e8me producteur mondial [&hellip;]\" \/>\n<meta property=\"og:url\" content=\"https:\/\/macite.tg\/?p=21094\" \/>\n<meta property=\"article:published_time\" content=\"2025-04-01T12:58:32+00:00\" \/>\n<meta property=\"article:modified_time\" content=\"2025-04-01T13:03:22+00:00\" \/>\n<meta property=\"og:image\" content=\"https:\/\/macite.tg\/wp-content\/uploads\/2025\/04\/image-2.png\" \/>\n\t<meta property=\"og:image:width\" content=\"500\" \/>\n\t<meta property=\"og:image:height\" content=\"334\" \/>\n\t<meta property=\"og:image:type\" content=\"image\/png\" \/>\n<meta name=\"author\" content=\"Jean Pierre BAWELA\" \/>\n<meta name=\"twitter:card\" content=\"summary_large_image\" \/>\n<meta name=\"twitter:label1\" content=\"\u00c9crit par\" \/>\n\t<meta name=\"twitter:data1\" content=\"Jean Pierre BAWELA\" \/>\n\t<meta name=\"twitter:label2\" content=\"Dur\u00e9e de lecture estim\u00e9e\" \/>\n\t<meta name=\"twitter:data2\" content=\"2 minutes\" \/>\n<script type=\"application\/ld+json\" class=\"yoast-schema-graph\">{\"@context\":\"https:\\\/\\\/schema.org\",\"@graph\":[{\"@type\":\"Article\",\"@id\":\"https:\\\/\\\/macite.tg\\\/?p=21094#article\",\"isPartOf\":{\"@id\":\"https:\\\/\\\/macite.tg\\\/?p=21094\"},\"author\":{\"name\":\"Jean Pierre BAWELA\",\"@id\":\"https:\\\/\\\/macite.tg\\\/#\\\/schema\\\/person\\\/e9f2de7e5dbbe7770a9402c7ce82f5c2\"},\"headline\":\"NOIX OU AMANDES DE KARITE\u00a0: Les exportations suspendues\u2026\",\"datePublished\":\"2025-04-01T12:58:32+00:00\",\"dateModified\":\"2025-04-01T13:03:22+00:00\",\"mainEntityOfPage\":{\"@id\":\"https:\\\/\\\/macite.tg\\\/?p=21094\"},\"wordCount\":218,\"commentCount\":0,\"image\":{\"@id\":\"https:\\\/\\\/macite.tg\\\/?p=21094#primaryimage\"},\"thumbnailUrl\":\"https:\\\/\\\/macite.tg\\\/wp-content\\\/uploads\\\/2025\\\/04\\\/image-2.png\",\"articleSection\":[\"ACTUALITE\",\"COMMERCE\"],\"inLanguage\":\"fr-FR\",\"potentialAction\":[{\"@type\":\"CommentAction\",\"name\":\"Comment\",\"target\":[\"https:\\\/\\\/macite.tg\\\/?p=21094#respond\"]}]},{\"@type\":\"WebPage\",\"@id\":\"https:\\\/\\\/macite.tg\\\/?p=21094\",\"url\":\"https:\\\/\\\/macite.tg\\\/?p=21094\",\"name\":\"NOIX OU AMANDES DE KARITE\u00a0: Les exportations suspendues\u2026 -\",\"isPartOf\":{\"@id\":\"https:\\\/\\\/macite.tg\\\/#website\"},\"primaryImageOfPage\":{\"@id\":\"https:\\\/\\\/macite.tg\\\/?p=21094#primaryimage\"},\"image\":{\"@id\":\"https:\\\/\\\/macite.tg\\\/?p=21094#primaryimage\"},\"thumbnailUrl\":\"https:\\\/\\\/macite.tg\\\/wp-content\\\/uploads\\\/2025\\\/04\\\/image-2.png\",\"datePublished\":\"2025-04-01T12:58:32+00:00\",\"dateModified\":\"2025-04-01T13:03:22+00:00\",\"author\":{\"@id\":\"https:\\\/\\\/macite.tg\\\/#\\\/schema\\\/person\\\/e9f2de7e5dbbe7770a9402c7ce82f5c2\"},\"breadcrumb\":{\"@id\":\"https:\\\/\\\/macite.tg\\\/?p=21094#breadcrumb\"},\"inLanguage\":\"fr-FR\",\"potentialAction\":[{\"@type\":\"ReadAction\",\"target\":[\"https:\\\/\\\/macite.tg\\\/?p=21094\"]}]},{\"@type\":\"ImageObject\",\"inLanguage\":\"fr-FR\",\"@id\":\"https:\\\/\\\/macite.tg\\\/?p=21094#primaryimage\",\"url\":\"https:\\\/\\\/macite.tg\\\/wp-content\\\/uploads\\\/2025\\\/04\\\/image-2.png\",\"contentUrl\":\"https:\\\/\\\/macite.tg\\\/wp-content\\\/uploads\\\/2025\\\/04\\\/image-2.png\",\"width\":500,\"height\":334,\"caption\":\"Noix de karit\u00e9\"},{\"@type\":\"BreadcrumbList\",\"@id\":\"https:\\\/\\\/macite.tg\\\/?p=21094#breadcrumb\",\"itemListElement\":[{\"@type\":\"ListItem\",\"position\":1,\"name\":\"Accueil\",\"item\":\"https:\\\/\\\/macite.tg\\\/\"},{\"@type\":\"ListItem\",\"position\":2,\"name\":\"NOIX OU AMANDES DE KARITE\u00a0: Les exportations suspendues\u2026\"}]},{\"@type\":\"WebSite\",\"@id\":\"https:\\\/\\\/macite.tg\\\/#website\",\"url\":\"https:\\\/\\\/macite.tg\\\/\",\"name\":\"\",\"description\":\"L&#039;information, la bonne!!!\",\"potentialAction\":[{\"@type\":\"SearchAction\",\"target\":{\"@type\":\"EntryPoint\",\"urlTemplate\":\"https:\\\/\\\/macite.tg\\\/?s={search_term_string}\"},\"query-input\":{\"@type\":\"PropertyValueSpecification\",\"valueRequired\":true,\"valueName\":\"search_term_string\"}}],\"inLanguage\":\"fr-FR\"},{\"@type\":\"Person\",\"@id\":\"https:\\\/\\\/macite.tg\\\/#\\\/schema\\\/person\\\/e9f2de7e5dbbe7770a9402c7ce82f5c2\",\"name\":\"Jean Pierre BAWELA\",\"image\":{\"@type\":\"ImageObject\",\"inLanguage\":\"fr-FR\",\"@id\":\"https:\\\/\\\/macite.tg\\\/wp-content\\\/uploads\\\/2023\\\/09\\\/WhatsApp-Image-2023-09-19-at-14.44.41-122x122.jpeg\",\"url\":\"https:\\\/\\\/macite.tg\\\/wp-content\\\/uploads\\\/2023\\\/09\\\/WhatsApp-Image-2023-09-19-at-14.44.41-122x122.jpeg\",\"contentUrl\":\"https:\\\/\\\/macite.tg\\\/wp-content\\\/uploads\\\/2023\\\/09\\\/WhatsApp-Image-2023-09-19-at-14.44.41-122x122.jpeg\",\"caption\":\"Jean Pierre BAWELA\"},\"url\":\"https:\\\/\\\/macite.tg\\\/?author=2\"}]}<\/script>\n<!-- \/ Yoast SEO plugin. -->","yoast_head_json":{"title":"NOIX OU AMANDES DE KARITE\u00a0: Les exportations suspendues\u2026 -","robots":{"index":"index","follow":"follow","max-snippet":"max-snippet:-1","max-image-preview":"max-image-preview:large","max-video-preview":"max-video-preview:-1"},"canonical":"https:\/\/macite.tg\/?p=21094","og_locale":"fr_FR","og_type":"article","og_title":"NOIX OU AMANDES DE KARITE\u00a0: Les exportations suspendues\u2026 -","og_description":"Depuis le 10 mars dernier, les exportations des noix ou amandes de karit\u00e9 sont officiellement suspendues, \u00e0 titre conservatoire. Selon l\u2019autorit\u00e9, cette mesure vise \u00e0 r\u00e9duire la d\u00e9pendance aux march\u00e9s ext\u00e9rieurs\u2026 Avec une production annuelle de 40.000 tonnes, le Togo est class\u00e9 7\u00e8me producteur mondial [&hellip;]","og_url":"https:\/\/macite.tg\/?p=21094","article_published_time":"2025-04-01T12:58:32+00:00","article_modified_time":"2025-04-01T13:03:22+00:00","og_image":[{"width":500,"height":334,"url":"https:\/\/macite.tg\/wp-content\/uploads\/2025\/04\/image-2.png","type":"image\/png"}],"author":"Jean Pierre BAWELA","twitter_card":"summary_large_image","twitter_misc":{"\u00c9crit par":"Jean Pierre BAWELA","Dur\u00e9e de lecture estim\u00e9e":"2 minutes"},"schema":{"@context":"https:\/\/schema.org","@graph":[{"@type":"Article","@id":"https:\/\/macite.tg\/?p=21094#article","isPartOf":{"@id":"https:\/\/macite.tg\/?p=21094"},"author":{"name":"Jean Pierre BAWELA","@id":"https:\/\/macite.tg\/#\/schema\/person\/e9f2de7e5dbbe7770a9402c7ce82f5c2"},"headline":"NOIX OU AMANDES DE KARITE\u00a0: Les exportations suspendues\u2026","datePublished":"2025-04-01T12:58:32+00:00","dateModified":"2025-04-01T13:03:22+00:00","mainEntityOfPage":{"@id":"https:\/\/macite.tg\/?p=21094"},"wordCount":218,"commentCount":0,"image":{"@id":"https:\/\/macite.tg\/?p=21094#primaryimage"},"thumbnailUrl":"https:\/\/macite.tg\/wp-content\/uploads\/2025\/04\/image-2.png","articleSection":["ACTUALITE","COMMERCE"],"inLanguage":"fr-FR","potentialAction":[{"@type":"CommentAction","name":"Comment","target":["https:\/\/macite.tg\/?p=21094#respond"]}]},{"@type":"WebPage","@id":"https:\/\/macite.tg\/?p=21094","url":"https:\/\/macite.tg\/?p=21094","name":"NOIX OU AMANDES DE KARITE\u00a0: Les exportations suspendues\u2026 -","isPartOf":{"@id":"https:\/\/macite.tg\/#website"},"primaryImageOfPage":{"@id":"https:\/\/macite.tg\/?p=21094#primaryimage"},"image":{"@id":"https:\/\/macite.tg\/?p=21094#primaryimage"},"thumbnailUrl":"https:\/\/macite.tg\/wp-content\/uploads\/2025\/04\/image-2.png","datePublished":"2025-04-01T12:58:32+00:00","dateModified":"2025-04-01T13:03:22+00:00","author":{"@id":"https:\/\/macite.tg\/#\/schema\/person\/e9f2de7e5dbbe7770a9402c7ce82f5c2"},"breadcrumb":{"@id":"https:\/\/macite.tg\/?p=21094#breadcrumb"},"inLanguage":"fr-FR","potentialAction":[{"@type":"ReadAction","target":["https:\/\/macite.tg\/?p=21094"]}]},{"@type":"ImageObject","inLanguage":"fr-FR","@id":"https:\/\/macite.tg\/?p=21094#primaryimage","url":"https:\/\/macite.tg\/wp-content\/uploads\/2025\/04\/image-2.png","contentUrl":"https:\/\/macite.tg\/wp-content\/uploads\/2025\/04\/image-2.png","width":500,"height":334,"caption":"Noix de karit\u00e9"},{"@type":"BreadcrumbList","@id":"https:\/\/macite.tg\/?p=21094#breadcrumb","itemListElement":[{"@type":"ListItem","position":1,"name":"Accueil","item":"https:\/\/macite.tg\/"},{"@type":"ListItem","position":2,"name":"NOIX OU AMANDES DE KARITE\u00a0: Les exportations suspendues\u2026"}]},{"@type":"WebSite","@id":"https:\/\/macite.tg\/#website","url":"https:\/\/macite.tg\/","name":"","description":"L&#039;information, la bonne!!!","potentialAction":[{"@type":"SearchAction","target":{"@type":"EntryPoint","urlTemplate":"https:\/\/macite.tg\/?s={search_term_string}"},"query-input":{"@type":"PropertyValueSpecification","valueRequired":true,"valueName":"search_term_string"}}],"inLanguage":"fr-FR"},{"@type":"Person","@id":"https:\/\/macite.tg\/#\/schema\/person\/e9f2de7e5dbbe7770a9402c7ce82f5c2","name":"Jean Pierre BAWELA","image":{"@type":"ImageObject","inLanguage":"fr-FR","@id":"https:\/\/macite.tg\/wp-content\/uploads\/2023\/09\/WhatsApp-Image-2023-09-19-at-14.44.41-122x122.jpeg","url":"https:\/\/macite.tg\/wp-content\/uploads\/2023\/09\/WhatsApp-Image-2023-09-19-at-14.44.41-122x122.jpeg","contentUrl":"https:\/\/macite.tg\/wp-content\/uploads\/2023\/09\/WhatsApp-Image-2023-09-19-at-14.44.41-122x122.jpeg","caption":"Jean Pierre BAWELA"},"url":"https:\/\/macite.tg\/?author=2"}]}},"_links":{"self":[{"href":"https:\/\/macite.tg\/index.php?rest_route=\/wp\/v2\/posts\/21094","targetHints":{"allow":["GET"]}}],"collection":[{"href":"https:\/\/macite.tg\/index.php?rest_route=\/wp\/v2\/posts"}],"about":[{"href":"https:\/\/macite.tg\/index.php?rest_route=\/wp\/v2\/types\/post"}],"author":[{"embeddable":true,"href":"https:\/\/macite.tg\/index.php?rest_route=\/wp\/v2\/users\/2"}],"replies":[{"embeddable":true,"href":"https:\/\/macite.tg\/index.php?rest_route=%2Fwp%2Fv2%2Fcomments&post=21094"}],"version-history":[{"count":0,"href":"https:\/\/macite.tg\/index.php?rest_route=\/wp\/v2\/posts\/21094\/revisions"}],"wp:featuredmedia":[{"embeddable":true,"href":"https:\/\/macite.tg\/index.php?rest_route=\/wp\/v2\/media\/21095"}],"wp:attachment":[{"href":"https:\/\/macite.tg\/index.php?rest_route=%2Fwp%2Fv2%2Fmedia&parent=21094"}],"wp:term":[{"taxonomy":"category","embeddable":true,"href":"https:\/\/macite.tg\/index.php?rest_route=%2Fwp%2Fv2%2Fcategories&post=21094"},{"taxonomy":"post_tag","embeddable":true,"href":"https:\/\/macite.tg\/index.php?rest_route=%2Fwp%2Fv2%2Ftags&post=21094"}],"curies":[{"name":"wp","href":"https:\/\/api.w.org\/{rel}","templated":true}]}}